{"id":51719,"date":"2019-12-09T13:35:37","date_gmt":"2019-12-09T11:35:37","guid":{"rendered":"https:\/\/www.right2city.org\/news\/world-day-for-human-rights-the-land-our-towns-and-cities-for-those-who-defend-them\/"},"modified":"2019-12-09T15:41:21","modified_gmt":"2019-12-09T13:41:21","slug":"world-day-for-human-rights-the-land-our-towns-and-cities-for-those-who-defend-them","status":"publish","type":"news","link":"https:\/\/www.right2city.org\/es\/news\/world-day-for-human-rights-the-land-our-towns-and-cities-for-those-who-defend-them\/","title":{"rendered":"D\u00eda de los Derechos Humanos en solidariedad con nuestrxs defensorxs del h\u00e1bitat"},"content":{"rendered":"<p><img loading=\"lazy\" decoding=\"async\" class=\"aligncenter size-full wp-image-51705\" src=\"https:\/\/www.right2city.org\/wp-content\/uploads\/2019\/12\/1543396393033.jpg\" alt=\"\" width=\"1280\" height=\"558\" srcset=\"https:\/\/www.right2city.org\/wp-content\/uploads\/2019\/12\/1543396393033.jpg 1280w, https:\/\/www.right2city.org\/wp-content\/uploads\/2019\/12\/1543396393033-300x131.jpg 300w, https:\/\/www.right2city.org\/wp-content\/uploads\/2019\/12\/1543396393033-768x335.jpg 768w, https:\/\/www.right2city.org\/wp-content\/uploads\/2019\/12\/1543396393033-1024x446.jpg 1024w, https:\/\/www.right2city.org\/wp-content\/uploads\/2019\/12\/1543396393033-1080x471.jpg 1080w\" sizes=\"(max-width: 1280px) 100vw, 1280px\" \/><\/p>\n<p><em>Foto: ENEL Peru<\/em><\/p>\n<h2><strong>La seguridad de nuestrx defensorxs del h\u00e1bitat est\u00e1 en peligro. Los estados y las grandes empresas intentan parar a las personas que bajo amenaza alzan la voz por los derechos relativos al h\u00e1bitat &#8211; el derecho a la tierra, la vivienda y el derecho a la ciudad<\/strong><\/h2>\n<p>Hoy 10 de diciembre se cumplen 71 a\u00f1os de la Declaraci\u00f3n Universal de los Derechos Humanos. Sin embargo, pese a este compromiso de los estados desde hace m\u00e1s de medio siglo, somos testigos de su violaci\u00f3n y de la creciente persecuci\u00f3n de defensorxs de los Derechos Humanos en todo el mundo.<\/p>\n<p><strong>Recordamos que la tierra, la vivienda y la ciudad siguen siendo fuente de negocio y especulaci\u00f3n<\/strong> para unxs pocxs que terminan especulando con los derechos de muchxs. Miles de defensorxs alzan la voz para impedirlo, bajo amenazas, coacciones y asesinatos. Seg\u00fan <a href=\"https:\/\/www.globalwitness.org\/es\/campaigns\/environmental-activists\/enemigos-del-estado\/\">global Witness<\/a>, m\u00e1s de tres personas fueron asesinadas cada semana durante 2018, e innumerables m\u00e1s fueron criminalizadas por defender su territorio y nuestro medio ambiente.<\/p>\n<p>&nbsp;<\/p>\n<p><a href=\"https:\/\/www.right2city.org\/es\/levantate-por-nuestrxs-defensores-de-derechos-humanos-relacionados-al-habitat\/\" target=\"_blank\" rel=\"noopener noreferrer\"><img loading=\"lazy\" decoding=\"async\" class=\"aligncenter size-full wp-image-51725\" src=\"https:\/\/www.right2city.org\/wp-content\/uploads\/2019\/12\/web-hr-defendersES.jpg\" alt=\"\" width=\"1081\" height=\"701\" srcset=\"https:\/\/www.right2city.org\/wp-content\/uploads\/2019\/12\/web-hr-defendersES.jpg 1081w, https:\/\/www.right2city.org\/wp-content\/uploads\/2019\/12\/web-hr-defendersES-300x195.jpg 300w, https:\/\/www.right2city.org\/wp-content\/uploads\/2019\/12\/web-hr-defendersES-768x498.jpg 768w, https:\/\/www.right2city.org\/wp-content\/uploads\/2019\/12\/web-hr-defendersES-1024x664.jpg 1024w, https:\/\/www.right2city.org\/wp-content\/uploads\/2019\/12\/web-hr-defendersES-1080x700.jpg 1080w\" sizes=\"(max-width: 1081px) 100vw, 1081px\" \/><\/a><\/p>\n<p style=\"text-align: center;\"><em>Conoce nuestra <a href=\"https:\/\/www.right2city.org\/es\/levantate-por-nuestrxs-defensores-de-derechos-humanos-relacionados-al-habitat\/\" target=\"_blank\" rel=\"noopener noreferrer\">campa\u00f1a de portecci\u00f3n a Defensorxs de Derechos Humanos relativos al H\u00e1bitat<\/a> y lee nuestra declaraci\u00f3n para el <a href=\"https:\/\/www.right2city.org\/wp-content\/uploads\/2019\/10\/2019-World-Habitat-Day-Declaration_ES.pdf\" target=\"_blank\" rel=\"noopener noreferrer\">D\u00eda Mundial del H\u00e1bitat<\/a> y el <a href=\"https:\/\/www.right2city.org\/wp-content\/uploads\/2019\/10\/Declaracion-Dia-Derecho-a-la-Ciudad_31-10-19_ES.docx.pdf\" target=\"_blank\" rel=\"noopener noreferrer\">D\u00eda Mundial por el Derecho a la Ciudad<\/a><\/em><\/p>\n<h3><\/h3>\n<p>&nbsp;<\/p>\n<h3><strong>Los derechos humanos en el centro de las discusiones clim\u00e1ticas<\/strong><\/h3>\n<p>Hoy y cada d\u00eda reafirmamos nuestro compromiso y solidaridad con los-as defensores-as de derechos humanos y del medioambiente, que sufren un aumento de persecuciones en todo el mundo. En este d\u00eda que celebramos de manera paralela a la COP25, hacemos un llamado colectivo de solidaridad con los y las . <strong>Relanzamos nuestras exigencias <\/strong><strong>a los estados <a href=\"https:\/\/www.right2city.org\/wp-content\/uploads\/2019\/10\/Declaracion-Dia-Derecho-a-la-Ciudad_31-10-19_ES.docx.pdf\" target=\"_blank\" rel=\"noopener noreferrer\">exigiendo la protecci\u00f3n de nuestrxs defensorxs de derechos humanos<\/a> y <\/strong><strong>recordando la importancia de <a href=\"https:\/\/www.right2city.org\/wp-content\/uploads\/2019\/11\/PGDC-Declaracion-COP25-2.pdf\" target=\"_blank\" rel=\"noopener noreferrer\">enfrentar el cambio clim\u00e1tico a trav\u00e9s de los Derechos Humanos relativos al H\u00e1bitat y el Derecho a la Ciudad<\/a>,<\/strong> colocando el cuidado del planeta y a las personas en el centro.<\/p>\n<p><a href=\"https:\/\/www.right2city.org\/es\/la-pgdc-en-la-cop25\/\" target=\"_blank\" rel=\"noopener noreferrer\"><img loading=\"lazy\" decoding=\"async\" class=\"aligncenter wp-image-51721 size-large\" src=\"https:\/\/www.right2city.org\/wp-content\/uploads\/2019\/12\/webcopES-1024x699.jpg\" alt=\"\" width=\"1024\" height=\"699\" srcset=\"https:\/\/www.right2city.org\/wp-content\/uploads\/2019\/12\/webcopES-1024x699.jpg 1024w, https:\/\/www.right2city.org\/wp-content\/uploads\/2019\/12\/webcopES-300x205.jpg 300w, https:\/\/www.right2city.org\/wp-content\/uploads\/2019\/12\/webcopES-768x525.jpg 768w, https:\/\/www.right2city.org\/wp-content\/uploads\/2019\/12\/webcopES.jpg 1079w\" sizes=\"(max-width: 1024px) 100vw, 1024px\" \/><\/a><\/p>\n<p style=\"text-align: center;\"><em>Haz <a href=\"https:\/\/www.right2city.org\/es\/la-pgdc-en-la-cop25\/\" target=\"_blank\" rel=\"noopener noreferrer\">click aqu\u00ed<\/a> para saber m\u00e1s sobre nuestras actividades a lo largo de la COP25 y para leer <a href=\"https:\/\/www.right2city.org\/wp-content\/uploads\/2019\/11\/PGDC-Declaracion-COP25-2.pdf\" target=\"_blank\" rel=\"noopener noreferrer\">nuestra declaraci\u00f3n\u00a0<\/a><\/em><\/p>\n<p>&nbsp;<\/p>\n<p>Escuchar la historia de Luis d\u2019Elia (Argentina), Cesare Ottolini (Italia), Moussa Ka (Senegal), Samir Flores (M\u00e9xico), Abdullah Abu Rahmah (Palestina), Khadim Hussain Dahot (Paquist\u00e1n), las mujeres que defienden en Per\u00fa el ecosistema de Lomas de Amancaes, las organizaciones y movimientos populares ind\u00edgenas en Ecuador, en Chile y muchas otras, nos hace m\u00e1s fuertes para continuar reclamando los derechos humanos relativos al medioambiente, a la vivienda y a la ciudad, y a ponernos en pie por nuestros defensores-as de derechos humanos.<\/p>\n<p>&nbsp;<\/p>\n<div class=\"et_pb_slider et_pb_slider_fullwidth_off et_pb_gallery_post_type\">\n\t\t\t\t<div class=\"et_pb_slides\">\n\t\t\t\t\t<div class=\"et_pb_slide\" style=\"background: url(https:\/\/www.right2city.org\/wp-content\/uploads\/2019\/10\/Samir-Flores-ESP.jpg);\"><\/div><div class=\"et_pb_slide\" style=\"background: url(https:\/\/www.right2city.org\/wp-content\/uploads\/2019\/10\/Ecuador-ESP.jpg);\"><\/div><div class=\"et_pb_slide\" style=\"background: url(https:\/\/www.right2city.org\/wp-content\/uploads\/2019\/10\/Luis-Dellia-ESP.jpg);\"><\/div>\n\t\t\t\t<\/div>\n\t\t\t<\/div>\n<p>&nbsp;<\/p>\n<h3>Desafortunadamente son muchas las historias de defensorxs amenazadxs, y queremos darles visibilidad, \u00bfnos ayudas?<\/h3>\n<ul>\n<li><strong>Comparte en redes sociales estas historias o la de cualquier defensor-a bajo amenaza que conozcas<\/strong><\/li>\n<li><strong>Haz eco de este mensaje y cifras de la defensa de nuestros derechos relativos al h\u00e1bitat<\/strong><\/li>\n<li><strong>Ponte en pie por nuestros-as defensores!<\/strong><\/li>\n<\/ul>\n","protected":false},"featured_media":51708,"template":"","meta":{"_acf_changed":false,"_et_pb_use_builder":"","_et_pb_old_content":"","_et_gb_content_width":"","cybocfi_hide_featured_image":""},"categories":[],"themes":[],"agendas_globales":[308,262],"class_list":["post-51719","news","type-news","status-publish","has-post-thumbnail","hentry","agendas_globales-cop25-es","agendas_globales-dia-de-los-derechos-humanos"],"acf":[],"yoast_head":"<!-- This site is optimized with the Yoast SEO plugin v27.5 - https:\/\/yoast.com\/product\/yoast-seo-wordpress\/ -->\n<title>D\u00eda de los Derechos Humanos en solidariedad con nuestrxs defensorxs del h\u00e1bitat - Right to the city<\/title>\n<meta name=\"robots\" content=\"index, follow, max-snippet:-1, max-image-preview:large, max-video-preview:-1\" \/>\n<link rel=\"canonical\" href=\"https:\/\/www.right2city.org\/es\/news\/world-day-for-human-rights-the-land-our-towns-and-cities-for-those-who-defend-them\/\" \/>\n<meta property=\"og:locale\" content=\"es_ES\" \/>\n<meta property=\"og:type\" content=\"article\" \/>\n<meta property=\"og:title\" content=\"D\u00eda de los Derechos Humanos en solidariedad con nuestrxs defensorxs del h\u00e1bitat - Right to the city\" \/>\n<meta property=\"og:description\" content=\"Foto: ENEL Peru La seguridad de nuestrx defensorxs del h\u00e1bitat est\u00e1 en peligro. Los estados y las grandes empresas intentan parar a las personas que bajo amenaza alzan la voz por los derechos relativos al h\u00e1bitat &#8211; el derecho a la tierra, la vivienda y el derecho a la ciudad Hoy 10 de diciembre se [&hellip;]\" \/>\n<meta property=\"og:url\" content=\"https:\/\/www.right2city.org\/es\/news\/world-day-for-human-rights-the-land-our-towns-and-cities-for-those-who-defend-them\/\" \/>\n<meta property=\"og:site_name\" content=\"Right to the city\" \/>\n<meta property=\"article:modified_time\" content=\"2019-12-09T13:41:21+00:00\" \/>\n<meta property=\"og:image\" content=\"https:\/\/www.right2city.org\/wp-content\/uploads\/2019\/12\/1543396393033.jpg\" \/>\n\t<meta property=\"og:image:width\" content=\"1280\" \/>\n\t<meta property=\"og:image:height\" content=\"558\" \/>\n\t<meta property=\"og:image:type\" content=\"image\/jpeg\" \/>\n<meta name=\"twitter:card\" content=\"summary_large_image\" \/>\n<meta name=\"twitter:label1\" content=\"Tiempo de lectura\" \/>\n\t<meta name=\"twitter:data1\" content=\"3 minutos\" \/>\n<script type=\"application\/ld+json\" class=\"yoast-schema-graph\">{\"@context\":\"https:\\\/\\\/schema.org\",\"@graph\":[{\"@type\":\"WebPage\",\"@id\":\"https:\\\/\\\/www.right2city.org\\\/es\\\/news\\\/world-day-for-human-rights-the-land-our-towns-and-cities-for-those-who-defend-them\\\/\",\"url\":\"https:\\\/\\\/www.right2city.org\\\/es\\\/news\\\/world-day-for-human-rights-the-land-our-towns-and-cities-for-those-who-defend-them\\\/\",\"name\":\"D\u00eda de los Derechos Humanos en solidariedad con nuestrxs defensorxs del h\u00e1bitat - Right to the city\",\"isPartOf\":{\"@id\":\"https:\\\/\\\/www.right2city.org\\\/es\\\/#website\"},\"primaryImageOfPage\":{\"@id\":\"https:\\\/\\\/www.right2city.org\\\/es\\\/news\\\/world-day-for-human-rights-the-land-our-towns-and-cities-for-those-who-defend-them\\\/#primaryimage\"},\"image\":{\"@id\":\"https:\\\/\\\/www.right2city.org\\\/es\\\/news\\\/world-day-for-human-rights-the-land-our-towns-and-cities-for-those-who-defend-them\\\/#primaryimage\"},\"thumbnailUrl\":\"https:\\\/\\\/www.right2city.org\\\/wp-content\\\/uploads\\\/2019\\\/12\\\/1543396393033.jpg\",\"datePublished\":\"2019-12-09T11:35:37+00:00\",\"dateModified\":\"2019-12-09T13:41:21+00:00\",\"breadcrumb\":{\"@id\":\"https:\\\/\\\/www.right2city.org\\\/es\\\/news\\\/world-day-for-human-rights-the-land-our-towns-and-cities-for-those-who-defend-them\\\/#breadcrumb\"},\"inLanguage\":\"es\",\"potentialAction\":[{\"@type\":\"ReadAction\",\"target\":[\"https:\\\/\\\/www.right2city.org\\\/es\\\/news\\\/world-day-for-human-rights-the-land-our-towns-and-cities-for-those-who-defend-them\\\/\"]}]},{\"@type\":\"ImageObject\",\"inLanguage\":\"es\",\"@id\":\"https:\\\/\\\/www.right2city.org\\\/es\\\/news\\\/world-day-for-human-rights-the-land-our-towns-and-cities-for-those-who-defend-them\\\/#primaryimage\",\"url\":\"https:\\\/\\\/www.right2city.org\\\/wp-content\\\/uploads\\\/2019\\\/12\\\/1543396393033.jpg\",\"contentUrl\":\"https:\\\/\\\/www.right2city.org\\\/wp-content\\\/uploads\\\/2019\\\/12\\\/1543396393033.jpg\",\"width\":1280,\"height\":558},{\"@type\":\"BreadcrumbList\",\"@id\":\"https:\\\/\\\/www.right2city.org\\\/es\\\/news\\\/world-day-for-human-rights-the-land-our-towns-and-cities-for-those-who-defend-them\\\/#breadcrumb\",\"itemListElement\":[{\"@type\":\"ListItem\",\"position\":1,\"name\":\"Home\",\"item\":\"https:\\\/\\\/www.right2city.org\\\/es\\\/\"},{\"@type\":\"ListItem\",\"position\":2,\"name\":\"Noticias\",\"item\":\"https:\\\/\\\/www.right2city.org\\\/es\\\/news\\\/\"},{\"@type\":\"ListItem\",\"position\":3,\"name\":\"D\u00eda de los Derechos Humanos en solidariedad con nuestrxs defensorxs del h\u00e1bitat\"}]},{\"@type\":\"WebSite\",\"@id\":\"https:\\\/\\\/www.right2city.org\\\/es\\\/#website\",\"url\":\"https:\\\/\\\/www.right2city.org\\\/es\\\/\",\"name\":\"Right to the city\",\"description\":\"Global Platform for the Right to the City\",\"potentialAction\":[{\"@type\":\"SearchAction\",\"target\":{\"@type\":\"EntryPoint\",\"urlTemplate\":\"https:\\\/\\\/www.right2city.org\\\/es\\\/?s={search_term_string}\"},\"query-input\":{\"@type\":\"PropertyValueSpecification\",\"valueRequired\":true,\"valueName\":\"search_term_string\"}}],\"inLanguage\":\"es\"}]}<\/script>\n<!-- \/ Yoast SEO plugin. -->","yoast_head_json":{"title":"D\u00eda de los Derechos Humanos en solidariedad con nuestrxs defensorxs del h\u00e1bitat - Right to the city","robots":{"index":"index","follow":"follow","max-snippet":"max-snippet:-1","max-image-preview":"max-image-preview:large","max-video-preview":"max-video-preview:-1"},"canonical":"https:\/\/www.right2city.org\/es\/news\/world-day-for-human-rights-the-land-our-towns-and-cities-for-those-who-defend-them\/","og_locale":"es_ES","og_type":"article","og_title":"D\u00eda de los Derechos Humanos en solidariedad con nuestrxs defensorxs del h\u00e1bitat - Right to the city","og_description":"Foto: ENEL Peru La seguridad de nuestrx defensorxs del h\u00e1bitat est\u00e1 en peligro. Los estados y las grandes empresas intentan parar a las personas que bajo amenaza alzan la voz por los derechos relativos al h\u00e1bitat &#8211; el derecho a la tierra, la vivienda y el derecho a la ciudad Hoy 10 de diciembre se [&hellip;]","og_url":"https:\/\/www.right2city.org\/es\/news\/world-day-for-human-rights-the-land-our-towns-and-cities-for-those-who-defend-them\/","og_site_name":"Right to the city","article_modified_time":"2019-12-09T13:41:21+00:00","og_image":[{"width":1280,"height":558,"url":"https:\/\/www.right2city.org\/wp-content\/uploads\/2019\/12\/1543396393033.jpg","type":"image\/jpeg"}],"twitter_card":"summary_large_image","twitter_misc":{"Tiempo de lectura":"3 minutos"},"schema":{"@context":"https:\/\/schema.org","@graph":[{"@type":"WebPage","@id":"https:\/\/www.right2city.org\/es\/news\/world-day-for-human-rights-the-land-our-towns-and-cities-for-those-who-defend-them\/","url":"https:\/\/www.right2city.org\/es\/news\/world-day-for-human-rights-the-land-our-towns-and-cities-for-those-who-defend-them\/","name":"D\u00eda de los Derechos Humanos en solidariedad con nuestrxs defensorxs del h\u00e1bitat - Right to the city","isPartOf":{"@id":"https:\/\/www.right2city.org\/es\/#website"},"primaryImageOfPage":{"@id":"https:\/\/www.right2city.org\/es\/news\/world-day-for-human-rights-the-land-our-towns-and-cities-for-those-who-defend-them\/#primaryimage"},"image":{"@id":"https:\/\/www.right2city.org\/es\/news\/world-day-for-human-rights-the-land-our-towns-and-cities-for-those-who-defend-them\/#primaryimage"},"thumbnailUrl":"https:\/\/www.right2city.org\/wp-content\/uploads\/2019\/12\/1543396393033.jpg","datePublished":"2019-12-09T11:35:37+00:00","dateModified":"2019-12-09T13:41:21+00:00","breadcrumb":{"@id":"https:\/\/www.right2city.org\/es\/news\/world-day-for-human-rights-the-land-our-towns-and-cities-for-those-who-defend-them\/#breadcrumb"},"inLanguage":"es","potentialAction":[{"@type":"ReadAction","target":["https:\/\/www.right2city.org\/es\/news\/world-day-for-human-rights-the-land-our-towns-and-cities-for-those-who-defend-them\/"]}]},{"@type":"ImageObject","inLanguage":"es","@id":"https:\/\/www.right2city.org\/es\/news\/world-day-for-human-rights-the-land-our-towns-and-cities-for-those-who-defend-them\/#primaryimage","url":"https:\/\/www.right2city.org\/wp-content\/uploads\/2019\/12\/1543396393033.jpg","contentUrl":"https:\/\/www.right2city.org\/wp-content\/uploads\/2019\/12\/1543396393033.jpg","width":1280,"height":558},{"@type":"BreadcrumbList","@id":"https:\/\/www.right2city.org\/es\/news\/world-day-for-human-rights-the-land-our-towns-and-cities-for-those-who-defend-them\/#breadcrumb","itemListElement":[{"@type":"ListItem","position":1,"name":"Home","item":"https:\/\/www.right2city.org\/es\/"},{"@type":"ListItem","position":2,"name":"Noticias","item":"https:\/\/www.right2city.org\/es\/news\/"},{"@type":"ListItem","position":3,"name":"D\u00eda de los Derechos Humanos en solidariedad con nuestrxs defensorxs del h\u00e1bitat"}]},{"@type":"WebSite","@id":"https:\/\/www.right2city.org\/es\/#website","url":"https:\/\/www.right2city.org\/es\/","name":"Right to the city","description":"Global Platform for the Right to the City","potentialAction":[{"@type":"SearchAction","target":{"@type":"EntryPoint","urlTemplate":"https:\/\/www.right2city.org\/es\/?s={search_term_string}"},"query-input":{"@type":"PropertyValueSpecification","valueRequired":true,"valueName":"search_term_string"}}],"inLanguage":"es"}]}},"_links":{"self":[{"href":"https:\/\/www.right2city.org\/es\/wp-json\/wp\/v2\/news\/51719","targetHints":{"allow":["GET"]}}],"collection":[{"href":"https:\/\/www.right2city.org\/es\/wp-json\/wp\/v2\/news"}],"about":[{"href":"https:\/\/www.right2city.org\/es\/wp-json\/wp\/v2\/types\/news"}],"wp:featuredmedia":[{"embeddable":true,"href":"https:\/\/www.right2city.org\/es\/wp-json\/wp\/v2\/media\/51708"}],"wp:attachment":[{"href":"https:\/\/www.right2city.org\/es\/wp-json\/wp\/v2\/media?parent=51719"}],"wp:term":[{"taxonomy":"category","embeddable":true,"href":"https:\/\/www.right2city.org\/es\/wp-json\/wp\/v2\/categories?post=51719"},{"taxonomy":"themes","embeddable":true,"href":"https:\/\/www.right2city.org\/es\/wp-json\/wp\/v2\/themes?post=51719"},{"taxonomy":"agendas_globales","embeddable":true,"href":"https:\/\/www.right2city.org\/es\/wp-json\/wp\/v2\/agendas_globales?post=51719"}],"curies":[{"name":"wp","href":"https:\/\/api.w.org\/{rel}","templated":true}]}}