{"id":52041,"date":"2020-01-08T15:02:15","date_gmt":"2020-01-08T13:02:15","guid":{"rendered":"https:\/\/www.right2city.org\/?post_type=news&#038;p=52041"},"modified":"2020-01-08T15:13:19","modified_gmt":"2020-01-08T13:13:19","slug":"nuevo-libro-ampliando-derechos-urbanos-igualdad-y-diversidad-en-la-ciudad","status":"publish","type":"news","link":"https:\/\/www.right2city.org\/es\/news\/nuevo-libro-ampliando-derechos-urbanos-igualdad-y-diversidad-en-la-ciudad\/","title":{"rendered":"Nuevo libro: \u00abAmpliando derechos urbanos. Igualdad y diversidad en la ciudad\u00bb"},"content":{"rendered":"<p><img loading=\"lazy\" decoding=\"async\" class=\"aligncenter size-full wp-image-52039\" src=\"https:\/\/www.right2city.org\/wp-content\/uploads\/2020\/01\/cidob-publication.png\" alt=\"\" width=\"775\" height=\"674\" srcset=\"https:\/\/www.right2city.org\/wp-content\/uploads\/2020\/01\/cidob-publication.png 775w, https:\/\/www.right2city.org\/wp-content\/uploads\/2020\/01\/cidob-publication-300x261.png 300w, https:\/\/www.right2city.org\/wp-content\/uploads\/2020\/01\/cidob-publication-768x668.png 768w\" sizes=\"(max-width: 775px) 100vw, 775px\" \/><\/p>\n<p><em>Fuente original: <a href=\"https:\/\/www.cidob.org\/es\/publicaciones\/serie_de_publicacion\/monografias\/monografias\/ampliando_derechos_urbanos_igualdad_y_diversidad_en_la_ciudad\" target=\"_blank\" rel=\"noopener noreferrer\">CIDOB<\/a><\/em><\/p>\n<p align=\"justify\">\u00bfC\u00f3mo hacer avanzar el conjunto de derechos que se engloban bajo la noci\u00f3n del \u00abderecho a\u00a0la ciudad\u00bb? La b\u00fasqueda de respuestas a este interrogante lleva varias d\u00e9cadas articulando\u00a0movilizaciones sociales y promoviendo nuevos marcos pol\u00edticos y jur\u00eddicos. Nuevas lecturas\u00a0y articulaciones pol\u00edticas del derecho a la ciudad surgidas sobre todo a partir de finales de la\u00a0d\u00e9cada de los 2000 nos invitan a pensarlo tambi\u00e9n a partir de la pol\u00edtica de la identidad. Es\u00a0decir, proponen prestar atenci\u00f3n a la diversidad de grupos sociales que conviven en los entornos\u00a0urbanos, cuya voz y agencia debe ser reconocida en la construcci\u00f3n de la ciudad en aras de la\u00a0igualdad y la justicia social.<\/p>\n<p align=\"justify\">Abordar estas cuestiones no solo pasa por reconocer y valorizar los sujetos que han sido\u00a0hist\u00f3ricamente marginalizados en la construcci\u00f3n del espacio urbano, tanto f\u00edsico como simb\u00f3lico.\u00a0Tambi\u00e9n implica tener en cuenta que la ciudad se materializa y se experimenta de forma diversa\u00a0por parte de los diferentes colectivos que la habitan a trav\u00e9s de sus pr\u00e1cticas, de sus usos y, en\u00a0definitiva, de c\u00f3mo se concreta su vida cotidiana.<\/p>\n<p align=\"justify\">Gobiernos locales en varios rincones del mundo han trabajado durante las dos \u00faltimas d\u00e9cadas\u00a0para dar respuesta al reto de promover la diversidad y la igualdad en la ciudad a trav\u00e9s de\u00a0pol\u00edticas de derechos. Asimismo, las \u00e1reas metropolitanas est\u00e1n siendo objeto de nuevos marcos\u00a0de gobernanza metropolitana y multinivel para dar respuesta a los apremiantes desaf\u00edos sociales,\u00a0pol\u00edticos, econ\u00f3micos y culturales que fracturan sus territorios entre centros y periferias.<\/p>\n<p align=\"justify\">Paralelamente, la sociedad civil urbana ha impulsado desde hace varias d\u00e9cadas iniciativas\u00a0dirigidas a mejorar la calidad de vida y el reconocimiento del habitante urbano como sujeto\u00a0pol\u00edtico y de derechos.<\/p>\n<p align=\"justify\">Esta monograf\u00eda CIDOB se adentra en estas cuestiones, centr\u00e1ndose, en particular, en identificar y\u00a0analizar pol\u00edticas de redistribuci\u00f3n y reconocimiento, sobre todo a nivel local, cambio institucional\u00a0y producci\u00f3n social de la ciudad en un mundo cada vez m\u00e1s urbano.<\/p>\n<p align=\"justify\">Para acceder al contenido completo,<a href=\"https:\/\/www.cidob.org\/es\/publicaciones\/serie_de_publicacion\/monografias\/monografias\/ampliando_derechos_urbanos_igualdad_y_diversidad_en_la_ciudad\" target=\"_blank\" rel=\"noopener noreferrer\"> haz click aqu\u00ed.<\/a><\/p>\n","protected":false},"featured_media":52039,"template":"","meta":{"_acf_changed":false,"_et_pb_use_builder":"","_et_pb_old_content":"","_et_gb_content_width":"","cybocfi_hide_featured_image":""},"categories":[],"themes":[125],"agendas_globales":[],"class_list":["post-52041","news","type-news","status-publish","has-post-thumbnail","hentry","themes-ciudadania-inclusiva"],"acf":[],"yoast_head":"<!-- This site is optimized with the Yoast SEO plugin v27.5 - https:\/\/yoast.com\/product\/yoast-seo-wordpress\/ -->\n<title>Nuevo libro: &quot;Ampliando derechos urbanos. Igualdad y diversidad en la ciudad&quot; - Right to the city<\/title>\n<meta name=\"robots\" content=\"index, follow, max-snippet:-1, max-image-preview:large, max-video-preview:-1\" \/>\n<link rel=\"canonical\" href=\"https:\/\/www.right2city.org\/es\/news\/nuevo-libro-ampliando-derechos-urbanos-igualdad-y-diversidad-en-la-ciudad\/\" \/>\n<meta property=\"og:locale\" content=\"es_ES\" \/>\n<meta property=\"og:type\" content=\"article\" \/>\n<meta property=\"og:title\" content=\"Nuevo libro: &quot;Ampliando derechos urbanos. Igualdad y diversidad en la ciudad&quot; - Right to the city\" \/>\n<meta property=\"og:description\" content=\"Fuente original: CIDOB \u00bfC\u00f3mo hacer avanzar el conjunto de derechos que se engloban bajo la noci\u00f3n del \u00abderecho a\u00a0la ciudad\u00bb? La b\u00fasqueda de respuestas a este interrogante lleva varias d\u00e9cadas articulando\u00a0movilizaciones sociales y promoviendo nuevos marcos pol\u00edticos y jur\u00eddicos. Nuevas lecturas\u00a0y articulaciones pol\u00edticas del derecho a la ciudad surgidas sobre todo a partir de finales [&hellip;]\" \/>\n<meta property=\"og:url\" content=\"https:\/\/www.right2city.org\/es\/news\/nuevo-libro-ampliando-derechos-urbanos-igualdad-y-diversidad-en-la-ciudad\/\" \/>\n<meta property=\"og:site_name\" content=\"Right to the city\" \/>\n<meta property=\"article:modified_time\" content=\"2020-01-08T13:13:19+00:00\" \/>\n<meta property=\"og:image\" content=\"https:\/\/www.right2city.org\/wp-content\/uploads\/2020\/01\/cidob-publication.png\" \/>\n\t<meta property=\"og:image:width\" content=\"775\" \/>\n\t<meta property=\"og:image:height\" content=\"674\" \/>\n\t<meta property=\"og:image:type\" content=\"image\/png\" \/>\n<meta name=\"twitter:card\" content=\"summary_large_image\" \/>\n<meta name=\"twitter:label1\" content=\"Tiempo de lectura\" \/>\n\t<meta name=\"twitter:data1\" content=\"2 minutos\" \/>\n<script type=\"application\/ld+json\" class=\"yoast-schema-graph\">{\"@context\":\"https:\\\/\\\/schema.org\",\"@graph\":[{\"@type\":\"WebPage\",\"@id\":\"https:\\\/\\\/www.right2city.org\\\/es\\\/news\\\/nuevo-libro-ampliando-derechos-urbanos-igualdad-y-diversidad-en-la-ciudad\\\/\",\"url\":\"https:\\\/\\\/www.right2city.org\\\/es\\\/news\\\/nuevo-libro-ampliando-derechos-urbanos-igualdad-y-diversidad-en-la-ciudad\\\/\",\"name\":\"Nuevo libro: \\\"Ampliando derechos urbanos. Igualdad y diversidad en la ciudad\\\" - Right to the city\",\"isPartOf\":{\"@id\":\"https:\\\/\\\/www.right2city.org\\\/es\\\/#website\"},\"primaryImageOfPage\":{\"@id\":\"https:\\\/\\\/www.right2city.org\\\/es\\\/news\\\/nuevo-libro-ampliando-derechos-urbanos-igualdad-y-diversidad-en-la-ciudad\\\/#primaryimage\"},\"image\":{\"@id\":\"https:\\\/\\\/www.right2city.org\\\/es\\\/news\\\/nuevo-libro-ampliando-derechos-urbanos-igualdad-y-diversidad-en-la-ciudad\\\/#primaryimage\"},\"thumbnailUrl\":\"https:\\\/\\\/www.right2city.org\\\/wp-content\\\/uploads\\\/2020\\\/01\\\/cidob-publication.png\",\"datePublished\":\"2020-01-08T13:02:15+00:00\",\"dateModified\":\"2020-01-08T13:13:19+00:00\",\"breadcrumb\":{\"@id\":\"https:\\\/\\\/www.right2city.org\\\/es\\\/news\\\/nuevo-libro-ampliando-derechos-urbanos-igualdad-y-diversidad-en-la-ciudad\\\/#breadcrumb\"},\"inLanguage\":\"es\",\"potentialAction\":[{\"@type\":\"ReadAction\",\"target\":[\"https:\\\/\\\/www.right2city.org\\\/es\\\/news\\\/nuevo-libro-ampliando-derechos-urbanos-igualdad-y-diversidad-en-la-ciudad\\\/\"]}]},{\"@type\":\"ImageObject\",\"inLanguage\":\"es\",\"@id\":\"https:\\\/\\\/www.right2city.org\\\/es\\\/news\\\/nuevo-libro-ampliando-derechos-urbanos-igualdad-y-diversidad-en-la-ciudad\\\/#primaryimage\",\"url\":\"https:\\\/\\\/www.right2city.org\\\/wp-content\\\/uploads\\\/2020\\\/01\\\/cidob-publication.png\",\"contentUrl\":\"https:\\\/\\\/www.right2city.org\\\/wp-content\\\/uploads\\\/2020\\\/01\\\/cidob-publication.png\",\"width\":775,\"height\":674},{\"@type\":\"BreadcrumbList\",\"@id\":\"https:\\\/\\\/www.right2city.org\\\/es\\\/news\\\/nuevo-libro-ampliando-derechos-urbanos-igualdad-y-diversidad-en-la-ciudad\\\/#breadcrumb\",\"itemListElement\":[{\"@type\":\"ListItem\",\"position\":1,\"name\":\"Home\",\"item\":\"https:\\\/\\\/www.right2city.org\\\/es\\\/\"},{\"@type\":\"ListItem\",\"position\":2,\"name\":\"Noticias\",\"item\":\"https:\\\/\\\/www.right2city.org\\\/es\\\/news\\\/\"},{\"@type\":\"ListItem\",\"position\":3,\"name\":\"Nuevo libro: \u00abAmpliando derechos urbanos. Igualdad y diversidad en la ciudad\u00bb\"}]},{\"@type\":\"WebSite\",\"@id\":\"https:\\\/\\\/www.right2city.org\\\/es\\\/#website\",\"url\":\"https:\\\/\\\/www.right2city.org\\\/es\\\/\",\"name\":\"Right to the city\",\"description\":\"Global Platform for the Right to the City\",\"potentialAction\":[{\"@type\":\"SearchAction\",\"target\":{\"@type\":\"EntryPoint\",\"urlTemplate\":\"https:\\\/\\\/www.right2city.org\\\/es\\\/?s={search_term_string}\"},\"query-input\":{\"@type\":\"PropertyValueSpecification\",\"valueRequired\":true,\"valueName\":\"search_term_string\"}}],\"inLanguage\":\"es\"}]}<\/script>\n<!-- \/ Yoast SEO plugin. -->","yoast_head_json":{"title":"Nuevo libro: \"Ampliando derechos urbanos. Igualdad y diversidad en la ciudad\" - Right to the city","robots":{"index":"index","follow":"follow","max-snippet":"max-snippet:-1","max-image-preview":"max-image-preview:large","max-video-preview":"max-video-preview:-1"},"canonical":"https:\/\/www.right2city.org\/es\/news\/nuevo-libro-ampliando-derechos-urbanos-igualdad-y-diversidad-en-la-ciudad\/","og_locale":"es_ES","og_type":"article","og_title":"Nuevo libro: \"Ampliando derechos urbanos. Igualdad y diversidad en la ciudad\" - Right to the city","og_description":"Fuente original: CIDOB \u00bfC\u00f3mo hacer avanzar el conjunto de derechos que se engloban bajo la noci\u00f3n del \u00abderecho a\u00a0la ciudad\u00bb? La b\u00fasqueda de respuestas a este interrogante lleva varias d\u00e9cadas articulando\u00a0movilizaciones sociales y promoviendo nuevos marcos pol\u00edticos y jur\u00eddicos. Nuevas lecturas\u00a0y articulaciones pol\u00edticas del derecho a la ciudad surgidas sobre todo a partir de finales [&hellip;]","og_url":"https:\/\/www.right2city.org\/es\/news\/nuevo-libro-ampliando-derechos-urbanos-igualdad-y-diversidad-en-la-ciudad\/","og_site_name":"Right to the city","article_modified_time":"2020-01-08T13:13:19+00:00","og_image":[{"width":775,"height":674,"url":"https:\/\/www.right2city.org\/wp-content\/uploads\/2020\/01\/cidob-publication.png","type":"image\/png"}],"twitter_card":"summary_large_image","twitter_misc":{"Tiempo de lectura":"2 minutos"},"schema":{"@context":"https:\/\/schema.org","@graph":[{"@type":"WebPage","@id":"https:\/\/www.right2city.org\/es\/news\/nuevo-libro-ampliando-derechos-urbanos-igualdad-y-diversidad-en-la-ciudad\/","url":"https:\/\/www.right2city.org\/es\/news\/nuevo-libro-ampliando-derechos-urbanos-igualdad-y-diversidad-en-la-ciudad\/","name":"Nuevo libro: \"Ampliando derechos urbanos. Igualdad y diversidad en la ciudad\" - Right to the city","isPartOf":{"@id":"https:\/\/www.right2city.org\/es\/#website"},"primaryImageOfPage":{"@id":"https:\/\/www.right2city.org\/es\/news\/nuevo-libro-ampliando-derechos-urbanos-igualdad-y-diversidad-en-la-ciudad\/#primaryimage"},"image":{"@id":"https:\/\/www.right2city.org\/es\/news\/nuevo-libro-ampliando-derechos-urbanos-igualdad-y-diversidad-en-la-ciudad\/#primaryimage"},"thumbnailUrl":"https:\/\/www.right2city.org\/wp-content\/uploads\/2020\/01\/cidob-publication.png","datePublished":"2020-01-08T13:02:15+00:00","dateModified":"2020-01-08T13:13:19+00:00","breadcrumb":{"@id":"https:\/\/www.right2city.org\/es\/news\/nuevo-libro-ampliando-derechos-urbanos-igualdad-y-diversidad-en-la-ciudad\/#breadcrumb"},"inLanguage":"es","potentialAction":[{"@type":"ReadAction","target":["https:\/\/www.right2city.org\/es\/news\/nuevo-libro-ampliando-derechos-urbanos-igualdad-y-diversidad-en-la-ciudad\/"]}]},{"@type":"ImageObject","inLanguage":"es","@id":"https:\/\/www.right2city.org\/es\/news\/nuevo-libro-ampliando-derechos-urbanos-igualdad-y-diversidad-en-la-ciudad\/#primaryimage","url":"https:\/\/www.right2city.org\/wp-content\/uploads\/2020\/01\/cidob-publication.png","contentUrl":"https:\/\/www.right2city.org\/wp-content\/uploads\/2020\/01\/cidob-publication.png","width":775,"height":674},{"@type":"BreadcrumbList","@id":"https:\/\/www.right2city.org\/es\/news\/nuevo-libro-ampliando-derechos-urbanos-igualdad-y-diversidad-en-la-ciudad\/#breadcrumb","itemListElement":[{"@type":"ListItem","position":1,"name":"Home","item":"https:\/\/www.right2city.org\/es\/"},{"@type":"ListItem","position":2,"name":"Noticias","item":"https:\/\/www.right2city.org\/es\/news\/"},{"@type":"ListItem","position":3,"name":"Nuevo libro: \u00abAmpliando derechos urbanos. Igualdad y diversidad en la ciudad\u00bb"}]},{"@type":"WebSite","@id":"https:\/\/www.right2city.org\/es\/#website","url":"https:\/\/www.right2city.org\/es\/","name":"Right to the city","description":"Global Platform for the Right to the City","potentialAction":[{"@type":"SearchAction","target":{"@type":"EntryPoint","urlTemplate":"https:\/\/www.right2city.org\/es\/?s={search_term_string}"},"query-input":{"@type":"PropertyValueSpecification","valueRequired":true,"valueName":"search_term_string"}}],"inLanguage":"es"}]}},"_links":{"self":[{"href":"https:\/\/www.right2city.org\/es\/wp-json\/wp\/v2\/news\/52041","targetHints":{"allow":["GET"]}}],"collection":[{"href":"https:\/\/www.right2city.org\/es\/wp-json\/wp\/v2\/news"}],"about":[{"href":"https:\/\/www.right2city.org\/es\/wp-json\/wp\/v2\/types\/news"}],"wp:featuredmedia":[{"embeddable":true,"href":"https:\/\/www.right2city.org\/es\/wp-json\/wp\/v2\/media\/52039"}],"wp:attachment":[{"href":"https:\/\/www.right2city.org\/es\/wp-json\/wp\/v2\/media?parent=52041"}],"wp:term":[{"taxonomy":"category","embeddable":true,"href":"https:\/\/www.right2city.org\/es\/wp-json\/wp\/v2\/categories?post=52041"},{"taxonomy":"themes","embeddable":true,"href":"https:\/\/www.right2city.org\/es\/wp-json\/wp\/v2\/themes?post=52041"},{"taxonomy":"agendas_globales","embeddable":true,"href":"https:\/\/www.right2city.org\/es\/wp-json\/wp\/v2\/agendas_globales?post=52041"}],"curies":[{"name":"wp","href":"https:\/\/api.w.org\/{rel}","templated":true}]}}