{"id":52127,"date":"2020-01-15T17:34:33","date_gmt":"2020-01-15T15:34:33","guid":{"rendered":"https:\/\/www.right2city.org\/?post_type=news&#038;p=52127"},"modified":"2020-01-15T17:36:24","modified_gmt":"2020-01-15T15:36:24","slug":"nuevo-libro-urbanismo-feminista-por-una-transformacion-radical-de-los-espacios-de-vida","status":"publish","type":"news","link":"https:\/\/www.right2city.org\/es\/news\/nuevo-libro-urbanismo-feminista-por-una-transformacion-radical-de-los-espacios-de-vida\/","title":{"rendered":"Nuevo libro: \u00abUrbanismo Feminista: Por una transformaci\u00f3n radical de los espacios de vida\u00bb"},"content":{"rendered":"<p><img loading=\"lazy\" decoding=\"async\" class=\"aligncenter size-full wp-image-52132\" src=\"https:\/\/www.right2city.org\/wp-content\/uploads\/2020\/01\/urbanismo-feminista.png\" alt=\"\" width=\"354\" height=\"536\" srcset=\"https:\/\/www.right2city.org\/wp-content\/uploads\/2020\/01\/urbanismo-feminista.png 354w, https:\/\/www.right2city.org\/wp-content\/uploads\/2020\/01\/urbanismo-feminista-198x300.png 198w\" sizes=\"(max-width: 354px) 100vw, 354px\" \/><\/p>\n<p><em>Originalmente publicado por <a href=\"https:\/\/www.viruseditorial.net\/ca\/libreria\/libros\/521\/urbanismo-feminista\" target=\"_blank\" rel=\"noopener noreferrer\">V\u00edrus editora<\/a><\/em><\/p>\n<p>En diciembre se public\u00f3 el libro <strong>\u00ab<a href=\"https:\/\/www.viruseditorial.net\/ca\/libreria\/libros\/521\/urbanismo-feminista\" target=\"_blank\" rel=\"noopener noreferrer\">Urbanismo Feminista: Por una transformaci\u00f3n radical de los espacios de vida<\/a>\u00bb\u00a0<\/strong>escrito por el <a href=\"http:\/\/www.punt6.org\/quienes-somos\/\" target=\"_blank\" rel=\"noopener noreferrer\">Col.lectiu Punt 6<\/a>, una cooperativa de arquitectas, soci\u00f3logas y urbanistas que trabajan para <strong>lograr que las ciudades sean m\u00e1s inclusivas y que las propias personas que las habitan se conviertan en especialistas de los espacios que les rodean.<\/strong><\/p>\n<p>En nuestras ciudades, la forma urbana evidencia el <strong>estrecho v\u00ednculo entre patriarcado y capital<\/strong>. En los diferentes espacios que habitamos \u2014nuestras casas, nuestras calles o nuestras plazas\u2014, el modelo urbano responde principalmente a las experiencias y necesidades de un sujeto masculino y a la explotaci\u00f3n econ\u00f3mica. A partir de esta l\u00f3gica, el urbanismo y la arquitectura han promovido la<strong> exclusi\u00f3n de las mujeres del espacio urbano<\/strong>, as\u00ed como de otras subjetividades no hegem\u00f3nicas, como personas racializadas, mayores, criaturas o gente con diversidad funcional, entre otras.<\/p>\n<p>La propuesta que las autoras desarrollan recoge una genealog\u00eda de d\u00e9cadas de elaboraci\u00f3n cr\u00edtica y experiencias pr\u00e1cticas, cuyo repertorio permite hoy al <strong>feminismo ofrecer un contramodelo frente a la ciudad neoliberal.<\/strong> Una ciudad cuidadora que subvierta el actual orden de prioridades, superando la dicotom\u00eda p\u00fablico-privado, mediante el dise\u00f1o de entornos que pongan en el centro las necesidades de una poblaci\u00f3n diversa y compleja, que sean sostenibles en t\u00e9rminos sociales y ambientales, y en los cuales las decisiones pol\u00edticas y estrat\u00e9gicas est\u00e9n en manos de sus habitantes.<\/p>\n<p>En\u00a0el libro,\u00a0se concretan y detallan diferentes aspectos relativos a esa ciudad que pone<strong> la vida en el centro,<\/strong> desde la clara conciencia de que solamente los procesos impulsados desde abajo, y a partir de la complejidad comunitaria, edificar\u00e1n una realidad urbana radicalmente distinta a la que conocemos.<\/p>\n<p>A lo largo de enero y febrero, las autoras recorrer\u00e1n algunas ciudades espa\u00f1olas presentando la obra. \u00a1No te lo pierdas!<\/p>\n<p><img loading=\"lazy\" decoding=\"async\" class=\"aligncenter size-full wp-image-52128\" src=\"https:\/\/www.right2city.org\/wp-content\/uploads\/2020\/01\/EOO28F1XsAAhaye.png\" alt=\"\" width=\"680\" height=\"680\" srcset=\"https:\/\/www.right2city.org\/wp-content\/uploads\/2020\/01\/EOO28F1XsAAhaye.png 680w, https:\/\/www.right2city.org\/wp-content\/uploads\/2020\/01\/EOO28F1XsAAhaye-150x150.png 150w, https:\/\/www.right2city.org\/wp-content\/uploads\/2020\/01\/EOO28F1XsAAhaye-300x300.png 300w\" sizes=\"(max-width: 680px) 100vw, 680px\" \/><\/p>\n","protected":false},"featured_media":52132,"template":"","meta":{"_acf_changed":false,"_et_pb_use_builder":"","_et_pb_old_content":"","_et_gb_content_width":"","cybocfi_hide_featured_image":""},"categories":[],"themes":[122,127],"agendas_globales":[115],"class_list":["post-52127","news","type-news","status-publish","has-post-thumbnail","hentry","themes-calidad-de-espacios-publicos-y-servicios","themes-igualdad-de-genero","agendas_globales-8m-womens-day-es"],"acf":[],"yoast_head":"<!-- This site is optimized with the Yoast SEO plugin v27.5 - https:\/\/yoast.com\/product\/yoast-seo-wordpress\/ -->\n<title>Nuevo libro: &quot;Urbanismo Feminista: Por una transformaci\u00f3n radical de los espacios de vida&quot; - Right to the city<\/title>\n<meta name=\"robots\" content=\"index, follow, max-snippet:-1, max-image-preview:large, max-video-preview:-1\" \/>\n<link rel=\"canonical\" href=\"https:\/\/www.right2city.org\/es\/news\/nuevo-libro-urbanismo-feminista-por-una-transformacion-radical-de-los-espacios-de-vida\/\" \/>\n<meta property=\"og:locale\" content=\"es_ES\" \/>\n<meta property=\"og:type\" content=\"article\" \/>\n<meta property=\"og:title\" content=\"Nuevo libro: &quot;Urbanismo Feminista: Por una transformaci\u00f3n radical de los espacios de vida&quot; - Right to the city\" \/>\n<meta property=\"og:description\" content=\"Originalmente publicado por V\u00edrus editora En diciembre se public\u00f3 el libro \u00abUrbanismo Feminista: Por una transformaci\u00f3n radical de los espacios de vida\u00bb\u00a0escrito por el Col.lectiu Punt 6, una cooperativa de arquitectas, soci\u00f3logas y urbanistas que trabajan para lograr que las ciudades sean m\u00e1s inclusivas y que las propias personas que las habitan se conviertan en [&hellip;]\" \/>\n<meta property=\"og:url\" content=\"https:\/\/www.right2city.org\/es\/news\/nuevo-libro-urbanismo-feminista-por-una-transformacion-radical-de-los-espacios-de-vida\/\" \/>\n<meta property=\"og:site_name\" content=\"Right to the city\" \/>\n<meta property=\"article:modified_time\" content=\"2020-01-15T15:36:24+00:00\" \/>\n<meta property=\"og:image\" content=\"https:\/\/www.right2city.org\/wp-content\/uploads\/2020\/01\/urbanismo-feminista.png\" \/>\n\t<meta property=\"og:image:width\" content=\"354\" \/>\n\t<meta property=\"og:image:height\" content=\"536\" \/>\n\t<meta property=\"og:image:type\" content=\"image\/png\" \/>\n<meta name=\"twitter:card\" content=\"summary_large_image\" \/>\n<meta name=\"twitter:label1\" content=\"Tiempo de lectura\" \/>\n\t<meta name=\"twitter:data1\" content=\"2 minutos\" \/>\n<script type=\"application\/ld+json\" class=\"yoast-schema-graph\">{\"@context\":\"https:\\\/\\\/schema.org\",\"@graph\":[{\"@type\":\"WebPage\",\"@id\":\"https:\\\/\\\/www.right2city.org\\\/es\\\/news\\\/nuevo-libro-urbanismo-feminista-por-una-transformacion-radical-de-los-espacios-de-vida\\\/\",\"url\":\"https:\\\/\\\/www.right2city.org\\\/es\\\/news\\\/nuevo-libro-urbanismo-feminista-por-una-transformacion-radical-de-los-espacios-de-vida\\\/\",\"name\":\"Nuevo libro: \\\"Urbanismo Feminista: Por una transformaci\u00f3n radical de los espacios de vida\\\" - Right to the city\",\"isPartOf\":{\"@id\":\"https:\\\/\\\/www.right2city.org\\\/es\\\/#website\"},\"primaryImageOfPage\":{\"@id\":\"https:\\\/\\\/www.right2city.org\\\/es\\\/news\\\/nuevo-libro-urbanismo-feminista-por-una-transformacion-radical-de-los-espacios-de-vida\\\/#primaryimage\"},\"image\":{\"@id\":\"https:\\\/\\\/www.right2city.org\\\/es\\\/news\\\/nuevo-libro-urbanismo-feminista-por-una-transformacion-radical-de-los-espacios-de-vida\\\/#primaryimage\"},\"thumbnailUrl\":\"https:\\\/\\\/www.right2city.org\\\/wp-content\\\/uploads\\\/2020\\\/01\\\/urbanismo-feminista.png\",\"datePublished\":\"2020-01-15T15:34:33+00:00\",\"dateModified\":\"2020-01-15T15:36:24+00:00\",\"breadcrumb\":{\"@id\":\"https:\\\/\\\/www.right2city.org\\\/es\\\/news\\\/nuevo-libro-urbanismo-feminista-por-una-transformacion-radical-de-los-espacios-de-vida\\\/#breadcrumb\"},\"inLanguage\":\"es\",\"potentialAction\":[{\"@type\":\"ReadAction\",\"target\":[\"https:\\\/\\\/www.right2city.org\\\/es\\\/news\\\/nuevo-libro-urbanismo-feminista-por-una-transformacion-radical-de-los-espacios-de-vida\\\/\"]}]},{\"@type\":\"ImageObject\",\"inLanguage\":\"es\",\"@id\":\"https:\\\/\\\/www.right2city.org\\\/es\\\/news\\\/nuevo-libro-urbanismo-feminista-por-una-transformacion-radical-de-los-espacios-de-vida\\\/#primaryimage\",\"url\":\"https:\\\/\\\/www.right2city.org\\\/wp-content\\\/uploads\\\/2020\\\/01\\\/urbanismo-feminista.png\",\"contentUrl\":\"https:\\\/\\\/www.right2city.org\\\/wp-content\\\/uploads\\\/2020\\\/01\\\/urbanismo-feminista.png\",\"width\":354,\"height\":536},{\"@type\":\"BreadcrumbList\",\"@id\":\"https:\\\/\\\/www.right2city.org\\\/es\\\/news\\\/nuevo-libro-urbanismo-feminista-por-una-transformacion-radical-de-los-espacios-de-vida\\\/#breadcrumb\",\"itemListElement\":[{\"@type\":\"ListItem\",\"position\":1,\"name\":\"Home\",\"item\":\"https:\\\/\\\/www.right2city.org\\\/es\\\/\"},{\"@type\":\"ListItem\",\"position\":2,\"name\":\"Noticias\",\"item\":\"https:\\\/\\\/www.right2city.org\\\/es\\\/news\\\/\"},{\"@type\":\"ListItem\",\"position\":3,\"name\":\"Nuevo libro: \u00abUrbanismo Feminista: Por una transformaci\u00f3n radical de los espacios de vida\u00bb\"}]},{\"@type\":\"WebSite\",\"@id\":\"https:\\\/\\\/www.right2city.org\\\/es\\\/#website\",\"url\":\"https:\\\/\\\/www.right2city.org\\\/es\\\/\",\"name\":\"Right to the city\",\"description\":\"Global Platform for the Right to the City\",\"potentialAction\":[{\"@type\":\"SearchAction\",\"target\":{\"@type\":\"EntryPoint\",\"urlTemplate\":\"https:\\\/\\\/www.right2city.org\\\/es\\\/?s={search_term_string}\"},\"query-input\":{\"@type\":\"PropertyValueSpecification\",\"valueRequired\":true,\"valueName\":\"search_term_string\"}}],\"inLanguage\":\"es\"}]}<\/script>\n<!-- \/ Yoast SEO plugin. -->","yoast_head_json":{"title":"Nuevo libro: \"Urbanismo Feminista: Por una transformaci\u00f3n radical de los espacios de vida\" - Right to the city","robots":{"index":"index","follow":"follow","max-snippet":"max-snippet:-1","max-image-preview":"max-image-preview:large","max-video-preview":"max-video-preview:-1"},"canonical":"https:\/\/www.right2city.org\/es\/news\/nuevo-libro-urbanismo-feminista-por-una-transformacion-radical-de-los-espacios-de-vida\/","og_locale":"es_ES","og_type":"article","og_title":"Nuevo libro: \"Urbanismo Feminista: Por una transformaci\u00f3n radical de los espacios de vida\" - Right to the city","og_description":"Originalmente publicado por V\u00edrus editora En diciembre se public\u00f3 el libro \u00abUrbanismo Feminista: Por una transformaci\u00f3n radical de los espacios de vida\u00bb\u00a0escrito por el Col.lectiu Punt 6, una cooperativa de arquitectas, soci\u00f3logas y urbanistas que trabajan para lograr que las ciudades sean m\u00e1s inclusivas y que las propias personas que las habitan se conviertan en [&hellip;]","og_url":"https:\/\/www.right2city.org\/es\/news\/nuevo-libro-urbanismo-feminista-por-una-transformacion-radical-de-los-espacios-de-vida\/","og_site_name":"Right to the city","article_modified_time":"2020-01-15T15:36:24+00:00","og_image":[{"width":354,"height":536,"url":"https:\/\/www.right2city.org\/wp-content\/uploads\/2020\/01\/urbanismo-feminista.png","type":"image\/png"}],"twitter_card":"summary_large_image","twitter_misc":{"Tiempo de lectura":"2 minutos"},"schema":{"@context":"https:\/\/schema.org","@graph":[{"@type":"WebPage","@id":"https:\/\/www.right2city.org\/es\/news\/nuevo-libro-urbanismo-feminista-por-una-transformacion-radical-de-los-espacios-de-vida\/","url":"https:\/\/www.right2city.org\/es\/news\/nuevo-libro-urbanismo-feminista-por-una-transformacion-radical-de-los-espacios-de-vida\/","name":"Nuevo libro: \"Urbanismo Feminista: Por una transformaci\u00f3n radical de los espacios de vida\" - Right to the city","isPartOf":{"@id":"https:\/\/www.right2city.org\/es\/#website"},"primaryImageOfPage":{"@id":"https:\/\/www.right2city.org\/es\/news\/nuevo-libro-urbanismo-feminista-por-una-transformacion-radical-de-los-espacios-de-vida\/#primaryimage"},"image":{"@id":"https:\/\/www.right2city.org\/es\/news\/nuevo-libro-urbanismo-feminista-por-una-transformacion-radical-de-los-espacios-de-vida\/#primaryimage"},"thumbnailUrl":"https:\/\/www.right2city.org\/wp-content\/uploads\/2020\/01\/urbanismo-feminista.png","datePublished":"2020-01-15T15:34:33+00:00","dateModified":"2020-01-15T15:36:24+00:00","breadcrumb":{"@id":"https:\/\/www.right2city.org\/es\/news\/nuevo-libro-urbanismo-feminista-por-una-transformacion-radical-de-los-espacios-de-vida\/#breadcrumb"},"inLanguage":"es","potentialAction":[{"@type":"ReadAction","target":["https:\/\/www.right2city.org\/es\/news\/nuevo-libro-urbanismo-feminista-por-una-transformacion-radical-de-los-espacios-de-vida\/"]}]},{"@type":"ImageObject","inLanguage":"es","@id":"https:\/\/www.right2city.org\/es\/news\/nuevo-libro-urbanismo-feminista-por-una-transformacion-radical-de-los-espacios-de-vida\/#primaryimage","url":"https:\/\/www.right2city.org\/wp-content\/uploads\/2020\/01\/urbanismo-feminista.png","contentUrl":"https:\/\/www.right2city.org\/wp-content\/uploads\/2020\/01\/urbanismo-feminista.png","width":354,"height":536},{"@type":"BreadcrumbList","@id":"https:\/\/www.right2city.org\/es\/news\/nuevo-libro-urbanismo-feminista-por-una-transformacion-radical-de-los-espacios-de-vida\/#breadcrumb","itemListElement":[{"@type":"ListItem","position":1,"name":"Home","item":"https:\/\/www.right2city.org\/es\/"},{"@type":"ListItem","position":2,"name":"Noticias","item":"https:\/\/www.right2city.org\/es\/news\/"},{"@type":"ListItem","position":3,"name":"Nuevo libro: \u00abUrbanismo Feminista: Por una transformaci\u00f3n radical de los espacios de vida\u00bb"}]},{"@type":"WebSite","@id":"https:\/\/www.right2city.org\/es\/#website","url":"https:\/\/www.right2city.org\/es\/","name":"Right to the city","description":"Global Platform for the Right to the City","potentialAction":[{"@type":"SearchAction","target":{"@type":"EntryPoint","urlTemplate":"https:\/\/www.right2city.org\/es\/?s={search_term_string}"},"query-input":{"@type":"PropertyValueSpecification","valueRequired":true,"valueName":"search_term_string"}}],"inLanguage":"es"}]}},"_links":{"self":[{"href":"https:\/\/www.right2city.org\/es\/wp-json\/wp\/v2\/news\/52127","targetHints":{"allow":["GET"]}}],"collection":[{"href":"https:\/\/www.right2city.org\/es\/wp-json\/wp\/v2\/news"}],"about":[{"href":"https:\/\/www.right2city.org\/es\/wp-json\/wp\/v2\/types\/news"}],"wp:featuredmedia":[{"embeddable":true,"href":"https:\/\/www.right2city.org\/es\/wp-json\/wp\/v2\/media\/52132"}],"wp:attachment":[{"href":"https:\/\/www.right2city.org\/es\/wp-json\/wp\/v2\/media?parent=52127"}],"wp:term":[{"taxonomy":"category","embeddable":true,"href":"https:\/\/www.right2city.org\/es\/wp-json\/wp\/v2\/categories?post=52127"},{"taxonomy":"themes","embeddable":true,"href":"https:\/\/www.right2city.org\/es\/wp-json\/wp\/v2\/themes?post=52127"},{"taxonomy":"agendas_globales","embeddable":true,"href":"https:\/\/www.right2city.org\/es\/wp-json\/wp\/v2\/agendas_globales?post=52127"}],"curies":[{"name":"wp","href":"https:\/\/api.w.org\/{rel}","templated":true}]}}