{"id":52813,"date":"2014-09-16T17:36:55","date_gmt":"2014-09-16T15:36:55","guid":{"rendered":"https:\/\/www.right2city.org\/news\/encontro-internacional-sobre-o-direito-a-cidade-abre-40-inscricoes-nacionais-e-80-internacionais\/"},"modified":"2014-09-16T17:36:55","modified_gmt":"2014-09-16T15:36:55","slug":"encontro-internacional-sobre-o-direito-a-cidade-abre-40-inscricoes-nacionais-e-80-internacionais","status":"publish","type":"news","link":"https:\/\/www.right2city.org\/es\/news\/encontro-internacional-sobre-o-direito-a-cidade-abre-40-inscricoes-nacionais-e-80-internacionais\/","title":{"rendered":"Inscripciones abiertas para el Encuentro Internacional sobre el Derecho a la Ciudad"},"content":{"rendered":"<p>El Encuentro Internacional sobre el Derecho a la Ciudad tiene como objetivo fomentar debates a nivel global y local acerca de herramientas y estrategias para implementar el derecho a la ciudad. El encuentro se celebrar\u00e1 los d\u00edas 12, 13 y 14 de noviembre, en S\u00e3o Paulo, Brasil. Las inscripciones son gratuitas y se encuentran disponibles en la p\u00e1gina<br \/>\n<a href=\"http:\/\/www.righttothecityplatform.org.br\/register-2\/?lang=es\">http:\/\/www.righttothecityplatform.org.br\/register-2\/?lang=es<\/a><\/p>\n<p><a href=\"http:\/\/www.righttothecityplatform.org.br\/register-2\/?lang=es\">Los participantes contribuir\u00e1n a la construcci\u00f3n de una Plataforma Global por el Derecho a la Ciudad que contemple principios, tem\u00e1ticas, compromisos, metas e indicadores. La plataforma ser\u00e1 presentada durante los debates de la Agenda Post 2015, en la Conferencia sobre Vivienda y Desarrollo Urbano Sostenible (H\u00e1bitat III) y en los sistemas global y regional de protecci\u00f3n a los derechos humanos.<\/a><\/p>\n<p>Tambi\u00e9n ser\u00e1 creada una Agenda Com\u00fan para la Acci\u00f3n, Articulaci\u00f3n y Movilizaci\u00f3n Social con el objetivo de fortalecer el movimiento internacional por el derecho a la ciudad e influir en el reconocimiento de este derecho por las instancias de las Naciones Unidas y gobiernos locales e internacionales.<\/p>\n<p>Entre los principales invitados est\u00e1n confirmados acad\u00e9micos y expertos, l\u00edderes sociales y autoridades p\u00fablicas de los siguientes pa\u00edses: India, Egipto, Corea del Sur, Portugal, Estados Unidos, Alemania, Inglaterra, Espa\u00f1a, M\u00e9xico y Brasil.<\/p>\n<p>El encuentro est\u00e1 basado en cuatro ejes principales: 1. Derechos Humanos en las Ciudades. 2. Gobernanza Participativa y Democr\u00e1tica en las Ciudades; 3. Urbanizaci\u00f3n y Uso Sostenible del Territorio e Inclusi\u00f3n Social y 4. Inclusi\u00f3n Social y Desarrollo Econ\u00f3mico en las Ciudades. Tambi\u00e9n se han incluido en la programaci\u00f3n talleres y mesas de discusi\u00f3n para cada uno de estos temas.<\/p>\n<p><b>Para inscribirse, visite la p\u00e1gina del encuentro:<br \/>\n<\/b><a href=\"http:\/\/www.righttothecityplatform.org.br\/register-2\/?lang=es\">http:\/\/www.righttothecityplatform.org.br\/register-2\/?lang=es<\/a><\/p>\n<p><a href=\"http:\/\/www.righttothecityplatform.org.br\/register-2\/?lang=es\"><b>Para la programaci\u00f3n completa, haga clic aqu\u00ed: <\/b>http:\/\/www.righttothecityplatform.org.br\/programacao\/?lang=es<\/a><\/p>\n<p><b>\u00a0Acerca del derecho a la ciudad:<\/b><\/p>\n<p>El derecho a la ciudad pretende combatir las desigualdades resultantes de un proceso acelerado de urbanizaci\u00f3n sin planeamiento urbano. Hoy, m\u00e1s de la mitad de la poblaci\u00f3n mundial (cerca de 3.400 millones de personas) vive en ciudades. Las previsiones indican que este r\u00e1pido proceso de urbanizaci\u00f3n continuar\u00e1, caracterizado por la precariedad e informalidad de la ocupaci\u00f3n del territorio. Actualmente, se estima que un tercio de los habitantes de las ciudades viven en barrios marginales y asentamientos informales.<\/p>\n<p>De acuerdo con uno de los principales te\u00f3ricos del derecho a la ciudad, el ge\u00f3grafo americano David Harvey, \u201cel derecho a la ciudad no puede ser entendido sencillamente como un derecho individual. Este derecho demanda un esfuerzo colectivo y la formaci\u00f3n de derechos pol\u00edticos colectivos basados en la solidaridad social\u201d (traducci\u00f3n libre, <i>La Libertad de la Ciudad<\/i>. Revista Espa\u00e7o e Tempo, 2009).<\/p>\n<p>Se trata del entendimiento de que los ciudadanos deben apropiarse del ambiente urbano, participando de forma integral en sus decisiones\u00a0 y desfrutando de sus servicios.<\/p>\n<p><b>El Encuentro Internacional sobre el Derecho a la Ciudad es organizado por:<\/b><\/p>\n<p>F\u00f3rum Nacional de Reforma Urbana (FNRU)<\/p>\n<p>Habitat International Coalition (HIC)<\/p>\n<p>Polis \u2013 Instituto de Estudios, Formaci\u00f3n y Asesor\u00eda en Pol\u00edticas Sociales<\/p>\n<p>Alcald\u00eda de S\u00e3o Paulo\u00a0 &#8211; Secretar\u00eda de Relaciones Internacionales y Federativa \u2013 Secretar\u00eda de Derechos Humanos<\/p>\n<p>Comisi\u00f3n\u00a0 de Derechos Humanos, Democracia Participativa e Inclusi\u00f3n Social de CGLU<\/p>\n<p>Asociaci\u00f3n\u00a0 Brasile\u00f1a de los Municipios<\/p>\n<p>Frente Nacional de Alcaldes<\/p>\n<p>FMDV &#8211; Fundo Mundial para el Desarrollo de las Ciudades<\/p>\n<p>Alcald\u00eda de Guarulhos \u2013 Coordinaci\u00f3n de Relaciones Internacionales<\/p>\n<p>ActionAid<\/p>\n<p>Instituto Brasile\u00f1o de Derecho Urban\u00edstico<\/p>\n<p>Alianza Internacional de los Habitantes<\/p>\n<p>H\u00e1bitat para la Humanidad<\/p>\n<p>WIEGO<\/p>\n<p>SDI (Shack Slum Dwellers International)<\/p>\n<p>AVINA<\/p>\n<p>Fundaci\u00f3n Ford<\/p>\n<p>Cities Alliance<\/p>\n<p><a href=\"https:\/\/www.right2city.org\/wp-content\/uploads\/2020\/01\/DC_identidade_cor_vertical.png\"><img loading=\"lazy\" decoding=\"async\" class=\"alignnone size-medium wp-image-607\" alt=\"DC_identidade_cor_vertical\" src=\"https:\/\/www.right2city.org\/wp-content\/uploads\/2020\/01\/DC_identidade_cor_vertical.png\" width=\"300\" height=\"158\" \/><\/a><\/p>\n","protected":false},"featured_media":0,"template":"","meta":{"_acf_changed":false,"_et_pb_use_builder":"","_et_pb_old_content":"","_et_gb_content_width":"","cybocfi_hide_featured_image":""},"categories":[],"themes":[],"agendas_globales":[],"class_list":["post-52813","news","type-news","status-publish","hentry"],"acf":[],"yoast_head":"<!-- This site is optimized with the Yoast SEO plugin v27.5 - https:\/\/yoast.com\/product\/yoast-seo-wordpress\/ -->\n<title>Inscripciones abiertas para el Encuentro Internacional sobre el Derecho a la Ciudad - Right to the city<\/title>\n<meta name=\"robots\" content=\"index, follow, max-snippet:-1, max-image-preview:large, max-video-preview:-1\" \/>\n<link rel=\"canonical\" href=\"https:\/\/www.right2city.org\/es\/news\/encontro-internacional-sobre-o-direito-a-cidade-abre-40-inscricoes-nacionais-e-80-internacionais\/\" \/>\n<meta property=\"og:locale\" content=\"es_ES\" \/>\n<meta property=\"og:type\" content=\"article\" \/>\n<meta property=\"og:title\" content=\"Inscripciones abiertas para el Encuentro Internacional sobre el Derecho a la Ciudad - Right to the city\" \/>\n<meta property=\"og:description\" content=\"El Encuentro Internacional sobre el Derecho a la Ciudad tiene como objetivo fomentar debates a nivel global y local acerca de herramientas y estrategias para implementar el derecho a la ciudad. El encuentro se celebrar\u00e1 los d\u00edas 12, 13 y 14 de noviembre, en S\u00e3o Paulo, Brasil. Las inscripciones son gratuitas y se encuentran disponibles [&hellip;]\" \/>\n<meta property=\"og:url\" content=\"https:\/\/www.right2city.org\/es\/news\/encontro-internacional-sobre-o-direito-a-cidade-abre-40-inscricoes-nacionais-e-80-internacionais\/\" \/>\n<meta property=\"og:site_name\" content=\"Right to the city\" \/>\n<meta property=\"og:image\" content=\"https:\/\/www.right2city.org\/wp-content\/uploads\/2020\/01\/DC_identidade_cor_vertical.png\" \/>\n<meta name=\"twitter:card\" content=\"summary_large_image\" \/>\n<meta name=\"twitter:label1\" content=\"Tiempo de lectura\" \/>\n\t<meta name=\"twitter:data1\" content=\"3 minutos\" \/>\n<script type=\"application\/ld+json\" class=\"yoast-schema-graph\">{\"@context\":\"https:\\\/\\\/schema.org\",\"@graph\":[{\"@type\":\"WebPage\",\"@id\":\"https:\\\/\\\/www.right2city.org\\\/es\\\/news\\\/encontro-internacional-sobre-o-direito-a-cidade-abre-40-inscricoes-nacionais-e-80-internacionais\\\/\",\"url\":\"https:\\\/\\\/www.right2city.org\\\/es\\\/news\\\/encontro-internacional-sobre-o-direito-a-cidade-abre-40-inscricoes-nacionais-e-80-internacionais\\\/\",\"name\":\"Inscripciones abiertas para el Encuentro Internacional sobre el Derecho a la Ciudad - Right to the city\",\"isPartOf\":{\"@id\":\"https:\\\/\\\/www.right2city.org\\\/es\\\/#website\"},\"primaryImageOfPage\":{\"@id\":\"https:\\\/\\\/www.right2city.org\\\/es\\\/news\\\/encontro-internacional-sobre-o-direito-a-cidade-abre-40-inscricoes-nacionais-e-80-internacionais\\\/#primaryimage\"},\"image\":{\"@id\":\"https:\\\/\\\/www.right2city.org\\\/es\\\/news\\\/encontro-internacional-sobre-o-direito-a-cidade-abre-40-inscricoes-nacionais-e-80-internacionais\\\/#primaryimage\"},\"thumbnailUrl\":\"https:\\\/\\\/www.right2city.org\\\/wp-content\\\/uploads\\\/2020\\\/01\\\/DC_identidade_cor_vertical.png\",\"datePublished\":\"2014-09-16T15:36:55+00:00\",\"breadcrumb\":{\"@id\":\"https:\\\/\\\/www.right2city.org\\\/es\\\/news\\\/encontro-internacional-sobre-o-direito-a-cidade-abre-40-inscricoes-nacionais-e-80-internacionais\\\/#breadcrumb\"},\"inLanguage\":\"es\",\"potentialAction\":[{\"@type\":\"ReadAction\",\"target\":[\"https:\\\/\\\/www.right2city.org\\\/es\\\/news\\\/encontro-internacional-sobre-o-direito-a-cidade-abre-40-inscricoes-nacionais-e-80-internacionais\\\/\"]}]},{\"@type\":\"ImageObject\",\"inLanguage\":\"es\",\"@id\":\"https:\\\/\\\/www.right2city.org\\\/es\\\/news\\\/encontro-internacional-sobre-o-direito-a-cidade-abre-40-inscricoes-nacionais-e-80-internacionais\\\/#primaryimage\",\"url\":\"https:\\\/\\\/www.right2city.org\\\/wp-content\\\/uploads\\\/2020\\\/01\\\/DC_identidade_cor_vertical.png\",\"contentUrl\":\"https:\\\/\\\/www.right2city.org\\\/wp-content\\\/uploads\\\/2020\\\/01\\\/DC_identidade_cor_vertical.png\"},{\"@type\":\"BreadcrumbList\",\"@id\":\"https:\\\/\\\/www.right2city.org\\\/es\\\/news\\\/encontro-internacional-sobre-o-direito-a-cidade-abre-40-inscricoes-nacionais-e-80-internacionais\\\/#breadcrumb\",\"itemListElement\":[{\"@type\":\"ListItem\",\"position\":1,\"name\":\"Home\",\"item\":\"https:\\\/\\\/www.right2city.org\\\/es\\\/\"},{\"@type\":\"ListItem\",\"position\":2,\"name\":\"Noticias\",\"item\":\"https:\\\/\\\/www.right2city.org\\\/es\\\/news\\\/\"},{\"@type\":\"ListItem\",\"position\":3,\"name\":\"Inscripciones abiertas para el Encuentro Internacional sobre el Derecho a la Ciudad\"}]},{\"@type\":\"WebSite\",\"@id\":\"https:\\\/\\\/www.right2city.org\\\/es\\\/#website\",\"url\":\"https:\\\/\\\/www.right2city.org\\\/es\\\/\",\"name\":\"Right to the city\",\"description\":\"Global Platform for the Right to the City\",\"potentialAction\":[{\"@type\":\"SearchAction\",\"target\":{\"@type\":\"EntryPoint\",\"urlTemplate\":\"https:\\\/\\\/www.right2city.org\\\/es\\\/?s={search_term_string}\"},\"query-input\":{\"@type\":\"PropertyValueSpecification\",\"valueRequired\":true,\"valueName\":\"search_term_string\"}}],\"inLanguage\":\"es\"}]}<\/script>\n<!-- \/ Yoast SEO plugin. -->","yoast_head_json":{"title":"Inscripciones abiertas para el Encuentro Internacional sobre el Derecho a la Ciudad - Right to the city","robots":{"index":"index","follow":"follow","max-snippet":"max-snippet:-1","max-image-preview":"max-image-preview:large","max-video-preview":"max-video-preview:-1"},"canonical":"https:\/\/www.right2city.org\/es\/news\/encontro-internacional-sobre-o-direito-a-cidade-abre-40-inscricoes-nacionais-e-80-internacionais\/","og_locale":"es_ES","og_type":"article","og_title":"Inscripciones abiertas para el Encuentro Internacional sobre el Derecho a la Ciudad - Right to the city","og_description":"El Encuentro Internacional sobre el Derecho a la Ciudad tiene como objetivo fomentar debates a nivel global y local acerca de herramientas y estrategias para implementar el derecho a la ciudad. El encuentro se celebrar\u00e1 los d\u00edas 12, 13 y 14 de noviembre, en S\u00e3o Paulo, Brasil. Las inscripciones son gratuitas y se encuentran disponibles [&hellip;]","og_url":"https:\/\/www.right2city.org\/es\/news\/encontro-internacional-sobre-o-direito-a-cidade-abre-40-inscricoes-nacionais-e-80-internacionais\/","og_site_name":"Right to the city","og_image":[{"url":"https:\/\/www.right2city.org\/wp-content\/uploads\/2020\/01\/DC_identidade_cor_vertical.png","type":"","width":"","height":""}],"twitter_card":"summary_large_image","twitter_misc":{"Tiempo de lectura":"3 minutos"},"schema":{"@context":"https:\/\/schema.org","@graph":[{"@type":"WebPage","@id":"https:\/\/www.right2city.org\/es\/news\/encontro-internacional-sobre-o-direito-a-cidade-abre-40-inscricoes-nacionais-e-80-internacionais\/","url":"https:\/\/www.right2city.org\/es\/news\/encontro-internacional-sobre-o-direito-a-cidade-abre-40-inscricoes-nacionais-e-80-internacionais\/","name":"Inscripciones abiertas para el Encuentro Internacional sobre el Derecho a la Ciudad - Right to the city","isPartOf":{"@id":"https:\/\/www.right2city.org\/es\/#website"},"primaryImageOfPage":{"@id":"https:\/\/www.right2city.org\/es\/news\/encontro-internacional-sobre-o-direito-a-cidade-abre-40-inscricoes-nacionais-e-80-internacionais\/#primaryimage"},"image":{"@id":"https:\/\/www.right2city.org\/es\/news\/encontro-internacional-sobre-o-direito-a-cidade-abre-40-inscricoes-nacionais-e-80-internacionais\/#primaryimage"},"thumbnailUrl":"https:\/\/www.right2city.org\/wp-content\/uploads\/2020\/01\/DC_identidade_cor_vertical.png","datePublished":"2014-09-16T15:36:55+00:00","breadcrumb":{"@id":"https:\/\/www.right2city.org\/es\/news\/encontro-internacional-sobre-o-direito-a-cidade-abre-40-inscricoes-nacionais-e-80-internacionais\/#breadcrumb"},"inLanguage":"es","potentialAction":[{"@type":"ReadAction","target":["https:\/\/www.right2city.org\/es\/news\/encontro-internacional-sobre-o-direito-a-cidade-abre-40-inscricoes-nacionais-e-80-internacionais\/"]}]},{"@type":"ImageObject","inLanguage":"es","@id":"https:\/\/www.right2city.org\/es\/news\/encontro-internacional-sobre-o-direito-a-cidade-abre-40-inscricoes-nacionais-e-80-internacionais\/#primaryimage","url":"https:\/\/www.right2city.org\/wp-content\/uploads\/2020\/01\/DC_identidade_cor_vertical.png","contentUrl":"https:\/\/www.right2city.org\/wp-content\/uploads\/2020\/01\/DC_identidade_cor_vertical.png"},{"@type":"BreadcrumbList","@id":"https:\/\/www.right2city.org\/es\/news\/encontro-internacional-sobre-o-direito-a-cidade-abre-40-inscricoes-nacionais-e-80-internacionais\/#breadcrumb","itemListElement":[{"@type":"ListItem","position":1,"name":"Home","item":"https:\/\/www.right2city.org\/es\/"},{"@type":"ListItem","position":2,"name":"Noticias","item":"https:\/\/www.right2city.org\/es\/news\/"},{"@type":"ListItem","position":3,"name":"Inscripciones abiertas para el Encuentro Internacional sobre el Derecho a la Ciudad"}]},{"@type":"WebSite","@id":"https:\/\/www.right2city.org\/es\/#website","url":"https:\/\/www.right2city.org\/es\/","name":"Right to the city","description":"Global Platform for the Right to the City","potentialAction":[{"@type":"SearchAction","target":{"@type":"EntryPoint","urlTemplate":"https:\/\/www.right2city.org\/es\/?s={search_term_string}"},"query-input":{"@type":"PropertyValueSpecification","valueRequired":true,"valueName":"search_term_string"}}],"inLanguage":"es"}]}},"_links":{"self":[{"href":"https:\/\/www.right2city.org\/es\/wp-json\/wp\/v2\/news\/52813","targetHints":{"allow":["GET"]}}],"collection":[{"href":"https:\/\/www.right2city.org\/es\/wp-json\/wp\/v2\/news"}],"about":[{"href":"https:\/\/www.right2city.org\/es\/wp-json\/wp\/v2\/types\/news"}],"wp:attachment":[{"href":"https:\/\/www.right2city.org\/es\/wp-json\/wp\/v2\/media?parent=52813"}],"wp:term":[{"taxonomy":"category","embeddable":true,"href":"https:\/\/www.right2city.org\/es\/wp-json\/wp\/v2\/categories?post=52813"},{"taxonomy":"themes","embeddable":true,"href":"https:\/\/www.right2city.org\/es\/wp-json\/wp\/v2\/themes?post=52813"},{"taxonomy":"agendas_globales","embeddable":true,"href":"https:\/\/www.right2city.org\/es\/wp-json\/wp\/v2\/agendas_globales?post=52813"}],"curies":[{"name":"wp","href":"https:\/\/api.w.org\/{rel}","templated":true}]}}