{"id":52814,"date":"2014-09-24T20:15:13","date_gmt":"2014-09-24T18:15:13","guid":{"rendered":"https:\/\/www.right2city.org\/news\/669\/"},"modified":"2014-09-24T20:15:13","modified_gmt":"2014-09-24T18:15:13","slug":"669","status":"publish","type":"news","link":"https:\/\/www.right2city.org\/es\/news\/669\/","title":{"rendered":"Fomentar el Derecho a la Ciudad"},"content":{"rendered":"<div>\n<p><a href=\"http:\/\/www.hic-net.org\/\">Habitat International Coalition<\/a>\u00a0(HIC) y el\u00a0<a href=\"http:\/\/polis.org.br\/\">Instituto P\u00f3lis<\/a>\u00a0(Polis), junto con otros miembros de la Red-DESC, organizan varios eventos e intervenciones para promover los derechos humanos en el marco del Derecho a la Ciudad en relaci\u00f3n el primer comit\u00e9 preparatorio para\u00a0<a href=\"http:\/\/unhabitat.org\/habitat-iii\/\">UN Habitat III<\/a>.<\/p>\n<p>Maria Silvia Emanuelli (HIC-Latin America), Joseph Schechla (HIC-Housing and Land Rights Network), Nelson Saule Junior (Polis), y Liz Theoharis (Kairos, Center for Religions, Rights and Social Justice &amp; The Poverty Initiative) hablan en este video de la importancia de los derechos humanos en los debates sobre Habitat III, el valor del marco del derecho a la ciudad y las solicitudes inciales relacionadas con el proceso de Nacines Unidas. El siguiente video subraya sus posiciones respecto al derecho a la ciudad:<br \/>\n<iframe loading=\"lazy\" title=\"Right to the City for All - Building a Global Platform towards Habitat III\" src=\"https:\/\/player.vimeo.com\/video\/106971884?dnt=1&amp;app_id=122963\" width=\"640\" height=\"360\" frameborder=\"0\" allow=\"autoplay; fullscreen\" allowfullscreen><\/iframe><\/p>\n<p>HIC y Polis han estado organizando una serie de debates estrat\u00e9gicos con un buen n\u00famero de aliados y miembros de la Red-DESC, incluyendo CELS, Hakijamii, SERI y Abahlali baseMjondolo, para promover una plataforma com\u00fan relacionada con el derecho a la ciudad. Ver presentaci\u00f3n m\u00e1s abajo. La plataforma se pondr\u00e1 en marcha en el <a href=\"http:\/\/www.righttothecityplatform.org.br\/encontro-internacional-sobre-o-direito-a-cidade-abre-40-inscricoes-nacionais-e-80-internacionais\/?lang=es\">Encuentro sobre el Derecho a la Ciudad<\/a>, los d\u00edas 12, 13 y 14 de noviembre en Sao Paulo, Brazil.<\/p>\n<p>HIC ha producido tambi\u00e9n una serie de\u00a0<a href=\"https:\/\/habitat3hic.wordpress.com\/documents\/\">documentos de incidencia en relaci\u00f3n a Habitat III<\/a>\u00a0y circulado dos borradores para aportaciones y apoyos al evento:\u00a0<a href=\"http:\/\/www.escr-net.org\/sites\/default\/files\/Proposal%20HABITAT%20III_ENG.pdf\" target=\"_blank\" rel=\"noopener noreferrer\">Borrador de Declaraci\u00f3n de Organizaciones Sociales sobre la preparaci&#8217;on de la Tercera Conferencia de las Naciones Unidas sobre Vivienda y Desarrollo Sustentable (Habitat III) en el marco del d\u00eda mundial \u00a0del H\u00e1bitat 2014<\/a>\u00a0y\u00a0<a href=\"http:\/\/www.escr-net.org\/sites\/default\/files\/Right%20to%20the%20city%20platform.doc\" target=\"_blank\" rel=\"noopener noreferrer\">Fortalecimiento de una plataforma global para la inclusi\u00f3n del derecho a la ciudad en la agenda urbana y de Habitat<\/a>.<\/p>\n<p>Habitat III ser\u00e1 la tercera conferencia de Naciones Unidaes sobre vivienda y desarrollo urbano sostenible y tendr\u00e1 lugar en 2016. Como parte del proceso, la Asamblea General de Naciones Unidas decidi\u00f3 establecer un Comit\u00e9 Preparatorio para llevar a cabo consultas y preparativos de la conferencia, abierta a todos los estados miembros de las Naciones Unidas. El primer comit\u00e9 preparatorio tuvo lugar el 17 y 18 de septiembre de 2014 en la sede de la ONU en Nueva York. El segundo tendr\u00e1 lugar en abril de 2015, en Nairobi, Kenya.<\/p>\n<\/div>\n<div>\n<div>Featured Attachments:<\/div>\n<div>\n<div>\u00a0<a href=\"http:\/\/www.escr-net.org\/sites\/default\/files\/Proposal%20HABITAT%20III_ENG.pdf\">Proposal HABITAT III_ENG.pdf<\/a><\/div>\n<div>\u00a0<a href=\"http:\/\/www.escr-net.org\/sites\/default\/files\/Right%20to%20the%20city%20platform.doc\">Right to the city platform.doc<\/a><\/div>\n<div>\u00a0<a href=\"http:\/\/www.escr-net.org\/sites\/default\/files\/PROPUESTA%20DE%20TEXTO_H%C3%81BITAT%20III.pdf\">PROPUESTA DE TEXTO_H\u00c1BITAT III.pdf<\/a><\/div>\n<\/div>\n<\/div>\n","protected":false},"featured_media":0,"template":"","meta":{"_acf_changed":false,"_et_pb_use_builder":"","_et_pb_old_content":"","_et_gb_content_width":"","cybocfi_hide_featured_image":""},"categories":[],"themes":[],"agendas_globales":[],"class_list":["post-52814","news","type-news","status-publish","hentry"],"acf":[],"yoast_head":"<!-- This site is optimized with the Yoast SEO plugin v27.5 - https:\/\/yoast.com\/product\/yoast-seo-wordpress\/ -->\n<title>Fomentar el Derecho a la Ciudad - Right to the city<\/title>\n<meta name=\"robots\" content=\"index, follow, max-snippet:-1, max-image-preview:large, max-video-preview:-1\" \/>\n<link rel=\"canonical\" href=\"https:\/\/www.right2city.org\/es\/news\/669\/\" \/>\n<meta property=\"og:locale\" content=\"es_ES\" \/>\n<meta property=\"og:type\" content=\"article\" \/>\n<meta property=\"og:title\" content=\"Fomentar el Derecho a la Ciudad - Right to the city\" \/>\n<meta property=\"og:description\" content=\"Habitat International Coalition\u00a0(HIC) y el\u00a0Instituto P\u00f3lis\u00a0(Polis), junto con otros miembros de la Red-DESC, organizan varios eventos e intervenciones para promover los derechos humanos en el marco del Derecho a la Ciudad en relaci\u00f3n el primer comit\u00e9 preparatorio para\u00a0UN Habitat III. Maria Silvia Emanuelli (HIC-Latin America), Joseph Schechla (HIC-Housing and Land Rights Network), Nelson Saule Junior [&hellip;]\" \/>\n<meta property=\"og:url\" content=\"https:\/\/www.right2city.org\/es\/news\/669\/\" \/>\n<meta property=\"og:site_name\" content=\"Right to the city\" \/>\n<meta name=\"twitter:card\" content=\"summary_large_image\" \/>\n<meta name=\"twitter:label1\" content=\"Tiempo de lectura\" \/>\n\t<meta name=\"twitter:data1\" content=\"2 minutos\" \/>\n<script type=\"application\/ld+json\" class=\"yoast-schema-graph\">{\"@context\":\"https:\\\/\\\/schema.org\",\"@graph\":[{\"@type\":\"WebPage\",\"@id\":\"https:\\\/\\\/www.right2city.org\\\/es\\\/news\\\/669\\\/\",\"url\":\"https:\\\/\\\/www.right2city.org\\\/es\\\/news\\\/669\\\/\",\"name\":\"Fomentar el Derecho a la Ciudad - Right to the city\",\"isPartOf\":{\"@id\":\"https:\\\/\\\/www.right2city.org\\\/es\\\/#website\"},\"datePublished\":\"2014-09-24T18:15:13+00:00\",\"breadcrumb\":{\"@id\":\"https:\\\/\\\/www.right2city.org\\\/es\\\/news\\\/669\\\/#breadcrumb\"},\"inLanguage\":\"es\",\"potentialAction\":[{\"@type\":\"ReadAction\",\"target\":[\"https:\\\/\\\/www.right2city.org\\\/es\\\/news\\\/669\\\/\"]}]},{\"@type\":\"BreadcrumbList\",\"@id\":\"https:\\\/\\\/www.right2city.org\\\/es\\\/news\\\/669\\\/#breadcrumb\",\"itemListElement\":[{\"@type\":\"ListItem\",\"position\":1,\"name\":\"Home\",\"item\":\"https:\\\/\\\/www.right2city.org\\\/es\\\/\"},{\"@type\":\"ListItem\",\"position\":2,\"name\":\"Noticias\",\"item\":\"https:\\\/\\\/www.right2city.org\\\/es\\\/news\\\/\"},{\"@type\":\"ListItem\",\"position\":3,\"name\":\"Fomentar el Derecho a la Ciudad\"}]},{\"@type\":\"WebSite\",\"@id\":\"https:\\\/\\\/www.right2city.org\\\/es\\\/#website\",\"url\":\"https:\\\/\\\/www.right2city.org\\\/es\\\/\",\"name\":\"Right to the city\",\"description\":\"Global Platform for the Right to the City\",\"potentialAction\":[{\"@type\":\"SearchAction\",\"target\":{\"@type\":\"EntryPoint\",\"urlTemplate\":\"https:\\\/\\\/www.right2city.org\\\/es\\\/?s={search_term_string}\"},\"query-input\":{\"@type\":\"PropertyValueSpecification\",\"valueRequired\":true,\"valueName\":\"search_term_string\"}}],\"inLanguage\":\"es\"}]}<\/script>\n<!-- \/ Yoast SEO plugin. -->","yoast_head_json":{"title":"Fomentar el Derecho a la Ciudad - Right to the city","robots":{"index":"index","follow":"follow","max-snippet":"max-snippet:-1","max-image-preview":"max-image-preview:large","max-video-preview":"max-video-preview:-1"},"canonical":"https:\/\/www.right2city.org\/es\/news\/669\/","og_locale":"es_ES","og_type":"article","og_title":"Fomentar el Derecho a la Ciudad - Right to the city","og_description":"Habitat International Coalition\u00a0(HIC) y el\u00a0Instituto P\u00f3lis\u00a0(Polis), junto con otros miembros de la Red-DESC, organizan varios eventos e intervenciones para promover los derechos humanos en el marco del Derecho a la Ciudad en relaci\u00f3n el primer comit\u00e9 preparatorio para\u00a0UN Habitat III. Maria Silvia Emanuelli (HIC-Latin America), Joseph Schechla (HIC-Housing and Land Rights Network), Nelson Saule Junior [&hellip;]","og_url":"https:\/\/www.right2city.org\/es\/news\/669\/","og_site_name":"Right to the city","twitter_card":"summary_large_image","twitter_misc":{"Tiempo de lectura":"2 minutos"},"schema":{"@context":"https:\/\/schema.org","@graph":[{"@type":"WebPage","@id":"https:\/\/www.right2city.org\/es\/news\/669\/","url":"https:\/\/www.right2city.org\/es\/news\/669\/","name":"Fomentar el Derecho a la Ciudad - Right to the city","isPartOf":{"@id":"https:\/\/www.right2city.org\/es\/#website"},"datePublished":"2014-09-24T18:15:13+00:00","breadcrumb":{"@id":"https:\/\/www.right2city.org\/es\/news\/669\/#breadcrumb"},"inLanguage":"es","potentialAction":[{"@type":"ReadAction","target":["https:\/\/www.right2city.org\/es\/news\/669\/"]}]},{"@type":"BreadcrumbList","@id":"https:\/\/www.right2city.org\/es\/news\/669\/#breadcrumb","itemListElement":[{"@type":"ListItem","position":1,"name":"Home","item":"https:\/\/www.right2city.org\/es\/"},{"@type":"ListItem","position":2,"name":"Noticias","item":"https:\/\/www.right2city.org\/es\/news\/"},{"@type":"ListItem","position":3,"name":"Fomentar el Derecho a la Ciudad"}]},{"@type":"WebSite","@id":"https:\/\/www.right2city.org\/es\/#website","url":"https:\/\/www.right2city.org\/es\/","name":"Right to the city","description":"Global Platform for the Right to the City","potentialAction":[{"@type":"SearchAction","target":{"@type":"EntryPoint","urlTemplate":"https:\/\/www.right2city.org\/es\/?s={search_term_string}"},"query-input":{"@type":"PropertyValueSpecification","valueRequired":true,"valueName":"search_term_string"}}],"inLanguage":"es"}]}},"_links":{"self":[{"href":"https:\/\/www.right2city.org\/es\/wp-json\/wp\/v2\/news\/52814","targetHints":{"allow":["GET"]}}],"collection":[{"href":"https:\/\/www.right2city.org\/es\/wp-json\/wp\/v2\/news"}],"about":[{"href":"https:\/\/www.right2city.org\/es\/wp-json\/wp\/v2\/types\/news"}],"wp:attachment":[{"href":"https:\/\/www.right2city.org\/es\/wp-json\/wp\/v2\/media?parent=52814"}],"wp:term":[{"taxonomy":"category","embeddable":true,"href":"https:\/\/www.right2city.org\/es\/wp-json\/wp\/v2\/categories?post=52814"},{"taxonomy":"themes","embeddable":true,"href":"https:\/\/www.right2city.org\/es\/wp-json\/wp\/v2\/themes?post=52814"},{"taxonomy":"agendas_globales","embeddable":true,"href":"https:\/\/www.right2city.org\/es\/wp-json\/wp\/v2\/agendas_globales?post=52814"}],"curies":[{"name":"wp","href":"https:\/\/api.w.org\/{rel}","templated":true}]}}