{"id":52818,"date":"2014-12-19T15:26:13","date_gmt":"2014-12-19T13:26:13","guid":{"rendered":"https:\/\/www.right2city.org\/news\/comunicado-encontro-internacional-sobre-o-direito-a-cidade\/"},"modified":"2014-12-19T15:26:13","modified_gmt":"2014-12-19T13:26:13","slug":"comunicado-encontro-internacional-sobre-o-direito-a-cidade","status":"publish","type":"news","link":"https:\/\/www.right2city.org\/es\/news\/comunicado-encontro-internacional-sobre-o-direito-a-cidade\/","title":{"rendered":"Comunicaci\u00f3n del Encuentro Internacional del Derecho a Ciudad"},"content":{"rendered":"<p style=\"text-align: justify;\"><a href=\"https:\/\/www.right2city.org\/wp-content\/uploads\/2020\/01\/Logo-600h.png\"><img loading=\"lazy\" decoding=\"async\" class=\"alignnone size-full wp-image-1036\" alt=\"Logo 600h\" src=\"https:\/\/www.right2city.org\/wp-content\/uploads\/2020\/01\/Logo-600h.png\" width=\"600\" height=\"174\" \/><\/a><\/p>\n<p style=\"text-align: center; font-size: 14pt;\" align=\"center\"><b>Comunicado de los Resultados del Encuentro Internacional sobre el\u00a0<\/b><b>Derecho a la Ciudad<\/b><b>\u00a0<\/b><\/p>\n<p style=\"text-align: center;\" align=\"center\">San Pablo, Brasil, 12 al 14 de noviembre de 2014<\/p>\n<p style=\"text-align: justify;\">El <b>Encuentro Internacional sobre el Derecho a la Ciudad<\/b> (<a href=\"http:\/\/www.righttothecityplatform.org.br\/\">www.righttothecityplatform.org.br<\/a>), realizado los d\u00edas 12, 13 y 14 de noviembre de 2014, cont\u00f3 con la presencia de 158 participantes de pa\u00edses de Am\u00e9rica Latina, \u00c1frica, Asia y Europa, representando organizaciones no gubernamentales, redes y foros, instituciones acad\u00e9micas, sector p\u00fablico, movimientos populares, fundaciones y organizaciones internacionales, sumando en total 104 instituciones de car\u00e1cter internacional, regional, nacional y local.<\/p>\n<div style=\"border: 3px solid grey; padding: 12px 12px 0px 12px; margin: 10px 0px 10px 0px; -webkit-border-radius: 10px;\">\n<p style=\"text-align: justify;\">La iniciativa de la Plataforma Global por el Derecho a la Ciudad fue discutida con anterioridad en ocasi\u00f3n del <b>Taller Internacional \u201cAvanzando en la implementaci\u00f3n del derecho a la ciudad en Am\u00e9rica Latina y en el plano internacional\u201d<\/b> realizado en la ciudad de M\u00e9xico (17 y 18 de octubre de 2013), y que tuvo por objetivo revisar y validar los resultados parciales de la investigaci\u00f3n internacional sobre la situaci\u00f3n de este derecho en pa\u00edses y ciudades de Am\u00e9rica Latina (Brasil, Colombia; San Pablo y Bogot\u00e1), Europa (Espa\u00f1a, Italia y Francia; Londres, Hamburgo y Estambul) y de \u00c1frica (Sud\u00e1frica, Kenia; Jerusal\u00e9n y El Cairo). Un poco despu\u00e9s, y como parte de ese proceso, se organizaron encuentros durante el VII Foro Urbano Mundial realizado en el mes de abril en Medell\u00edn, Colombia, para discutir la propuesta de la Plataforma Global y llevar a cabo actividades de capacitaci\u00f3n sobre formas de implementaci\u00f3n del derecho a la ciudad.<\/p>\n<\/div>\n<p style=\"text-align: justify;\">El Encuentro foment\u00f3 la construcci\u00f3n de una <b>Plataforma Global por el Derecho a la Ciudad<\/b>, definiendo principios, conceptos, temas, compromisos, metas y plan de acci\u00f3n para avanzar en la realizaci\u00f3n de ciudades justas, democr\u00e1ticas y sustentables. Entre las tem\u00e1ticas tratadas se destacan, entre otros: las perspectivas de implementaci\u00f3n del derecho a la ciudad, la seguridad de las mujeres en las ciudades, los conflictos urbanos actuales, as\u00ed como los temas contenidos en el balance de la investigaci\u00f3n internacional sobre formas de implementaci\u00f3n del derecho a la ciudad en ciudades de diversas regiones del mundo.<\/p>\n<p style=\"text-align: justify;\">El Encuentro Internacional promovi\u00f3, a trav\u00e9s de talleres y mesas de discusi\u00f3n, el debate en torno a los <b>ejes tem\u00e1ticos estructurantes <\/b>de la Plataforma Global, a saber: I. Derechos Humanos en las ciudades; II. Gobernanza democr\u00e1tica y participativa en las ciudades; III. Urbanizaci\u00f3n y uso sustentable del territorio e inclusi\u00f3n social; IV. Desarrollo econ\u00f3mico e inclusi\u00f3n social en las ciudades.<\/p>\n<p style=\"text-align: justify;\">El Encuentro Internacional sirvi\u00f3 tambi\u00e9n para estructurar las <b>l\u00edneas generales del Plan de Acci\u00f3n <\/b>de la Plataforma Global, que contiene los siguientes componentes: I. Formas de incidencia por el derecho a la ciudad; II. Investigaci\u00f3n y formaci\u00f3n sobre derecho a la ciudad; III. Comunicaci\u00f3n, sensibilizaci\u00f3n y dimensi\u00f3n cultural de la acci\u00f3n por el derecho a la ciudad; IV. Articulaci\u00f3n y alianzas de la Plataforma. Para la elaboraci\u00f3n de este Plan de Acci\u00f3n fueron constituidos grupos de trabajo para cada uno de esos cuatro componentes. La participaci\u00f3n en dichos grupos est\u00e1 abierta a las instituciones, organizaciones, foros y redes que tengan inter\u00e9s en formar parte y colaborar con el desarrollo de la Plataforma Global por el Derecho a la Ciudad.<\/p>\n<div style=\"border: 3px solid grey; padding: 12px 12px 0px 12px; margin: 10px 0px; text-align: center; -webkit-border-radius: 10px;\">\n<p style=\"text-align: justify;\" align=\"center\">Al cierre del Encuentro, se aprob\u00f3 la <b>Declaraci\u00f3n de Solidaridad con Abahlali baseMjondolo<\/b> de Sud\u00e1frica, expresando la grave preocupaci\u00f3n respecto a los actos recurrentes de intimidaci\u00f3n, amenazas, detenciones arbitrarias, asesinatos y otros actos de violencia cometidos contra esta organizaci\u00f3n que lucha por el derecho de los pobladores a la vivienda digna, el derecho a la ciudad, y para construir una sociedad basada en el respeto, la equidad, la justicia y la dignidad humana para todas y todos.<\/p>\n<p align=\"center\"><a href=\"https:\/\/www.right2city.org\/wp-content\/uploads\/2020\/01\/Foto-comunicado.jpg\"><img loading=\"lazy\" decoding=\"async\" class=\"size-large wp-image-1038\" alt=\"Foto comunicado\" src=\"https:\/\/www.right2city.org\/wp-content\/uploads\/2020\/01\/Foto-comunicado.jpg\" width=\"604\" height=\"402\" \/><\/a><\/p>\n<\/div>\n<p style=\"text-align: justify;\">Cabe destacar la contribuci\u00f3n de las organizaciones participantes en la elaboraci\u00f3n de documentos y en la coordinaci\u00f3n de las actividades del Encuentro, lo que propici\u00f3 espacios de di\u00e1logo entre todos los participantes para la construcci\u00f3n de la Plataforma.<\/p>\n<p style=\"text-align: justify;\">El Encuentro fue un espacio y momento estrat\u00e9gico para la construcci\u00f3n de una Plataforma Global y de un movimiento internacional por el derecho a la ciudad, as\u00ed como para contribuir a la adopci\u00f3n de compromisos, pol\u00edticas p\u00fablicas, proyectos y acciones en torno al desarrollo de ciudades justas, democr\u00e1ticas, sustentables e inclusivas por las instancias de las Naciones Unidas y por los gobiernos nacionales y locales.<\/p>\n<p style=\"text-align: justify;\">En ese sentido, la construcci\u00f3n de una Plataforma Global por el Derecho a la Ciudad resulta de extrema importancia para el fortalecimiento de las luchas sociales urbanas locales y nacionales, la articulaci\u00f3n y movilizaci\u00f3n internacional, para incidir en especial en los procesos de definici\u00f3n de la nueva Agenda de Desarrollo\/Objetivos de Desarrollo Sustentable Post-2015 as\u00ed como en la Conferencia de las Naciones Unidas sobre Asentamientos Humanos (H\u00e1bitat III) en 2016, los Foros Sociales Mundiales y los Foros Mundiales Urbanos.<\/p>\n<p style=\"text-align: justify;\">Son muchos los desaf\u00edos que enfrentamos para obtener avances en los pr\u00f3ximos a\u00f1os hacia la construcci\u00f3n de ciudades justas, democr\u00e1ticas, sustentables e inclusivas, teniendo como referencia una Plataforma Global por el Derecho a la Ciudad.<\/p>\n<div style=\"border: 3px solid grey; padding: 2px 2px 2px 2px; margin: 10px 0px 25px 0px; text-align: center; -webkit-border-radius: 10px;\"><strong>Pr\u00f3ximos pasos<\/strong><\/div>\n<p style=\"text-align: justify;\"><b>1.\u00a0\u00a0\u00a0 <\/b><b>Adhesi\u00f3n a la Plataforma Global por el Derecho a la Ciudad.<\/b><\/p>\n<p style=\"text-align: justify;\">Al inicio del 2015 se trabajar\u00e1 en la elaboraci\u00f3n colectiva de una Carta de Principios con el fin de permitir la adhesi\u00f3n de instituciones, organizaciones, foros y redes con los objetivos de la Plataforma. Dicha Carta ser\u00e1 compartida con todos los participantes del Encuentro y sus redes de contacto, y estar\u00e1 disponible en el sitio web de la Plataforma (<a href=\"http:\/\/www.righttothecityplatform.org.br\/\">www.righttothecityplatform.org.br<\/a>)<\/p>\n<p style=\"text-align: justify;\"><b>2.\u00a0\u00a0\u00a0 <\/b><b>Espacios de construcci\u00f3n de la Plataforma Global por el Derecho a la Ciudad<\/b><\/p>\n<p style=\"text-align: justify;\">La continuidad del proceso de discusi\u00f3n sobre la elaboraci\u00f3n de una Plataforma Global por el Derecho a la Ciudad con base en el documento revisado durante el Encuentro Internacional sobre los ejes tem\u00e1ticos estructurantes de la Plataforma tendr\u00e1 como espacios estrat\u00e9gicos durante el primer semestre de 2015 el Foro Social Mundial en T\u00fanez (24-28 de marzo) y la segunda reuni\u00f3n preparatoria de H\u00e1bitat III (PrepCom) en Nairobi, Kenia (14-16 de abril).<b><\/b><\/p>\n<p style=\"text-align: justify;\">A la vez, ser\u00e1 fundamental para la construcci\u00f3n y diseminaci\u00f3n de la iniciativa de la Plataforma Global por el Derecho a la Ciudad la realizaci\u00f3n de encuentros regionales y nacionales que contribuyan al fortalecimiento de movimientos, foros y redes que est\u00e9n promoviendo acciones locales y nacionales relacionadas con el derecho a la ciudad, como el II Foro Latinoamericano y del Caribe sobre vivienda adecuada y ciudad en Monterrey, M\u00e9xico (5-8 de mayo) y el VI Foro Mundial de Ciudades por los Derechos Humanos en Gwangju, Corea del Sur (14-18 de mayo).<b><\/b><\/p>\n<p style=\"text-align: justify;\"><b>3. <\/b><b>Formas de participaci\u00f3n en la Plataforma Global por el Derecho a la Ciudad<\/b><\/p>\n<p style=\"text-align: justify;\">\u00a0\u00a0\u00a0 La participaci\u00f3n podr\u00e1 concretarse a trav\u00e9s de los grupos de trabajo ya mencionados para el desarrollo e implementaci\u00f3n del Plan de Acci\u00f3n que fue elaborado durante el Encuentro Internacional, por instituciones y organizaciones que tengan inter\u00e9s en sumarse y contribuir.<\/p>\n<p style=\"text-align: justify;\">\u00a0\u00a0\u00a0 Tambi\u00e9n se promover\u00e1 la organizaci\u00f3n de foros o grupos regionales de la Plataforma Global (\u00c1frica, Asia, Europa, Am\u00e9rica Latina y Am\u00e9rica del Norte) formados por instituciones y organizaciones de cada una de esas regiones que tengan inter\u00e9s en participar y realizar acciones conjuntas. Al mismo tiempo, podr\u00e1n organizarse foros o grupos nacionales de la Plataforma Global, similares al ya existente Foro Nacional de Reforma Urbana de Brasil.<\/p>\n<p style=\"text-align: justify;\">\u00a0\u00a0\u00a0 La Plataforma Global por el Derecho a la Ciudad contar\u00e1 con una coordinaci\u00f3n general compuesta por organizaciones y redes internacionales que manifiesten su inter\u00e9s y compromiso en asumir esa responsabilidad y liderazgo. Se considera como n\u00facleo embrionario de la coordinaci\u00f3n de la Plataforma a las organizaciones internacionales co-organizadoras del Encuentro Internacional.<\/p>\n<p style=\"text-align: justify;\"><b>4. <\/b><b>Publicaci\u00f3n y divulgaci\u00f3n de los resultados del Encuentro Internacional por el Derecho a la Ciudad<\/b><\/p>\n<p style=\"text-align: justify;\">\u00a0\u00a0\u00a0 El equipo organizador del Encuentro (Instituto Polis, Instituto Brasile\u00f1o de Derecho Urban\u00edstico y la Coalici\u00f3n Internacional para el H\u00e1bitat) son responsables de la elaboraci\u00f3n y divulgaci\u00f3n de los documentos resultantes del Encuentro Internacional por el Derecho a la Ciudad hasta fines del mes de enero, que ser\u00e1n enviados a todos los participantes y que estar\u00e1n disponibles en el sitio web de la Plataforma (<a href=\"http:\/\/www.rightothecityplatform.org.br\/\">www.rightothecityplatform.org.br<\/a>):<\/p>\n<p style=\"text-align: justify;\">&#8211; Carta de Principios para la adhesi\u00f3n a la Plataforma Global por el Derecho a la Ciudad.<\/p>\n<p style=\"text-align: justify;\">&#8211; Ejes tem\u00e1ticos estructuradores de la Plataforma Global por el Derecho a la Ciudad.<\/p>\n<p style=\"text-align: justify;\">&#8211; Plan de acci\u00f3n, organizaci\u00f3n y movilizaci\u00f3n de la Plataforma Global por el Derecho a la Ciudad.<\/p>\n<p style=\"text-align: justify;\">&#8211; Memoria del Encuentro Internacional sobre el Derecho a la Ciudad.<\/p>\n<p style=\"text-align: justify;\">&#8211; Grabaciones de las sesiones del Encuentro que fueron transmitidas on-line.<\/p>\n<p style=\"text-align: justify;\">&#8211; Lista de participantes y balance sobre el perfil de los participantes en el Encuentro.<\/p>\n<p style=\"text-align: justify;\">&#8211; Lista de contactos para la adhesi\u00f3n y participaci\u00f3n en la Plataforma Global por el Derecho a la Ciudad.<\/p>\n<p style=\"text-align: center;\" align=\"center\">\u00a1La ciudad es un derecho, no una mercanc\u00eda!<\/p>\n<p style=\"text-align: center;\" align=\"center\">\u00a0<a href=\"https:\/\/www.right2city.org\/wp-content\/uploads\/2020\/01\/Logo-Simples-EIDC-e1420739830344.png\"><img loading=\"lazy\" decoding=\"async\" class=\"alignnone size-full wp-image-1033\" alt=\"Logo Simples EIDC\" src=\"https:\/\/www.right2city.org\/wp-content\/uploads\/2020\/01\/Logo-Simples-EIDC-e1420739830344.png\" width=\"170\" height=\"171\" \/><\/a><\/p>\n<p style=\"text-align: center; font-size: 10pt;\" align=\"center\"><b>Organizaciones proponentes del Encuentro Internacional por el Derecho a la Ciudad<\/b><\/p>\n<p style=\"text-align: justify; font-size: 10pt;\">ActionAid &#8211; Alianza Internacional de los Habitantes (AIH) &#8211; Alianza para las Ciudades &#8211; Asociaci\u00f3n Brasile\u00f1a de Municipios &#8211; Frente Nacional de Alcaldes de Brasil &#8211; Coalici\u00f3n Internacional para el H\u00e1bitat \/ Habitat International Coalition (HIC) &#8211; Comisi\u00f3n de Inclusi\u00f3n Social, Democracia Participativa y Derechos Humanos del CGLU &#8211; Fondo Mundial para el Desarrollo de las Ciudades &#8211; Foro Nacional de Reforma Urbana, Brasil (FNRU) &#8211; Fundaci\u00f3n Avina &#8211; Fundaci\u00f3n Ford &#8211; H\u00e1bitat para la Humanidad &#8211; Instituto Brasile\u00f1o de Derecho Urban\u00edstico &#8211; Ministerio de las Ciudades de Brasil &#8211; Polis: Instituto de Estudios, Formaci\u00f3n y Asesor\u00eda en Pol\u00edticas Sociales &#8211; Secretar\u00eda de Relaciones Internacionales y Secretar\u00eda de Derechos Humanos y Ciudadan\u00eda del Municipio de San Pablo, Brasil &#8211; Shack\/Slum Dwellers International (SDI) &#8211; Women in Informal Employment, Globalizing and Organizing (WIEGO)<\/p>\n","protected":false},"featured_media":0,"template":"","meta":{"_acf_changed":false,"_et_pb_use_builder":"","_et_pb_old_content":"","_et_gb_content_width":"","cybocfi_hide_featured_image":""},"categories":[],"themes":[],"agendas_globales":[],"class_list":["post-52818","news","type-news","status-publish","hentry"],"acf":[],"yoast_head":"<!-- This site is optimized with the Yoast SEO plugin v27.5 - https:\/\/yoast.com\/product\/yoast-seo-wordpress\/ -->\n<title>Comunicaci\u00f3n del Encuentro Internacional del Derecho a Ciudad - Right to the city<\/title>\n<meta name=\"robots\" content=\"index, follow, max-snippet:-1, max-image-preview:large, max-video-preview:-1\" \/>\n<link rel=\"canonical\" href=\"https:\/\/www.right2city.org\/es\/news\/comunicado-encontro-internacional-sobre-o-direito-a-cidade\/\" \/>\n<meta property=\"og:locale\" content=\"es_ES\" \/>\n<meta property=\"og:type\" content=\"article\" \/>\n<meta property=\"og:title\" content=\"Comunicaci\u00f3n del Encuentro Internacional del Derecho a Ciudad - Right to the city\" \/>\n<meta property=\"og:description\" content=\"Comunicado de los Resultados del Encuentro Internacional sobre el\u00a0Derecho a la Ciudad\u00a0 San Pablo, Brasil, 12 al 14 de noviembre de 2014 El Encuentro Internacional sobre el Derecho a la Ciudad (www.righttothecityplatform.org.br), realizado los d\u00edas 12, 13 y 14 de noviembre de 2014, cont\u00f3 con la presencia de 158 participantes de pa\u00edses de Am\u00e9rica Latina, [&hellip;]\" \/>\n<meta property=\"og:url\" content=\"https:\/\/www.right2city.org\/es\/news\/comunicado-encontro-internacional-sobre-o-direito-a-cidade\/\" \/>\n<meta property=\"og:site_name\" content=\"Right to the city\" \/>\n<meta property=\"og:image\" content=\"https:\/\/www.right2city.org\/wp-content\/uploads\/2020\/01\/Logo-600h.png\" \/>\n<meta name=\"twitter:card\" content=\"summary_large_image\" \/>\n<meta name=\"twitter:label1\" content=\"Tiempo de lectura\" \/>\n\t<meta name=\"twitter:data1\" content=\"9 minutos\" \/>\n<script type=\"application\/ld+json\" class=\"yoast-schema-graph\">{\"@context\":\"https:\\\/\\\/schema.org\",\"@graph\":[{\"@type\":\"WebPage\",\"@id\":\"https:\\\/\\\/www.right2city.org\\\/es\\\/news\\\/comunicado-encontro-internacional-sobre-o-direito-a-cidade\\\/\",\"url\":\"https:\\\/\\\/www.right2city.org\\\/es\\\/news\\\/comunicado-encontro-internacional-sobre-o-direito-a-cidade\\\/\",\"name\":\"Comunicaci\u00f3n del Encuentro Internacional del Derecho a Ciudad - Right to the city\",\"isPartOf\":{\"@id\":\"https:\\\/\\\/www.right2city.org\\\/es\\\/#website\"},\"primaryImageOfPage\":{\"@id\":\"https:\\\/\\\/www.right2city.org\\\/es\\\/news\\\/comunicado-encontro-internacional-sobre-o-direito-a-cidade\\\/#primaryimage\"},\"image\":{\"@id\":\"https:\\\/\\\/www.right2city.org\\\/es\\\/news\\\/comunicado-encontro-internacional-sobre-o-direito-a-cidade\\\/#primaryimage\"},\"thumbnailUrl\":\"https:\\\/\\\/www.right2city.org\\\/wp-content\\\/uploads\\\/2020\\\/01\\\/Logo-600h.png\",\"datePublished\":\"2014-12-19T13:26:13+00:00\",\"breadcrumb\":{\"@id\":\"https:\\\/\\\/www.right2city.org\\\/es\\\/news\\\/comunicado-encontro-internacional-sobre-o-direito-a-cidade\\\/#breadcrumb\"},\"inLanguage\":\"es\",\"potentialAction\":[{\"@type\":\"ReadAction\",\"target\":[\"https:\\\/\\\/www.right2city.org\\\/es\\\/news\\\/comunicado-encontro-internacional-sobre-o-direito-a-cidade\\\/\"]}]},{\"@type\":\"ImageObject\",\"inLanguage\":\"es\",\"@id\":\"https:\\\/\\\/www.right2city.org\\\/es\\\/news\\\/comunicado-encontro-internacional-sobre-o-direito-a-cidade\\\/#primaryimage\",\"url\":\"https:\\\/\\\/www.right2city.org\\\/wp-content\\\/uploads\\\/2020\\\/01\\\/Logo-600h.png\",\"contentUrl\":\"https:\\\/\\\/www.right2city.org\\\/wp-content\\\/uploads\\\/2020\\\/01\\\/Logo-600h.png\"},{\"@type\":\"BreadcrumbList\",\"@id\":\"https:\\\/\\\/www.right2city.org\\\/es\\\/news\\\/comunicado-encontro-internacional-sobre-o-direito-a-cidade\\\/#breadcrumb\",\"itemListElement\":[{\"@type\":\"ListItem\",\"position\":1,\"name\":\"Home\",\"item\":\"https:\\\/\\\/www.right2city.org\\\/es\\\/\"},{\"@type\":\"ListItem\",\"position\":2,\"name\":\"Noticias\",\"item\":\"https:\\\/\\\/www.right2city.org\\\/es\\\/news\\\/\"},{\"@type\":\"ListItem\",\"position\":3,\"name\":\"Comunicaci\u00f3n del Encuentro Internacional del Derecho a Ciudad\"}]},{\"@type\":\"WebSite\",\"@id\":\"https:\\\/\\\/www.right2city.org\\\/es\\\/#website\",\"url\":\"https:\\\/\\\/www.right2city.org\\\/es\\\/\",\"name\":\"Right to the city\",\"description\":\"Global Platform for the Right to the City\",\"potentialAction\":[{\"@type\":\"SearchAction\",\"target\":{\"@type\":\"EntryPoint\",\"urlTemplate\":\"https:\\\/\\\/www.right2city.org\\\/es\\\/?s={search_term_string}\"},\"query-input\":{\"@type\":\"PropertyValueSpecification\",\"valueRequired\":true,\"valueName\":\"search_term_string\"}}],\"inLanguage\":\"es\"}]}<\/script>\n<!-- \/ Yoast SEO plugin. -->","yoast_head_json":{"title":"Comunicaci\u00f3n del Encuentro Internacional del Derecho a Ciudad - Right to the city","robots":{"index":"index","follow":"follow","max-snippet":"max-snippet:-1","max-image-preview":"max-image-preview:large","max-video-preview":"max-video-preview:-1"},"canonical":"https:\/\/www.right2city.org\/es\/news\/comunicado-encontro-internacional-sobre-o-direito-a-cidade\/","og_locale":"es_ES","og_type":"article","og_title":"Comunicaci\u00f3n del Encuentro Internacional del Derecho a Ciudad - Right to the city","og_description":"Comunicado de los Resultados del Encuentro Internacional sobre el\u00a0Derecho a la Ciudad\u00a0 San Pablo, Brasil, 12 al 14 de noviembre de 2014 El Encuentro Internacional sobre el Derecho a la Ciudad (www.righttothecityplatform.org.br), realizado los d\u00edas 12, 13 y 14 de noviembre de 2014, cont\u00f3 con la presencia de 158 participantes de pa\u00edses de Am\u00e9rica Latina, [&hellip;]","og_url":"https:\/\/www.right2city.org\/es\/news\/comunicado-encontro-internacional-sobre-o-direito-a-cidade\/","og_site_name":"Right to the city","og_image":[{"url":"https:\/\/www.right2city.org\/wp-content\/uploads\/2020\/01\/Logo-600h.png","type":"","width":"","height":""}],"twitter_card":"summary_large_image","twitter_misc":{"Tiempo de lectura":"9 minutos"},"schema":{"@context":"https:\/\/schema.org","@graph":[{"@type":"WebPage","@id":"https:\/\/www.right2city.org\/es\/news\/comunicado-encontro-internacional-sobre-o-direito-a-cidade\/","url":"https:\/\/www.right2city.org\/es\/news\/comunicado-encontro-internacional-sobre-o-direito-a-cidade\/","name":"Comunicaci\u00f3n del Encuentro Internacional del Derecho a Ciudad - Right to the city","isPartOf":{"@id":"https:\/\/www.right2city.org\/es\/#website"},"primaryImageOfPage":{"@id":"https:\/\/www.right2city.org\/es\/news\/comunicado-encontro-internacional-sobre-o-direito-a-cidade\/#primaryimage"},"image":{"@id":"https:\/\/www.right2city.org\/es\/news\/comunicado-encontro-internacional-sobre-o-direito-a-cidade\/#primaryimage"},"thumbnailUrl":"https:\/\/www.right2city.org\/wp-content\/uploads\/2020\/01\/Logo-600h.png","datePublished":"2014-12-19T13:26:13+00:00","breadcrumb":{"@id":"https:\/\/www.right2city.org\/es\/news\/comunicado-encontro-internacional-sobre-o-direito-a-cidade\/#breadcrumb"},"inLanguage":"es","potentialAction":[{"@type":"ReadAction","target":["https:\/\/www.right2city.org\/es\/news\/comunicado-encontro-internacional-sobre-o-direito-a-cidade\/"]}]},{"@type":"ImageObject","inLanguage":"es","@id":"https:\/\/www.right2city.org\/es\/news\/comunicado-encontro-internacional-sobre-o-direito-a-cidade\/#primaryimage","url":"https:\/\/www.right2city.org\/wp-content\/uploads\/2020\/01\/Logo-600h.png","contentUrl":"https:\/\/www.right2city.org\/wp-content\/uploads\/2020\/01\/Logo-600h.png"},{"@type":"BreadcrumbList","@id":"https:\/\/www.right2city.org\/es\/news\/comunicado-encontro-internacional-sobre-o-direito-a-cidade\/#breadcrumb","itemListElement":[{"@type":"ListItem","position":1,"name":"Home","item":"https:\/\/www.right2city.org\/es\/"},{"@type":"ListItem","position":2,"name":"Noticias","item":"https:\/\/www.right2city.org\/es\/news\/"},{"@type":"ListItem","position":3,"name":"Comunicaci\u00f3n del Encuentro Internacional del Derecho a Ciudad"}]},{"@type":"WebSite","@id":"https:\/\/www.right2city.org\/es\/#website","url":"https:\/\/www.right2city.org\/es\/","name":"Right to the city","description":"Global Platform for the Right to the City","potentialAction":[{"@type":"SearchAction","target":{"@type":"EntryPoint","urlTemplate":"https:\/\/www.right2city.org\/es\/?s={search_term_string}"},"query-input":{"@type":"PropertyValueSpecification","valueRequired":true,"valueName":"search_term_string"}}],"inLanguage":"es"}]}},"_links":{"self":[{"href":"https:\/\/www.right2city.org\/es\/wp-json\/wp\/v2\/news\/52818","targetHints":{"allow":["GET"]}}],"collection":[{"href":"https:\/\/www.right2city.org\/es\/wp-json\/wp\/v2\/news"}],"about":[{"href":"https:\/\/www.right2city.org\/es\/wp-json\/wp\/v2\/types\/news"}],"wp:attachment":[{"href":"https:\/\/www.right2city.org\/es\/wp-json\/wp\/v2\/media?parent=52818"}],"wp:term":[{"taxonomy":"category","embeddable":true,"href":"https:\/\/www.right2city.org\/es\/wp-json\/wp\/v2\/categories?post=52818"},{"taxonomy":"themes","embeddable":true,"href":"https:\/\/www.right2city.org\/es\/wp-json\/wp\/v2\/themes?post=52818"},{"taxonomy":"agendas_globales","embeddable":true,"href":"https:\/\/www.right2city.org\/es\/wp-json\/wp\/v2\/agendas_globales?post=52818"}],"curies":[{"name":"wp","href":"https:\/\/api.w.org\/{rel}","templated":true}]}}