{"id":52823,"date":"2015-04-17T21:04:54","date_gmt":"2015-04-17T19:04:54","guid":{"rendered":"https:\/\/www.right2city.org\/news\/international-meeting-right-to-the-city-to-habitat-iii\/"},"modified":"2015-04-17T21:04:54","modified_gmt":"2015-04-17T19:04:54","slug":"international-meeting-right-to-the-city-to-habitat-iii","status":"publish","type":"news","link":"https:\/\/www.right2city.org\/es\/news\/international-meeting-right-to-the-city-to-habitat-iii\/","title":{"rendered":"Encuentro internacional: El Derecho a la Ciudad hacia H\u00e1bitat III"},"content":{"rendered":"<p><a href=\"https:\/\/www.right2city.org\/wp-content\/uploads\/2020\/01\/encontro-mexico.png\"><img loading=\"lazy\" decoding=\"async\" class=\"size-medium wp-image-1147 alignleft\" src=\"https:\/\/www.right2city.org\/wp-content\/uploads\/2020\/01\/encontro-mexico.png\" alt=\"encontro-mexico\" width=\"231\" height=\"300\" \/><\/a> <a href=\"http:\/\/www.hic-net.org\/eventsdetail.php?pid=6142\" target=\"_blank\">De HIC<\/a><\/p>\n<p><strong><span style=\"line-height: 1.5;\">Encuentro internacional: El Derecho a la Ciudad hacia H\u00e1bitat III<\/span><\/strong> <em>50 a\u00f1os de procesos sociales construyendo vivienda digna, \u00a0buen vivir y democracia participativa en Am\u00e9rica Latina\u00a0Aportes latinoamericanos a la Conferencia sobre los Asentamientos Humanos 2016 a realizarse del 19 al 22 de abril de 2015, en la Ciudad de M\u00e9xico.<\/em> <a href=\"http:\/\/www.copevi.org\/\" target=\"_blank\">Copevi <\/a>(Centro Operacional de Vivienda y Poblamiento)\u00a0llega este a\u00f1o a su 50 aniversario. Hecho marcante y emotivo que queremos celebrar con ustedes para festejar toda nuestra alegr\u00eda y compartir todo el afecto acumulado en todos estos a\u00f1os de trabajo comprometido con los pobladores empobrecidos y excluidos de nuestro pa\u00eds. Festejo dedicado a todas y todos los colaboradores de ayer, hoy y siempre, de esta gran instituci\u00f3n, quienes han brindado aportes valios\u00edsimos y quienes, a la vez, nos hemos enriquecido de la vida de miles de hombres y mujeres de nuestro M\u00e9xico, de Am\u00e9rica Latina y de otros pa\u00edses del mundo. Celebrando principalmente a los procesos sociales y populares que nos han permitido caminar, aprender y crecer a su lado, en diversas \u00e9pocas, contextos, territorios y tem\u00e1ticas. <strong>Para m\u00e1s informaciones y descargar el programa, <a href=\"http:\/\/www.hic-gs.org\/eventsdetail.php?pid=6142\" target=\"_blank\">clic aqu\u00ed<\/a><\/strong><\/p>\n","protected":false},"featured_media":0,"template":"","meta":{"_acf_changed":false,"_et_pb_use_builder":"","_et_pb_old_content":"","_et_gb_content_width":"","cybocfi_hide_featured_image":""},"categories":[],"themes":[],"agendas_globales":[],"class_list":["post-52823","news","type-news","status-publish","hentry"],"acf":[],"yoast_head":"<!-- This site is optimized with the Yoast SEO plugin v27.5 - https:\/\/yoast.com\/product\/yoast-seo-wordpress\/ -->\n<title>Encuentro internacional: El Derecho a la Ciudad hacia H\u00e1bitat III - Right to the city<\/title>\n<meta name=\"robots\" content=\"index, follow, max-snippet:-1, max-image-preview:large, max-video-preview:-1\" \/>\n<link rel=\"canonical\" href=\"https:\/\/www.right2city.org\/es\/news\/international-meeting-right-to-the-city-to-habitat-iii\/\" \/>\n<meta property=\"og:locale\" content=\"es_ES\" \/>\n<meta property=\"og:type\" content=\"article\" \/>\n<meta property=\"og:title\" content=\"Encuentro internacional: El Derecho a la Ciudad hacia H\u00e1bitat III - Right to the city\" \/>\n<meta property=\"og:description\" content=\"De HIC Encuentro internacional: El Derecho a la Ciudad hacia H\u00e1bitat III 50 a\u00f1os de procesos sociales construyendo vivienda digna, \u00a0buen vivir y democracia participativa en Am\u00e9rica Latina\u00a0Aportes latinoamericanos a la Conferencia sobre los Asentamientos Humanos 2016 a realizarse del 19 al 22 de abril de 2015, en la Ciudad de M\u00e9xico. Copevi (Centro Operacional [&hellip;]\" \/>\n<meta property=\"og:url\" content=\"https:\/\/www.right2city.org\/es\/news\/international-meeting-right-to-the-city-to-habitat-iii\/\" \/>\n<meta property=\"og:site_name\" content=\"Right to the city\" \/>\n<meta property=\"og:image\" content=\"https:\/\/www.right2city.org\/wp-content\/uploads\/2020\/01\/encontro-mexico.png\" \/>\n<meta name=\"twitter:card\" content=\"summary_large_image\" \/>\n<meta name=\"twitter:label1\" content=\"Tiempo de lectura\" \/>\n\t<meta name=\"twitter:data1\" content=\"1 minuto\" \/>\n<script type=\"application\/ld+json\" class=\"yoast-schema-graph\">{\"@context\":\"https:\\\/\\\/schema.org\",\"@graph\":[{\"@type\":\"WebPage\",\"@id\":\"https:\\\/\\\/www.right2city.org\\\/es\\\/news\\\/international-meeting-right-to-the-city-to-habitat-iii\\\/\",\"url\":\"https:\\\/\\\/www.right2city.org\\\/es\\\/news\\\/international-meeting-right-to-the-city-to-habitat-iii\\\/\",\"name\":\"Encuentro internacional: El Derecho a la Ciudad hacia H\u00e1bitat III - Right to the city\",\"isPartOf\":{\"@id\":\"https:\\\/\\\/www.right2city.org\\\/es\\\/#website\"},\"primaryImageOfPage\":{\"@id\":\"https:\\\/\\\/www.right2city.org\\\/es\\\/news\\\/international-meeting-right-to-the-city-to-habitat-iii\\\/#primaryimage\"},\"image\":{\"@id\":\"https:\\\/\\\/www.right2city.org\\\/es\\\/news\\\/international-meeting-right-to-the-city-to-habitat-iii\\\/#primaryimage\"},\"thumbnailUrl\":\"https:\\\/\\\/www.right2city.org\\\/wp-content\\\/uploads\\\/2020\\\/01\\\/encontro-mexico.png\",\"datePublished\":\"2015-04-17T19:04:54+00:00\",\"breadcrumb\":{\"@id\":\"https:\\\/\\\/www.right2city.org\\\/es\\\/news\\\/international-meeting-right-to-the-city-to-habitat-iii\\\/#breadcrumb\"},\"inLanguage\":\"es\",\"potentialAction\":[{\"@type\":\"ReadAction\",\"target\":[\"https:\\\/\\\/www.right2city.org\\\/es\\\/news\\\/international-meeting-right-to-the-city-to-habitat-iii\\\/\"]}]},{\"@type\":\"ImageObject\",\"inLanguage\":\"es\",\"@id\":\"https:\\\/\\\/www.right2city.org\\\/es\\\/news\\\/international-meeting-right-to-the-city-to-habitat-iii\\\/#primaryimage\",\"url\":\"https:\\\/\\\/www.right2city.org\\\/wp-content\\\/uploads\\\/2020\\\/01\\\/encontro-mexico.png\",\"contentUrl\":\"https:\\\/\\\/www.right2city.org\\\/wp-content\\\/uploads\\\/2020\\\/01\\\/encontro-mexico.png\"},{\"@type\":\"BreadcrumbList\",\"@id\":\"https:\\\/\\\/www.right2city.org\\\/es\\\/news\\\/international-meeting-right-to-the-city-to-habitat-iii\\\/#breadcrumb\",\"itemListElement\":[{\"@type\":\"ListItem\",\"position\":1,\"name\":\"Home\",\"item\":\"https:\\\/\\\/www.right2city.org\\\/es\\\/\"},{\"@type\":\"ListItem\",\"position\":2,\"name\":\"Noticias\",\"item\":\"https:\\\/\\\/www.right2city.org\\\/es\\\/news\\\/\"},{\"@type\":\"ListItem\",\"position\":3,\"name\":\"Encuentro internacional: El Derecho a la Ciudad hacia H\u00e1bitat III\"}]},{\"@type\":\"WebSite\",\"@id\":\"https:\\\/\\\/www.right2city.org\\\/es\\\/#website\",\"url\":\"https:\\\/\\\/www.right2city.org\\\/es\\\/\",\"name\":\"Right to the city\",\"description\":\"Global Platform for the Right to the City\",\"potentialAction\":[{\"@type\":\"SearchAction\",\"target\":{\"@type\":\"EntryPoint\",\"urlTemplate\":\"https:\\\/\\\/www.right2city.org\\\/es\\\/?s={search_term_string}\"},\"query-input\":{\"@type\":\"PropertyValueSpecification\",\"valueRequired\":true,\"valueName\":\"search_term_string\"}}],\"inLanguage\":\"es\"}]}<\/script>\n<!-- \/ Yoast SEO plugin. -->","yoast_head_json":{"title":"Encuentro internacional: El Derecho a la Ciudad hacia H\u00e1bitat III - Right to the city","robots":{"index":"index","follow":"follow","max-snippet":"max-snippet:-1","max-image-preview":"max-image-preview:large","max-video-preview":"max-video-preview:-1"},"canonical":"https:\/\/www.right2city.org\/es\/news\/international-meeting-right-to-the-city-to-habitat-iii\/","og_locale":"es_ES","og_type":"article","og_title":"Encuentro internacional: El Derecho a la Ciudad hacia H\u00e1bitat III - Right to the city","og_description":"De HIC Encuentro internacional: El Derecho a la Ciudad hacia H\u00e1bitat III 50 a\u00f1os de procesos sociales construyendo vivienda digna, \u00a0buen vivir y democracia participativa en Am\u00e9rica Latina\u00a0Aportes latinoamericanos a la Conferencia sobre los Asentamientos Humanos 2016 a realizarse del 19 al 22 de abril de 2015, en la Ciudad de M\u00e9xico. Copevi (Centro Operacional [&hellip;]","og_url":"https:\/\/www.right2city.org\/es\/news\/international-meeting-right-to-the-city-to-habitat-iii\/","og_site_name":"Right to the city","og_image":[{"url":"https:\/\/www.right2city.org\/wp-content\/uploads\/2020\/01\/encontro-mexico.png","type":"","width":"","height":""}],"twitter_card":"summary_large_image","twitter_misc":{"Tiempo de lectura":"1 minuto"},"schema":{"@context":"https:\/\/schema.org","@graph":[{"@type":"WebPage","@id":"https:\/\/www.right2city.org\/es\/news\/international-meeting-right-to-the-city-to-habitat-iii\/","url":"https:\/\/www.right2city.org\/es\/news\/international-meeting-right-to-the-city-to-habitat-iii\/","name":"Encuentro internacional: El Derecho a la Ciudad hacia H\u00e1bitat III - Right to the city","isPartOf":{"@id":"https:\/\/www.right2city.org\/es\/#website"},"primaryImageOfPage":{"@id":"https:\/\/www.right2city.org\/es\/news\/international-meeting-right-to-the-city-to-habitat-iii\/#primaryimage"},"image":{"@id":"https:\/\/www.right2city.org\/es\/news\/international-meeting-right-to-the-city-to-habitat-iii\/#primaryimage"},"thumbnailUrl":"https:\/\/www.right2city.org\/wp-content\/uploads\/2020\/01\/encontro-mexico.png","datePublished":"2015-04-17T19:04:54+00:00","breadcrumb":{"@id":"https:\/\/www.right2city.org\/es\/news\/international-meeting-right-to-the-city-to-habitat-iii\/#breadcrumb"},"inLanguage":"es","potentialAction":[{"@type":"ReadAction","target":["https:\/\/www.right2city.org\/es\/news\/international-meeting-right-to-the-city-to-habitat-iii\/"]}]},{"@type":"ImageObject","inLanguage":"es","@id":"https:\/\/www.right2city.org\/es\/news\/international-meeting-right-to-the-city-to-habitat-iii\/#primaryimage","url":"https:\/\/www.right2city.org\/wp-content\/uploads\/2020\/01\/encontro-mexico.png","contentUrl":"https:\/\/www.right2city.org\/wp-content\/uploads\/2020\/01\/encontro-mexico.png"},{"@type":"BreadcrumbList","@id":"https:\/\/www.right2city.org\/es\/news\/international-meeting-right-to-the-city-to-habitat-iii\/#breadcrumb","itemListElement":[{"@type":"ListItem","position":1,"name":"Home","item":"https:\/\/www.right2city.org\/es\/"},{"@type":"ListItem","position":2,"name":"Noticias","item":"https:\/\/www.right2city.org\/es\/news\/"},{"@type":"ListItem","position":3,"name":"Encuentro internacional: El Derecho a la Ciudad hacia H\u00e1bitat III"}]},{"@type":"WebSite","@id":"https:\/\/www.right2city.org\/es\/#website","url":"https:\/\/www.right2city.org\/es\/","name":"Right to the city","description":"Global Platform for the Right to the City","potentialAction":[{"@type":"SearchAction","target":{"@type":"EntryPoint","urlTemplate":"https:\/\/www.right2city.org\/es\/?s={search_term_string}"},"query-input":{"@type":"PropertyValueSpecification","valueRequired":true,"valueName":"search_term_string"}}],"inLanguage":"es"}]}},"_links":{"self":[{"href":"https:\/\/www.right2city.org\/es\/wp-json\/wp\/v2\/news\/52823","targetHints":{"allow":["GET"]}}],"collection":[{"href":"https:\/\/www.right2city.org\/es\/wp-json\/wp\/v2\/news"}],"about":[{"href":"https:\/\/www.right2city.org\/es\/wp-json\/wp\/v2\/types\/news"}],"wp:attachment":[{"href":"https:\/\/www.right2city.org\/es\/wp-json\/wp\/v2\/media?parent=52823"}],"wp:term":[{"taxonomy":"category","embeddable":true,"href":"https:\/\/www.right2city.org\/es\/wp-json\/wp\/v2\/categories?post=52823"},{"taxonomy":"themes","embeddable":true,"href":"https:\/\/www.right2city.org\/es\/wp-json\/wp\/v2\/themes?post=52823"},{"taxonomy":"agendas_globales","embeddable":true,"href":"https:\/\/www.right2city.org\/es\/wp-json\/wp\/v2\/agendas_globales?post=52823"}],"curies":[{"name":"wp","href":"https:\/\/api.w.org\/{rel}","templated":true}]}}