{"id":52826,"date":"2015-05-25T19:06:27","date_gmt":"2015-05-25T17:06:27","guid":{"rendered":"https:\/\/www.right2city.org\/news\/declaracion-de-la-asamblea-mundial-de-los-habitantes\/"},"modified":"2015-05-25T19:06:27","modified_gmt":"2015-05-25T17:06:27","slug":"declaracion-de-la-asamblea-mundial-de-los-habitantes","status":"publish","type":"news","link":"https:\/\/www.right2city.org\/es\/news\/declaracion-de-la-asamblea-mundial-de-los-habitantes\/","title":{"rendered":"Declaraci\u00f3n de la Asamblea Mundial de los Habitantes"},"content":{"rendered":"<p dir=\"ltr\"><span style=\"line-height: 1.5;\"><a href=\"https:\/\/www.right2city.org\/wp-content\/uploads\/2020\/01\/alianza-hic_fsm1.jpg\"><img loading=\"lazy\" decoding=\"async\" class=\"aligncenter size-full wp-image-1206\" alt=\"alianza-hic_fsm\" src=\"https:\/\/www.right2city.org\/wp-content\/uploads\/2020\/01\/alianza-hic_fsm1.jpg\" width=\"2362\" height=\"216\" \/><\/a>Nosotros\/as, los\/as participantes de la Asamblea Mundial de los Habitantes, reunidos en T\u00fanez del 24 al 28 de marzo de 2015, nos hemos encontrado para realizar varias actividades agrupadas en siete temas en el marco del Foro Social Mundial para continuar\u00a0los procesos de convergencia que se han venido organizando en numerosas reuniones previas, incluida la Asamblea Mundial de los \u00a0Habitantes de 2013 (T\u00fanez) y el Foro Social Urbano Alternativo y Popular (Medell\u00edn, 2014).<\/span><\/p>\n<p><span style=\"line-height: 1.5;\">En primer lugar, manifestamos nuestra solidaridad con la poblaci\u00f3n de T\u00fanez y contra el fundamentalismo y el terrorismo.<\/span><\/p>\n<p><span style=\"line-height: 1.5;\">Los\/as abajo firmantes mujeres y hombres, organizaciones, redes y movimientos sociales de los habitantes de los barrios marginales, vecindarios, asentamientos, cooperativas, inquilinos y propietarios de viviendas hipotecadas, ocupantes, sin techo, trabajadores<\/span><\/p>\n<p dir=\"ltr\">incluidos los informales, asentados en zonas rurales y urbanas, realizamos la siguiente declaraci\u00f3n:<\/p>\n<ul>\n<li dir=\"ltr\">\n<p dir=\"ltr\">Reafirmamos nuestra responsabilidad y compromiso para luchar por y para la implementaci\u00f3n directa de los principios de los derechos humanos, colectivos e individuales, por la solidaridad, la paz, el respeto y la dignidad, e inclusive la justicia social y la equidad mediante la redistribuci\u00f3n de riquezas y el respeto por el medio ambiente.<\/p>\n<\/li>\n<\/ul>\n<ul>\n<li dir=\"ltr\">\n<p dir=\"ltr\">Rechazamos la especulaci\u00f3n inmobiliaria y del suelo y reafirmamos la urgencia de reemplazar al sistema capitalista neoliberal por un sistema basado en la propiedad colectiva y las formas alternativas de gesti\u00f3n comunitaria que respete todas las formas de vida y reconozca los bienes comunes, la producci\u00f3n social de h\u00e1bitat, as\u00ed como otras alternativas que valoran la funci\u00f3n social de la propiedad, de la tierra y de la ciudad para establecer un h\u00e1bitat m\u00e1s justo, humano y sustentable.<\/p>\n<\/li>\n<\/ul>\n<ul>\n<li dir=\"ltr\">\n<p dir=\"ltr\">Estamos comprometidos\/as con la inclusi\u00f3n de las organizaciones de habitantes y de toda la sociedad civil en los procesos de planeaci\u00f3n y creaci\u00f3n de pol\u00edticas p\u00fablicas y pr\u00e1cticas alternativas que permitan a los\/as habitantes fortalecer la funci\u00f3n social de la ciudad y de las tierras. Consideramos que los pueblos y ciudades deben responder a las necesidades de sus habitantes, sin discriminaci\u00f3n, para que todos\/as puedan vivir y trabajar bajo condiciones seguras, dignas y en armon\u00eda con la naturaleza y el medio ambiente. Asimismo, estamos comprometidos\/as con los derechos de los\/as campesinos y los\/as agricultores a la tierra, el agua, la producci\u00f3n de alimentos y la soberan\u00eda alimentaria.<\/p>\n<\/li>\n<\/ul>\n<ul>\n<li dir=\"ltr\">\n<p dir=\"ltr\">Exigimos la implementaci\u00f3n de los valores y principios expresados en el derecho a la ciudad que plantea tambi\u00e9n el bien vivir de las personas que residen en las \u00e1reas rurales. Participamos, junto con los pueblos originarios, en las luchas rurales y urbanas contra el acaparamiento de tierras y agua, las privatizaciones, las expropiaciones, la explotaci\u00f3n y la opresi\u00f3n.<\/p>\n<\/li>\n<\/ul>\n<ul>\n<li dir=\"ltr\">\n<p dir=\"ltr\">Nos comprometemos a luchar para que el derecho a la vivienda y a la tierra se hagan efectivos, as\u00ed como para la aplicaci\u00f3n de las herramientas internacionales que proh\u00edben los desalojos forzosos. De la misma forma, reivindicamos aquellas normas que ratifican los derechos humanos relacionados con el h\u00e1bitat y las obligaciones correspondientes a las autoridades p\u00fablicas estatales y actores del sector privado. Instamos a que los casos de violaciones a los ante citados derechos humanos sean presentados ante el Tribunal Internacional de Desalojos.<\/p>\n<\/li>\n<\/ul>\n<ul>\n<li dir=\"ltr\">\n<p dir=\"ltr\">Hacemos un llamado a todos los gobiernos locales y nacionales para que reconozcan y hagan exigibles los derechos constitucionales al h\u00e1bitat y a la vivienda adecuada, incluyendo el derecho humano al \u00a0agua y saneamiento.<\/p>\n<\/li>\n<\/ul>\n<ul>\n<li dir=\"ltr\">\n<p dir=\"ltr\">Respaldamos la construcci\u00f3n de una red panafricana de organizaciones de habitantes para contrarrestar la opresi\u00f3n y la explotaci\u00f3n llevada a cabo por las \u00e9lites locales y el neocolonialismo.<\/p>\n<\/li>\n<\/ul>\n<ul>\n<li dir=\"ltr\">\n<p dir=\"ltr\">Nos solidarizamos con todas las luchas que se enfrentan a la criminalizaci\u00f3n de activistas por el derecho a la vivienda, la tierra y a la ciudad.<\/p>\n<\/li>\n<\/ul>\n<ul>\n<li dir=\"ltr\">\n<p dir=\"ltr\">Nos proponemos seguir fortaleciendo las luchas locales por medio de la solidaridad internacional y la movilizaci\u00f3n.<\/p>\n<\/li>\n<\/ul>\n<p><span style=\"line-height: 1.5;\">Esta Declaraci\u00f3n tambi\u00e9n busca promover el di\u00e1logo con otras Asambleas de Convergencia, tanto en el FSM como a escala mundial, para construir una convergencia global en torno a todas las v\u00edas para construir otro mundo posible. Para cumplir estos objetivos, decidimos fortalecer la convergencia de organizaciones de habitantes a trav\u00e9s del intercambio de experiencias, de la puesta en com\u00fan de estrategias y herramientas, y la preparaci\u00f3n de un calendario com\u00fan para 2015-2017, y a trav\u00e9s de la participaci\u00f3n dentro y fuera de las reuniones de la \u00e9lite global.<\/span><\/p>\n<p><span style=\"line-height: 1.5;\">Para ello, nos comprometemos y hacemos un llamado a todas las redes y organizaciones de habitantes para organizar un Foro Social Urbano Mundial (Quito, Octubre 2016), con el fin de debatir y deliberar la implementaci\u00f3n de pol\u00edticas que constituyan una alternativa clara al enfoque tecnocr\u00e1tico y neoliberal de la Cumbre de la ONU H\u00e1bitat III, prepar\u00e1ndolo en conjunto desde un nivel internacional, regional, nacional y local.<\/span><\/p>\n<p>Planteamos nuestras preocupaciones con respecto al proceso preparatorio de la Cumbre de la ONU H\u00e1bitat III, sus contenidos y resoluciones, y nos comprometemos a representar all\u00ed tambi\u00e9n las demandas y la voz de los movimientos sociales y de la sociedad.<\/p>\n<p dir=\"ltr\"><strong>Calendario conjunto abierto de actividades<\/strong><\/p>\n<p><span style=\"line-height: 1.5;\">Para promover la convergencia de las luchas de las redes y organizaciones<\/span><\/p>\n<p><strong><span style=\"line-height: 1.5;\">2015<\/span><\/strong><\/p>\n<p><span style=\"line-height: 1.5;\">\u2022 20-23 JUNIO, Coalici\u00f3n Europea para el Derecho a la Vivienda y a la Ciudad, Athenas, Grecia<\/span><\/p>\n<p><span style=\"line-height: 1.5;\">\u2022 OCTUBRE, Foro Regional de la Sociedad Civil para prepararse para HABITAT III, Lima, Peru<\/span><\/p>\n<p><span style=\"line-height: 1.5;\">\u2022 OCTUBRE, Anti-MIPIM, Londres, Reino Unido.<\/span><\/p>\n<p><span style=\"line-height: 1.5;\">\u2022 OCTUBRE, Jornadas Mundiales Cero Desalojos \u2013 para el Derecho al Habitat<\/span><\/p>\n<p><strong><span style=\"line-height: 1.5;\">2016<\/span><\/strong><\/p>\n<p><span style=\"line-height: 1.5;\">\u2022 MARZO, Anti-MIPIM, Cannes, Francia<\/span><\/p>\n<p><span style=\"line-height: 1.5;\">\u2022 OCTUBRE, Foro Social Urbano Mundial, Quito, Ecuador<\/span><\/p>\n<p><span style=\"line-height: 1.5;\">\u2022 OCTUBRE, Tribunal Internacional de Desalojos, Quito, Ecuador<\/span><\/p>\n<p><strong><span style=\"line-height: 1.5;\">Otras reuniones a tener en cuenta:<\/span><\/strong><\/p>\n<p><span style=\"line-height: 1.5;\">Para obtener una lista completa vea Open Calendar<\/span><\/p>\n<p><span style=\"line-height: 1.5;\">\u2022 MAYO, Segundo Foro sobre Vivienda Adecuada en Am\u00e9rica Latina y el Caribe, Monterrey, M\u00e9xico<\/span><\/p>\n<p><span style=\"line-height: 1.5;\">\u2022 6 \u2013 8 MAYO, Sixth Asia Pacific Urban Forum, Centro de Conferencias de la ONU, Rajdamnern Nok<\/span><\/p>\n<p dir=\"ltr\">Avenue, Bangkok (Krung Thep), Tailandia<\/p>\n<p><span style=\"line-height: 1.5;\">\u2022 26 \u2013 27 MAYO, Audiencias informales con las ONG, la sociedad civil, los grupos principales y el sector\u00a0<\/span><span style=\"line-height: 1.5;\">privado sobre la Agenda de Desarrollo Post-2015, Oficina Central de la ONU, Nueva York, EE.UU.<\/span><\/p>\n<p><span style=\"line-height: 1.5;\">\u2022 10 \u2013 12 JUNIO, Quinto Foro Urbano Anual del Caribe (CUF5), Castries, Santa Lucia<\/span><\/p>\n<p><span style=\"line-height: 1.5;\">\u2022 29 NOVIEMBRE \u2013 3 DICIEMBRE, Africities 7, Johannesburg, Sud\u00e1frica<\/span><\/p>\n<p><strong><span style=\"line-height: 1.5;\">2016<\/span><\/strong><\/p>\n<p><span style=\"line-height: 1.5;\">\u2022 17 \u2013 21 OCTUBRE, HABITAT III, Quito, Ecuador<\/span><\/p>\n<p>Informaci\u00f3n y adhesi\u00f3n:<\/p>\n<p><a href=\"http:\/\/www.habitants.org\/\" target=\"_blank\">Alianza Internacional de Habitantes<\/a><\/p>\n<p><span style=\"line-height: 1.5;\">e-mail:\u00a0<\/span><span style=\"line-height: 1.5;\">amn-wai2015@habitants.org<\/span><\/p>\n<p><a href=\"http:\/\/www.hic-net.org\/\" target=\"_blank\">Coalici\u00f3n Internacional del H\u00e1bitat<\/a><\/p>\n<p><span style=\"line-height: 1.5;\">e-mail:\u00a0<\/span><span style=\"line-height: 1.5;\">gs@hic-net.org<\/span><\/p>\n","protected":false},"featured_media":0,"template":"","meta":{"_acf_changed":false,"_et_pb_use_builder":"","_et_pb_old_content":"","_et_gb_content_width":"","cybocfi_hide_featured_image":""},"categories":[],"themes":[],"agendas_globales":[],"class_list":["post-52826","news","type-news","status-publish","hentry"],"acf":[],"yoast_head":"<!-- This site is optimized with the Yoast SEO plugin v27.5 - https:\/\/yoast.com\/product\/yoast-seo-wordpress\/ -->\n<title>Declaraci\u00f3n de la Asamblea Mundial de los Habitantes - Right to the city<\/title>\n<meta name=\"robots\" content=\"index, follow, max-snippet:-1, max-image-preview:large, max-video-preview:-1\" \/>\n<link rel=\"canonical\" href=\"https:\/\/www.right2city.org\/es\/news\/declaracion-de-la-asamblea-mundial-de-los-habitantes\/\" \/>\n<meta property=\"og:locale\" content=\"es_ES\" \/>\n<meta property=\"og:type\" content=\"article\" \/>\n<meta property=\"og:title\" content=\"Declaraci\u00f3n de la Asamblea Mundial de los Habitantes - Right to the city\" \/>\n<meta property=\"og:description\" content=\"Nosotros\/as, los\/as participantes de la Asamblea Mundial de los Habitantes, reunidos en T\u00fanez del 24 al 28 de marzo de 2015, nos hemos encontrado para realizar varias actividades agrupadas en siete temas en el marco del Foro Social Mundial para continuar\u00a0los procesos de convergencia que se han venido organizando en numerosas reuniones previas, incluida la [&hellip;]\" \/>\n<meta property=\"og:url\" content=\"https:\/\/www.right2city.org\/es\/news\/declaracion-de-la-asamblea-mundial-de-los-habitantes\/\" \/>\n<meta property=\"og:site_name\" content=\"Right to the city\" \/>\n<meta property=\"og:image\" content=\"https:\/\/www.right2city.org\/wp-content\/uploads\/2020\/01\/alianza-hic_fsm1.jpg\" \/>\n<meta name=\"twitter:card\" content=\"summary_large_image\" \/>\n<meta name=\"twitter:label1\" content=\"Tiempo de lectura\" \/>\n\t<meta name=\"twitter:data1\" content=\"5 minutos\" \/>\n<script type=\"application\/ld+json\" class=\"yoast-schema-graph\">{\"@context\":\"https:\\\/\\\/schema.org\",\"@graph\":[{\"@type\":\"WebPage\",\"@id\":\"https:\\\/\\\/www.right2city.org\\\/es\\\/news\\\/declaracion-de-la-asamblea-mundial-de-los-habitantes\\\/\",\"url\":\"https:\\\/\\\/www.right2city.org\\\/es\\\/news\\\/declaracion-de-la-asamblea-mundial-de-los-habitantes\\\/\",\"name\":\"Declaraci\u00f3n de la Asamblea Mundial de los Habitantes - Right to the city\",\"isPartOf\":{\"@id\":\"https:\\\/\\\/www.right2city.org\\\/es\\\/#website\"},\"primaryImageOfPage\":{\"@id\":\"https:\\\/\\\/www.right2city.org\\\/es\\\/news\\\/declaracion-de-la-asamblea-mundial-de-los-habitantes\\\/#primaryimage\"},\"image\":{\"@id\":\"https:\\\/\\\/www.right2city.org\\\/es\\\/news\\\/declaracion-de-la-asamblea-mundial-de-los-habitantes\\\/#primaryimage\"},\"thumbnailUrl\":\"https:\\\/\\\/www.right2city.org\\\/wp-content\\\/uploads\\\/2020\\\/01\\\/alianza-hic_fsm1.jpg\",\"datePublished\":\"2015-05-25T17:06:27+00:00\",\"breadcrumb\":{\"@id\":\"https:\\\/\\\/www.right2city.org\\\/es\\\/news\\\/declaracion-de-la-asamblea-mundial-de-los-habitantes\\\/#breadcrumb\"},\"inLanguage\":\"es\",\"potentialAction\":[{\"@type\":\"ReadAction\",\"target\":[\"https:\\\/\\\/www.right2city.org\\\/es\\\/news\\\/declaracion-de-la-asamblea-mundial-de-los-habitantes\\\/\"]}]},{\"@type\":\"ImageObject\",\"inLanguage\":\"es\",\"@id\":\"https:\\\/\\\/www.right2city.org\\\/es\\\/news\\\/declaracion-de-la-asamblea-mundial-de-los-habitantes\\\/#primaryimage\",\"url\":\"https:\\\/\\\/www.right2city.org\\\/wp-content\\\/uploads\\\/2020\\\/01\\\/alianza-hic_fsm1.jpg\",\"contentUrl\":\"https:\\\/\\\/www.right2city.org\\\/wp-content\\\/uploads\\\/2020\\\/01\\\/alianza-hic_fsm1.jpg\"},{\"@type\":\"BreadcrumbList\",\"@id\":\"https:\\\/\\\/www.right2city.org\\\/es\\\/news\\\/declaracion-de-la-asamblea-mundial-de-los-habitantes\\\/#breadcrumb\",\"itemListElement\":[{\"@type\":\"ListItem\",\"position\":1,\"name\":\"Home\",\"item\":\"https:\\\/\\\/www.right2city.org\\\/es\\\/\"},{\"@type\":\"ListItem\",\"position\":2,\"name\":\"Noticias\",\"item\":\"https:\\\/\\\/www.right2city.org\\\/es\\\/news\\\/\"},{\"@type\":\"ListItem\",\"position\":3,\"name\":\"Declaraci\u00f3n de la Asamblea Mundial de los Habitantes\"}]},{\"@type\":\"WebSite\",\"@id\":\"https:\\\/\\\/www.right2city.org\\\/es\\\/#website\",\"url\":\"https:\\\/\\\/www.right2city.org\\\/es\\\/\",\"name\":\"Right to the city\",\"description\":\"Global Platform for the Right to the City\",\"potentialAction\":[{\"@type\":\"SearchAction\",\"target\":{\"@type\":\"EntryPoint\",\"urlTemplate\":\"https:\\\/\\\/www.right2city.org\\\/es\\\/?s={search_term_string}\"},\"query-input\":{\"@type\":\"PropertyValueSpecification\",\"valueRequired\":true,\"valueName\":\"search_term_string\"}}],\"inLanguage\":\"es\"}]}<\/script>\n<!-- \/ Yoast SEO plugin. -->","yoast_head_json":{"title":"Declaraci\u00f3n de la Asamblea Mundial de los Habitantes - Right to the city","robots":{"index":"index","follow":"follow","max-snippet":"max-snippet:-1","max-image-preview":"max-image-preview:large","max-video-preview":"max-video-preview:-1"},"canonical":"https:\/\/www.right2city.org\/es\/news\/declaracion-de-la-asamblea-mundial-de-los-habitantes\/","og_locale":"es_ES","og_type":"article","og_title":"Declaraci\u00f3n de la Asamblea Mundial de los Habitantes - Right to the city","og_description":"Nosotros\/as, los\/as participantes de la Asamblea Mundial de los Habitantes, reunidos en T\u00fanez del 24 al 28 de marzo de 2015, nos hemos encontrado para realizar varias actividades agrupadas en siete temas en el marco del Foro Social Mundial para continuar\u00a0los procesos de convergencia que se han venido organizando en numerosas reuniones previas, incluida la [&hellip;]","og_url":"https:\/\/www.right2city.org\/es\/news\/declaracion-de-la-asamblea-mundial-de-los-habitantes\/","og_site_name":"Right to the city","og_image":[{"url":"https:\/\/www.right2city.org\/wp-content\/uploads\/2020\/01\/alianza-hic_fsm1.jpg","type":"","width":"","height":""}],"twitter_card":"summary_large_image","twitter_misc":{"Tiempo de lectura":"5 minutos"},"schema":{"@context":"https:\/\/schema.org","@graph":[{"@type":"WebPage","@id":"https:\/\/www.right2city.org\/es\/news\/declaracion-de-la-asamblea-mundial-de-los-habitantes\/","url":"https:\/\/www.right2city.org\/es\/news\/declaracion-de-la-asamblea-mundial-de-los-habitantes\/","name":"Declaraci\u00f3n de la Asamblea Mundial de los Habitantes - Right to the city","isPartOf":{"@id":"https:\/\/www.right2city.org\/es\/#website"},"primaryImageOfPage":{"@id":"https:\/\/www.right2city.org\/es\/news\/declaracion-de-la-asamblea-mundial-de-los-habitantes\/#primaryimage"},"image":{"@id":"https:\/\/www.right2city.org\/es\/news\/declaracion-de-la-asamblea-mundial-de-los-habitantes\/#primaryimage"},"thumbnailUrl":"https:\/\/www.right2city.org\/wp-content\/uploads\/2020\/01\/alianza-hic_fsm1.jpg","datePublished":"2015-05-25T17:06:27+00:00","breadcrumb":{"@id":"https:\/\/www.right2city.org\/es\/news\/declaracion-de-la-asamblea-mundial-de-los-habitantes\/#breadcrumb"},"inLanguage":"es","potentialAction":[{"@type":"ReadAction","target":["https:\/\/www.right2city.org\/es\/news\/declaracion-de-la-asamblea-mundial-de-los-habitantes\/"]}]},{"@type":"ImageObject","inLanguage":"es","@id":"https:\/\/www.right2city.org\/es\/news\/declaracion-de-la-asamblea-mundial-de-los-habitantes\/#primaryimage","url":"https:\/\/www.right2city.org\/wp-content\/uploads\/2020\/01\/alianza-hic_fsm1.jpg","contentUrl":"https:\/\/www.right2city.org\/wp-content\/uploads\/2020\/01\/alianza-hic_fsm1.jpg"},{"@type":"BreadcrumbList","@id":"https:\/\/www.right2city.org\/es\/news\/declaracion-de-la-asamblea-mundial-de-los-habitantes\/#breadcrumb","itemListElement":[{"@type":"ListItem","position":1,"name":"Home","item":"https:\/\/www.right2city.org\/es\/"},{"@type":"ListItem","position":2,"name":"Noticias","item":"https:\/\/www.right2city.org\/es\/news\/"},{"@type":"ListItem","position":3,"name":"Declaraci\u00f3n de la Asamblea Mundial de los Habitantes"}]},{"@type":"WebSite","@id":"https:\/\/www.right2city.org\/es\/#website","url":"https:\/\/www.right2city.org\/es\/","name":"Right to the city","description":"Global Platform for the Right to the City","potentialAction":[{"@type":"SearchAction","target":{"@type":"EntryPoint","urlTemplate":"https:\/\/www.right2city.org\/es\/?s={search_term_string}"},"query-input":{"@type":"PropertyValueSpecification","valueRequired":true,"valueName":"search_term_string"}}],"inLanguage":"es"}]}},"_links":{"self":[{"href":"https:\/\/www.right2city.org\/es\/wp-json\/wp\/v2\/news\/52826","targetHints":{"allow":["GET"]}}],"collection":[{"href":"https:\/\/www.right2city.org\/es\/wp-json\/wp\/v2\/news"}],"about":[{"href":"https:\/\/www.right2city.org\/es\/wp-json\/wp\/v2\/types\/news"}],"wp:attachment":[{"href":"https:\/\/www.right2city.org\/es\/wp-json\/wp\/v2\/media?parent=52826"}],"wp:term":[{"taxonomy":"category","embeddable":true,"href":"https:\/\/www.right2city.org\/es\/wp-json\/wp\/v2\/categories?post=52826"},{"taxonomy":"themes","embeddable":true,"href":"https:\/\/www.right2city.org\/es\/wp-json\/wp\/v2\/themes?post=52826"},{"taxonomy":"agendas_globales","embeddable":true,"href":"https:\/\/www.right2city.org\/es\/wp-json\/wp\/v2\/agendas_globales?post=52826"}],"curies":[{"name":"wp","href":"https:\/\/api.w.org\/{rel}","templated":true}]}}