{"id":52834,"date":"2015-09-26T05:09:09","date_gmt":"2015-09-26T03:09:09","guid":{"rendered":"https:\/\/www.right2city.org\/news\/gpr2c-participates-of-the-sustainable-development-summit-meeting-in-nyc\/"},"modified":"2015-09-26T05:09:09","modified_gmt":"2015-09-26T03:09:09","slug":"gpr2c-participates-of-the-sustainable-development-summit-meeting-in-nyc","status":"publish","type":"news","link":"https:\/\/www.right2city.org\/es\/news\/gpr2c-participates-of-the-sustainable-development-summit-meeting-in-nyc\/","title":{"rendered":"GPR2C participa en la Cumbre sobre el Desarrollo Sostenible en Nueva York"},"content":{"rendered":"<p class=\"p1\" style=\"text-align: center;\"><a href=\"https:\/\/www.right2city.org\/wp-content\/uploads\/2020\/01\/DC_identidade_global3_2.png\"><img loading=\"lazy\" decoding=\"async\" class=\"aligncenter size-large wp-image-1365\" src=\"https:\/\/www.right2city.org\/wp-content\/uploads\/2020\/01\/DC_identidade_global3_2-1024x635.png\" alt=\"DC_identidade_global3_2\" width=\"604\" height=\"375\" \/><\/a><\/p>\n<p><span lang=\"ES\">La Plataforma por el Derecho a la Ciudad (GPR2C, por sus siglas en ingl\u00e9s) participa en el debate sobre la Agenda Post-2015 dentro de la <\/span><a href=\"http:\/\/www.un.org\/sustainabledevelopment\/es\/\"><span lang=\"ES\">Cumbre sobre el Desarrollo Sostenible<\/span><\/a><span lang=\"ES\"> en la ciudad de Nueva York del 25 al 28 de septiembre de 2015. El encuentro se desarrolla en paralelo a la Asamblea General de la ONU.<\/span><\/p>\n<p><span lang=\"ES\">Representada por algunos de sus miembros, como H\u00e1bitat por la Humanidad, la Coalici\u00f3n Internacional del H\u00e1bitat, ActionAid, el Instituto Polis, Wiego y <\/span><span lang=\"ES\">Communitas Coalition, la Plataforma llevar\u00e1 temas en el marco del Derecho a la Ciudad al debate sobre la Nueva Agenda Urbana, que est\u00e1 en proceso de elaboraci\u00f3n.<\/span><\/p>\n<p><span lang=\"ES\">Durante estos d\u00edas, los 193 estados miembro de Naciones Unidas aprobar\u00e1n el documento final de la Agenda 2030 de los ODS (Objetivos de Desarrollo Sostenible). El objetivo principal es eliminar la pobreza en el mundo en los pr\u00f3ximos quince a\u00f1os, adem\u00e1s de centrarse en \u00e1reas de \u00abimportancia cr\u00edtica para la humanidad y el planeta\u00bb: Personas, Planeta, Prosperidad, Paz y Alianzas.<\/span><\/p>\n<p><span lang=\"ES\">Seg\u00fan la declaraci\u00f3n, los 17 ODS y las 169 metas anunciados demuestran la escala y ambici\u00f3n de la nueva Agenda universal. \u00abBuscan construir sobre los Objetivos del Desarrollo del Milenio y completar los objetivos que no se han alcanzado. Tratan de realizar los derechos humanos de todas-os y conseguir el equilibrio de g\u00e9nero y el empoderamiento de todas las mujeres y ni\u00f1as. Los derechos humanos son indivisibles, est\u00e1n relacionados entre s\u00ed y equilibran las tres dimensiones del desarrollo sostenible: la econ\u00f3mica, social y medioambiental\u00bb.<\/span><\/p>\n<p><span lang=\"ES\">El documento tambi\u00e9n incluye temas de la Nueva Agenda Urbana y espera con inter\u00e9s H\u00e1bitat III (la Conferencia de Naciones Unidas sobre Vivienda y Desarrollo Urbano Sostenible), que se celebrar\u00e1 en Quito, Ecuador, en octubre 2016.<\/span><\/p>\n<p><span lang=\"ES\">El objetivo 11 tiene la intenci\u00f3n de hacer ciudades y asentamientos humanos inclusivos, seguros, resilientes y sostenibles. \u00bb Para 2030, garantizar el acceso para todos-as a una vivienda y servicios b\u00e1sicos adecuados, seguros y asequibles y mejorar las zonas urbanas empobrecidas\u00bb. Para alcanzar este objetivo, la GPR2C cree que el Derecho a la Ciudad es la piedra angular de todas las medidas que se adopten para este fin.<\/span><\/p>\n<p><strong><span lang=\"ES\">Comunidad de Pensadores Urbanos<\/span><\/strong><\/p>\n<p><span lang=\"ES\">El 28, Communitas Coalition presentar\u00e1 un <a href=\"http:\/\/www.worldurbancampaign.org\/wp-content\/uploads\/2015\/09\/Urban-Thinker-Community-Post-2015-Events.pdf\">panel<\/a> sobre los ODSs (Objetivos de Desarrollo Sostenible) y H\u00e1bitat III en la Fundaci\u00f3n Ford. El evento de la Comunidad de Pensadores Urbanos (Urban Thinker Community, en ingl\u00e9s) examinar\u00e1 la manera de fomentar la urbanizaci\u00f3n sostenible a nivel local, subnacional, nacional e internacional seg\u00fan las necesidades de las personas y el planeta.<\/span>Para m\u00e1s informaci\u00f3n contacte <a href=\"mailto:info@communitascoalition.org\" target=\"_blank\">info@communitascoalition.org<\/a>.<\/p>\n<p><span lang=\"ES\">La Plataforma Global por el Derecho a la Ciudad<\/span><\/p>\n<p><a href=\"http:\/\/www.right2city.org\/\" target=\"_blank\"><span lang=\"ES\">www.right2city.org<\/span><\/a><\/p>\n<p><a href=\"mailto:contact@right2city.org\" target=\"_blank\"><span lang=\"ES\">contact@right2city.org<\/span><\/a><\/p>\n<p><a href=\"mailto:media@right2city.org\" target=\"_blank\"><span lang=\"ES\">media@right2city.org<\/span><\/a><\/p>\n<p><span lang=\"ES\">S\u00edguenos en:<\/span><\/p>\n<p><a href=\"https:\/\/twitter.com\/Right2CityGP\" target=\"_blank\">Twitter<\/a>\u00a0\/\u00a0<a href=\"https:\/\/www.facebook.com\/pages\/Global-Platform-for-the-Right-to-the-City\/532314866881073?ref=aymt_homepage_panel\" target=\"_blank\">Facebook<\/a>\u00a0\/\u00a0<a href=\"https:\/\/www.youtube.com\/channel\/UCtbvts5JZt7eKhUph2N7vNA\" target=\"_blank\">Youtube<\/a>\u00a0\/\u00a0<a href=\"https:\/\/plus.google.com\/u\/1\/101371410689112992584\/posts\" target=\"_blank\">Google+<\/a><\/p>\n","protected":false},"featured_media":0,"template":"","meta":{"_acf_changed":false,"_et_pb_use_builder":"","_et_pb_old_content":"","_et_gb_content_width":"","cybocfi_hide_featured_image":""},"categories":[],"themes":[],"agendas_globales":[],"class_list":["post-52834","news","type-news","status-publish","hentry"],"acf":[],"yoast_head":"<!-- This site is optimized with the Yoast SEO plugin v27.5 - https:\/\/yoast.com\/product\/yoast-seo-wordpress\/ -->\n<title>GPR2C participa en la Cumbre sobre el Desarrollo Sostenible en Nueva York - Right to the city<\/title>\n<meta name=\"robots\" content=\"index, follow, max-snippet:-1, max-image-preview:large, max-video-preview:-1\" \/>\n<link rel=\"canonical\" href=\"https:\/\/www.right2city.org\/es\/news\/gpr2c-participates-of-the-sustainable-development-summit-meeting-in-nyc\/\" \/>\n<meta property=\"og:locale\" content=\"es_ES\" \/>\n<meta property=\"og:type\" content=\"article\" \/>\n<meta property=\"og:title\" content=\"GPR2C participa en la Cumbre sobre el Desarrollo Sostenible en Nueva York - Right to the city\" \/>\n<meta property=\"og:description\" content=\"La Plataforma por el Derecho a la Ciudad (GPR2C, por sus siglas en ingl\u00e9s) participa en el debate sobre la Agenda Post-2015 dentro de la Cumbre sobre el Desarrollo Sostenible en la ciudad de Nueva York del 25 al 28 de septiembre de 2015. El encuentro se desarrolla en paralelo a la Asamblea General de [&hellip;]\" \/>\n<meta property=\"og:url\" content=\"https:\/\/www.right2city.org\/es\/news\/gpr2c-participates-of-the-sustainable-development-summit-meeting-in-nyc\/\" \/>\n<meta property=\"og:site_name\" content=\"Right to the city\" \/>\n<meta property=\"og:image\" content=\"https:\/\/www.right2city.org\/wp-content\/uploads\/2020\/01\/DC_identidade_global3_2-1024x635.png\" \/>\n<meta name=\"twitter:card\" content=\"summary_large_image\" \/>\n<meta name=\"twitter:label1\" content=\"Tiempo de lectura\" \/>\n\t<meta name=\"twitter:data1\" content=\"2 minutos\" \/>\n<script type=\"application\/ld+json\" class=\"yoast-schema-graph\">{\"@context\":\"https:\\\/\\\/schema.org\",\"@graph\":[{\"@type\":\"WebPage\",\"@id\":\"https:\\\/\\\/www.right2city.org\\\/es\\\/news\\\/gpr2c-participates-of-the-sustainable-development-summit-meeting-in-nyc\\\/\",\"url\":\"https:\\\/\\\/www.right2city.org\\\/es\\\/news\\\/gpr2c-participates-of-the-sustainable-development-summit-meeting-in-nyc\\\/\",\"name\":\"GPR2C participa en la Cumbre sobre el Desarrollo Sostenible en Nueva York - Right to the city\",\"isPartOf\":{\"@id\":\"https:\\\/\\\/www.right2city.org\\\/es\\\/#website\"},\"primaryImageOfPage\":{\"@id\":\"https:\\\/\\\/www.right2city.org\\\/es\\\/news\\\/gpr2c-participates-of-the-sustainable-development-summit-meeting-in-nyc\\\/#primaryimage\"},\"image\":{\"@id\":\"https:\\\/\\\/www.right2city.org\\\/es\\\/news\\\/gpr2c-participates-of-the-sustainable-development-summit-meeting-in-nyc\\\/#primaryimage\"},\"thumbnailUrl\":\"https:\\\/\\\/www.right2city.org\\\/wp-content\\\/uploads\\\/2020\\\/01\\\/DC_identidade_global3_2-1024x635.png\",\"datePublished\":\"2015-09-26T03:09:09+00:00\",\"breadcrumb\":{\"@id\":\"https:\\\/\\\/www.right2city.org\\\/es\\\/news\\\/gpr2c-participates-of-the-sustainable-development-summit-meeting-in-nyc\\\/#breadcrumb\"},\"inLanguage\":\"es\",\"potentialAction\":[{\"@type\":\"ReadAction\",\"target\":[\"https:\\\/\\\/www.right2city.org\\\/es\\\/news\\\/gpr2c-participates-of-the-sustainable-development-summit-meeting-in-nyc\\\/\"]}]},{\"@type\":\"ImageObject\",\"inLanguage\":\"es\",\"@id\":\"https:\\\/\\\/www.right2city.org\\\/es\\\/news\\\/gpr2c-participates-of-the-sustainable-development-summit-meeting-in-nyc\\\/#primaryimage\",\"url\":\"https:\\\/\\\/www.right2city.org\\\/wp-content\\\/uploads\\\/2020\\\/01\\\/DC_identidade_global3_2-1024x635.png\",\"contentUrl\":\"https:\\\/\\\/www.right2city.org\\\/wp-content\\\/uploads\\\/2020\\\/01\\\/DC_identidade_global3_2-1024x635.png\"},{\"@type\":\"BreadcrumbList\",\"@id\":\"https:\\\/\\\/www.right2city.org\\\/es\\\/news\\\/gpr2c-participates-of-the-sustainable-development-summit-meeting-in-nyc\\\/#breadcrumb\",\"itemListElement\":[{\"@type\":\"ListItem\",\"position\":1,\"name\":\"Home\",\"item\":\"https:\\\/\\\/www.right2city.org\\\/es\\\/\"},{\"@type\":\"ListItem\",\"position\":2,\"name\":\"Noticias\",\"item\":\"https:\\\/\\\/www.right2city.org\\\/es\\\/news\\\/\"},{\"@type\":\"ListItem\",\"position\":3,\"name\":\"GPR2C participa en la Cumbre sobre el Desarrollo Sostenible en Nueva York\"}]},{\"@type\":\"WebSite\",\"@id\":\"https:\\\/\\\/www.right2city.org\\\/es\\\/#website\",\"url\":\"https:\\\/\\\/www.right2city.org\\\/es\\\/\",\"name\":\"Right to the city\",\"description\":\"Global Platform for the Right to the City\",\"potentialAction\":[{\"@type\":\"SearchAction\",\"target\":{\"@type\":\"EntryPoint\",\"urlTemplate\":\"https:\\\/\\\/www.right2city.org\\\/es\\\/?s={search_term_string}\"},\"query-input\":{\"@type\":\"PropertyValueSpecification\",\"valueRequired\":true,\"valueName\":\"search_term_string\"}}],\"inLanguage\":\"es\"}]}<\/script>\n<!-- \/ Yoast SEO plugin. -->","yoast_head_json":{"title":"GPR2C participa en la Cumbre sobre el Desarrollo Sostenible en Nueva York - Right to the city","robots":{"index":"index","follow":"follow","max-snippet":"max-snippet:-1","max-image-preview":"max-image-preview:large","max-video-preview":"max-video-preview:-1"},"canonical":"https:\/\/www.right2city.org\/es\/news\/gpr2c-participates-of-the-sustainable-development-summit-meeting-in-nyc\/","og_locale":"es_ES","og_type":"article","og_title":"GPR2C participa en la Cumbre sobre el Desarrollo Sostenible en Nueva York - Right to the city","og_description":"La Plataforma por el Derecho a la Ciudad (GPR2C, por sus siglas en ingl\u00e9s) participa en el debate sobre la Agenda Post-2015 dentro de la Cumbre sobre el Desarrollo Sostenible en la ciudad de Nueva York del 25 al 28 de septiembre de 2015. El encuentro se desarrolla en paralelo a la Asamblea General de [&hellip;]","og_url":"https:\/\/www.right2city.org\/es\/news\/gpr2c-participates-of-the-sustainable-development-summit-meeting-in-nyc\/","og_site_name":"Right to the city","og_image":[{"url":"https:\/\/www.right2city.org\/wp-content\/uploads\/2020\/01\/DC_identidade_global3_2-1024x635.png","type":"","width":"","height":""}],"twitter_card":"summary_large_image","twitter_misc":{"Tiempo de lectura":"2 minutos"},"schema":{"@context":"https:\/\/schema.org","@graph":[{"@type":"WebPage","@id":"https:\/\/www.right2city.org\/es\/news\/gpr2c-participates-of-the-sustainable-development-summit-meeting-in-nyc\/","url":"https:\/\/www.right2city.org\/es\/news\/gpr2c-participates-of-the-sustainable-development-summit-meeting-in-nyc\/","name":"GPR2C participa en la Cumbre sobre el Desarrollo Sostenible en Nueva York - Right to the city","isPartOf":{"@id":"https:\/\/www.right2city.org\/es\/#website"},"primaryImageOfPage":{"@id":"https:\/\/www.right2city.org\/es\/news\/gpr2c-participates-of-the-sustainable-development-summit-meeting-in-nyc\/#primaryimage"},"image":{"@id":"https:\/\/www.right2city.org\/es\/news\/gpr2c-participates-of-the-sustainable-development-summit-meeting-in-nyc\/#primaryimage"},"thumbnailUrl":"https:\/\/www.right2city.org\/wp-content\/uploads\/2020\/01\/DC_identidade_global3_2-1024x635.png","datePublished":"2015-09-26T03:09:09+00:00","breadcrumb":{"@id":"https:\/\/www.right2city.org\/es\/news\/gpr2c-participates-of-the-sustainable-development-summit-meeting-in-nyc\/#breadcrumb"},"inLanguage":"es","potentialAction":[{"@type":"ReadAction","target":["https:\/\/www.right2city.org\/es\/news\/gpr2c-participates-of-the-sustainable-development-summit-meeting-in-nyc\/"]}]},{"@type":"ImageObject","inLanguage":"es","@id":"https:\/\/www.right2city.org\/es\/news\/gpr2c-participates-of-the-sustainable-development-summit-meeting-in-nyc\/#primaryimage","url":"https:\/\/www.right2city.org\/wp-content\/uploads\/2020\/01\/DC_identidade_global3_2-1024x635.png","contentUrl":"https:\/\/www.right2city.org\/wp-content\/uploads\/2020\/01\/DC_identidade_global3_2-1024x635.png"},{"@type":"BreadcrumbList","@id":"https:\/\/www.right2city.org\/es\/news\/gpr2c-participates-of-the-sustainable-development-summit-meeting-in-nyc\/#breadcrumb","itemListElement":[{"@type":"ListItem","position":1,"name":"Home","item":"https:\/\/www.right2city.org\/es\/"},{"@type":"ListItem","position":2,"name":"Noticias","item":"https:\/\/www.right2city.org\/es\/news\/"},{"@type":"ListItem","position":3,"name":"GPR2C participa en la Cumbre sobre el Desarrollo Sostenible en Nueva York"}]},{"@type":"WebSite","@id":"https:\/\/www.right2city.org\/es\/#website","url":"https:\/\/www.right2city.org\/es\/","name":"Right to the city","description":"Global Platform for the Right to the City","potentialAction":[{"@type":"SearchAction","target":{"@type":"EntryPoint","urlTemplate":"https:\/\/www.right2city.org\/es\/?s={search_term_string}"},"query-input":{"@type":"PropertyValueSpecification","valueRequired":true,"valueName":"search_term_string"}}],"inLanguage":"es"}]}},"_links":{"self":[{"href":"https:\/\/www.right2city.org\/es\/wp-json\/wp\/v2\/news\/52834","targetHints":{"allow":["GET"]}}],"collection":[{"href":"https:\/\/www.right2city.org\/es\/wp-json\/wp\/v2\/news"}],"about":[{"href":"https:\/\/www.right2city.org\/es\/wp-json\/wp\/v2\/types\/news"}],"wp:attachment":[{"href":"https:\/\/www.right2city.org\/es\/wp-json\/wp\/v2\/media?parent=52834"}],"wp:term":[{"taxonomy":"category","embeddable":true,"href":"https:\/\/www.right2city.org\/es\/wp-json\/wp\/v2\/categories?post=52834"},{"taxonomy":"themes","embeddable":true,"href":"https:\/\/www.right2city.org\/es\/wp-json\/wp\/v2\/themes?post=52834"},{"taxonomy":"agendas_globales","embeddable":true,"href":"https:\/\/www.right2city.org\/es\/wp-json\/wp\/v2\/agendas_globales?post=52834"}],"curies":[{"name":"wp","href":"https:\/\/api.w.org\/{rel}","templated":true}]}}