{"id":52877,"date":"2017-06-27T10:40:35","date_gmt":"2017-06-27T08:40:35","guid":{"rendered":"https:\/\/www.right2city.org\/news\/espanol-mujeres-y-ciudad-aportes-para-la-incidencia-politica-sobre-el-derecho-a-la-ciudad\/"},"modified":"2017-06-27T10:40:35","modified_gmt":"2017-06-27T08:40:35","slug":"espanol-mujeres-y-ciudad-aportes-para-la-incidencia-politica-sobre-el-derecho-a-la-ciudad","status":"publish","type":"news","link":"https:\/\/www.right2city.org\/es\/news\/espanol-mujeres-y-ciudad-aportes-para-la-incidencia-politica-sobre-el-derecho-a-la-ciudad\/","title":{"rendered":"Mujeres y Ciudad, aportes para la incidencia pol\u00edtica sobre el Derecho a la Ciudad."},"content":{"rendered":"<p style=\"text-align: justify;\">En el contexto de avanzada conservadora que estamos viviendo en Am\u00e9rica latina en particular pero en general en todo el mundo, que nos est\u00e1 llamando \u2018feminazis\u2019, que est\u00e1 abriendo las puertas para el retroceso en temas que pens\u00e1bamos que hab\u00edamos ganado e instalado en la agenda social y de los gobiernos, cada vez estamos m\u00e1s convencidas de que tenemos que estar alerta y unidas en algunos puntos de esta agenda: ese tiene que ser nuestro pacto, respetando nuestras diversidades y disidencias. Pacto que es necesario extender a los movimientos sociales, en particular a los urbanos-ambientales, por ello nos convoca y participamos comprometidamente en la Plataforma Global por el Derecho a la Ciudad.<\/p>\n<p style=\"text-align: justify;\"><span style=\"font-weight: 400;\">Es en esta coyuntura que organizamos este espacio de encuentro, como un momento imprescindible y necesario de encuentro para escucharnos, conocernos y reconocernos; donde poder intercambiar sobre los temas que \u00a0venimos trabajando desde hace 30 a\u00f1os, las mujeres y el h\u00e1bitat, las ciudades seguras para todas. As\u00ed, en un trabajo conjunto con todo el equipo de Ciscsa \/ Red Mujer y H\u00e1bitat, Femges (UNC) y \u00a0otras instituciones, en el marco del esfuerzo de incidencia pol\u00edtica feminista que hacemos desde la Articulaci\u00f3n Feminista Mercosur, organizamos el Seminario-Taller \u201cMujeres y ciudad: (in) justicias territoriales\u00bb, que se realiz\u00f3 el 4 y 5 de mayo en la Universidad Nacional de C\u00f3rdoba, Argentina. \u00a0El resultado del mismo dej\u00f3 temas cr\u00edticos sobre los cuales trabajar y el compromiso de una red de g\u00e9nero para la incidencia en las pol\u00edticas de h\u00e1bitat, para garantizar \u00a0los derechos de las mujeres y la diversidad de identidades sociales. <\/span><\/p>\n<p style=\"text-align: justify;\"><span style=\"font-weight: 400;\">Logramos un Seminario Taller en el que estuvieran representados m\u00e1s de 100 espacios institucionales (centros de investigaci\u00f3n, ONG\u00b4s, organizaciones sociales y de base territorial, estudiantiles, equipos de salud y de programas de desarrollo social, entre tantos otros). Entre todos y todas realizamos una reflexi\u00f3n cr\u00edtica en clave feminista sobre el derecho de las mujeres a la ciudad, la planificaci\u00f3n urbana desde el g\u00e9nero y las experiencias territoriales de resistencia donde las protagonistas fueron las organizaciones sociales y de mujeres de Argentina y de la regi\u00f3n.<\/span><\/p>\n<p style=\"text-align: justify;\"><span style=\"font-weight: 400;\">Era necesario. Es que si el conservadurismo avanza, el feminismo hoy se encuentra en estado de ebullici\u00f3n. Se multiplica, convoca multitudes en las calles -con movimientos como el de #NiUnaMenos- pero tambi\u00e9n en la academia, en los sindicatos, en los partidos pol\u00edticos, en los barrios, \u00a0en el movimiento social urbano, en lxs ambientalistas, y tambien convoc\u00f3 en un seminario-taller como el que organizamos, donde las y los asistentes llenaron hasta los pasillos que rodeaban el auditorio para participar activamente de los espacios de intercambio y para escuchar las conferencias magistrales de referentes internacionales. <\/span><\/p>\n<p style=\"text-align: justify;\"><span style=\"font-weight: 400;\">En los espacios de intercambio surgieron temas imprescindibles: la necesidad de fortalecer las organizaciones de mujeres as\u00ed como de politizar los debates y las demandas de las mujeres en torno a su derecho a la ciudad. Esto no equivale solamente a servicios, vivienda o \u00a0participaci\u00f3n: supone el ejercicio pleno de los derechos, empoderamiento y construcci\u00f3n colectiva. <\/span><\/p>\n<p style=\"text-align: justify;\"><span style=\"font-weight: 400;\">Tambi\u00e9n se habl\u00f3 de la necesidad de formaci\u00f3n pol\u00edtica y de espacios de encuentro y participaci\u00f3n de las mujeres, as\u00ed como de servicios de calidad e integrales \u00a0en los territorios, el concepto de proximidad que nos aporto Jane Jacobs ya en 1961, \u00a0la cercania de los servicios al espacio cotidiano, al territorio del vecindario, que transitan las mujeres. <\/span><\/p>\n<p style=\"text-align: justify;\"><span style=\"font-weight: 400;\">La visibilizaci\u00f3n de las tareas de cuidado que siguen siendo responsabilidad mayoritaria de las mujeres fue otra de las grandes preocupaciones, vinculando los tiempos de cuidado con los servicios p\u00fablicos, con la calidad y tiempo del transporte en las ciudades, y tambi\u00e9n como forma de cuestionar las construcciones heteropatriarcales sobre los roles de g\u00e9nero y la divisi\u00f3n sexual del trabajo que persiste. <\/span><\/p>\n<p style=\"text-align: justify;\"><span style=\"font-weight: 400;\">Rita Segatto, investigadora argentina en la Universidad de Brasilia, conferencista en el evento, aport\u00f3 propuestas y planteos innovadores \u00a0que cuestionan las construcciones hegem\u00f3nicas sobre las violencias hacia las mujeres -ligadas a la violencia f\u00edsica e intrafamiliar- y que, indagan en el mundo simb\u00f3lico y de codigos y pactos de la construccion patriarcal y de poder masculino sobre las mujers y \u00a0los cuerpos de las mujeres en conductas disciplinadoras. \u00a0Se enfatiz\u00f3 la necesidad de \u00a0jerarquizar las pol\u00edticas p\u00fablicas que aborden las condiciones que sostienen y reproducen esas violencias.<\/span><\/p>\n<p style=\"text-align: justify;\"><span style=\"font-weight: 400;\">El arte y el humor como estrategias de acci\u00f3n y de empoderamiento, tuvieron un lugar destacado, as\u00ed como pensaren estrategias para que las mujeres puedan transitar y disfrutar los espacios p\u00fablicos. Todo lo cual se consolid\u00f3 en las propuestas para el fortalecimiento de articulaciones, redes, para reconocer y alentar el trabajo colectivo para construir propuestas m\u00e1s eficaces y garantizar que los derechos de las mujeres y otras identidades discriminadas sea por edad, por etnia, raza, o identidad sexual u otras. <\/span><\/p>\n<p style=\"text-align: justify;\"><span style=\"font-weight: 400;\">Es as\u00ed como durante las dos jornadas del encuentro nos dedicamos a hacer lo que la una de las conferencistas, la soci\u00f3loga espa\u00f1ola Mar\u00eda \u00c1ngeles Dur\u00e1n, plante\u00f3 en el cierre; es decir, a pensar el futuro que queremos, a hacerlo y construirlo no s\u00f3lo con reclamaci\u00f3n y reivindicaci\u00f3n sino tambi\u00e9n con imaginaci\u00f3n, esperanza y afecto.\u00a0<\/span><\/p>\n<p style=\"text-align: justify;\"><em>Art\u00edculo por Ana Fal\u00fa,\u00a0Activista por los Derechos de las Mujeres y los DDHH. CISCSA &#8211; Red Mujer y H\u00e1bitat LAC \/ HIC, AFM \u2013Articulaci\u00f3n Feminista Marcosur-, Plataforma Global por el Derecho a la Ciudad. Prof. e Investigadora de la Universidad Nacional de Cordoba, Argentina. Directora del INVIHAB \u2013Instituto de Investigaciones de Vivienda y H\u00e1bitat.\u00a0<\/em><\/p>\n","protected":false},"featured_media":0,"template":"","meta":{"_acf_changed":false,"_et_pb_use_builder":"","_et_pb_old_content":"","_et_gb_content_width":"","cybocfi_hide_featured_image":""},"categories":[],"themes":[],"agendas_globales":[],"class_list":["post-52877","news","type-news","status-publish","hentry"],"acf":[],"yoast_head":"<!-- This site is optimized with the Yoast SEO plugin v27.5 - https:\/\/yoast.com\/product\/yoast-seo-wordpress\/ -->\n<title>Mujeres y Ciudad, aportes para la incidencia pol\u00edtica sobre el Derecho a la Ciudad. - Right to the city<\/title>\n<meta name=\"robots\" content=\"index, follow, max-snippet:-1, max-image-preview:large, max-video-preview:-1\" \/>\n<link rel=\"canonical\" href=\"https:\/\/www.right2city.org\/es\/news\/espanol-mujeres-y-ciudad-aportes-para-la-incidencia-politica-sobre-el-derecho-a-la-ciudad\/\" \/>\n<meta property=\"og:locale\" content=\"es_ES\" \/>\n<meta property=\"og:type\" content=\"article\" \/>\n<meta property=\"og:title\" content=\"Mujeres y Ciudad, aportes para la incidencia pol\u00edtica sobre el Derecho a la Ciudad. - Right to the city\" \/>\n<meta property=\"og:description\" content=\"En el contexto de avanzada conservadora que estamos viviendo en Am\u00e9rica latina en particular pero en general en todo el mundo, que nos est\u00e1 llamando \u2018feminazis\u2019, que est\u00e1 abriendo las puertas para el retroceso en temas que pens\u00e1bamos que hab\u00edamos ganado e instalado en la agenda social y de los gobiernos, cada vez estamos m\u00e1s [&hellip;]\" \/>\n<meta property=\"og:url\" content=\"https:\/\/www.right2city.org\/es\/news\/espanol-mujeres-y-ciudad-aportes-para-la-incidencia-politica-sobre-el-derecho-a-la-ciudad\/\" \/>\n<meta property=\"og:site_name\" content=\"Right to the city\" \/>\n<meta name=\"twitter:card\" content=\"summary_large_image\" \/>\n<meta name=\"twitter:label1\" content=\"Tiempo de lectura\" \/>\n\t<meta name=\"twitter:data1\" content=\"5 minutos\" \/>\n<script type=\"application\/ld+json\" class=\"yoast-schema-graph\">{\"@context\":\"https:\\\/\\\/schema.org\",\"@graph\":[{\"@type\":\"WebPage\",\"@id\":\"https:\\\/\\\/www.right2city.org\\\/es\\\/news\\\/espanol-mujeres-y-ciudad-aportes-para-la-incidencia-politica-sobre-el-derecho-a-la-ciudad\\\/\",\"url\":\"https:\\\/\\\/www.right2city.org\\\/es\\\/news\\\/espanol-mujeres-y-ciudad-aportes-para-la-incidencia-politica-sobre-el-derecho-a-la-ciudad\\\/\",\"name\":\"Mujeres y Ciudad, aportes para la incidencia pol\u00edtica sobre el Derecho a la Ciudad. - Right to the city\",\"isPartOf\":{\"@id\":\"https:\\\/\\\/www.right2city.org\\\/es\\\/#website\"},\"datePublished\":\"2017-06-27T08:40:35+00:00\",\"breadcrumb\":{\"@id\":\"https:\\\/\\\/www.right2city.org\\\/es\\\/news\\\/espanol-mujeres-y-ciudad-aportes-para-la-incidencia-politica-sobre-el-derecho-a-la-ciudad\\\/#breadcrumb\"},\"inLanguage\":\"es\",\"potentialAction\":[{\"@type\":\"ReadAction\",\"target\":[\"https:\\\/\\\/www.right2city.org\\\/es\\\/news\\\/espanol-mujeres-y-ciudad-aportes-para-la-incidencia-politica-sobre-el-derecho-a-la-ciudad\\\/\"]}]},{\"@type\":\"BreadcrumbList\",\"@id\":\"https:\\\/\\\/www.right2city.org\\\/es\\\/news\\\/espanol-mujeres-y-ciudad-aportes-para-la-incidencia-politica-sobre-el-derecho-a-la-ciudad\\\/#breadcrumb\",\"itemListElement\":[{\"@type\":\"ListItem\",\"position\":1,\"name\":\"Home\",\"item\":\"https:\\\/\\\/www.right2city.org\\\/es\\\/\"},{\"@type\":\"ListItem\",\"position\":2,\"name\":\"Noticias\",\"item\":\"https:\\\/\\\/www.right2city.org\\\/es\\\/news\\\/\"},{\"@type\":\"ListItem\",\"position\":3,\"name\":\"Mujeres y Ciudad, aportes para la incidencia pol\u00edtica sobre el Derecho a la Ciudad.\"}]},{\"@type\":\"WebSite\",\"@id\":\"https:\\\/\\\/www.right2city.org\\\/es\\\/#website\",\"url\":\"https:\\\/\\\/www.right2city.org\\\/es\\\/\",\"name\":\"Right to the city\",\"description\":\"Global Platform for the Right to the City\",\"potentialAction\":[{\"@type\":\"SearchAction\",\"target\":{\"@type\":\"EntryPoint\",\"urlTemplate\":\"https:\\\/\\\/www.right2city.org\\\/es\\\/?s={search_term_string}\"},\"query-input\":{\"@type\":\"PropertyValueSpecification\",\"valueRequired\":true,\"valueName\":\"search_term_string\"}}],\"inLanguage\":\"es\"}]}<\/script>\n<!-- \/ Yoast SEO plugin. -->","yoast_head_json":{"title":"Mujeres y Ciudad, aportes para la incidencia pol\u00edtica sobre el Derecho a la Ciudad. - Right to the city","robots":{"index":"index","follow":"follow","max-snippet":"max-snippet:-1","max-image-preview":"max-image-preview:large","max-video-preview":"max-video-preview:-1"},"canonical":"https:\/\/www.right2city.org\/es\/news\/espanol-mujeres-y-ciudad-aportes-para-la-incidencia-politica-sobre-el-derecho-a-la-ciudad\/","og_locale":"es_ES","og_type":"article","og_title":"Mujeres y Ciudad, aportes para la incidencia pol\u00edtica sobre el Derecho a la Ciudad. - Right to the city","og_description":"En el contexto de avanzada conservadora que estamos viviendo en Am\u00e9rica latina en particular pero en general en todo el mundo, que nos est\u00e1 llamando \u2018feminazis\u2019, que est\u00e1 abriendo las puertas para el retroceso en temas que pens\u00e1bamos que hab\u00edamos ganado e instalado en la agenda social y de los gobiernos, cada vez estamos m\u00e1s [&hellip;]","og_url":"https:\/\/www.right2city.org\/es\/news\/espanol-mujeres-y-ciudad-aportes-para-la-incidencia-politica-sobre-el-derecho-a-la-ciudad\/","og_site_name":"Right to the city","twitter_card":"summary_large_image","twitter_misc":{"Tiempo de lectura":"5 minutos"},"schema":{"@context":"https:\/\/schema.org","@graph":[{"@type":"WebPage","@id":"https:\/\/www.right2city.org\/es\/news\/espanol-mujeres-y-ciudad-aportes-para-la-incidencia-politica-sobre-el-derecho-a-la-ciudad\/","url":"https:\/\/www.right2city.org\/es\/news\/espanol-mujeres-y-ciudad-aportes-para-la-incidencia-politica-sobre-el-derecho-a-la-ciudad\/","name":"Mujeres y Ciudad, aportes para la incidencia pol\u00edtica sobre el Derecho a la Ciudad. - Right to the city","isPartOf":{"@id":"https:\/\/www.right2city.org\/es\/#website"},"datePublished":"2017-06-27T08:40:35+00:00","breadcrumb":{"@id":"https:\/\/www.right2city.org\/es\/news\/espanol-mujeres-y-ciudad-aportes-para-la-incidencia-politica-sobre-el-derecho-a-la-ciudad\/#breadcrumb"},"inLanguage":"es","potentialAction":[{"@type":"ReadAction","target":["https:\/\/www.right2city.org\/es\/news\/espanol-mujeres-y-ciudad-aportes-para-la-incidencia-politica-sobre-el-derecho-a-la-ciudad\/"]}]},{"@type":"BreadcrumbList","@id":"https:\/\/www.right2city.org\/es\/news\/espanol-mujeres-y-ciudad-aportes-para-la-incidencia-politica-sobre-el-derecho-a-la-ciudad\/#breadcrumb","itemListElement":[{"@type":"ListItem","position":1,"name":"Home","item":"https:\/\/www.right2city.org\/es\/"},{"@type":"ListItem","position":2,"name":"Noticias","item":"https:\/\/www.right2city.org\/es\/news\/"},{"@type":"ListItem","position":3,"name":"Mujeres y Ciudad, aportes para la incidencia pol\u00edtica sobre el Derecho a la Ciudad."}]},{"@type":"WebSite","@id":"https:\/\/www.right2city.org\/es\/#website","url":"https:\/\/www.right2city.org\/es\/","name":"Right to the city","description":"Global Platform for the Right to the City","potentialAction":[{"@type":"SearchAction","target":{"@type":"EntryPoint","urlTemplate":"https:\/\/www.right2city.org\/es\/?s={search_term_string}"},"query-input":{"@type":"PropertyValueSpecification","valueRequired":true,"valueName":"search_term_string"}}],"inLanguage":"es"}]}},"_links":{"self":[{"href":"https:\/\/www.right2city.org\/es\/wp-json\/wp\/v2\/news\/52877","targetHints":{"allow":["GET"]}}],"collection":[{"href":"https:\/\/www.right2city.org\/es\/wp-json\/wp\/v2\/news"}],"about":[{"href":"https:\/\/www.right2city.org\/es\/wp-json\/wp\/v2\/types\/news"}],"wp:attachment":[{"href":"https:\/\/www.right2city.org\/es\/wp-json\/wp\/v2\/media?parent=52877"}],"wp:term":[{"taxonomy":"category","embeddable":true,"href":"https:\/\/www.right2city.org\/es\/wp-json\/wp\/v2\/categories?post=52877"},{"taxonomy":"themes","embeddable":true,"href":"https:\/\/www.right2city.org\/es\/wp-json\/wp\/v2\/themes?post=52877"},{"taxonomy":"agendas_globales","embeddable":true,"href":"https:\/\/www.right2city.org\/es\/wp-json\/wp\/v2\/agendas_globales?post=52877"}],"curies":[{"name":"wp","href":"https:\/\/api.w.org\/{rel}","templated":true}]}}