{"id":52879,"date":"2017-06-29T09:15:09","date_gmt":"2017-06-29T07:15:09","guid":{"rendered":"https:\/\/www.right2city.org\/news\/espanol-el-derecho-a-la-ciudad-en-la-nueva-constitucion-de-chile\/"},"modified":"2017-06-29T09:15:09","modified_gmt":"2017-06-29T07:15:09","slug":"espanol-el-derecho-a-la-ciudad-en-la-nueva-constitucion-de-chile","status":"publish","type":"news","link":"https:\/\/www.right2city.org\/es\/news\/espanol-el-derecho-a-la-ciudad-en-la-nueva-constitucion-de-chile\/","title":{"rendered":"El Derecho a la Ciudad en la nueva Constituci\u00f3n de Chile"},"content":{"rendered":"<p style=\"text-align: justify;\">En el marco de la discusi\u00f3n que sobre los contenidos de la Nueva Constituci\u00f3n para Chile que se abri\u00f3 durante el oto\u00f1o de 2016, nos pareci\u00f3 oportuno, y tambi\u00e9n necesario, impulsar el debate ciudadano sobre c\u00f3mo queremos que sean nuestras ciudades en el futuro. Tomando como base los Derechos Humanos, en especial la igualdad de derechos y la no discriminaci\u00f3n as\u00ed como los bienes y servicios b\u00e1sicos en la ciudad asociados a estos derechos.<\/p>\n<p style=\"text-align: justify;\">En la campa\u00f1a trabajamos en la generaci\u00f3n de contenidos para el debate y la sensibilizaci\u00f3n respecto a temas cr\u00edticos que debieran ser incorporados al nuevo marco constitucional. Ya desde 2015, ven\u00edamos investigando las condiciones necesarias para que el desarrollo urbano y territorial se realice en un marco de respeto a los derechos humanos y c\u00f3mo estos hab\u00edan sido incorporados en las Constituciones Iberoamericanas.<\/p>\n<p style=\"text-align: justify;\">Dentro de la complejidad y diversidad de temas que implica la construcci\u00f3n de la ciudad, debimos elegir los que nos parec\u00eda m\u00e1s importante abordar, como la desigualdad, la segregaci\u00f3n en todas sus formas, los bienes comunes, el patrimonio, la vivienda o las zonas verdes y el medio ambiente.<\/p>\n<p style=\"text-align: justify;\">Por todo ello, decidimos impulsar una campa\u00f1a de difusi\u00f3n de aquellos temas que consider\u00e1bamos que no deber\u00edan quedar ausentes de la discusi\u00f3n p\u00fablica, dada su relevancia en la vida cotidiana. En una primera fase de la campa\u00f1a, desarrollada durante 2016, se elabor\u00f3 una <a href=\"http:\/\/www.derechoyterritorio.com\/material-de-discusion\/\">serie de seis postales<\/a> en las que, partiendo de la constataci\u00f3n de ciertas carencias en temas clave para la vida de las personas, queda en evidencia el incumplimiento de algunos derechos fundamentales y se invita a pensar en las causas y la necesidad de encontrar soluciones.<\/p>\n<p style=\"text-align: justify;\">Para la campa\u00f1a 2017 se realizaron tres videos, de dos minutos cada uno, sobre <a href=\"https:\/\/www.youtube.com\/watch?time_continue=17&amp;v=Tn6VMQcc8aM\"><i>Derechos Humanos en la ciudad y el territorio<\/i><\/a><i>, <\/i><a href=\"https:\/\/www.youtube.com\/watch?v=lASAyedw0Io\"><i>Derecho a la\u00a0Vivienda Adecuada<\/i><\/a> y <a href=\"https:\/\/www.youtube.com\/watch?v=je1RoGjc6k0\"><i>Derecho a participar de las plusval\u00edas<\/i><\/a>. Si en principio la ciudad estaba en el centro de inter\u00e9s, pronto vimos la importancia de incorporar el territorio a nuestro debate. Por ello, uno de los seminarios que organizamos este a\u00f1o fue: \u201c<a href=\"http:\/\/www.derechoyterritorio.com\/chile-territorio-en-riesgo\/#more-405\">Chile, Territorio en Riesgo<\/a>\u201d, que atrajo a mucha gente a la que no est\u00e1bamos llegando con un discurso puramente constitucional. El territorio est\u00e1 asociado a la contaminaci\u00f3n, a la ordenaci\u00f3n territorial; al uso y abuso de los recursos naturales. Son otros temas en una escala m\u00e1s amplia. Estamos hablando de acceso al mar, a los lagos, a contar con bosques nativos, a c\u00f3mo se va utilizar el agua, o qu\u00e9 futuro queremos para las especies.<\/p>\n<p style=\"text-align: justify;\">El \u00faltimo seminario celebrado hasta el momento retom\u00f3 plenamente el motivo inicial de nuestros trabajos y se centr\u00f3 en \u00a0algunas <a href=\"http:\/\/www.derechoyterritorio.com\/category\/actividades\/\"><i>Miradas\u00a0al Chile y la Nueva Constituci\u00f3n que queremos<\/i><\/a>. Los diagn\u00f3sticos de la ciudad y el territorio actuales desde perspectivas complementarias -derechos humanos, derecho a la ciudad, legislaci\u00f3n- aportaron nuevos argumentos al debate sobre la Constituci\u00f3n el pa\u00eds que queremos.<\/p>\n<p style=\"text-align: justify;\"><em>Art\u00edculo por\u00a0Maricarmen Tapia. Arquitecta urbanista. Coordinadora campa\u00f1a.<\/em><\/p>\n<p style=\"text-align: justify;\"><em>Web: <a href=\"http:\/\/www.derechoyterritorio.com\">www.derechoyterritorio.com<\/a><\/em><\/p>\n<p style=\"text-align: justify;\"><em>Facebook: <a href=\"https:\/\/www.facebook.com\/porelderechoalaciudadyelterritorio\/\">https:\/\/www.facebook.com\/porelderechoalaciudadyelterritorio\/<\/a><\/em><\/p>\n<p style=\"text-align: justify;\"><em>Twitter: @Derecho_yTerrit <\/em><\/p>\n<p style=\"text-align: justify;\"><em>Canal Youtube: <a href=\"http:\/\/www.derechoyterritorio.com\/canal-youtube\/\">http:\/\/www.derechoyterritorio.com\/canal-youtube\/<\/a><\/em><\/p>\n","protected":false},"featured_media":0,"template":"","meta":{"_acf_changed":false,"_et_pb_use_builder":"","_et_pb_old_content":"","_et_gb_content_width":"","cybocfi_hide_featured_image":""},"categories":[],"themes":[],"agendas_globales":[],"class_list":["post-52879","news","type-news","status-publish","hentry"],"acf":[],"yoast_head":"<!-- This site is optimized with the Yoast SEO plugin v27.5 - https:\/\/yoast.com\/product\/yoast-seo-wordpress\/ -->\n<title>El Derecho a la Ciudad en la nueva Constituci\u00f3n de Chile - Right to the city<\/title>\n<meta name=\"robots\" content=\"index, follow, max-snippet:-1, max-image-preview:large, max-video-preview:-1\" \/>\n<link rel=\"canonical\" href=\"https:\/\/www.right2city.org\/es\/news\/espanol-el-derecho-a-la-ciudad-en-la-nueva-constitucion-de-chile\/\" \/>\n<meta property=\"og:locale\" content=\"es_ES\" \/>\n<meta property=\"og:type\" content=\"article\" \/>\n<meta property=\"og:title\" content=\"El Derecho a la Ciudad en la nueva Constituci\u00f3n de Chile - Right to the city\" \/>\n<meta property=\"og:description\" content=\"En el marco de la discusi\u00f3n que sobre los contenidos de la Nueva Constituci\u00f3n para Chile que se abri\u00f3 durante el oto\u00f1o de 2016, nos pareci\u00f3 oportuno, y tambi\u00e9n necesario, impulsar el debate ciudadano sobre c\u00f3mo queremos que sean nuestras ciudades en el futuro. Tomando como base los Derechos Humanos, en especial la igualdad de [&hellip;]\" \/>\n<meta property=\"og:url\" content=\"https:\/\/www.right2city.org\/es\/news\/espanol-el-derecho-a-la-ciudad-en-la-nueva-constitucion-de-chile\/\" \/>\n<meta property=\"og:site_name\" content=\"Right to the city\" \/>\n<meta name=\"twitter:card\" content=\"summary_large_image\" \/>\n<meta name=\"twitter:label1\" content=\"Tiempo de lectura\" \/>\n\t<meta name=\"twitter:data1\" content=\"3 minutos\" \/>\n<script type=\"application\/ld+json\" class=\"yoast-schema-graph\">{\"@context\":\"https:\\\/\\\/schema.org\",\"@graph\":[{\"@type\":\"WebPage\",\"@id\":\"https:\\\/\\\/www.right2city.org\\\/es\\\/news\\\/espanol-el-derecho-a-la-ciudad-en-la-nueva-constitucion-de-chile\\\/\",\"url\":\"https:\\\/\\\/www.right2city.org\\\/es\\\/news\\\/espanol-el-derecho-a-la-ciudad-en-la-nueva-constitucion-de-chile\\\/\",\"name\":\"El Derecho a la Ciudad en la nueva Constituci\u00f3n de Chile - Right to the city\",\"isPartOf\":{\"@id\":\"https:\\\/\\\/www.right2city.org\\\/es\\\/#website\"},\"datePublished\":\"2017-06-29T07:15:09+00:00\",\"breadcrumb\":{\"@id\":\"https:\\\/\\\/www.right2city.org\\\/es\\\/news\\\/espanol-el-derecho-a-la-ciudad-en-la-nueva-constitucion-de-chile\\\/#breadcrumb\"},\"inLanguage\":\"es\",\"potentialAction\":[{\"@type\":\"ReadAction\",\"target\":[\"https:\\\/\\\/www.right2city.org\\\/es\\\/news\\\/espanol-el-derecho-a-la-ciudad-en-la-nueva-constitucion-de-chile\\\/\"]}]},{\"@type\":\"BreadcrumbList\",\"@id\":\"https:\\\/\\\/www.right2city.org\\\/es\\\/news\\\/espanol-el-derecho-a-la-ciudad-en-la-nueva-constitucion-de-chile\\\/#breadcrumb\",\"itemListElement\":[{\"@type\":\"ListItem\",\"position\":1,\"name\":\"Home\",\"item\":\"https:\\\/\\\/www.right2city.org\\\/es\\\/\"},{\"@type\":\"ListItem\",\"position\":2,\"name\":\"Noticias\",\"item\":\"https:\\\/\\\/www.right2city.org\\\/es\\\/news\\\/\"},{\"@type\":\"ListItem\",\"position\":3,\"name\":\"El Derecho a la Ciudad en la nueva Constituci\u00f3n de Chile\"}]},{\"@type\":\"WebSite\",\"@id\":\"https:\\\/\\\/www.right2city.org\\\/es\\\/#website\",\"url\":\"https:\\\/\\\/www.right2city.org\\\/es\\\/\",\"name\":\"Right to the city\",\"description\":\"Global Platform for the Right to the City\",\"potentialAction\":[{\"@type\":\"SearchAction\",\"target\":{\"@type\":\"EntryPoint\",\"urlTemplate\":\"https:\\\/\\\/www.right2city.org\\\/es\\\/?s={search_term_string}\"},\"query-input\":{\"@type\":\"PropertyValueSpecification\",\"valueRequired\":true,\"valueName\":\"search_term_string\"}}],\"inLanguage\":\"es\"}]}<\/script>\n<!-- \/ Yoast SEO plugin. -->","yoast_head_json":{"title":"El Derecho a la Ciudad en la nueva Constituci\u00f3n de Chile - Right to the city","robots":{"index":"index","follow":"follow","max-snippet":"max-snippet:-1","max-image-preview":"max-image-preview:large","max-video-preview":"max-video-preview:-1"},"canonical":"https:\/\/www.right2city.org\/es\/news\/espanol-el-derecho-a-la-ciudad-en-la-nueva-constitucion-de-chile\/","og_locale":"es_ES","og_type":"article","og_title":"El Derecho a la Ciudad en la nueva Constituci\u00f3n de Chile - Right to the city","og_description":"En el marco de la discusi\u00f3n que sobre los contenidos de la Nueva Constituci\u00f3n para Chile que se abri\u00f3 durante el oto\u00f1o de 2016, nos pareci\u00f3 oportuno, y tambi\u00e9n necesario, impulsar el debate ciudadano sobre c\u00f3mo queremos que sean nuestras ciudades en el futuro. Tomando como base los Derechos Humanos, en especial la igualdad de [&hellip;]","og_url":"https:\/\/www.right2city.org\/es\/news\/espanol-el-derecho-a-la-ciudad-en-la-nueva-constitucion-de-chile\/","og_site_name":"Right to the city","twitter_card":"summary_large_image","twitter_misc":{"Tiempo de lectura":"3 minutos"},"schema":{"@context":"https:\/\/schema.org","@graph":[{"@type":"WebPage","@id":"https:\/\/www.right2city.org\/es\/news\/espanol-el-derecho-a-la-ciudad-en-la-nueva-constitucion-de-chile\/","url":"https:\/\/www.right2city.org\/es\/news\/espanol-el-derecho-a-la-ciudad-en-la-nueva-constitucion-de-chile\/","name":"El Derecho a la Ciudad en la nueva Constituci\u00f3n de Chile - Right to the city","isPartOf":{"@id":"https:\/\/www.right2city.org\/es\/#website"},"datePublished":"2017-06-29T07:15:09+00:00","breadcrumb":{"@id":"https:\/\/www.right2city.org\/es\/news\/espanol-el-derecho-a-la-ciudad-en-la-nueva-constitucion-de-chile\/#breadcrumb"},"inLanguage":"es","potentialAction":[{"@type":"ReadAction","target":["https:\/\/www.right2city.org\/es\/news\/espanol-el-derecho-a-la-ciudad-en-la-nueva-constitucion-de-chile\/"]}]},{"@type":"BreadcrumbList","@id":"https:\/\/www.right2city.org\/es\/news\/espanol-el-derecho-a-la-ciudad-en-la-nueva-constitucion-de-chile\/#breadcrumb","itemListElement":[{"@type":"ListItem","position":1,"name":"Home","item":"https:\/\/www.right2city.org\/es\/"},{"@type":"ListItem","position":2,"name":"Noticias","item":"https:\/\/www.right2city.org\/es\/news\/"},{"@type":"ListItem","position":3,"name":"El Derecho a la Ciudad en la nueva Constituci\u00f3n de Chile"}]},{"@type":"WebSite","@id":"https:\/\/www.right2city.org\/es\/#website","url":"https:\/\/www.right2city.org\/es\/","name":"Right to the city","description":"Global Platform for the Right to the City","potentialAction":[{"@type":"SearchAction","target":{"@type":"EntryPoint","urlTemplate":"https:\/\/www.right2city.org\/es\/?s={search_term_string}"},"query-input":{"@type":"PropertyValueSpecification","valueRequired":true,"valueName":"search_term_string"}}],"inLanguage":"es"}]}},"_links":{"self":[{"href":"https:\/\/www.right2city.org\/es\/wp-json\/wp\/v2\/news\/52879","targetHints":{"allow":["GET"]}}],"collection":[{"href":"https:\/\/www.right2city.org\/es\/wp-json\/wp\/v2\/news"}],"about":[{"href":"https:\/\/www.right2city.org\/es\/wp-json\/wp\/v2\/types\/news"}],"wp:attachment":[{"href":"https:\/\/www.right2city.org\/es\/wp-json\/wp\/v2\/media?parent=52879"}],"wp:term":[{"taxonomy":"category","embeddable":true,"href":"https:\/\/www.right2city.org\/es\/wp-json\/wp\/v2\/categories?post=52879"},{"taxonomy":"themes","embeddable":true,"href":"https:\/\/www.right2city.org\/es\/wp-json\/wp\/v2\/themes?post=52879"},{"taxonomy":"agendas_globales","embeddable":true,"href":"https:\/\/www.right2city.org\/es\/wp-json\/wp\/v2\/agendas_globales?post=52879"}],"curies":[{"name":"wp","href":"https:\/\/api.w.org\/{rel}","templated":true}]}}