{"id":52883,"date":"2017-09-15T14:05:12","date_gmt":"2017-09-15T12:05:12","guid":{"rendered":"https:\/\/www.right2city.org\/news\/defending-our-cities-in-a-showcase-europe\/"},"modified":"2020-05-14T13:47:04","modified_gmt":"2020-05-14T11:47:04","slug":"defending-our-cities-in-a-showcase-europe","status":"publish","type":"news","link":"https:\/\/www.right2city.org\/es\/news\/defending-our-cities-in-a-showcase-europe\/","title":{"rendered":"Defender nuestras ciudades en la \u00abEuropa escaparate\u00bb"},"content":{"rendered":"<p><strong>Irene Escorihuela, Observatori DESC<\/strong><\/p>\n<p><a href=\"http:\/\/www.righttothecityplatform.org.br\/defending-our-cities-in-a-showcase-europe\/europe-bcn-no-en-venda\/\" rel=\"attachment wp-att-2517\"><img loading=\"lazy\" decoding=\"async\" class=\"aligncenter size-full wp-image-2517\" src=\"https:\/\/www.right2city.org\/wp-content\/uploads\/2020\/01\/Europe-BCN-no-en-venda.jpeg\" alt=\"\" width=\"700\" height=\"393\" \/><\/a><\/p>\n<p>Hoy en d\u00eda, las ciudades europeas afrontan retos inmensos. Como consecuencia de la crisis econ\u00f3mica y de su gesti\u00f3n pro-austeridad, los derechos sociales han sufrido fuertes retrocesos. Por su parte, tambi\u00e9n los derechos civiles y pol\u00edticos se ven amenazados en la \u201cEuropa fortaleza\u201d y con una creciente extrema derecha xen\u00f3foba. Mientras tanto, las ciudades se convierten en lugares de visita o de paso d\u00f3nde vivir resulta cada d\u00eda m\u00e1s dif\u00edcil.<\/p>\n<p>Alcanzar una vida digna en los pueblos y ciudades de Europa pasa por garantizar una vivienda digna, especialmente en un contexto de especulaci\u00f3n inmobiliaria, aumento de los alquileres y desahucios. Adem\u00e1s, las ciudades deber\u00edan contar con servicios b\u00e1sicos y gesti\u00f3n p\u00fablica de calidad. Al mismo tiempo, un buen sistema de transporte p\u00fablico asequible se plantea como una necesidad ante el colapso de las ciudades, con niveles de contaminaci\u00f3n insostenibles.<\/p>\n<p>En Europa, el avance en los debates por la renta b\u00e1sica es desigual en funci\u00f3n de cada gobierno nacional. El Derecho a la Ciudad debe incluir tambi\u00e9n la lucha por un empleo digno, que detenga la precariedad laboral, combata la desigualdad salarial y deje de criminalizar el trabajo informal. La pobreza, la malnutrici\u00f3n y la infravivienda no dejan de aumentar en nuestras ciudades, mientras que el asistencialismo no termina de dar paso al enfoque de derechos en las pol\u00edticas p\u00fablicas. La discriminaci\u00f3n y criminalizaci\u00f3n de la pobreza est\u00e1n a la orden del d\u00eda. A menudo, la privatizaci\u00f3n del espacio p\u00fablico contribuye a ello; tambi\u00e9n a una gesti\u00f3n represiva y excluyente de las calles y plazas, anteponiendo las normas de civismo a la co-creaci\u00f3n de comunes urbanos y espacios de socializaci\u00f3n, cultura y ocio.<\/p>\n<p>Por otro lado, la destrucci\u00f3n de los barrios y del tejido vecinal consecuencia del turismo y de la gentrificaci\u00f3n de algunos lugares expulsa de nuestras ciudades a vecinos y vecinas por la carest\u00eda de la vida. El modelo de ciudades cosmopolitas, modernas y <em>cool<\/em> tiene la contra en desplazamiento de la poblaci\u00f3n y la fragmentaci\u00f3n de vida comunitaria. La GPR2C ha de servir como base para reivindicar la vida vecinal y la voz ciudadana por encima de fondos de inversi\u00f3n y grandes fortunas que pretenden elitizar nuestras ciudades, precarizar nuestros trabajos y mercantilizar espacios colectivos. La GPR2C puede unir luchas, compartir estrategias y potenciar un discurso en defensa de los barrios y ciudades sostenibles y justas; en un embate de los grandes capitales y la mercantilizaci\u00f3n de los derechos sociales.<\/p>\n","protected":false},"featured_media":55264,"template":"","meta":{"_acf_changed":false,"_et_pb_use_builder":"","_et_pb_old_content":"","_et_gb_content_width":"","cybocfi_hide_featured_image":""},"categories":[],"themes":[121,126],"agendas_globales":[],"class_list":["post-52883","news","type-news","status-publish","has-post-thumbnail","hentry","themes-economias-diversas-e-inclusivas","themes-funcion-social"],"acf":[],"yoast_head":"<!-- This site is optimized with the Yoast SEO plugin v27.4 - https:\/\/yoast.com\/product\/yoast-seo-wordpress\/ -->\n<title>Defender nuestras ciudades en la &quot;Europa escaparate&quot; - Right to the city<\/title>\n<meta name=\"robots\" content=\"index, follow, max-snippet:-1, max-image-preview:large, max-video-preview:-1\" \/>\n<link rel=\"canonical\" href=\"https:\/\/www.right2city.org\/es\/news\/defending-our-cities-in-a-showcase-europe\/\" \/>\n<meta property=\"og:locale\" content=\"es_ES\" \/>\n<meta property=\"og:type\" content=\"article\" \/>\n<meta property=\"og:title\" content=\"Defender nuestras ciudades en la &quot;Europa escaparate&quot; - Right to the city\" \/>\n<meta property=\"og:description\" content=\"Irene Escorihuela, Observatori DESC Hoy en d\u00eda, las ciudades europeas afrontan retos inmensos. Como consecuencia de la crisis econ\u00f3mica y de su gesti\u00f3n pro-austeridad, los derechos sociales han sufrido fuertes retrocesos. Por su parte, tambi\u00e9n los derechos civiles y pol\u00edticos se ven amenazados en la \u201cEuropa fortaleza\u201d y con una creciente extrema derecha xen\u00f3foba. Mientras [&hellip;]\" \/>\n<meta property=\"og:url\" content=\"https:\/\/www.right2city.org\/es\/news\/defending-our-cities-in-a-showcase-europe\/\" \/>\n<meta property=\"og:site_name\" content=\"Right to the city\" \/>\n<meta property=\"article:modified_time\" content=\"2020-05-14T11:47:04+00:00\" \/>\n<meta property=\"og:image\" content=\"https:\/\/www.right2city.org\/wp-content\/uploads\/2017\/09\/Europe-BCN-no-en-venda.jpeg\" \/>\n\t<meta property=\"og:image:width\" content=\"700\" \/>\n\t<meta property=\"og:image:height\" content=\"393\" \/>\n\t<meta property=\"og:image:type\" content=\"image\/jpeg\" \/>\n<meta name=\"twitter:card\" content=\"summary_large_image\" \/>\n<meta name=\"twitter:label1\" content=\"Tiempo de lectura\" \/>\n\t<meta name=\"twitter:data1\" content=\"2 minutos\" \/>\n<script type=\"application\/ld+json\" class=\"yoast-schema-graph\">{\"@context\":\"https:\\\/\\\/schema.org\",\"@graph\":[{\"@type\":\"WebPage\",\"@id\":\"https:\\\/\\\/www.right2city.org\\\/es\\\/news\\\/defending-our-cities-in-a-showcase-europe\\\/\",\"url\":\"https:\\\/\\\/www.right2city.org\\\/es\\\/news\\\/defending-our-cities-in-a-showcase-europe\\\/\",\"name\":\"Defender nuestras ciudades en la \\\"Europa escaparate\\\" - Right to the city\",\"isPartOf\":{\"@id\":\"https:\\\/\\\/www.right2city.org\\\/es\\\/#website\"},\"primaryImageOfPage\":{\"@id\":\"https:\\\/\\\/www.right2city.org\\\/es\\\/news\\\/defending-our-cities-in-a-showcase-europe\\\/#primaryimage\"},\"image\":{\"@id\":\"https:\\\/\\\/www.right2city.org\\\/es\\\/news\\\/defending-our-cities-in-a-showcase-europe\\\/#primaryimage\"},\"thumbnailUrl\":\"https:\\\/\\\/www.right2city.org\\\/wp-content\\\/uploads\\\/2017\\\/09\\\/Europe-BCN-no-en-venda.jpeg\",\"datePublished\":\"2017-09-15T12:05:12+00:00\",\"dateModified\":\"2020-05-14T11:47:04+00:00\",\"breadcrumb\":{\"@id\":\"https:\\\/\\\/www.right2city.org\\\/es\\\/news\\\/defending-our-cities-in-a-showcase-europe\\\/#breadcrumb\"},\"inLanguage\":\"es\",\"potentialAction\":[{\"@type\":\"ReadAction\",\"target\":[\"https:\\\/\\\/www.right2city.org\\\/es\\\/news\\\/defending-our-cities-in-a-showcase-europe\\\/\"]}]},{\"@type\":\"ImageObject\",\"inLanguage\":\"es\",\"@id\":\"https:\\\/\\\/www.right2city.org\\\/es\\\/news\\\/defending-our-cities-in-a-showcase-europe\\\/#primaryimage\",\"url\":\"https:\\\/\\\/www.right2city.org\\\/wp-content\\\/uploads\\\/2017\\\/09\\\/Europe-BCN-no-en-venda.jpeg\",\"contentUrl\":\"https:\\\/\\\/www.right2city.org\\\/wp-content\\\/uploads\\\/2017\\\/09\\\/Europe-BCN-no-en-venda.jpeg\",\"width\":700,\"height\":393},{\"@type\":\"BreadcrumbList\",\"@id\":\"https:\\\/\\\/www.right2city.org\\\/es\\\/news\\\/defending-our-cities-in-a-showcase-europe\\\/#breadcrumb\",\"itemListElement\":[{\"@type\":\"ListItem\",\"position\":1,\"name\":\"Home\",\"item\":\"https:\\\/\\\/www.right2city.org\\\/es\\\/\"},{\"@type\":\"ListItem\",\"position\":2,\"name\":\"Noticias\",\"item\":\"https:\\\/\\\/www.right2city.org\\\/es\\\/news\\\/\"},{\"@type\":\"ListItem\",\"position\":3,\"name\":\"Defender nuestras ciudades en la \u00abEuropa escaparate\u00bb\"}]},{\"@type\":\"WebSite\",\"@id\":\"https:\\\/\\\/www.right2city.org\\\/es\\\/#website\",\"url\":\"https:\\\/\\\/www.right2city.org\\\/es\\\/\",\"name\":\"Right to the city\",\"description\":\"Global Platform for the Right to the City\",\"potentialAction\":[{\"@type\":\"SearchAction\",\"target\":{\"@type\":\"EntryPoint\",\"urlTemplate\":\"https:\\\/\\\/www.right2city.org\\\/es\\\/?s={search_term_string}\"},\"query-input\":{\"@type\":\"PropertyValueSpecification\",\"valueRequired\":true,\"valueName\":\"search_term_string\"}}],\"inLanguage\":\"es\"}]}<\/script>\n<!-- \/ Yoast SEO plugin. -->","yoast_head_json":{"title":"Defender nuestras ciudades en la \"Europa escaparate\" - Right to the city","robots":{"index":"index","follow":"follow","max-snippet":"max-snippet:-1","max-image-preview":"max-image-preview:large","max-video-preview":"max-video-preview:-1"},"canonical":"https:\/\/www.right2city.org\/es\/news\/defending-our-cities-in-a-showcase-europe\/","og_locale":"es_ES","og_type":"article","og_title":"Defender nuestras ciudades en la \"Europa escaparate\" - Right to the city","og_description":"Irene Escorihuela, Observatori DESC Hoy en d\u00eda, las ciudades europeas afrontan retos inmensos. Como consecuencia de la crisis econ\u00f3mica y de su gesti\u00f3n pro-austeridad, los derechos sociales han sufrido fuertes retrocesos. Por su parte, tambi\u00e9n los derechos civiles y pol\u00edticos se ven amenazados en la \u201cEuropa fortaleza\u201d y con una creciente extrema derecha xen\u00f3foba. Mientras [&hellip;]","og_url":"https:\/\/www.right2city.org\/es\/news\/defending-our-cities-in-a-showcase-europe\/","og_site_name":"Right to the city","article_modified_time":"2020-05-14T11:47:04+00:00","og_image":[{"width":700,"height":393,"url":"https:\/\/www.right2city.org\/wp-content\/uploads\/2017\/09\/Europe-BCN-no-en-venda.jpeg","type":"image\/jpeg"}],"twitter_card":"summary_large_image","twitter_misc":{"Tiempo de lectura":"2 minutos"},"schema":{"@context":"https:\/\/schema.org","@graph":[{"@type":"WebPage","@id":"https:\/\/www.right2city.org\/es\/news\/defending-our-cities-in-a-showcase-europe\/","url":"https:\/\/www.right2city.org\/es\/news\/defending-our-cities-in-a-showcase-europe\/","name":"Defender nuestras ciudades en la \"Europa escaparate\" - Right to the city","isPartOf":{"@id":"https:\/\/www.right2city.org\/es\/#website"},"primaryImageOfPage":{"@id":"https:\/\/www.right2city.org\/es\/news\/defending-our-cities-in-a-showcase-europe\/#primaryimage"},"image":{"@id":"https:\/\/www.right2city.org\/es\/news\/defending-our-cities-in-a-showcase-europe\/#primaryimage"},"thumbnailUrl":"https:\/\/www.right2city.org\/wp-content\/uploads\/2017\/09\/Europe-BCN-no-en-venda.jpeg","datePublished":"2017-09-15T12:05:12+00:00","dateModified":"2020-05-14T11:47:04+00:00","breadcrumb":{"@id":"https:\/\/www.right2city.org\/es\/news\/defending-our-cities-in-a-showcase-europe\/#breadcrumb"},"inLanguage":"es","potentialAction":[{"@type":"ReadAction","target":["https:\/\/www.right2city.org\/es\/news\/defending-our-cities-in-a-showcase-europe\/"]}]},{"@type":"ImageObject","inLanguage":"es","@id":"https:\/\/www.right2city.org\/es\/news\/defending-our-cities-in-a-showcase-europe\/#primaryimage","url":"https:\/\/www.right2city.org\/wp-content\/uploads\/2017\/09\/Europe-BCN-no-en-venda.jpeg","contentUrl":"https:\/\/www.right2city.org\/wp-content\/uploads\/2017\/09\/Europe-BCN-no-en-venda.jpeg","width":700,"height":393},{"@type":"BreadcrumbList","@id":"https:\/\/www.right2city.org\/es\/news\/defending-our-cities-in-a-showcase-europe\/#breadcrumb","itemListElement":[{"@type":"ListItem","position":1,"name":"Home","item":"https:\/\/www.right2city.org\/es\/"},{"@type":"ListItem","position":2,"name":"Noticias","item":"https:\/\/www.right2city.org\/es\/news\/"},{"@type":"ListItem","position":3,"name":"Defender nuestras ciudades en la \u00abEuropa escaparate\u00bb"}]},{"@type":"WebSite","@id":"https:\/\/www.right2city.org\/es\/#website","url":"https:\/\/www.right2city.org\/es\/","name":"Right to the city","description":"Global Platform for the Right to the City","potentialAction":[{"@type":"SearchAction","target":{"@type":"EntryPoint","urlTemplate":"https:\/\/www.right2city.org\/es\/?s={search_term_string}"},"query-input":{"@type":"PropertyValueSpecification","valueRequired":true,"valueName":"search_term_string"}}],"inLanguage":"es"}]}},"_links":{"self":[{"href":"https:\/\/www.right2city.org\/es\/wp-json\/wp\/v2\/news\/52883","targetHints":{"allow":["GET"]}}],"collection":[{"href":"https:\/\/www.right2city.org\/es\/wp-json\/wp\/v2\/news"}],"about":[{"href":"https:\/\/www.right2city.org\/es\/wp-json\/wp\/v2\/types\/news"}],"wp:featuredmedia":[{"embeddable":true,"href":"https:\/\/www.right2city.org\/es\/wp-json\/wp\/v2\/media\/55264"}],"wp:attachment":[{"href":"https:\/\/www.right2city.org\/es\/wp-json\/wp\/v2\/media?parent=52883"}],"wp:term":[{"taxonomy":"category","embeddable":true,"href":"https:\/\/www.right2city.org\/es\/wp-json\/wp\/v2\/categories?post=52883"},{"taxonomy":"themes","embeddable":true,"href":"https:\/\/www.right2city.org\/es\/wp-json\/wp\/v2\/themes?post=52883"},{"taxonomy":"agendas_globales","embeddable":true,"href":"https:\/\/www.right2city.org\/es\/wp-json\/wp\/v2\/agendas_globales?post=52883"}],"curies":[{"name":"wp","href":"https:\/\/api.w.org\/{rel}","templated":true}]}}