{"id":52884,"date":"2017-09-15T14:08:22","date_gmt":"2017-09-15T12:08:22","guid":{"rendered":"https:\/\/www.right2city.org\/news\/2520-2\/"},"modified":"2020-05-14T13:45:49","modified_gmt":"2020-05-14T11:45:49","slug":"2520-2","status":"publish","type":"news","link":"https:\/\/www.right2city.org\/es\/news\/2520-2\/","title":{"rendered":"Nuestro Bloque, Nuestro Mundo: Un punto de vista sobre la Plataforma Global desde Nueva York"},"content":{"rendered":"<p>Kazembe Balagun (Project manager at Rosa Luxemburg Foundation)<\/p>\n<p><a href=\"http:\/\/www.righttothecityplatform.org.br\/2520-2\/north-america-kazembe\/\" rel=\"attachment wp-att-2521\"><img loading=\"lazy\" decoding=\"async\" class=\"aligncenter size-full wp-image-2521\" src=\"https:\/\/www.right2city.org\/wp-content\/uploads\/2020\/01\/North-America-Kazembe.jpg\" alt=\"\" width=\"640\" height=\"429\" \/><\/a><\/p>\n<p><em>Lorena Zarate de la Plataforma Global por el Derecho a la Ciudad se encuentra con la organizaci\u00f3n local de gente sin hogar Picture the Homeless en una acci\u00f3n para pedir la creaci\u00f3n de una organizaci\u00f3n de gesti\u00f3n comunal de la tierra en suelo vacante en East Harlem.<\/em><\/p>\n<p>Para darles una idea de la necesidad de plantear la demanda del Derecho a la Ciudad en un lugar como los Estados Unidos, es importante tener en cuenta que, a pesar de la creciente crisis inmobiliaria en las ciudades y una gran crisis de desalojos\u00a0 que vio a 9.3 millones de Estadounidenses perder sus casas, ninguno de los principales candidatos presidenciales se centr\u00f3 en la cuesti\u00f3n de la vivienda en sus plataformas pol\u00edticas. El actual Presidente Donald Trump ha despreciado las ciudades al nombrar a un antiguo cirujano como jefe de vivienda y a su antiguo organizador de partido como gestor regional de vivienda para Nueva York, d\u00f3nde se encuentra el mayor stock de vivienda p\u00fablica del pa\u00eds.<\/p>\n<p>Hasta en un ambiente dif\u00edcil como el actual, los activistas por el Derecho a la Ciudad tienen m\u00e1s oportunidades y potencial que nunca antes para transformar el paisaje urbano. Una oportunidad clara es la popularidad del concepto de ciudades \u00absantuario\u00bb. Si bien este t\u00e9rmino se refer\u00eda originalmente a la defensa del derecho de los inmigrantes a quedarse, los activistas est\u00e1n usando este espacio para expandir el concepto e incluir la promoci\u00f3n de la renta controlada, fortalecer el transporte p\u00fablico y asegurar la justicia racial para todos. Y con el ascenso de alcaldes progresistas en lugares como Jackson, Mississippi conectados con sus contrapartes en ciudades como Barcelona, estamos observando\u00a0 solidaridad internacional en tiempo real.<\/p>\n<p>La reciente reuni\u00f3n de la Plataforma Global por el Derecho a la Ciudad en Nueva York mostr\u00f3 el impacto y la importancia de la acci\u00f3n coordinada y los esfuerzos en incidencia. Parecido al \u00e9xito en incorporar la reivindicaci\u00f3n del Derecho a la Ciudad dentro del proceso de Habitat III de Naciones Unidas, los activistas de Norte Am\u00e9rica han estado construyendo una consciencia colectiva entorno al Derecho a la Ciudad mediante la campa\u00f1a \u00abNaci\u00f3n Inquilina\u00bb, que construye puentes entre comunidades rurales y urbanas, y conecta comunidades entre Estados Unidos y Canad\u00e1 en materia de justicia racial y de vivienda.<\/p>\n<p>A medida que la Plataforma Global contin\u00faa desarroll\u00e1ndose, la cuesti\u00f3n de los desalojos debe ser abordada asegurando el cumplimiento de los mandatos internacionales por parte de los estados y desarrollando iniciativas locales para dejar de tratar la vivienda como una mercanc\u00eda y fortalecer el derecho colectivo a la vivienda.<\/p>\n","protected":false},"featured_media":55260,"template":"","meta":{"_acf_changed":false,"_et_pb_use_builder":"","_et_pb_old_content":"","_et_gb_content_width":"","cybocfi_hide_featured_image":""},"categories":[],"themes":[126],"agendas_globales":[],"class_list":["post-52884","news","type-news","status-publish","has-post-thumbnail","hentry","themes-funcion-social"],"acf":[],"yoast_head":"<!-- This site is optimized with the Yoast SEO plugin v27.5 - https:\/\/yoast.com\/product\/yoast-seo-wordpress\/ -->\n<title>Nuestro Bloque, Nuestro Mundo: Un punto de vista sobre la Plataforma Global desde Nueva York - Right to the city<\/title>\n<meta name=\"robots\" content=\"index, follow, max-snippet:-1, max-image-preview:large, max-video-preview:-1\" \/>\n<link rel=\"canonical\" href=\"https:\/\/www.right2city.org\/es\/news\/2520-2\/\" \/>\n<meta property=\"og:locale\" content=\"es_ES\" \/>\n<meta property=\"og:type\" content=\"article\" \/>\n<meta property=\"og:title\" content=\"Nuestro Bloque, Nuestro Mundo: Un punto de vista sobre la Plataforma Global desde Nueva York - Right to the city\" \/>\n<meta property=\"og:description\" content=\"Kazembe Balagun (Project manager at Rosa Luxemburg Foundation) Lorena Zarate de la Plataforma Global por el Derecho a la Ciudad se encuentra con la organizaci\u00f3n local de gente sin hogar Picture the Homeless en una acci\u00f3n para pedir la creaci\u00f3n de una organizaci\u00f3n de gesti\u00f3n comunal de la tierra en suelo vacante en East Harlem. [&hellip;]\" \/>\n<meta property=\"og:url\" content=\"https:\/\/www.right2city.org\/es\/news\/2520-2\/\" \/>\n<meta property=\"og:site_name\" content=\"Right to the city\" \/>\n<meta property=\"article:modified_time\" content=\"2020-05-14T11:45:49+00:00\" \/>\n<meta property=\"og:image\" content=\"https:\/\/www.right2city.org\/wp-content\/uploads\/2017\/09\/North-America-Kazembe.jpg\" \/>\n\t<meta property=\"og:image:width\" content=\"640\" \/>\n\t<meta property=\"og:image:height\" content=\"429\" \/>\n\t<meta property=\"og:image:type\" content=\"image\/jpeg\" \/>\n<meta name=\"twitter:card\" content=\"summary_large_image\" \/>\n<meta name=\"twitter:label1\" content=\"Tiempo de lectura\" \/>\n\t<meta name=\"twitter:data1\" content=\"2 minutos\" \/>\n<script type=\"application\/ld+json\" class=\"yoast-schema-graph\">{\"@context\":\"https:\\\/\\\/schema.org\",\"@graph\":[{\"@type\":\"WebPage\",\"@id\":\"https:\\\/\\\/www.right2city.org\\\/es\\\/news\\\/2520-2\\\/\",\"url\":\"https:\\\/\\\/www.right2city.org\\\/es\\\/news\\\/2520-2\\\/\",\"name\":\"Nuestro Bloque, Nuestro Mundo: Un punto de vista sobre la Plataforma Global desde Nueva York - Right to the city\",\"isPartOf\":{\"@id\":\"https:\\\/\\\/www.right2city.org\\\/es\\\/#website\"},\"primaryImageOfPage\":{\"@id\":\"https:\\\/\\\/www.right2city.org\\\/es\\\/news\\\/2520-2\\\/#primaryimage\"},\"image\":{\"@id\":\"https:\\\/\\\/www.right2city.org\\\/es\\\/news\\\/2520-2\\\/#primaryimage\"},\"thumbnailUrl\":\"https:\\\/\\\/www.right2city.org\\\/wp-content\\\/uploads\\\/2017\\\/09\\\/North-America-Kazembe.jpg\",\"datePublished\":\"2017-09-15T12:08:22+00:00\",\"dateModified\":\"2020-05-14T11:45:49+00:00\",\"breadcrumb\":{\"@id\":\"https:\\\/\\\/www.right2city.org\\\/es\\\/news\\\/2520-2\\\/#breadcrumb\"},\"inLanguage\":\"es\",\"potentialAction\":[{\"@type\":\"ReadAction\",\"target\":[\"https:\\\/\\\/www.right2city.org\\\/es\\\/news\\\/2520-2\\\/\"]}]},{\"@type\":\"ImageObject\",\"inLanguage\":\"es\",\"@id\":\"https:\\\/\\\/www.right2city.org\\\/es\\\/news\\\/2520-2\\\/#primaryimage\",\"url\":\"https:\\\/\\\/www.right2city.org\\\/wp-content\\\/uploads\\\/2017\\\/09\\\/North-America-Kazembe.jpg\",\"contentUrl\":\"https:\\\/\\\/www.right2city.org\\\/wp-content\\\/uploads\\\/2017\\\/09\\\/North-America-Kazembe.jpg\",\"width\":640,\"height\":429},{\"@type\":\"BreadcrumbList\",\"@id\":\"https:\\\/\\\/www.right2city.org\\\/es\\\/news\\\/2520-2\\\/#breadcrumb\",\"itemListElement\":[{\"@type\":\"ListItem\",\"position\":1,\"name\":\"Home\",\"item\":\"https:\\\/\\\/www.right2city.org\\\/es\\\/\"},{\"@type\":\"ListItem\",\"position\":2,\"name\":\"Noticias\",\"item\":\"https:\\\/\\\/www.right2city.org\\\/es\\\/news\\\/\"},{\"@type\":\"ListItem\",\"position\":3,\"name\":\"Nuestro Bloque, Nuestro Mundo: Un punto de vista sobre la Plataforma Global desde Nueva York\"}]},{\"@type\":\"WebSite\",\"@id\":\"https:\\\/\\\/www.right2city.org\\\/es\\\/#website\",\"url\":\"https:\\\/\\\/www.right2city.org\\\/es\\\/\",\"name\":\"Right to the city\",\"description\":\"Global Platform for the Right to the City\",\"potentialAction\":[{\"@type\":\"SearchAction\",\"target\":{\"@type\":\"EntryPoint\",\"urlTemplate\":\"https:\\\/\\\/www.right2city.org\\\/es\\\/?s={search_term_string}\"},\"query-input\":{\"@type\":\"PropertyValueSpecification\",\"valueRequired\":true,\"valueName\":\"search_term_string\"}}],\"inLanguage\":\"es\"}]}<\/script>\n<!-- \/ Yoast SEO plugin. -->","yoast_head_json":{"title":"Nuestro Bloque, Nuestro Mundo: Un punto de vista sobre la Plataforma Global desde Nueva York - Right to the city","robots":{"index":"index","follow":"follow","max-snippet":"max-snippet:-1","max-image-preview":"max-image-preview:large","max-video-preview":"max-video-preview:-1"},"canonical":"https:\/\/www.right2city.org\/es\/news\/2520-2\/","og_locale":"es_ES","og_type":"article","og_title":"Nuestro Bloque, Nuestro Mundo: Un punto de vista sobre la Plataforma Global desde Nueva York - Right to the city","og_description":"Kazembe Balagun (Project manager at Rosa Luxemburg Foundation) Lorena Zarate de la Plataforma Global por el Derecho a la Ciudad se encuentra con la organizaci\u00f3n local de gente sin hogar Picture the Homeless en una acci\u00f3n para pedir la creaci\u00f3n de una organizaci\u00f3n de gesti\u00f3n comunal de la tierra en suelo vacante en East Harlem. [&hellip;]","og_url":"https:\/\/www.right2city.org\/es\/news\/2520-2\/","og_site_name":"Right to the city","article_modified_time":"2020-05-14T11:45:49+00:00","og_image":[{"width":640,"height":429,"url":"https:\/\/www.right2city.org\/wp-content\/uploads\/2017\/09\/North-America-Kazembe.jpg","type":"image\/jpeg"}],"twitter_card":"summary_large_image","twitter_misc":{"Tiempo de lectura":"2 minutos"},"schema":{"@context":"https:\/\/schema.org","@graph":[{"@type":"WebPage","@id":"https:\/\/www.right2city.org\/es\/news\/2520-2\/","url":"https:\/\/www.right2city.org\/es\/news\/2520-2\/","name":"Nuestro Bloque, Nuestro Mundo: Un punto de vista sobre la Plataforma Global desde Nueva York - Right to the city","isPartOf":{"@id":"https:\/\/www.right2city.org\/es\/#website"},"primaryImageOfPage":{"@id":"https:\/\/www.right2city.org\/es\/news\/2520-2\/#primaryimage"},"image":{"@id":"https:\/\/www.right2city.org\/es\/news\/2520-2\/#primaryimage"},"thumbnailUrl":"https:\/\/www.right2city.org\/wp-content\/uploads\/2017\/09\/North-America-Kazembe.jpg","datePublished":"2017-09-15T12:08:22+00:00","dateModified":"2020-05-14T11:45:49+00:00","breadcrumb":{"@id":"https:\/\/www.right2city.org\/es\/news\/2520-2\/#breadcrumb"},"inLanguage":"es","potentialAction":[{"@type":"ReadAction","target":["https:\/\/www.right2city.org\/es\/news\/2520-2\/"]}]},{"@type":"ImageObject","inLanguage":"es","@id":"https:\/\/www.right2city.org\/es\/news\/2520-2\/#primaryimage","url":"https:\/\/www.right2city.org\/wp-content\/uploads\/2017\/09\/North-America-Kazembe.jpg","contentUrl":"https:\/\/www.right2city.org\/wp-content\/uploads\/2017\/09\/North-America-Kazembe.jpg","width":640,"height":429},{"@type":"BreadcrumbList","@id":"https:\/\/www.right2city.org\/es\/news\/2520-2\/#breadcrumb","itemListElement":[{"@type":"ListItem","position":1,"name":"Home","item":"https:\/\/www.right2city.org\/es\/"},{"@type":"ListItem","position":2,"name":"Noticias","item":"https:\/\/www.right2city.org\/es\/news\/"},{"@type":"ListItem","position":3,"name":"Nuestro Bloque, Nuestro Mundo: Un punto de vista sobre la Plataforma Global desde Nueva York"}]},{"@type":"WebSite","@id":"https:\/\/www.right2city.org\/es\/#website","url":"https:\/\/www.right2city.org\/es\/","name":"Right to the city","description":"Global Platform for the Right to the City","potentialAction":[{"@type":"SearchAction","target":{"@type":"EntryPoint","urlTemplate":"https:\/\/www.right2city.org\/es\/?s={search_term_string}"},"query-input":{"@type":"PropertyValueSpecification","valueRequired":true,"valueName":"search_term_string"}}],"inLanguage":"es"}]}},"_links":{"self":[{"href":"https:\/\/www.right2city.org\/es\/wp-json\/wp\/v2\/news\/52884","targetHints":{"allow":["GET"]}}],"collection":[{"href":"https:\/\/www.right2city.org\/es\/wp-json\/wp\/v2\/news"}],"about":[{"href":"https:\/\/www.right2city.org\/es\/wp-json\/wp\/v2\/types\/news"}],"wp:featuredmedia":[{"embeddable":true,"href":"https:\/\/www.right2city.org\/es\/wp-json\/wp\/v2\/media\/55260"}],"wp:attachment":[{"href":"https:\/\/www.right2city.org\/es\/wp-json\/wp\/v2\/media?parent=52884"}],"wp:term":[{"taxonomy":"category","embeddable":true,"href":"https:\/\/www.right2city.org\/es\/wp-json\/wp\/v2\/categories?post=52884"},{"taxonomy":"themes","embeddable":true,"href":"https:\/\/www.right2city.org\/es\/wp-json\/wp\/v2\/themes?post=52884"},{"taxonomy":"agendas_globales","embeddable":true,"href":"https:\/\/www.right2city.org\/es\/wp-json\/wp\/v2\/agendas_globales?post=52884"}],"curies":[{"name":"wp","href":"https:\/\/api.w.org\/{rel}","templated":true}]}}