{"id":52918,"date":"2018-10-30T12:58:33","date_gmt":"2018-10-30T10:58:33","guid":{"rendered":"https:\/\/www.right2city.org\/news\/the-exercise-of-rights\/"},"modified":"2020-05-12T19:20:35","modified_gmt":"2020-05-12T17:20:35","slug":"the-exercise-of-rights","status":"publish","type":"news","link":"https:\/\/www.right2city.org\/es\/news\/the-exercise-of-rights\/","title":{"rendered":"El ejercicio de los derechos"},"content":{"rendered":"<p><strong>Una visi\u00f3n desde el urbanismo y la ordenaci\u00f3n territorial<\/strong><\/p>\n<p><a href=\"http:\/\/www.righttothecityplatform.org.br\/the-exercise-of-rights\/portada-cu-2\/\" rel=\"attachment wp-att-3073\"><img loading=\"lazy\" decoding=\"async\" class=\"aligncenter size-full wp-image-3073\" src=\"https:\/\/www.right2city.org\/wp-content\/uploads\/2020\/01\/Portada-CU-2-scaled.jpg\" alt=\"\" width=\"2550\" height=\"3300\" \/><\/a><\/p>\n<p>El 70\u00ba aniversario de la Declaraci\u00f3n Universal de los Derechos Humanos y los 50 a\u00f1os de la publicaci\u00f3n de \u201cEl derecho a la ciudad\u201d, de Henri Lefebvre, nos parec\u00eda, para la revista Cr\u00edtica Urbana, un marco adecuado para reflexionar y presentar experiencias de hoy, relacionadas con la defensa de los derechos, desde miradas y espacios de trabajo bien diferentes.<\/p>\n<p>A pesar de la ya larga trayectoria de la Declaraci\u00f3n de los Derechos Humanos, asociados a los Derechos Civiles y Pol\u00edticos y los Derechos Econ\u00f3micos, Sociales, Culturales y Ambientales, as\u00ed como la influencia de Lefebvre con la conceptualizaci\u00f3n del Derecho a la Ciudad, para gran parte de los profesionales que trabajan en la trasformaci\u00f3n f\u00edsica de nuestros entornos-es decir en la planificaci\u00f3n, el dise\u00f1o y ejecuci\u00f3n de los proyectos de construcci\u00f3n y edificaci\u00f3n-los derechos se asocian a lo \u201csocial\u201d, pero no a la pr\u00e1ctica que realizan. Esto se ve agudizado porque el ejercicio de los derechos no aparece ni en los marcos legales, ni en los instrumentos o los programas de donde provienen las inversiones, o esta relaci\u00f3n se pierde en el camino. De hecho, con frecuencia la construcci\u00f3n de viviendas y equipamientos se entiende desde los presupuestos y la gesti\u00f3n general del Estado como inversi\u00f3n en construcci\u00f3n y del mercado de la construcci\u00f3n y no como una cuesti\u00f3n social, ambiental o cultural, esta visi\u00f3n ha generado fuertes desequilibrios territoriales.<\/p>\n<p>El conocimiento y la co-creaci\u00f3n de contenidos que relacionan la pr\u00e1ctica profesional y ciudadana con los derechos es una tarea que tiene un gran poder transformador, en la medida en que desde la experiencia espec\u00edfica y puntual se halla, en los derechos, una base reivindicativa integral y s\u00f3lida. Permite (re)politizar las decisiones desde las administraciones sobre el objetivo y los efectos de cuestiones como los usos, la localizaci\u00f3n, la seguridad de la poblaci\u00f3n, el patrimonio. Permite tambi\u00e9n, desde la ciudadan\u00eda, legitimar o no estas decisiones. Los derechos humanos, y con mayor fuerza el derecho a la ciudad, se enfrentan a procesos estructurales como la especulaci\u00f3n, la privatizaci\u00f3n y la mercantilizaci\u00f3n de determinados espacios estrat\u00e9gicos para el mercado inmobiliario, extractivo o de la energ\u00eda.<\/p>\n<p><strong>Una revista colaborativa<\/strong><\/p>\n<p>Cr\u00edtica Urbana nace de la preocupaci\u00f3n, desde la perspectiva del urbanismo y la ordenaci\u00f3n territorial, por el avance en el vaciado de contenidos de la lucha contra la desigualdad, que relativiza y neutraliza un conflicto social evidente e injusto. Unido a ello, el creciente conocimiento p\u00fablico de los procesos de corrupci\u00f3n relacionados con procesos urbanizadores ha generado m\u00e1s desapego de la pol\u00edtica que una mayor convicci\u00f3n por exigir los derechos y el bien com\u00fan al Estado.<\/p>\n<p>Es por ello que los temas programados para el primer a\u00f1o, buscan un reencuentro con cuestiones b\u00e1sicas para la cr\u00edtica de nuestra realidad urbana y territorial. Con un primer n\u00famero sobre \u00c9tica, seguido por este segundo n\u00famero \u201cEl Ejercicio de los derechos\u00bb como elemento constituyente de la causa y fin para la pr\u00e1ctica profesional y ciudadana, que ser\u00e1 complementado en los siguientes n\u00fameros con los temas de: La pol\u00edtica, La propiedad y Lo legal y lo leg\u00edtimo.<\/p>\n<p>Uno de los factores m\u00e1s dif\u00edciles de contrarrestar hoy es la escasez de tiempo. La revista est\u00e1 escrita por personas implicadas en problemas y conflictos urbanos y busca servir de herramienta y espacio de reflexi\u00f3n basado en las pr\u00e1cticas.\u00a0 Se pens\u00f3 en un contenido que sin perder rigurosidad, se desarrollara de manera breve. Cre\u00edmos suficiente esta estrategia; sin embargo, en este corto periodo, hemos comprobado que las personas que participan en la confrontaci\u00f3n directa, en la judicializaci\u00f3n de los derechos, no cuentan con el momento para sistematizar, para detenerse y escribir sobre ello, lo que nos presenta un desaf\u00edo en t\u00e9rminos de lenguaje y formato para incorporarlos.<\/p>\n<p>Finalmente, aunque Internet permite saltar barreras f\u00edsicas y unir personas de distintas partes, lo dif\u00edcil es crear ese puente, traspasando las l\u00f3gicas del mercado de este medio y llegar a las comunidades y personas que trabajan en la defensa de su patrimonio, ciudades y territorio.<\/p>\n<p>Creemos necesario mostrar lo com\u00fan de las reivindicaciones locales en distintos lugares y pa\u00edses, porque ayuda a acelerar procesos. Conocer otras miradas, experiencias similares permite entender que los problemas y causas son comunes, que los derechos vulnerados son los mismos y as\u00ed consolidar conocimientos, convicciones y sentirse parte de un grupo de personas que se mueven por las mismas causas.<\/p>\n<p><span style=\"color: #333333;\"><em>Art\u00edculo de Maricarmen Tapia G\u00f3mez. Directora revista Critica Urbana <a style=\"color: #333333;\" href=\"http:\/\/www.criticaurbana.com\">www.criticaurbana.com<\/a><\/em><\/span><\/p>\n","protected":false},"featured_media":55136,"template":"","meta":{"_acf_changed":false,"_et_pb_use_builder":"","_et_pb_old_content":"","_et_gb_content_width":"","cybocfi_hide_featured_image":""},"categories":[],"themes":[],"agendas_globales":[262],"class_list":["post-52918","news","type-news","status-publish","has-post-thumbnail","hentry","agendas_globales-dia-de-los-derechos-humanos"],"acf":[],"yoast_head":"<!-- This site is optimized with the Yoast SEO plugin v27.5 - https:\/\/yoast.com\/product\/yoast-seo-wordpress\/ -->\n<title>El ejercicio de los derechos - Right to the city<\/title>\n<meta name=\"robots\" content=\"index, follow, max-snippet:-1, max-image-preview:large, max-video-preview:-1\" \/>\n<link rel=\"canonical\" href=\"https:\/\/www.right2city.org\/es\/news\/the-exercise-of-rights\/\" \/>\n<meta property=\"og:locale\" content=\"es_ES\" \/>\n<meta property=\"og:type\" content=\"article\" \/>\n<meta property=\"og:title\" content=\"El ejercicio de los derechos - Right to the city\" \/>\n<meta property=\"og:description\" content=\"Una visi\u00f3n desde el urbanismo y la ordenaci\u00f3n territorial El 70\u00ba aniversario de la Declaraci\u00f3n Universal de los Derechos Humanos y los 50 a\u00f1os de la publicaci\u00f3n de \u201cEl derecho a la ciudad\u201d, de Henri Lefebvre, nos parec\u00eda, para la revista Cr\u00edtica Urbana, un marco adecuado para reflexionar y presentar experiencias de hoy, relacionadas con [&hellip;]\" \/>\n<meta property=\"og:url\" content=\"https:\/\/www.right2city.org\/es\/news\/the-exercise-of-rights\/\" \/>\n<meta property=\"og:site_name\" content=\"Right to the city\" \/>\n<meta property=\"article:modified_time\" content=\"2020-05-12T17:20:35+00:00\" \/>\n<meta property=\"og:image\" content=\"https:\/\/www.right2city.org\/wp-content\/uploads\/2018\/10\/Portada-CU-2-scaled-1.jpg\" \/>\n\t<meta property=\"og:image:width\" content=\"1978\" \/>\n\t<meta property=\"og:image:height\" content=\"2560\" \/>\n\t<meta property=\"og:image:type\" content=\"image\/jpeg\" \/>\n<meta name=\"twitter:card\" content=\"summary_large_image\" \/>\n<meta name=\"twitter:label1\" content=\"Tiempo de lectura\" \/>\n\t<meta name=\"twitter:data1\" content=\"4 minutos\" \/>\n<script type=\"application\/ld+json\" class=\"yoast-schema-graph\">{\"@context\":\"https:\\\/\\\/schema.org\",\"@graph\":[{\"@type\":\"WebPage\",\"@id\":\"https:\\\/\\\/www.right2city.org\\\/es\\\/news\\\/the-exercise-of-rights\\\/\",\"url\":\"https:\\\/\\\/www.right2city.org\\\/es\\\/news\\\/the-exercise-of-rights\\\/\",\"name\":\"El ejercicio de los derechos - Right to the city\",\"isPartOf\":{\"@id\":\"https:\\\/\\\/www.right2city.org\\\/es\\\/#website\"},\"primaryImageOfPage\":{\"@id\":\"https:\\\/\\\/www.right2city.org\\\/es\\\/news\\\/the-exercise-of-rights\\\/#primaryimage\"},\"image\":{\"@id\":\"https:\\\/\\\/www.right2city.org\\\/es\\\/news\\\/the-exercise-of-rights\\\/#primaryimage\"},\"thumbnailUrl\":\"https:\\\/\\\/www.right2city.org\\\/wp-content\\\/uploads\\\/2018\\\/10\\\/Portada-CU-2-scaled-1.jpg\",\"datePublished\":\"2018-10-30T10:58:33+00:00\",\"dateModified\":\"2020-05-12T17:20:35+00:00\",\"breadcrumb\":{\"@id\":\"https:\\\/\\\/www.right2city.org\\\/es\\\/news\\\/the-exercise-of-rights\\\/#breadcrumb\"},\"inLanguage\":\"es\",\"potentialAction\":[{\"@type\":\"ReadAction\",\"target\":[\"https:\\\/\\\/www.right2city.org\\\/es\\\/news\\\/the-exercise-of-rights\\\/\"]}]},{\"@type\":\"ImageObject\",\"inLanguage\":\"es\",\"@id\":\"https:\\\/\\\/www.right2city.org\\\/es\\\/news\\\/the-exercise-of-rights\\\/#primaryimage\",\"url\":\"https:\\\/\\\/www.right2city.org\\\/wp-content\\\/uploads\\\/2018\\\/10\\\/Portada-CU-2-scaled-1.jpg\",\"contentUrl\":\"https:\\\/\\\/www.right2city.org\\\/wp-content\\\/uploads\\\/2018\\\/10\\\/Portada-CU-2-scaled-1.jpg\",\"width\":1978,\"height\":2560},{\"@type\":\"BreadcrumbList\",\"@id\":\"https:\\\/\\\/www.right2city.org\\\/es\\\/news\\\/the-exercise-of-rights\\\/#breadcrumb\",\"itemListElement\":[{\"@type\":\"ListItem\",\"position\":1,\"name\":\"Home\",\"item\":\"https:\\\/\\\/www.right2city.org\\\/es\\\/\"},{\"@type\":\"ListItem\",\"position\":2,\"name\":\"Noticias\",\"item\":\"https:\\\/\\\/www.right2city.org\\\/es\\\/news\\\/\"},{\"@type\":\"ListItem\",\"position\":3,\"name\":\"El ejercicio de los derechos\"}]},{\"@type\":\"WebSite\",\"@id\":\"https:\\\/\\\/www.right2city.org\\\/es\\\/#website\",\"url\":\"https:\\\/\\\/www.right2city.org\\\/es\\\/\",\"name\":\"Right to the city\",\"description\":\"Global Platform for the Right to the City\",\"potentialAction\":[{\"@type\":\"SearchAction\",\"target\":{\"@type\":\"EntryPoint\",\"urlTemplate\":\"https:\\\/\\\/www.right2city.org\\\/es\\\/?s={search_term_string}\"},\"query-input\":{\"@type\":\"PropertyValueSpecification\",\"valueRequired\":true,\"valueName\":\"search_term_string\"}}],\"inLanguage\":\"es\"}]}<\/script>\n<!-- \/ Yoast SEO plugin. -->","yoast_head_json":{"title":"El ejercicio de los derechos - Right to the city","robots":{"index":"index","follow":"follow","max-snippet":"max-snippet:-1","max-image-preview":"max-image-preview:large","max-video-preview":"max-video-preview:-1"},"canonical":"https:\/\/www.right2city.org\/es\/news\/the-exercise-of-rights\/","og_locale":"es_ES","og_type":"article","og_title":"El ejercicio de los derechos - Right to the city","og_description":"Una visi\u00f3n desde el urbanismo y la ordenaci\u00f3n territorial El 70\u00ba aniversario de la Declaraci\u00f3n Universal de los Derechos Humanos y los 50 a\u00f1os de la publicaci\u00f3n de \u201cEl derecho a la ciudad\u201d, de Henri Lefebvre, nos parec\u00eda, para la revista Cr\u00edtica Urbana, un marco adecuado para reflexionar y presentar experiencias de hoy, relacionadas con [&hellip;]","og_url":"https:\/\/www.right2city.org\/es\/news\/the-exercise-of-rights\/","og_site_name":"Right to the city","article_modified_time":"2020-05-12T17:20:35+00:00","og_image":[{"width":1978,"height":2560,"url":"https:\/\/www.right2city.org\/wp-content\/uploads\/2018\/10\/Portada-CU-2-scaled-1.jpg","type":"image\/jpeg"}],"twitter_card":"summary_large_image","twitter_misc":{"Tiempo de lectura":"4 minutos"},"schema":{"@context":"https:\/\/schema.org","@graph":[{"@type":"WebPage","@id":"https:\/\/www.right2city.org\/es\/news\/the-exercise-of-rights\/","url":"https:\/\/www.right2city.org\/es\/news\/the-exercise-of-rights\/","name":"El ejercicio de los derechos - Right to the city","isPartOf":{"@id":"https:\/\/www.right2city.org\/es\/#website"},"primaryImageOfPage":{"@id":"https:\/\/www.right2city.org\/es\/news\/the-exercise-of-rights\/#primaryimage"},"image":{"@id":"https:\/\/www.right2city.org\/es\/news\/the-exercise-of-rights\/#primaryimage"},"thumbnailUrl":"https:\/\/www.right2city.org\/wp-content\/uploads\/2018\/10\/Portada-CU-2-scaled-1.jpg","datePublished":"2018-10-30T10:58:33+00:00","dateModified":"2020-05-12T17:20:35+00:00","breadcrumb":{"@id":"https:\/\/www.right2city.org\/es\/news\/the-exercise-of-rights\/#breadcrumb"},"inLanguage":"es","potentialAction":[{"@type":"ReadAction","target":["https:\/\/www.right2city.org\/es\/news\/the-exercise-of-rights\/"]}]},{"@type":"ImageObject","inLanguage":"es","@id":"https:\/\/www.right2city.org\/es\/news\/the-exercise-of-rights\/#primaryimage","url":"https:\/\/www.right2city.org\/wp-content\/uploads\/2018\/10\/Portada-CU-2-scaled-1.jpg","contentUrl":"https:\/\/www.right2city.org\/wp-content\/uploads\/2018\/10\/Portada-CU-2-scaled-1.jpg","width":1978,"height":2560},{"@type":"BreadcrumbList","@id":"https:\/\/www.right2city.org\/es\/news\/the-exercise-of-rights\/#breadcrumb","itemListElement":[{"@type":"ListItem","position":1,"name":"Home","item":"https:\/\/www.right2city.org\/es\/"},{"@type":"ListItem","position":2,"name":"Noticias","item":"https:\/\/www.right2city.org\/es\/news\/"},{"@type":"ListItem","position":3,"name":"El ejercicio de los derechos"}]},{"@type":"WebSite","@id":"https:\/\/www.right2city.org\/es\/#website","url":"https:\/\/www.right2city.org\/es\/","name":"Right to the city","description":"Global Platform for the Right to the City","potentialAction":[{"@type":"SearchAction","target":{"@type":"EntryPoint","urlTemplate":"https:\/\/www.right2city.org\/es\/?s={search_term_string}"},"query-input":{"@type":"PropertyValueSpecification","valueRequired":true,"valueName":"search_term_string"}}],"inLanguage":"es"}]}},"_links":{"self":[{"href":"https:\/\/www.right2city.org\/es\/wp-json\/wp\/v2\/news\/52918","targetHints":{"allow":["GET"]}}],"collection":[{"href":"https:\/\/www.right2city.org\/es\/wp-json\/wp\/v2\/news"}],"about":[{"href":"https:\/\/www.right2city.org\/es\/wp-json\/wp\/v2\/types\/news"}],"wp:featuredmedia":[{"embeddable":true,"href":"https:\/\/www.right2city.org\/es\/wp-json\/wp\/v2\/media\/55136"}],"wp:attachment":[{"href":"https:\/\/www.right2city.org\/es\/wp-json\/wp\/v2\/media?parent=52918"}],"wp:term":[{"taxonomy":"category","embeddable":true,"href":"https:\/\/www.right2city.org\/es\/wp-json\/wp\/v2\/categories?post=52918"},{"taxonomy":"themes","embeddable":true,"href":"https:\/\/www.right2city.org\/es\/wp-json\/wp\/v2\/themes?post=52918"},{"taxonomy":"agendas_globales","embeddable":true,"href":"https:\/\/www.right2city.org\/es\/wp-json\/wp\/v2\/agendas_globales?post=52918"}],"curies":[{"name":"wp","href":"https:\/\/api.w.org\/{rel}","templated":true}]}}