{"id":52923,"date":"2018-10-24T14:04:57","date_gmt":"2018-10-24T12:04:57","guid":{"rendered":"https:\/\/www.right2city.org\/news\/the-right-to-the-city-what-prospects-fifty-years-after-henri-lefebvres-eponymous-book\/"},"modified":"2020-05-12T19:42:21","modified_gmt":"2020-05-12T17:42:21","slug":"the-right-to-the-city-what-prospects-fifty-years-after-henri-lefebvres-eponymous-book","status":"publish","type":"news","link":"https:\/\/www.right2city.org\/es\/news\/the-right-to-the-city-what-prospects-fifty-years-after-henri-lefebvres-eponymous-book\/","title":{"rendered":"El Derecho a la Ciudad de Henri Lefebvre:  \u00bfQu\u00e9 actualidad 50 a\u00f1os despu\u00e9s?"},"content":{"rendered":"<p><span style=\"color: #800000;\">Del 4 al 5 de abril la Comisi\u00f3n organiz\u00f3, en asociaci\u00f3n con varias organizaciones y el laboratorio \u201c<em>La Ville en Commun<\/em>\u201d, la conferencia\u00a0<em>\u00abEl derecho a la ciudad de Henri Lefebvre<\/em>\u00ab. Durante dos d\u00edas, investigadores, antiguos estudiantes de Henri Lefebvre, urbanistas, arquitectos, actores de la sociedad civil y autoridades locales discutieron sobre la herencia y las nuevas realidades de la idea de Derecho a la ciudad lanzada por Henri Lefebvre en su libro hom\u00f3nimo de 1968.<\/span><\/p>\n<p><a href=\"http:\/\/www.righttothecityplatform.org.br\/the-right-to-the-city-what-prospects-fifty-years-after-henri-lefebvres-eponymous-book\/cglu_1\/\" rel=\"attachment wp-att-3112\"><img loading=\"lazy\" decoding=\"async\" class=\"aligncenter size-full wp-image-3112\" src=\"https:\/\/www.right2city.org\/wp-content\/uploads\/2020\/01\/cglu_1.jpg\" alt=\"\" width=\"278\" height=\"210\" \/><\/a><\/p>\n<p>La originalidad de Lefebvre reside en su comprensi\u00f3n de la ciudad como \u00ab<em>espacio donde se proyectan las relaciones sociales<\/em>\u00ab. Frente a la visi\u00f3n funcionalista dominante en el pensamiento urbano de la \u00e9poca, Lefebvre propuso un enfoque contracorriente para radicalizar la democracia, alternativo al enfoque de Le Corbusier (famoso urbanista franc\u00e9s) que hubiera \u00ab<em>matado a la ciudad matando la calle<\/em>\u00ab. Henri Lefebvre defiende as\u00ed la necesidad de poner la ciudad y lo urbano en el centro como reflejo de la contemporaneidad, afirmando el \u00abderecho a la ciudad\u00bb como un derecho a la vida urbana y a la decisi\u00f3n democr\u00e1tica.<\/p>\n<p>En ocasi\u00f3n del primer d\u00eda, el Coloquio de abril analiz\u00f3 el proyecto filos\u00f3fico y cient\u00edfico de Lefebvre, as\u00ed como la difusi\u00f3n de su pensamiento en todo el mundo gracias a testimonios de los Estados Unidos, Am\u00e9rica Latina, Italia y la antigua Uni\u00f3n Sovi\u00e9tica. El segundo d\u00eda se centr\u00f3 en la implementaci\u00f3n del derecho a la ciudad por parte de los actores de lo urbano y la actualidad del legado de Henri Lefebvre, gracias a varios talleres y mesas redondas organizadas en la\u00a0<em>Maison des Sciences de l\u2019Homme<\/em>\u00a0de Paris-Nord en Plaine Commune.<\/p>\n<p><a href=\"http:\/\/www.righttothecityplatform.org.br\/the-right-to-the-city-what-prospects-fifty-years-after-henri-lefebvres-eponymous-book\/cglu_2\/\" rel=\"attachment wp-att-3113\"><img loading=\"lazy\" decoding=\"async\" class=\"aligncenter size-full wp-image-3113\" src=\"https:\/\/www.right2city.org\/wp-content\/uploads\/2020\/01\/cglu_2.jpg\" alt=\"\" width=\"452\" height=\"249\" \/><\/a><\/p>\n<p style=\"text-align: right;\"><span style=\"color: #800000;\"><em>\u201cEl derecho a la ciudad resurge en la actual fase de metropolizaci\u00f3n como demanda de poder para actuar de las diferentes centralidades metropolitanas. \u00a1El derecho a la ciudad ser\u00e1 hecho por las periferias o no se har\u00e1!\u201d<\/em>Antonio Aniesa, Consejero de la Oficina del Presidente de Plaine Commune<\/span><\/p>\n<p>En particular, la Comisi\u00f3n contribuy\u00f3 a dos rondas de discusi\u00f3n e intercambio:\u00a0<strong>\u201c\u00bfDe cara a la migraci\u00f3n, qu\u00e9 derecho a la ciudad?<\/strong>\u201d y \u201c<strong>Derecho a la ciudad, \u00bfalternativas para otro mundo?<\/strong>\u201d. Entre otras, destaca la defensa de la universalidad de los derechos humanos, la dificultad de las autoridades locales para ser escuchadas en la elaboraci\u00f3n del Pacto Mundial para la Migraci\u00f3n, los mensajes transmitidos\u00a0<a href=\"https:\/\/www.uclg-cisdp.org\/es\/actualidad\/noticias\/ciudades-por-migracion-derechos-movilizan-para-voz-gobernanza-global\">durante la Conferencia de Malinas<\/a>\u00a0o los diversos compromisos asumidos por CGLU en torno a H\u00e1bitat III (donde se mencion\u00f3 el derecho a la ciudad por primera vez en un documento internacional de alto nivel).<\/p>\n<p>El coloquio supuso igualmente una buena ocasi\u00f3n para presentar el Informe \u201c<a href=\"https:\/\/www.uclg-cisdp.org\/sites\/default\/files\/AREAS-METROPOLITANAS-COMPETITIVAS-JUSTICIA-ESPACIAL_CGLU2018_0.pdf\">\u00c1reas Metropolitanas Competitivas y Horizontes de Justicia Espacial: Las \u00e1reas metropolitanas en la agenda mundial de los gobiernos locales y regionales para el siglo XXI<\/a>\u201d; un informe promovido por la Comisi\u00f3n, Plaine Commune y el Centro Lavue ofreciendo alternativas posibles a la competitividad y a la mercantilizaci\u00f3n del desarrollo urbano, proponiendo modelos basados en el derecho a la ciudad, el derecho a la centralidad y la justicia espacial.<\/p>\n<p><a href=\"http:\/\/www.righttothecityplatform.org.br\/the-right-to-the-city-what-prospects-fifty-years-after-henri-lefebvres-eponymous-book\/cglu_3\/\" rel=\"attachment wp-att-3114\"><img loading=\"lazy\" decoding=\"async\" class=\"aligncenter size-full wp-image-3114\" src=\"https:\/\/www.right2city.org\/wp-content\/uploads\/2020\/01\/cglu_3.jpg\" alt=\"\" width=\"449\" height=\"337\" \/><\/a><\/p>\n<p style=\"text-align: right;\"><span style=\"color: #800000;\">\u201c<em>El derecho a la ciudad requiere la descentralizaci\u00f3n pol\u00edtica, el reequilibrio territorial y el fortalecimiento de la ciudadan\u00eda como poder de dise\u00f1o y control de pol\u00edticas.<\/em>\u201d Mauricio Valiente, Teniente de Alcalde en derechos humanos y memoria hist\u00f3rica (Madrid)<\/span><\/p>\n<p>La Comisi\u00f3n record\u00f3 igualmente aquellos encuentros que se celebrar\u00e1n a lo largo del pr\u00f3ximo a\u00f1o 2018 dando seguimiento al compromiso y la co-creaci\u00f3n colectiva de la red de ciudades por los derechos humanos:<\/p>\n<ul>\n<li><strong>El Foro de Ciudades por los Derechos Humanos de Gwangju (18-21 de Octubre)<\/strong><\/li>\n<li><strong>El Encuentro de Ciudades por los Derechos Humanos y el Derecho a la Ciudad de Madrid (Noviembre)<\/strong><\/li>\n<\/ul>\n<p>Nota de la Comisi\u00f3n de Inclusi\u00f3n Social, Democracia Participativa y Derechos Humanos de CGLU.<\/p>\n<p>Fuente original:\u00a0<a href=\"https:\/\/www.uclg-cisdp.org\/es\/actualidad\/noticias\/el-derecho-la-ciudad-de-henri-lefebvre-%C2%BFqu%C3%A9-actualidad-50-a%C3%B1os-despu%C3%A9s\">https:\/\/www.uclg-cisdp.org\/es\/actualidad\/noticias\/el-derecho-la-ciudad-de-henri-lefebvre-%C2%BFqu%C3%A9-actualidad-50-a%C3%B1os-despu%C3%A9s<\/a><\/p>\n","protected":false},"featured_media":55167,"template":"","meta":{"_acf_changed":false,"_et_pb_use_builder":"","_et_pb_old_content":"","_et_gb_content_width":"","cybocfi_hide_featured_image":""},"categories":[],"themes":[],"agendas_globales":[251],"class_list":["post-52923","news","type-news","status-publish","has-post-thumbnail","hentry","agendas_globales-50-years-right-to-the-city-r2c-day-es"],"acf":[],"yoast_head":"<!-- This site is optimized with the Yoast SEO plugin v27.5 - https:\/\/yoast.com\/product\/yoast-seo-wordpress\/ -->\n<title>El Derecho a la Ciudad de Henri Lefebvre: \u00bfQu\u00e9 actualidad 50 a\u00f1os despu\u00e9s? - Right to the city<\/title>\n<meta name=\"robots\" content=\"index, follow, max-snippet:-1, max-image-preview:large, max-video-preview:-1\" \/>\n<link rel=\"canonical\" href=\"https:\/\/www.right2city.org\/es\/news\/the-right-to-the-city-what-prospects-fifty-years-after-henri-lefebvres-eponymous-book\/\" \/>\n<meta property=\"og:locale\" content=\"es_ES\" \/>\n<meta property=\"og:type\" content=\"article\" \/>\n<meta property=\"og:title\" content=\"El Derecho a la Ciudad de Henri Lefebvre: \u00bfQu\u00e9 actualidad 50 a\u00f1os despu\u00e9s? - Right to the city\" \/>\n<meta property=\"og:description\" content=\"Del 4 al 5 de abril la Comisi\u00f3n organiz\u00f3, en asociaci\u00f3n con varias organizaciones y el laboratorio \u201cLa Ville en Commun\u201d, la conferencia\u00a0\u00abEl derecho a la ciudad de Henri Lefebvre\u00ab. Durante dos d\u00edas, investigadores, antiguos estudiantes de Henri Lefebvre, urbanistas, arquitectos, actores de la sociedad civil y autoridades locales discutieron sobre la herencia y las [&hellip;]\" \/>\n<meta property=\"og:url\" content=\"https:\/\/www.right2city.org\/es\/news\/the-right-to-the-city-what-prospects-fifty-years-after-henri-lefebvres-eponymous-book\/\" \/>\n<meta property=\"og:site_name\" content=\"Right to the city\" \/>\n<meta property=\"article:modified_time\" content=\"2020-05-12T17:42:21+00:00\" \/>\n<meta property=\"og:image\" content=\"https:\/\/www.right2city.org\/wp-content\/uploads\/2018\/10\/cglu_2.jpg\" \/>\n\t<meta property=\"og:image:width\" content=\"452\" \/>\n\t<meta property=\"og:image:height\" content=\"249\" \/>\n\t<meta property=\"og:image:type\" content=\"image\/jpeg\" \/>\n<meta name=\"twitter:card\" content=\"summary_large_image\" \/>\n<meta name=\"twitter:label1\" content=\"Tiempo de lectura\" \/>\n\t<meta name=\"twitter:data1\" content=\"3 minutos\" \/>\n<script type=\"application\/ld+json\" class=\"yoast-schema-graph\">{\"@context\":\"https:\\\/\\\/schema.org\",\"@graph\":[{\"@type\":\"WebPage\",\"@id\":\"https:\\\/\\\/www.right2city.org\\\/es\\\/news\\\/the-right-to-the-city-what-prospects-fifty-years-after-henri-lefebvres-eponymous-book\\\/\",\"url\":\"https:\\\/\\\/www.right2city.org\\\/es\\\/news\\\/the-right-to-the-city-what-prospects-fifty-years-after-henri-lefebvres-eponymous-book\\\/\",\"name\":\"El Derecho a la Ciudad de Henri Lefebvre: \u00bfQu\u00e9 actualidad 50 a\u00f1os despu\u00e9s? - Right to the city\",\"isPartOf\":{\"@id\":\"https:\\\/\\\/www.right2city.org\\\/es\\\/#website\"},\"primaryImageOfPage\":{\"@id\":\"https:\\\/\\\/www.right2city.org\\\/es\\\/news\\\/the-right-to-the-city-what-prospects-fifty-years-after-henri-lefebvres-eponymous-book\\\/#primaryimage\"},\"image\":{\"@id\":\"https:\\\/\\\/www.right2city.org\\\/es\\\/news\\\/the-right-to-the-city-what-prospects-fifty-years-after-henri-lefebvres-eponymous-book\\\/#primaryimage\"},\"thumbnailUrl\":\"https:\\\/\\\/www.right2city.org\\\/wp-content\\\/uploads\\\/2018\\\/10\\\/cglu_2.jpg\",\"datePublished\":\"2018-10-24T12:04:57+00:00\",\"dateModified\":\"2020-05-12T17:42:21+00:00\",\"breadcrumb\":{\"@id\":\"https:\\\/\\\/www.right2city.org\\\/es\\\/news\\\/the-right-to-the-city-what-prospects-fifty-years-after-henri-lefebvres-eponymous-book\\\/#breadcrumb\"},\"inLanguage\":\"es\",\"potentialAction\":[{\"@type\":\"ReadAction\",\"target\":[\"https:\\\/\\\/www.right2city.org\\\/es\\\/news\\\/the-right-to-the-city-what-prospects-fifty-years-after-henri-lefebvres-eponymous-book\\\/\"]}]},{\"@type\":\"ImageObject\",\"inLanguage\":\"es\",\"@id\":\"https:\\\/\\\/www.right2city.org\\\/es\\\/news\\\/the-right-to-the-city-what-prospects-fifty-years-after-henri-lefebvres-eponymous-book\\\/#primaryimage\",\"url\":\"https:\\\/\\\/www.right2city.org\\\/wp-content\\\/uploads\\\/2018\\\/10\\\/cglu_2.jpg\",\"contentUrl\":\"https:\\\/\\\/www.right2city.org\\\/wp-content\\\/uploads\\\/2018\\\/10\\\/cglu_2.jpg\",\"width\":452,\"height\":249},{\"@type\":\"BreadcrumbList\",\"@id\":\"https:\\\/\\\/www.right2city.org\\\/es\\\/news\\\/the-right-to-the-city-what-prospects-fifty-years-after-henri-lefebvres-eponymous-book\\\/#breadcrumb\",\"itemListElement\":[{\"@type\":\"ListItem\",\"position\":1,\"name\":\"Home\",\"item\":\"https:\\\/\\\/www.right2city.org\\\/es\\\/\"},{\"@type\":\"ListItem\",\"position\":2,\"name\":\"Noticias\",\"item\":\"https:\\\/\\\/www.right2city.org\\\/es\\\/news\\\/\"},{\"@type\":\"ListItem\",\"position\":3,\"name\":\"El Derecho a la Ciudad de Henri Lefebvre: \u00bfQu\u00e9 actualidad 50 a\u00f1os despu\u00e9s?\"}]},{\"@type\":\"WebSite\",\"@id\":\"https:\\\/\\\/www.right2city.org\\\/es\\\/#website\",\"url\":\"https:\\\/\\\/www.right2city.org\\\/es\\\/\",\"name\":\"Right to the city\",\"description\":\"Global Platform for the Right to the City\",\"potentialAction\":[{\"@type\":\"SearchAction\",\"target\":{\"@type\":\"EntryPoint\",\"urlTemplate\":\"https:\\\/\\\/www.right2city.org\\\/es\\\/?s={search_term_string}\"},\"query-input\":{\"@type\":\"PropertyValueSpecification\",\"valueRequired\":true,\"valueName\":\"search_term_string\"}}],\"inLanguage\":\"es\"}]}<\/script>\n<!-- \/ Yoast SEO plugin. -->","yoast_head_json":{"title":"El Derecho a la Ciudad de Henri Lefebvre: \u00bfQu\u00e9 actualidad 50 a\u00f1os despu\u00e9s? - Right to the city","robots":{"index":"index","follow":"follow","max-snippet":"max-snippet:-1","max-image-preview":"max-image-preview:large","max-video-preview":"max-video-preview:-1"},"canonical":"https:\/\/www.right2city.org\/es\/news\/the-right-to-the-city-what-prospects-fifty-years-after-henri-lefebvres-eponymous-book\/","og_locale":"es_ES","og_type":"article","og_title":"El Derecho a la Ciudad de Henri Lefebvre: \u00bfQu\u00e9 actualidad 50 a\u00f1os despu\u00e9s? - Right to the city","og_description":"Del 4 al 5 de abril la Comisi\u00f3n organiz\u00f3, en asociaci\u00f3n con varias organizaciones y el laboratorio \u201cLa Ville en Commun\u201d, la conferencia\u00a0\u00abEl derecho a la ciudad de Henri Lefebvre\u00ab. Durante dos d\u00edas, investigadores, antiguos estudiantes de Henri Lefebvre, urbanistas, arquitectos, actores de la sociedad civil y autoridades locales discutieron sobre la herencia y las [&hellip;]","og_url":"https:\/\/www.right2city.org\/es\/news\/the-right-to-the-city-what-prospects-fifty-years-after-henri-lefebvres-eponymous-book\/","og_site_name":"Right to the city","article_modified_time":"2020-05-12T17:42:21+00:00","og_image":[{"width":452,"height":249,"url":"https:\/\/www.right2city.org\/wp-content\/uploads\/2018\/10\/cglu_2.jpg","type":"image\/jpeg"}],"twitter_card":"summary_large_image","twitter_misc":{"Tiempo de lectura":"3 minutos"},"schema":{"@context":"https:\/\/schema.org","@graph":[{"@type":"WebPage","@id":"https:\/\/www.right2city.org\/es\/news\/the-right-to-the-city-what-prospects-fifty-years-after-henri-lefebvres-eponymous-book\/","url":"https:\/\/www.right2city.org\/es\/news\/the-right-to-the-city-what-prospects-fifty-years-after-henri-lefebvres-eponymous-book\/","name":"El Derecho a la Ciudad de Henri Lefebvre: \u00bfQu\u00e9 actualidad 50 a\u00f1os despu\u00e9s? - Right to the city","isPartOf":{"@id":"https:\/\/www.right2city.org\/es\/#website"},"primaryImageOfPage":{"@id":"https:\/\/www.right2city.org\/es\/news\/the-right-to-the-city-what-prospects-fifty-years-after-henri-lefebvres-eponymous-book\/#primaryimage"},"image":{"@id":"https:\/\/www.right2city.org\/es\/news\/the-right-to-the-city-what-prospects-fifty-years-after-henri-lefebvres-eponymous-book\/#primaryimage"},"thumbnailUrl":"https:\/\/www.right2city.org\/wp-content\/uploads\/2018\/10\/cglu_2.jpg","datePublished":"2018-10-24T12:04:57+00:00","dateModified":"2020-05-12T17:42:21+00:00","breadcrumb":{"@id":"https:\/\/www.right2city.org\/es\/news\/the-right-to-the-city-what-prospects-fifty-years-after-henri-lefebvres-eponymous-book\/#breadcrumb"},"inLanguage":"es","potentialAction":[{"@type":"ReadAction","target":["https:\/\/www.right2city.org\/es\/news\/the-right-to-the-city-what-prospects-fifty-years-after-henri-lefebvres-eponymous-book\/"]}]},{"@type":"ImageObject","inLanguage":"es","@id":"https:\/\/www.right2city.org\/es\/news\/the-right-to-the-city-what-prospects-fifty-years-after-henri-lefebvres-eponymous-book\/#primaryimage","url":"https:\/\/www.right2city.org\/wp-content\/uploads\/2018\/10\/cglu_2.jpg","contentUrl":"https:\/\/www.right2city.org\/wp-content\/uploads\/2018\/10\/cglu_2.jpg","width":452,"height":249},{"@type":"BreadcrumbList","@id":"https:\/\/www.right2city.org\/es\/news\/the-right-to-the-city-what-prospects-fifty-years-after-henri-lefebvres-eponymous-book\/#breadcrumb","itemListElement":[{"@type":"ListItem","position":1,"name":"Home","item":"https:\/\/www.right2city.org\/es\/"},{"@type":"ListItem","position":2,"name":"Noticias","item":"https:\/\/www.right2city.org\/es\/news\/"},{"@type":"ListItem","position":3,"name":"El Derecho a la Ciudad de Henri Lefebvre: \u00bfQu\u00e9 actualidad 50 a\u00f1os despu\u00e9s?"}]},{"@type":"WebSite","@id":"https:\/\/www.right2city.org\/es\/#website","url":"https:\/\/www.right2city.org\/es\/","name":"Right to the city","description":"Global Platform for the Right to the City","potentialAction":[{"@type":"SearchAction","target":{"@type":"EntryPoint","urlTemplate":"https:\/\/www.right2city.org\/es\/?s={search_term_string}"},"query-input":{"@type":"PropertyValueSpecification","valueRequired":true,"valueName":"search_term_string"}}],"inLanguage":"es"}]}},"_links":{"self":[{"href":"https:\/\/www.right2city.org\/es\/wp-json\/wp\/v2\/news\/52923","targetHints":{"allow":["GET"]}}],"collection":[{"href":"https:\/\/www.right2city.org\/es\/wp-json\/wp\/v2\/news"}],"about":[{"href":"https:\/\/www.right2city.org\/es\/wp-json\/wp\/v2\/types\/news"}],"wp:featuredmedia":[{"embeddable":true,"href":"https:\/\/www.right2city.org\/es\/wp-json\/wp\/v2\/media\/55167"}],"wp:attachment":[{"href":"https:\/\/www.right2city.org\/es\/wp-json\/wp\/v2\/media?parent=52923"}],"wp:term":[{"taxonomy":"category","embeddable":true,"href":"https:\/\/www.right2city.org\/es\/wp-json\/wp\/v2\/categories?post=52923"},{"taxonomy":"themes","embeddable":true,"href":"https:\/\/www.right2city.org\/es\/wp-json\/wp\/v2\/themes?post=52923"},{"taxonomy":"agendas_globales","embeddable":true,"href":"https:\/\/www.right2city.org\/es\/wp-json\/wp\/v2\/agendas_globales?post=52923"}],"curies":[{"name":"wp","href":"https:\/\/api.w.org\/{rel}","templated":true}]}}