{"id":52930,"date":"2018-10-30T12:46:21","date_gmt":"2018-10-30T10:46:21","guid":{"rendered":"https:\/\/www.right2city.org\/news\/espanol-el-derecho-a-la-ciudad-a-debate-en-xalapa-veracruz\/"},"modified":"2020-05-12T19:27:24","modified_gmt":"2020-05-12T17:27:24","slug":"espanol-el-derecho-a-la-ciudad-a-debate-en-xalapa-veracruz","status":"publish","type":"news","link":"https:\/\/www.right2city.org\/es\/news\/espanol-el-derecho-a-la-ciudad-a-debate-en-xalapa-veracruz\/","title":{"rendered":"El derecho a la ciudad a debate en Xalapa, Veracruz"},"content":{"rendered":"<p><a href=\"http:\/\/www.righttothecityplatform.org.br\/espanol-el-derecho-a-la-ciudad-a-debate-en-xalapa-veracruz\/derechocd_xalapa-1\/\" rel=\"attachment wp-att-3140\"><img loading=\"lazy\" decoding=\"async\" class=\"aligncenter size-full wp-image-3140\" src=\"https:\/\/www.right2city.org\/wp-content\/uploads\/2020\/01\/DerechoCD_Xalapa-1.jpg\" alt=\"\" width=\"1665\" height=\"988\" \/><\/a><\/p>\n<p style=\"text-align: center;\"><span style=\"color: #808080;\">Luis Fernando Granados (organizador) e Hip\u00f3lito Rodr\u00edguez (alcalde de Xalapa)<br \/>\nal cierre del evento<\/span><\/p>\n<p>El 28 de agosto de 2018, en la ciudad de Xalapa, M\u00e9xico, se llev\u00f3 a cabo el coloquio <em>El derecho a la ciudad: Medio siglo de una idea revolucionaria<\/em>. La iniciativa fue coordinada por un grupo acad\u00e9mico llamado Espacio, Territorio, Cultura (ETC) donde confluyen investigadores de diversas disciplinas adscritos al Instituto de Investigaciones Hist\u00f3rico-Sociales (IIH) de la Universidad Veracruzana. Desde hace un par de a\u00f1os, \u00e9stos organizan debates en torno a obras que han marcado el siglo XX y, por primera vez, con motivo del cincuenta aniversario de la publicaci\u00f3n del libro <em>El derecho a la ciudad<\/em> de Henri Levebvre, resolvieron llevar adelante un coloquio de mayor envergadura.<\/p>\n<p>En el primer bloque de presentaciones, Malik Tahar comenz\u00f3 por ubicar a Lefebvre en escenario pol\u00edtico de los a\u00f1os sesenta (tercermundismo, situacionismo, marxismo occidental), sin dejar de lado su compleja relaci\u00f3n con el Partido Comunista Franc\u00e9s ni las ideas que animaron las revueltas de mayo de 1968. Desde una lectura m\u00e1s actual, Rodrigo D\u00edaz habl\u00f3 de las consecuencias nefastas que ha tenido una planeaci\u00f3n basada en el autom\u00f3vil sobre la vida cotidiana en la ciudades latinoamericanas. Aunque su postura converge plenamente con la cr\u00edtica a la planificaci\u00f3n elaborada por Lefebvre, el chileno asever\u00f3 que el concepto lefebvriano del derecho a la ciudad resulta inoperable desde el punto de vista del urbanista, que requiere ordenamientos para la acci\u00f3n. En su calidad de historiador, Luis Fernando Granados ofreci\u00f3 por su parte una relectura del hecho colonial en Am\u00e9rica Latina a partir de la distinci\u00f3n que opera Lefebvre entre la ciudad-obra (ciudad medieval) y la ciudad-producto (ciudad capitalista). Claudia Zamorano cerr\u00f3 el panel retomando la categor\u00eda de <em>revoluci\u00f3n urbana<\/em> para hacer el puente con los trabajos m\u00e1s recientes de David Harvey.<\/p>\n<p>El segundo panel se enfoc\u00f3 en algunos trabajos que hacen la distinci\u00f3n lefebvriana entre h\u00e1bitat y habitar. Dora S\u00e1nchez abord\u00f3 la visi\u00f3n ideal de la vivienda obrera de los a\u00f1os treinta; Laura Elisa Valera se enfoc\u00f3 en el proceso de patrimonializaci\u00f3n de una colonia popular del centro de Puebla; y Rihan Yeh expuso los procesos de marginalizaci\u00f3n y estigmatizaci\u00f3n sufridos por las poblaciones migrantes que en su tiempo llegaron a poblar la zona de la garita que separa a M\u00e9xico y Estados Unidos en Tijuana. Jer\u00f3nimo D\u00edaz, por su parte, desde su experiencia en la Oficina para AM\u00e9rica Latina de HIC, habl\u00f3 de la Carta Mundial por el Derecho a la Ciudad y de la forma original que han encontrado los cooperativistas latinoamericanos (particularmente FUCVAM) para realizar este derecho.<\/p>\n<p>Por la tarde la discusi\u00f3n gir\u00f3 en torno a la ciudad sede del coloquio. Paulo L\u00f3pez revis\u00f3 la historia de la huelga inquilinaria acontecida en los a\u00f1os veinte y sus posibles consecuencias sobre la expansi\u00f3n urbana en los a\u00f1os subsecuentes, con la creaci\u00f3n de colonias agr\u00edcolas y proletarias. V\u00edctor Andrade, tambi\u00e9n del IIH hizo hincapi\u00e9 en c\u00f3mo las ideas de Lefebvre influenciaron al movimiento de izquierda en Xalapa en los a\u00f1os setenta, mientras que Ana Isabel Fontecilla, expuso las consecuencias y contradicciones que encierra el actual proceso de gentrificaci\u00f3n de aquella ciudad. El evento concluy\u00f3 con la participaci\u00f3n de Hip\u00f3lito Rodr\u00edguez, quien adem\u00e1s de elaborar una brillante s\u00edntesis de las ideas de Lefebvre, fue puesto a prueba por las agudas preguntas del p\u00fablico. Dada su calidad de Alcalde de izquierda, recientemente elegido, Rodr\u00edguez se enfrenta efectivamente a la dif\u00edcil tarea de pasar de la teor\u00eda marxista a la pr\u00e1ctica pol\u00edtica y urbana.<\/p>\n<p><em><span style=\"color: #808080;\">Nota de Jer\u00f3nimo D\u00edaz,\u00a0UAM Azcapotzalco<\/span><\/em><\/p>\n","protected":false},"featured_media":55149,"template":"","meta":{"_acf_changed":false,"_et_pb_use_builder":"","_et_pb_old_content":"","_et_gb_content_width":"","cybocfi_hide_featured_image":""},"categories":[],"themes":[],"agendas_globales":[251],"class_list":["post-52930","news","type-news","status-publish","has-post-thumbnail","hentry","agendas_globales-50-years-right-to-the-city-r2c-day-es"],"acf":[],"yoast_head":"<!-- This site is optimized with the Yoast SEO plugin v27.5 - https:\/\/yoast.com\/product\/yoast-seo-wordpress\/ -->\n<title>El derecho a la ciudad a debate en Xalapa, Veracruz - Right to the city<\/title>\n<meta name=\"robots\" content=\"index, follow, max-snippet:-1, max-image-preview:large, max-video-preview:-1\" \/>\n<link rel=\"canonical\" href=\"https:\/\/www.right2city.org\/es\/news\/espanol-el-derecho-a-la-ciudad-a-debate-en-xalapa-veracruz\/\" \/>\n<meta property=\"og:locale\" content=\"es_ES\" \/>\n<meta property=\"og:type\" content=\"article\" \/>\n<meta property=\"og:title\" content=\"El derecho a la ciudad a debate en Xalapa, Veracruz - Right to the city\" \/>\n<meta property=\"og:description\" content=\"Luis Fernando Granados (organizador) e Hip\u00f3lito Rodr\u00edguez (alcalde de Xalapa) al cierre del evento El 28 de agosto de 2018, en la ciudad de Xalapa, M\u00e9xico, se llev\u00f3 a cabo el coloquio El derecho a la ciudad: Medio siglo de una idea revolucionaria. La iniciativa fue coordinada por un grupo acad\u00e9mico llamado Espacio, Territorio, Cultura [&hellip;]\" \/>\n<meta property=\"og:url\" content=\"https:\/\/www.right2city.org\/es\/news\/espanol-el-derecho-a-la-ciudad-a-debate-en-xalapa-veracruz\/\" \/>\n<meta property=\"og:site_name\" content=\"Right to the city\" \/>\n<meta property=\"article:modified_time\" content=\"2020-05-12T17:27:24+00:00\" \/>\n<meta property=\"og:image\" content=\"https:\/\/www.right2city.org\/wp-content\/uploads\/2018\/10\/DerechoCD_Xalapa-1.jpg\" \/>\n\t<meta property=\"og:image:width\" content=\"1665\" \/>\n\t<meta property=\"og:image:height\" content=\"988\" \/>\n\t<meta property=\"og:image:type\" content=\"image\/jpeg\" \/>\n<meta name=\"twitter:card\" content=\"summary_large_image\" \/>\n<meta name=\"twitter:label1\" content=\"Tiempo de lectura\" \/>\n\t<meta name=\"twitter:data1\" content=\"3 minutos\" \/>\n<script type=\"application\/ld+json\" class=\"yoast-schema-graph\">{\"@context\":\"https:\\\/\\\/schema.org\",\"@graph\":[{\"@type\":\"WebPage\",\"@id\":\"https:\\\/\\\/www.right2city.org\\\/es\\\/news\\\/espanol-el-derecho-a-la-ciudad-a-debate-en-xalapa-veracruz\\\/\",\"url\":\"https:\\\/\\\/www.right2city.org\\\/es\\\/news\\\/espanol-el-derecho-a-la-ciudad-a-debate-en-xalapa-veracruz\\\/\",\"name\":\"El derecho a la ciudad a debate en Xalapa, Veracruz - Right to the city\",\"isPartOf\":{\"@id\":\"https:\\\/\\\/www.right2city.org\\\/es\\\/#website\"},\"primaryImageOfPage\":{\"@id\":\"https:\\\/\\\/www.right2city.org\\\/es\\\/news\\\/espanol-el-derecho-a-la-ciudad-a-debate-en-xalapa-veracruz\\\/#primaryimage\"},\"image\":{\"@id\":\"https:\\\/\\\/www.right2city.org\\\/es\\\/news\\\/espanol-el-derecho-a-la-ciudad-a-debate-en-xalapa-veracruz\\\/#primaryimage\"},\"thumbnailUrl\":\"https:\\\/\\\/www.right2city.org\\\/wp-content\\\/uploads\\\/2018\\\/10\\\/DerechoCD_Xalapa-1.jpg\",\"datePublished\":\"2018-10-30T10:46:21+00:00\",\"dateModified\":\"2020-05-12T17:27:24+00:00\",\"breadcrumb\":{\"@id\":\"https:\\\/\\\/www.right2city.org\\\/es\\\/news\\\/espanol-el-derecho-a-la-ciudad-a-debate-en-xalapa-veracruz\\\/#breadcrumb\"},\"inLanguage\":\"es\",\"potentialAction\":[{\"@type\":\"ReadAction\",\"target\":[\"https:\\\/\\\/www.right2city.org\\\/es\\\/news\\\/espanol-el-derecho-a-la-ciudad-a-debate-en-xalapa-veracruz\\\/\"]}]},{\"@type\":\"ImageObject\",\"inLanguage\":\"es\",\"@id\":\"https:\\\/\\\/www.right2city.org\\\/es\\\/news\\\/espanol-el-derecho-a-la-ciudad-a-debate-en-xalapa-veracruz\\\/#primaryimage\",\"url\":\"https:\\\/\\\/www.right2city.org\\\/wp-content\\\/uploads\\\/2018\\\/10\\\/DerechoCD_Xalapa-1.jpg\",\"contentUrl\":\"https:\\\/\\\/www.right2city.org\\\/wp-content\\\/uploads\\\/2018\\\/10\\\/DerechoCD_Xalapa-1.jpg\",\"width\":1665,\"height\":988},{\"@type\":\"BreadcrumbList\",\"@id\":\"https:\\\/\\\/www.right2city.org\\\/es\\\/news\\\/espanol-el-derecho-a-la-ciudad-a-debate-en-xalapa-veracruz\\\/#breadcrumb\",\"itemListElement\":[{\"@type\":\"ListItem\",\"position\":1,\"name\":\"Home\",\"item\":\"https:\\\/\\\/www.right2city.org\\\/es\\\/\"},{\"@type\":\"ListItem\",\"position\":2,\"name\":\"Noticias\",\"item\":\"https:\\\/\\\/www.right2city.org\\\/es\\\/news\\\/\"},{\"@type\":\"ListItem\",\"position\":3,\"name\":\"El derecho a la ciudad a debate en Xalapa, Veracruz\"}]},{\"@type\":\"WebSite\",\"@id\":\"https:\\\/\\\/www.right2city.org\\\/es\\\/#website\",\"url\":\"https:\\\/\\\/www.right2city.org\\\/es\\\/\",\"name\":\"Right to the city\",\"description\":\"Global Platform for the Right to the City\",\"potentialAction\":[{\"@type\":\"SearchAction\",\"target\":{\"@type\":\"EntryPoint\",\"urlTemplate\":\"https:\\\/\\\/www.right2city.org\\\/es\\\/?s={search_term_string}\"},\"query-input\":{\"@type\":\"PropertyValueSpecification\",\"valueRequired\":true,\"valueName\":\"search_term_string\"}}],\"inLanguage\":\"es\"}]}<\/script>\n<!-- \/ Yoast SEO plugin. -->","yoast_head_json":{"title":"El derecho a la ciudad a debate en Xalapa, Veracruz - Right to the city","robots":{"index":"index","follow":"follow","max-snippet":"max-snippet:-1","max-image-preview":"max-image-preview:large","max-video-preview":"max-video-preview:-1"},"canonical":"https:\/\/www.right2city.org\/es\/news\/espanol-el-derecho-a-la-ciudad-a-debate-en-xalapa-veracruz\/","og_locale":"es_ES","og_type":"article","og_title":"El derecho a la ciudad a debate en Xalapa, Veracruz - Right to the city","og_description":"Luis Fernando Granados (organizador) e Hip\u00f3lito Rodr\u00edguez (alcalde de Xalapa) al cierre del evento El 28 de agosto de 2018, en la ciudad de Xalapa, M\u00e9xico, se llev\u00f3 a cabo el coloquio El derecho a la ciudad: Medio siglo de una idea revolucionaria. La iniciativa fue coordinada por un grupo acad\u00e9mico llamado Espacio, Territorio, Cultura [&hellip;]","og_url":"https:\/\/www.right2city.org\/es\/news\/espanol-el-derecho-a-la-ciudad-a-debate-en-xalapa-veracruz\/","og_site_name":"Right to the city","article_modified_time":"2020-05-12T17:27:24+00:00","og_image":[{"width":1665,"height":988,"url":"https:\/\/www.right2city.org\/wp-content\/uploads\/2018\/10\/DerechoCD_Xalapa-1.jpg","type":"image\/jpeg"}],"twitter_card":"summary_large_image","twitter_misc":{"Tiempo de lectura":"3 minutos"},"schema":{"@context":"https:\/\/schema.org","@graph":[{"@type":"WebPage","@id":"https:\/\/www.right2city.org\/es\/news\/espanol-el-derecho-a-la-ciudad-a-debate-en-xalapa-veracruz\/","url":"https:\/\/www.right2city.org\/es\/news\/espanol-el-derecho-a-la-ciudad-a-debate-en-xalapa-veracruz\/","name":"El derecho a la ciudad a debate en Xalapa, Veracruz - Right to the city","isPartOf":{"@id":"https:\/\/www.right2city.org\/es\/#website"},"primaryImageOfPage":{"@id":"https:\/\/www.right2city.org\/es\/news\/espanol-el-derecho-a-la-ciudad-a-debate-en-xalapa-veracruz\/#primaryimage"},"image":{"@id":"https:\/\/www.right2city.org\/es\/news\/espanol-el-derecho-a-la-ciudad-a-debate-en-xalapa-veracruz\/#primaryimage"},"thumbnailUrl":"https:\/\/www.right2city.org\/wp-content\/uploads\/2018\/10\/DerechoCD_Xalapa-1.jpg","datePublished":"2018-10-30T10:46:21+00:00","dateModified":"2020-05-12T17:27:24+00:00","breadcrumb":{"@id":"https:\/\/www.right2city.org\/es\/news\/espanol-el-derecho-a-la-ciudad-a-debate-en-xalapa-veracruz\/#breadcrumb"},"inLanguage":"es","potentialAction":[{"@type":"ReadAction","target":["https:\/\/www.right2city.org\/es\/news\/espanol-el-derecho-a-la-ciudad-a-debate-en-xalapa-veracruz\/"]}]},{"@type":"ImageObject","inLanguage":"es","@id":"https:\/\/www.right2city.org\/es\/news\/espanol-el-derecho-a-la-ciudad-a-debate-en-xalapa-veracruz\/#primaryimage","url":"https:\/\/www.right2city.org\/wp-content\/uploads\/2018\/10\/DerechoCD_Xalapa-1.jpg","contentUrl":"https:\/\/www.right2city.org\/wp-content\/uploads\/2018\/10\/DerechoCD_Xalapa-1.jpg","width":1665,"height":988},{"@type":"BreadcrumbList","@id":"https:\/\/www.right2city.org\/es\/news\/espanol-el-derecho-a-la-ciudad-a-debate-en-xalapa-veracruz\/#breadcrumb","itemListElement":[{"@type":"ListItem","position":1,"name":"Home","item":"https:\/\/www.right2city.org\/es\/"},{"@type":"ListItem","position":2,"name":"Noticias","item":"https:\/\/www.right2city.org\/es\/news\/"},{"@type":"ListItem","position":3,"name":"El derecho a la ciudad a debate en Xalapa, Veracruz"}]},{"@type":"WebSite","@id":"https:\/\/www.right2city.org\/es\/#website","url":"https:\/\/www.right2city.org\/es\/","name":"Right to the city","description":"Global Platform for the Right to the City","potentialAction":[{"@type":"SearchAction","target":{"@type":"EntryPoint","urlTemplate":"https:\/\/www.right2city.org\/es\/?s={search_term_string}"},"query-input":{"@type":"PropertyValueSpecification","valueRequired":true,"valueName":"search_term_string"}}],"inLanguage":"es"}]}},"_links":{"self":[{"href":"https:\/\/www.right2city.org\/es\/wp-json\/wp\/v2\/news\/52930","targetHints":{"allow":["GET"]}}],"collection":[{"href":"https:\/\/www.right2city.org\/es\/wp-json\/wp\/v2\/news"}],"about":[{"href":"https:\/\/www.right2city.org\/es\/wp-json\/wp\/v2\/types\/news"}],"wp:featuredmedia":[{"embeddable":true,"href":"https:\/\/www.right2city.org\/es\/wp-json\/wp\/v2\/media\/55149"}],"wp:attachment":[{"href":"https:\/\/www.right2city.org\/es\/wp-json\/wp\/v2\/media?parent=52930"}],"wp:term":[{"taxonomy":"category","embeddable":true,"href":"https:\/\/www.right2city.org\/es\/wp-json\/wp\/v2\/categories?post=52930"},{"taxonomy":"themes","embeddable":true,"href":"https:\/\/www.right2city.org\/es\/wp-json\/wp\/v2\/themes?post=52930"},{"taxonomy":"agendas_globales","embeddable":true,"href":"https:\/\/www.right2city.org\/es\/wp-json\/wp\/v2\/agendas_globales?post=52930"}],"curies":[{"name":"wp","href":"https:\/\/api.w.org\/{rel}","templated":true}]}}