{"id":52935,"date":"2018-11-13T12:08:47","date_gmt":"2018-11-13T10:08:47","guid":{"rendered":"https:\/\/www.right2city.org\/news\/espanol-el-derecho-a-la-ciudad-en-buenos-aires-y-el-mundo\/"},"modified":"2020-05-12T19:18:56","modified_gmt":"2020-05-12T17:18:56","slug":"espanol-el-derecho-a-la-ciudad-en-buenos-aires-y-el-mundo","status":"publish","type":"news","link":"https:\/\/www.right2city.org\/es\/news\/espanol-el-derecho-a-la-ciudad-en-buenos-aires-y-el-mundo\/","title":{"rendered":"El Derecho a la Ciudad en Buenos Aires y el Mundo"},"content":{"rendered":"<p><a href=\"http:\/\/www.righttothecityplatform.org.br\/espanol-el-derecho-a-la-ciudad-en-buenos-aires-y-el-mundo\/_mg_5317\/\" rel=\"attachment wp-att-3212\"><img loading=\"lazy\" decoding=\"async\" class=\"aligncenter size-full wp-image-3212\" src=\"https:\/\/www.right2city.org\/wp-content\/uploads\/2020\/01\/MG_5317.jpg\" alt=\"\" width=\"2000\" height=\"936\" \/><\/a><\/p>\n<p>La Plataforma Global por el Derecho a la Ciudad estuvo en Buenos Aires con organizaciones, movimientos y redes de pobladores, acad\u00e9micos y gobiernos locales comprometidos con la justicia social territorial con motivo del <strong>Encuentro Internacional por Ciudades Igualitarias (EipCI). Este encuentro tuvo lugar del <\/strong>del 28 al 31 de Octubre, en paralelo a la Cumbre <a href=\"http:\/\/www.urban20.org\/\">Urban 20<\/a>, con el fin de mostrar y discutir una posici\u00f3n alternativa a las gestiones urbanas neoliberales e intercambiar ideas y experiencias sobre las ciudades a las que aspiramos en este contexto internacional de crisis econ\u00f3mica, social, ambiental y pol\u00edtica.<\/p>\n<p>El encuentro cont\u00f3 con el apoyo de dos excepcionales mujeres comprometidas con los derechos humanos: <a href=\"https:\/\/www.youtube.com\/watch?v=4f4X8SYdG2E\">Ada Colau<\/a>, la alcaldesa de Barcelona, que llamaba a \u00abtrabajar en la articulaci\u00f3n entre movimientos sociales y gobiernos locales para defender la democracia, la diversidad, la igualdad y la libertad \u00ab; y <a href=\"https:\/\/www.youtube.com\/watch?v=bGOGm4ptlbc\">Leilani Farha<\/a>, relatora especial sobre el derecho a una vivienda adecuada, que enfatizaba que \u00abLa vivienda debe ser un tema central en Urban 20 y G20, ya que es el campo de batalla del s. XXI. La vivienda es un Derecho Humano, no una mercanc\u00eda <a href=\"https:\/\/twitter.com\/hashtag\/MaketheShift?src=hash\">#MaketheShift<\/a> \u00bb<\/p>\n<p>El programa del EipCI cont\u00f3 con <a href=\"http:\/\/www.righttothecityplatform.org.br\/event\/espanol-encuentro-internacional-por-ciudades-igualitarias-eipci\/guia-ci\/?lang=es\">numerosas actividades<\/a> en diversos formatos, desde actividades culturales, el tour de desalojos, el tribunal internacional de desalojos, el recorrido por cooperativas, talleres tem\u00e1ticos y la asamblea de organizaciones sociales.<\/p>\n<p>La Plataforma co-organiz\u00f3 varias actividades en torno al Derecho a la Ciudad,\u00a0 junto a la Defensor\u00eda P\u00fablica de la Ciudad de Buenos Aires, la Asociaci\u00f3n Civil por la Igualdad y la Justicia (ACIJ) y el Centro de Estudios Legales y Sociales (CELS). Entre ellas destacamos:<\/p>\n<p>1) <strong><a href=\"https:\/\/www.flickr.com\/photos\/158027252@N07\/albums\/72157672931341347\">Reuni\u00f3n\u00a0de Trabajo<\/a><\/strong> que cont\u00f3 con la participaci\u00f3n de 20 organizaciones. En esta reuni\u00f3n se di\u00f3 a conocer la visi\u00f3n y misi\u00f3n de la plataforma, se compartieron estrategias de incidencia y se acord\u00f3 seguir sumando fuerzas para poner el Derecho a la Ciudad en el centro de las pol\u00edticas p\u00fablicas.<\/p>\n<p>2) El <strong><a href=\"https:\/\/www.flickr.com\/photos\/158027252@N07\/albums\/72157673394677857\">taller \u00abComprender e Implementar el Derecho a la Ciudad\u00bb<\/a><\/strong> que cont\u00f3 con la participaci\u00f3n de m\u00e1s de 80 personas de diversos pa\u00edses que se dividieron en grupos de debate. En este taller se reflexion\u00f3 sobre el concepto e implementaci\u00f3n de este derecho desde diferentes perspectivas, como la gesti\u00f3n democr\u00e1tica, el feminismo y futuro del trabajo, entre otros.<\/p>\n<p><span style=\"color: #800000;\">Jailson de Sousa e Silva, fundador del Observatorio de Favelas (R\u00edo de Janeiro): \u00abEl esp\u00edritu de la ciudad es producido en las periferias\u00bb<\/span><\/p>\n<p><span style=\"color: #993300;\">3) El\u00a0<\/span><strong><a href=\"https:\/\/www.flickr.com\/photos\/158027252@N07\/albums\/72157702893219714\"><span style=\"color: #993300;\">Panel \u201cDesaf\u00edos en la Agenda del Dere<\/span><\/a><\/strong><strong><a href=\"https:\/\/www.flickr.com\/photos\/158027252@N07\/albums\/72157702893219714\">cho a la Ciudad\u201d<\/a><\/strong> se realiz\u00f3 a continuacion y a modo de cierre del taller. Cont\u00f3 con la intervenci\u00f3n de Horacio Corti (Defensor General de la Ciudad de Buenos Aires) Nelson Saule Junior (Instituto P\u00f3lis \/ Plataforma Global por el Derecho a la Ciudad), Maria Silvia Emanuelli ( Coalici\u00f3n Internacional del H\u00e1bitat), Luna Miguens (Centro de Estudios Legales y Sociales &#8211; CELS ) y Sebasti\u00e1n Pilo, (Asociaci\u00f3n Civil por la Igualdad y la Justicia &#8211; ACIJ), moderado por Eduardo Reese (Centro de Estudios Legales y Sociales &#8211; CELS).<\/p>\n<p><span style=\"color: #800000;\">Horacio Corti: \u00abEl Derecho a la Ciudad es una luz que nos gu\u00eda en este momento de tanta oscuridad en Latinoam\u00e9rica.\u00bb<\/span><\/p>\n<p><span style=\"color: #800000;\">Nelson Saule: \u201cEn esta coyuntura que busca demonizar los derechos humanos, debemos seguir firmes en la defensa de ciudades democr\u00e1ticas, justas e inclusivas desde el perspectiva del Derecho a la Ciudad\u201d.<\/span><\/p>\n<p>4) <strong>Encuentro Internacional por Ciudades Igualitarias<\/strong>, con talleres tem\u00e1ticos, asamblea de organizaciones sociales y el panel de cierre con intendentes nacionales e internacionales. Al cierre de este encuentro se comparti\u00f3 la <a href=\"http:\/\/www.righttothecityplatform.org.br\/wp-content\/uploads\/Declaraci%C3%B3n-EIpCI.pdf\">Declaraci\u00f3n por un compromiso com\u00fan por Ciudades Igualitarias<\/a>, donde se enfatiza que \u00abEl Derecho a la Ciudad reafirma, actualiza y defiende los Derechos Humanos y las correspondientes obligaciones estatales. Las ciudades son un lugar para todas y todos.\u00bb<\/p>\n<p>El 31 de octubre, coincidiendo con el \u00faltimo d\u00eda del Encuentro, se lanz\u00f3 la campa\u00f1a y <a href=\"http:\/\/www.righttothecityplatform.org.br\/declaration-on-the-world-day-for-the-right-to-the-city\/?lang=es\">declaraci\u00f3n por el D\u00eda Mundial por el Derecho a la Ciudad<\/a>. En este documento,\u00a0 movimientos sociales, organizaciones de la sociedad civil y gobiernos locales acordamos celebrar el D\u00eda Mundial por el Derecho a la Ciudad ese d\u00eda, reinterpretando la designaci\u00f3n de Naciones Unidas del <a href=\"http:\/\/www.un.org\/es\/events\/citiesday\/\">D\u00eda Mundial de las Ciudades<\/a>. La raz\u00f3n de esta decisi\u00f3n es simple: no es suficiente celebrar ciudades. Adem\u00e1s, hicimos un llamado urgente a las Naciones Unidas y a todas las instituciones internacionales, regionales, nacionales y locales, a las organizaciones de la sociedad civil y a las-os habitantes de todo el mundo para que den un paso m\u00e1s y adopten el Derecho a la Ciudad como un camino colectivo para construir ciudades justas, inclusivas, pac\u00edficas y sostenibles para todas y todos.<\/p>\n<p><span style=\"color: #800000;\">Nelson Saule lo explica en\u00a0 un <a style=\"color: #800000;\" href=\"https:\/\/www.youtube.com\/watch?v=nhACxH_gmXI\">video<\/a> :\u00bbHoy celebramos el D\u00eda Mundial del Derecho a la Ciudad porque defendemos que la implementaci\u00f3n de la Nueva Agenda Urbana y los Objetivos de Desarrollo Sostenible deben tener en cuenta la visi\u00f3n del Derecho a la Ciudad\u00bb.<\/span><\/p>\n<p>Noticias del Encuentro en prensa:<\/p>\n<p><a href=\"https:\/\/www.tiempoar.com.ar\/nota\/el-domingo-arranca-la-contracumbre-al-urban-20\">https:\/\/www.tiempoar.com.ar\/nota\/el-domingo-arranca-la-contracumbre-al-urban-20<\/a><\/p>\n<p><a href=\"https:\/\/www.infobae.com\/noticias\/2018\/10\/29\/urban-20-40-alcaldes-del-mundo-debaten-en-buenos-aires-sobre-accion-climatica-el-futuro-del-empleo-y-la-integracion-social\/\">https:\/\/www.infobae.com\/noticias\/2018\/10\/29\/urban-20-40-alcaldes-del-mundo-debaten-en-buenos-aires-sobre-accion-climatica-el-futuro-del-empleo-y-la-integracion-social\/<\/a><\/p>\n<p><a href=\"https:\/\/www.laizquierdadiario.com\/La-Boca-tierra-donde-el-negocio-inmobiliario-vale-mas-que-el-derecho-a-la-vivienda\">https:\/\/www.laizquierdadiario.com\/La-Boca-tierra-donde-el-negocio-inmobiliario-vale-mas-que-el-derecho-a-la-vivienda<\/a><\/p>\n<p><a href=\"http:\/\/www.unsam.edu.ar\/tss\/extractivismo-urbano\/\">http:\/\/www.unsam.edu.ar\/tss\/extractivismo-urbano\/<\/a><\/p>\n<p><a href=\"https:\/\/www.nueva-ciudad.com.ar\/notas\/201810\/38962-un-tour-de-desalojos-en-el-sur-porteno-en-la-contracumbre-del-urban-20.html\">https:\/\/www.nueva-ciudad.com.ar\/notas\/201810\/38962-un-tour-de-desalojos-en-el-sur-porteno-en-la-contracumbre-del-urban-20.html<\/a><\/p>\n<p><a href=\"http:\/\/www.pluralnoticias.com.ar\/index.php\/catsociedad\/17646-encuentro-por-ciudades-igualitarias-la-contracara-del-g20\">http:\/\/www.pluralnoticias.com.ar\/index.php\/catsociedad\/17646-encuentro-por-ciudades-igualitarias-la-contracara-del-g20<\/a><\/p>\n<p><a href=\"http:\/\/www.noticiasurbanas.com.ar\/noticias\/arranco-nel-encuentro-de-ciudades-igualitarias\/\">http:\/\/www.noticiasurbanas.com.ar\/noticias\/arranco-nel-encuentro-de-ciudades-igualitarias\/<\/a><\/p>\n<p><a href=\"https:\/\/www.noticiariosur.com.ar\/titulos\/destacados\/un-espacio-para-plantear-modelos-alternativos-de-ciudad\">https:\/\/www.noticiariosur.com.ar\/titulos\/destacados\/un-espacio-para-plantear-modelos-alternativos-de-ciudad<\/a><\/p>\n<p><a href=\"http:\/\/www.pluralnoticias.com.ar\/index.php\/catsociedad\/17675-la-desigualdad-en-la-ciudad-de-buenos-aires-esta-a-la-orden-del-dia\">http:\/\/www.pluralnoticias.com.ar\/index.php\/catsociedad\/17675-la-desigualdad-en-la-ciudad-de-buenos-aires-esta-a-la-orden-del-dia<\/a><\/p>\n<p>&nbsp;<\/p>\n","protected":false},"featured_media":55132,"template":"","meta":{"_acf_changed":false,"_et_pb_use_builder":"","_et_pb_old_content":"","_et_gb_content_width":"","cybocfi_hide_featured_image":""},"categories":[],"themes":[],"agendas_globales":[],"class_list":["post-52935","news","type-news","status-publish","has-post-thumbnail","hentry"],"acf":[],"yoast_head":"<!-- This site is optimized with the Yoast SEO plugin v27.5 - https:\/\/yoast.com\/product\/yoast-seo-wordpress\/ -->\n<title>El Derecho a la Ciudad en Buenos Aires y el Mundo - Right to the city<\/title>\n<meta name=\"robots\" content=\"index, follow, max-snippet:-1, max-image-preview:large, max-video-preview:-1\" \/>\n<link rel=\"canonical\" href=\"https:\/\/www.right2city.org\/es\/news\/espanol-el-derecho-a-la-ciudad-en-buenos-aires-y-el-mundo\/\" \/>\n<meta property=\"og:locale\" content=\"es_ES\" \/>\n<meta property=\"og:type\" content=\"article\" \/>\n<meta property=\"og:title\" content=\"El Derecho a la Ciudad en Buenos Aires y el Mundo - Right to the city\" \/>\n<meta property=\"og:description\" content=\"La Plataforma Global por el Derecho a la Ciudad estuvo en Buenos Aires con organizaciones, movimientos y redes de pobladores, acad\u00e9micos y gobiernos locales comprometidos con la justicia social territorial con motivo del Encuentro Internacional por Ciudades Igualitarias (EipCI). Este encuentro tuvo lugar del del 28 al 31 de Octubre, en paralelo a la Cumbre [&hellip;]\" \/>\n<meta property=\"og:url\" content=\"https:\/\/www.right2city.org\/es\/news\/espanol-el-derecho-a-la-ciudad-en-buenos-aires-y-el-mundo\/\" \/>\n<meta property=\"og:site_name\" content=\"Right to the city\" \/>\n<meta property=\"article:modified_time\" content=\"2020-05-12T17:18:56+00:00\" \/>\n<meta property=\"og:image\" content=\"https:\/\/www.right2city.org\/wp-content\/uploads\/2018\/11\/MG_5317.jpg\" \/>\n\t<meta property=\"og:image:width\" content=\"2000\" \/>\n\t<meta property=\"og:image:height\" content=\"936\" \/>\n\t<meta property=\"og:image:type\" content=\"image\/jpeg\" \/>\n<meta name=\"twitter:card\" content=\"summary_large_image\" \/>\n<meta name=\"twitter:label1\" content=\"Tiempo de lectura\" \/>\n\t<meta name=\"twitter:data1\" content=\"5 minutos\" \/>\n<script type=\"application\/ld+json\" class=\"yoast-schema-graph\">{\"@context\":\"https:\\\/\\\/schema.org\",\"@graph\":[{\"@type\":\"WebPage\",\"@id\":\"https:\\\/\\\/www.right2city.org\\\/es\\\/news\\\/espanol-el-derecho-a-la-ciudad-en-buenos-aires-y-el-mundo\\\/\",\"url\":\"https:\\\/\\\/www.right2city.org\\\/es\\\/news\\\/espanol-el-derecho-a-la-ciudad-en-buenos-aires-y-el-mundo\\\/\",\"name\":\"El Derecho a la Ciudad en Buenos Aires y el Mundo - Right to the city\",\"isPartOf\":{\"@id\":\"https:\\\/\\\/www.right2city.org\\\/es\\\/#website\"},\"primaryImageOfPage\":{\"@id\":\"https:\\\/\\\/www.right2city.org\\\/es\\\/news\\\/espanol-el-derecho-a-la-ciudad-en-buenos-aires-y-el-mundo\\\/#primaryimage\"},\"image\":{\"@id\":\"https:\\\/\\\/www.right2city.org\\\/es\\\/news\\\/espanol-el-derecho-a-la-ciudad-en-buenos-aires-y-el-mundo\\\/#primaryimage\"},\"thumbnailUrl\":\"https:\\\/\\\/www.right2city.org\\\/wp-content\\\/uploads\\\/2018\\\/11\\\/MG_5317.jpg\",\"datePublished\":\"2018-11-13T10:08:47+00:00\",\"dateModified\":\"2020-05-12T17:18:56+00:00\",\"breadcrumb\":{\"@id\":\"https:\\\/\\\/www.right2city.org\\\/es\\\/news\\\/espanol-el-derecho-a-la-ciudad-en-buenos-aires-y-el-mundo\\\/#breadcrumb\"},\"inLanguage\":\"es\",\"potentialAction\":[{\"@type\":\"ReadAction\",\"target\":[\"https:\\\/\\\/www.right2city.org\\\/es\\\/news\\\/espanol-el-derecho-a-la-ciudad-en-buenos-aires-y-el-mundo\\\/\"]}]},{\"@type\":\"ImageObject\",\"inLanguage\":\"es\",\"@id\":\"https:\\\/\\\/www.right2city.org\\\/es\\\/news\\\/espanol-el-derecho-a-la-ciudad-en-buenos-aires-y-el-mundo\\\/#primaryimage\",\"url\":\"https:\\\/\\\/www.right2city.org\\\/wp-content\\\/uploads\\\/2018\\\/11\\\/MG_5317.jpg\",\"contentUrl\":\"https:\\\/\\\/www.right2city.org\\\/wp-content\\\/uploads\\\/2018\\\/11\\\/MG_5317.jpg\",\"width\":2000,\"height\":936},{\"@type\":\"BreadcrumbList\",\"@id\":\"https:\\\/\\\/www.right2city.org\\\/es\\\/news\\\/espanol-el-derecho-a-la-ciudad-en-buenos-aires-y-el-mundo\\\/#breadcrumb\",\"itemListElement\":[{\"@type\":\"ListItem\",\"position\":1,\"name\":\"Home\",\"item\":\"https:\\\/\\\/www.right2city.org\\\/es\\\/\"},{\"@type\":\"ListItem\",\"position\":2,\"name\":\"Noticias\",\"item\":\"https:\\\/\\\/www.right2city.org\\\/es\\\/news\\\/\"},{\"@type\":\"ListItem\",\"position\":3,\"name\":\"El Derecho a la Ciudad en Buenos Aires y el Mundo\"}]},{\"@type\":\"WebSite\",\"@id\":\"https:\\\/\\\/www.right2city.org\\\/es\\\/#website\",\"url\":\"https:\\\/\\\/www.right2city.org\\\/es\\\/\",\"name\":\"Right to the city\",\"description\":\"Global Platform for the Right to the City\",\"potentialAction\":[{\"@type\":\"SearchAction\",\"target\":{\"@type\":\"EntryPoint\",\"urlTemplate\":\"https:\\\/\\\/www.right2city.org\\\/es\\\/?s={search_term_string}\"},\"query-input\":{\"@type\":\"PropertyValueSpecification\",\"valueRequired\":true,\"valueName\":\"search_term_string\"}}],\"inLanguage\":\"es\"}]}<\/script>\n<!-- \/ Yoast SEO plugin. -->","yoast_head_json":{"title":"El Derecho a la Ciudad en Buenos Aires y el Mundo - Right to the city","robots":{"index":"index","follow":"follow","max-snippet":"max-snippet:-1","max-image-preview":"max-image-preview:large","max-video-preview":"max-video-preview:-1"},"canonical":"https:\/\/www.right2city.org\/es\/news\/espanol-el-derecho-a-la-ciudad-en-buenos-aires-y-el-mundo\/","og_locale":"es_ES","og_type":"article","og_title":"El Derecho a la Ciudad en Buenos Aires y el Mundo - Right to the city","og_description":"La Plataforma Global por el Derecho a la Ciudad estuvo en Buenos Aires con organizaciones, movimientos y redes de pobladores, acad\u00e9micos y gobiernos locales comprometidos con la justicia social territorial con motivo del Encuentro Internacional por Ciudades Igualitarias (EipCI). Este encuentro tuvo lugar del del 28 al 31 de Octubre, en paralelo a la Cumbre [&hellip;]","og_url":"https:\/\/www.right2city.org\/es\/news\/espanol-el-derecho-a-la-ciudad-en-buenos-aires-y-el-mundo\/","og_site_name":"Right to the city","article_modified_time":"2020-05-12T17:18:56+00:00","og_image":[{"width":2000,"height":936,"url":"https:\/\/www.right2city.org\/wp-content\/uploads\/2018\/11\/MG_5317.jpg","type":"image\/jpeg"}],"twitter_card":"summary_large_image","twitter_misc":{"Tiempo de lectura":"5 minutos"},"schema":{"@context":"https:\/\/schema.org","@graph":[{"@type":"WebPage","@id":"https:\/\/www.right2city.org\/es\/news\/espanol-el-derecho-a-la-ciudad-en-buenos-aires-y-el-mundo\/","url":"https:\/\/www.right2city.org\/es\/news\/espanol-el-derecho-a-la-ciudad-en-buenos-aires-y-el-mundo\/","name":"El Derecho a la Ciudad en Buenos Aires y el Mundo - Right to the city","isPartOf":{"@id":"https:\/\/www.right2city.org\/es\/#website"},"primaryImageOfPage":{"@id":"https:\/\/www.right2city.org\/es\/news\/espanol-el-derecho-a-la-ciudad-en-buenos-aires-y-el-mundo\/#primaryimage"},"image":{"@id":"https:\/\/www.right2city.org\/es\/news\/espanol-el-derecho-a-la-ciudad-en-buenos-aires-y-el-mundo\/#primaryimage"},"thumbnailUrl":"https:\/\/www.right2city.org\/wp-content\/uploads\/2018\/11\/MG_5317.jpg","datePublished":"2018-11-13T10:08:47+00:00","dateModified":"2020-05-12T17:18:56+00:00","breadcrumb":{"@id":"https:\/\/www.right2city.org\/es\/news\/espanol-el-derecho-a-la-ciudad-en-buenos-aires-y-el-mundo\/#breadcrumb"},"inLanguage":"es","potentialAction":[{"@type":"ReadAction","target":["https:\/\/www.right2city.org\/es\/news\/espanol-el-derecho-a-la-ciudad-en-buenos-aires-y-el-mundo\/"]}]},{"@type":"ImageObject","inLanguage":"es","@id":"https:\/\/www.right2city.org\/es\/news\/espanol-el-derecho-a-la-ciudad-en-buenos-aires-y-el-mundo\/#primaryimage","url":"https:\/\/www.right2city.org\/wp-content\/uploads\/2018\/11\/MG_5317.jpg","contentUrl":"https:\/\/www.right2city.org\/wp-content\/uploads\/2018\/11\/MG_5317.jpg","width":2000,"height":936},{"@type":"BreadcrumbList","@id":"https:\/\/www.right2city.org\/es\/news\/espanol-el-derecho-a-la-ciudad-en-buenos-aires-y-el-mundo\/#breadcrumb","itemListElement":[{"@type":"ListItem","position":1,"name":"Home","item":"https:\/\/www.right2city.org\/es\/"},{"@type":"ListItem","position":2,"name":"Noticias","item":"https:\/\/www.right2city.org\/es\/news\/"},{"@type":"ListItem","position":3,"name":"El Derecho a la Ciudad en Buenos Aires y el Mundo"}]},{"@type":"WebSite","@id":"https:\/\/www.right2city.org\/es\/#website","url":"https:\/\/www.right2city.org\/es\/","name":"Right to the city","description":"Global Platform for the Right to the City","potentialAction":[{"@type":"SearchAction","target":{"@type":"EntryPoint","urlTemplate":"https:\/\/www.right2city.org\/es\/?s={search_term_string}"},"query-input":{"@type":"PropertyValueSpecification","valueRequired":true,"valueName":"search_term_string"}}],"inLanguage":"es"}]}},"_links":{"self":[{"href":"https:\/\/www.right2city.org\/es\/wp-json\/wp\/v2\/news\/52935","targetHints":{"allow":["GET"]}}],"collection":[{"href":"https:\/\/www.right2city.org\/es\/wp-json\/wp\/v2\/news"}],"about":[{"href":"https:\/\/www.right2city.org\/es\/wp-json\/wp\/v2\/types\/news"}],"wp:featuredmedia":[{"embeddable":true,"href":"https:\/\/www.right2city.org\/es\/wp-json\/wp\/v2\/media\/55132"}],"wp:attachment":[{"href":"https:\/\/www.right2city.org\/es\/wp-json\/wp\/v2\/media?parent=52935"}],"wp:term":[{"taxonomy":"category","embeddable":true,"href":"https:\/\/www.right2city.org\/es\/wp-json\/wp\/v2\/categories?post=52935"},{"taxonomy":"themes","embeddable":true,"href":"https:\/\/www.right2city.org\/es\/wp-json\/wp\/v2\/themes?post=52935"},{"taxonomy":"agendas_globales","embeddable":true,"href":"https:\/\/www.right2city.org\/es\/wp-json\/wp\/v2\/agendas_globales?post=52935"}],"curies":[{"name":"wp","href":"https:\/\/api.w.org\/{rel}","templated":true}]}}