{"id":52939,"date":"2018-12-05T11:50:39","date_gmt":"2018-12-05T09:50:39","guid":{"rendered":"https:\/\/www.right2city.org\/news\/declaration-on-human-rights-day-and-the-right-to-the-city\/"},"modified":"2020-05-12T19:13:56","modified_gmt":"2020-05-12T17:13:56","slug":"declaration-on-human-rights-day-and-the-right-to-the-city","status":"publish","type":"news","link":"https:\/\/www.right2city.org\/es\/news\/declaration-on-human-rights-day-and-the-right-to-the-city\/","title":{"rendered":"Declaraci\u00f3n por el D\u00eda de los Derechos Humanos y el Derecho a la Ciudad"},"content":{"rendered":"<p><a href=\"http:\/\/www.righttothecityplatform.org.br\/declaration-on-human-rights-day-and-the-right-to-the-city\/logo-70-years-2\/\" rel=\"attachment wp-att-3275\"><img loading=\"lazy\" decoding=\"async\" class=\"aligncenter size-full wp-image-3275\" src=\"https:\/\/www.right2city.org\/wp-content\/uploads\/2020\/01\/logo-70-years-1.png\" alt=\"\" width=\"395\" height=\"127\" \/><\/a><\/p>\r\n<p>Nosotros, los movimientos sociales, las organizaciones de la sociedad civil y los gobiernos locales estamos comprometidos con la justicia social a trav\u00e9s de la promoci\u00f3n, defensa y cumplimiento de todos los derechos humanos relativos al h\u00e1bitat, incluyendo el Derecho Humano a una Vivienda Adecuada, la Tierra y el Derecho a la Ciudad en todas las regiones del mundo.<\/p>\r\n<p>El 1 de octubre de 2018, d\u00eda designado por las Naciones Unidas como <a href=\"https:\/\/unhabitat.org\/world-habitat-day\/\"><strong>D\u00eda Mundial del H\u00e1bitat<\/strong><\/a>, reflexionamos sobre el estado de nuestros asentamientos humanos y sobre los derechos humanos relativos al h\u00e1bitat. El D\u00eda Mundial del H\u00e1bitat ten\u00eda como objetivo \u00abrecordar al mundo que todos tenemos el poder y la responsabilidad de dar forma al futuro de nuestras ciudades y pueblos\u00bb, pero tambi\u00e9n a nuestro futuro en el h\u00e1bitat humano m\u00e1s amplio.<\/p>\r\n<p>El 31 de octubre celebramos el <a href=\"http:\/\/www.righttothecityplatform.org.br\/declaration-on-the-world-day-for-the-right-to-the-city\/?lang=es\"><strong>D\u00eda Mundial por el Derecho a la Ciudad<\/strong><\/a>, reinterpretando la designaci\u00f3n de las Naciones Unidas como D\u00eda Mundial de las Ciudades. Entendemos el Derecho a la Ciudad como el derecho de todos las-os habitantes, presentes y futuras-os, permanentes y temporales, a habitar, utilizar, ocupar, producir, transformar, gobernar y disfrutar ciudades, pueblos y asentamientos urbanos justos, inclusivos, seguros, sostenibles y democr\u00e1ticos, definidos como bienes comunes para el disfrute de una vida digna y en paz.<\/p>\r\n<p>El 10 de diciembre, celebramos el <a href=\"http:\/\/www.un.org\/es\/events\/humanrightsday\/\"><strong>D\u00eda de los Derechos Humanos<\/strong><\/a> y aprovechamos la oportunidad para denunciar las violaciones de los Derechos Humanos y fortalecer la conexi\u00f3n entre los <strong>Derechos relativos al H\u00e1bitat<\/strong>, el <strong>Derecho a la Ciudad<\/strong> y las <strong>Ciudades de Derechos Humanos<\/strong>.<\/p>\r\n<p><em>Antecedentes<\/em><\/p>\r\n<p>En Par\u00eds, hace 70 a\u00f1os, los Estados Miembros de la ONU afirmaron que \u00abtodos los seres humanos nacen libres e iguales en dignidad y derechos\u00bb. M\u00e1s tarde, en 1966, la Asamblea General de las Naciones Unidas adopt\u00f3 dos tratados internacionales que cimentar\u00edan para siempre el desarrollo de los derechos humanos internacionales: El Pacto Internacional de Derechos Econ\u00f3micos, Sociales y Culturales (PIDESC) y el Pacto Internacional de Derechos Civiles y Pol\u00edticos (PIDCP). Estos dos Pactos, junto con la Declaraci\u00f3n Universal de Derechos Humanos, formaron la Carta Internacional de Derechos Humanos, constituyendo el conjunto de derechos de todo ser humano al nacer.<\/p>\r\n<p>En 1996, los estados apoyaron la <a href=\"http:\/\/ww2.unhabitat.org\/declarations\/habitat_agenda.asp\">Agenda H\u00e1bitat<\/a>, que promet\u00eda un \u00abenfoque transectorial de la planificaci\u00f3n de los asentamientos humanos, que destaque los v\u00ednculos entre zonas rurales y urbanas y considere a pueblos y ciudades como dos extremos de un proceso continuo de asentamientos humanos en un ecosistema com\u00fan\u00bb<a href=\"#_edn1\" name=\"_ednref1\">[1]<\/a>. Los gobiernos se comprometieron entonces a \u00abintensificar nuestros esfuerzos para erradicar la pobreza y la discriminaci\u00f3n, promover y defender los derechos humanos y las libertades fundamentales de todos, y satisfacer las necesidades b\u00e1sicas, como la educaci\u00f3n, la nutrici\u00f3n y los servicios de salud durante todo el ciclo de la vida humana, y, en especial, una vivienda adecuada para todos\u00bb<a href=\"#_edn2\" name=\"_ednref2\">[2]<\/a>.<\/p>\r\n<p>Desde entonces, otros enfoques han contextualizado los derechos humanos y las correspondientes obligaciones de los estados, a trav\u00e9s de todas las esferas del gobierno, a\u00f1adiendo la dimensi\u00f3n de justicia espacial a los derechos humanos ya codificados.<\/p>\r\n<p>Este es el caso de la <a href=\"https:\/\/www.uclg-cisdp.org\/sites\/default\/files\/CISDP%20Carta%20Europea%20Sencera_baixa_3.pdf\">Carta Europea de Salvaguarda de los Derechos Humanos en la Ciudad<\/a> de 1998 (Art\u00edculo 1): \u00abLa ciudad es un espacio colectivo que pertenece a todos los que viven en ella. \u00c9stos tienen derecho a condiciones que les permitan su propio desarrollo pol\u00edtico, social y ecol\u00f3gico, pero al mismo tiempo aceptan un compromiso de solidaridad\u00bb.<\/p>\r\n<p>En la misma l\u00ednea, la <a href=\"https:\/\/www.uclg-cisdp.org\/sites\/default\/files\/CISDP%20Carta-Agenda%20Sencera_FINAL_1.pdf\">Carta Global de los Derechos Humanos en la Ciudad<\/a> 2011 afirma que \u00abTodas las personas que habitan en la ciudad tienen derecho a una ciudad constituida como comunidad pol\u00edtica municipal que asegure unas condiciones adecuadas de vida a todos y todas y que procure la convivencia entre todos sus habitantes y entre estos y la autoridad municipal\u00bb.<\/p>\r\n<p>En la <a href=\"https:\/\/www.uclg-cisdp.org\/sites\/default\/files\/Gwangju%20Declaration%20on%20Human%20Rights%20Cities%20%282011%29.pdf\">Declaraci\u00f3n de Gwangju sobre Ciudades por los Derechos Humanos<\/a> de 2011, las ciudades por los Derechos Humanos son definidas como \u00abuna comunidad local y un proceso sociopol\u00edtico en un contexto local en el que los derechos humanos desempe\u00f1an un papel clave como valores fundamentales y principios rectores\u00bb. \u00abCiudades por los derechos humanos tambi\u00e9n significa, en t\u00e9rminos pr\u00e1cticos, que todos los habitantes, independientemente de su raza, sexo, color, nacionalidad, origen \u00e9tnico y condici\u00f3n social, y en particular las minor\u00edas y cualquier otro grupo vulnerable que sea socialmente vulnerable y marginado, pueden participar plenamente en los procesos de toma de decisiones e implementaci\u00f3n de pol\u00edticas que afectan a sus vidas en conformidad con principios de derechos humanos como la no discriminaci\u00f3n, el estado de derecho, la participaci\u00f3n, el empoderamiento, la transparencia y la rendici\u00f3n de cuentas\u00bb.<\/p>\r\n<p>Esta definici\u00f3n de Ciudades por los Derechos Humanos se refiere directamente a cuatro de los ocho componentes del Derecho a la Ciudad, a saber, una ciudad\/ asentamiento humano <strong>libre de discriminaci\u00f3n<\/strong>, de <strong>igualdad de g\u00e9nero<\/strong>, de <strong>ciudadan\u00eda inclusiva<\/strong> y con una <strong>mayor participaci\u00f3n pol\u00edtica<\/strong>.<\/p>\r\n<p>Como derecho colectivo, el Derecho a la Ciudad contribuye a la integraci\u00f3n y contextualizaci\u00f3n de todos los derechos civiles, pol\u00edticos, econ\u00f3micos, sociales, culturales y ambientales, consagrados en los tratados e instrumentos internacionales de Derechos Humanos existentes.<\/p>\r\n<p>La realizaci\u00f3n del Derecho a la Ciudad requiere el respeto, la protecci\u00f3n y el cumplimiento de todos los Derechos Humanos, sin excepci\u00f3n, junto con los principios y derechos espec\u00edficos que el Derecho a la Ciudad contempla: las <strong>funciones sociales<\/strong> de la tierra, la propiedad y la ciudad; la <strong>lucha contra la discriminaci\u00f3n socio-espacial<\/strong>; los <strong>espacios p\u00fablicos de alta calidad<\/strong>; y los <strong>v\u00ednculos urbano-rurales sostenibles e inclusivos<a href=\"#_edn3\" name=\"_ednref3\">[3]<\/a><\/strong>. En este sentido, la perspectiva del Derecho a la Ciudad busca <strong>operacionalizar los Derechos Humanos en el contexto de su h\u00e1bitat humano.<\/strong><\/p>\r\n<p><em>Desaf\u00edos contempor\u00e1neos<\/em><\/p>\r\n<p>Las personas y las comunidades de todo el mundo son vulnerables a las <strong>violaciones de los derechos humanos relativos al h\u00e1bitat<\/strong>, que a menudo adoptan la forma de desalojos forzados, denegaci\u00f3n de acceso a los recursos naturales, confiscaci\u00f3n de tierras o el no reconocimiento al derecho humano a una vivienda adecuada, atenci\u00f3n de la salud, trabajo decente, energ\u00eda o participaci\u00f3n p\u00fablica, entre otras cosas. La persecuci\u00f3n ideol\u00f3gica y religiosa y la marginaci\u00f3n de las mujeres, las poblaciones ind\u00edgenas y las minor\u00edas tambi\u00e9n se encuentran entre las violaciones m\u00e1s comunes, que est\u00e1n aumentando en muchas regiones del mundo.<\/p>\r\n<p>Ya en la Conferencia H\u00e1bitat de 1976, el Vancouver advirti\u00f3 que \u201clas ideolog\u00edas de los estados se reflejan en sus pol\u00edticas de asentamientos humanos. Siendo \u00e9stas poderosos instrumentos para el cambio, no deben ser utilizados para desposeer a las personas de sus tierras, o afianzar los privilegios y la explotaci\u00f3n\u201d.<a href=\"#_edn4\" name=\"_ednref4\">[4]<\/a>No obstante, las formas contempor\u00e1neas de discriminaci\u00f3n se han sumado a las tendencias hist\u00f3ricas que conducen a violaciones de los derechos a la vivienda y a la tierra: Estos se encuentran en los paradigmas de desarrollo exclusivo; la negaci\u00f3n de la seguridad de la tenencia; la falta de reconocimiento legal de los derechos colectivos a la tierra y otros recursos naturales; la disminuci\u00f3n de la asistencia para la vivienda p\u00fablica; el acceso discriminatorio al cr\u00e9dito; la privatizaci\u00f3n de los servicios b\u00e1sicos; y los pr\u00e9stamos hipotecarios predatorios, entre otros. Una \u00ab\u00e9tica de privatizaci\u00f3n\u00bb dominante somete cada vez m\u00e1s el acceso a una vivienda adecuada y a la tierra a la competencia por los ingresos, lo que conduce a nuevas formas de discriminaci\u00f3n. Esto es inaceptable, especialmente dadas las obligaciones de los estados y las ciudades a respetar, proteger y realizar el derecho humano a una vivienda adecuada y a la tierra. Es cada vez m\u00e1s urgente aplicar m\u00e9todos de gobernanza basados en los derechos humanos en la gesti\u00f3n de la urbanizaci\u00f3n y la migraci\u00f3n, especialmente, a medida que un mayor n\u00famero de personas encuentran refugio en las ciudades, huyendo de la guerra, la ocupaci\u00f3n, el empobrecimiento rural, el hambre y los desastres.<\/p>\r\n<p>Frente a las tendencias actuales de violaci\u00f3n de los derechos humanos en todo el mundo, hacemos un llamamiento urgente a las Naciones Unidas, a todos los Estados y sus gobiernos, a las instituciones internacionales, regionales, nacionales y locales, a las organizaciones de la sociedad civil y a los habitantes para que <strong>implementen el enfoque preventivo y correctivo de los derechos humanos y adopten el Derecho a la Ciudad en un H\u00e1bitat de Derechos Humanos<\/strong> como un marco com\u00fan que defienda los compromisos de la pol\u00edtica mundial para hacer frente a los desaf\u00edos de nuestro tiempo, con igualdad de derechos para las mujeres y los hombres, y para lograr el progreso social y un mejor nivel de vida en un mayor grado de libertad para todas y todos.<\/p>\r\n<p>&#8212;&#8212;&#8212;&#8212;&#8212;&#8212;&#8212;&#8212;&#8212;&#8212;&#8212;&#8212;&#8212;&#8212;&#8212;&#8212;&#8212;&#8212;&#8212;&#8212;&#8212;&#8212;&#8212;&#8212;&#8212;&#8212;&#8212;&#8212;&#8212;&#8212;&#8212;&#8212;&#8212;&#8212;&#8212;&#8212;&#8212;&#8212;&#8212;<\/p>\r\n<p><a href=\"#_ednref1\" name=\"_edn1\">[1]<\/a>\u00a0 Declaraci\u00f3n de Estambul y el Programa H\u00e1bitat, p\u00e1rr. 104, A\/CONF.165\/14, 14 junio 1996, en: <a href=\"http:\/\/habitat.aq.upm.es\/aghab\/aproghab.html#B\">http:\/\/habitat.aq.upm.es\/aghab\/aproghab.html#B<\/a>.<br \/><a href=\"#_ednref2\" name=\"_edn2\">[2]<\/a>\u00a0 Declaraci\u00f3n de Estambul, <em>op.cit<\/em>., art\u00edculo 7.<br \/><a href=\"#_ednref3\" name=\"_edn3\">[3]<\/a>\u00a0 Los v\u00ednculos entre el medio rural y el urbano deben entenderse como un proceso del Metabolismo del H\u00e1bitat, una visi\u00f3n que aborda y trata a los asentamientos humanos y las ciudades como organismos vivos, y trata de mantenerlos.<br \/><a href=\"#_ednref4\" name=\"_edn4\">[4]<\/a>\u00a0 Plan de Acci\u00f3n de Vancouver, A\/CONF.70\/15, 11 junio 976, pre\u00e1mbulo, p\u00e1rr. 3, en :\u00a0<a href=\"http:\/\/www.hlrn.org\/img\/documents\/The_Vancouver_Declaration_19761.pdf\">http:\/\/www.hlrn.org\/img\/documents\/The_Vancouver_Declaration_19761.pdf<\/a>.<\/p>\r\n<p>&nbsp;<\/p>\r\n\r\n<figure class=\"wp-block-image\"><img decoding=\"async\" class=\"wp-image-3276\" src=\"https:\/\/www.right2city.org\/wp-content\/uploads\/2020\/01\/imagen-con-logos.jpg\" alt=\"\" \/><\/figure>\r\n","protected":false},"featured_media":55120,"template":"","meta":{"_acf_changed":false,"_et_pb_use_builder":"","_et_pb_old_content":"","_et_gb_content_width":"","cybocfi_hide_featured_image":""},"categories":[],"themes":[],"agendas_globales":[262],"class_list":["post-52939","news","type-news","status-publish","has-post-thumbnail","hentry","agendas_globales-dia-de-los-derechos-humanos"],"acf":[],"yoast_head":"<!-- This site is optimized with the Yoast SEO plugin v27.5 - https:\/\/yoast.com\/product\/yoast-seo-wordpress\/ -->\n<title>Declaraci\u00f3n por el D\u00eda de los Derechos Humanos y el Derecho a la Ciudad - Right to the city<\/title>\n<meta name=\"robots\" content=\"index, follow, max-snippet:-1, max-image-preview:large, max-video-preview:-1\" \/>\n<link rel=\"canonical\" href=\"https:\/\/www.right2city.org\/es\/news\/declaration-on-human-rights-day-and-the-right-to-the-city\/\" \/>\n<meta property=\"og:locale\" content=\"es_ES\" \/>\n<meta property=\"og:type\" content=\"article\" \/>\n<meta property=\"og:title\" content=\"Declaraci\u00f3n por el D\u00eda de los Derechos Humanos y el Derecho a la Ciudad - Right to the city\" \/>\n<meta property=\"og:description\" content=\"Nosotros, los movimientos sociales, las organizaciones de la sociedad civil y los gobiernos locales estamos comprometidos con la justicia social a trav\u00e9s de la promoci\u00f3n, defensa y cumplimiento de todos los derechos humanos relativos al h\u00e1bitat, incluyendo el Derecho Humano a una Vivienda Adecuada, la Tierra y el Derecho a la Ciudad en todas las [&hellip;]\" \/>\n<meta property=\"og:url\" content=\"https:\/\/www.right2city.org\/es\/news\/declaration-on-human-rights-day-and-the-right-to-the-city\/\" \/>\n<meta property=\"og:site_name\" content=\"Right to the city\" \/>\n<meta property=\"article:modified_time\" content=\"2020-05-12T17:13:56+00:00\" \/>\n<meta property=\"og:image\" content=\"https:\/\/www.right2city.org\/wp-content\/uploads\/2018\/12\/logo-70-years-1.png\" \/>\n\t<meta property=\"og:image:width\" content=\"395\" \/>\n\t<meta property=\"og:image:height\" content=\"127\" \/>\n\t<meta property=\"og:image:type\" content=\"image\/png\" \/>\n<meta name=\"twitter:card\" content=\"summary_large_image\" \/>\n<meta name=\"twitter:label1\" content=\"Tiempo de lectura\" \/>\n\t<meta name=\"twitter:data1\" content=\"8 minutos\" \/>\n<script type=\"application\/ld+json\" class=\"yoast-schema-graph\">{\"@context\":\"https:\\\/\\\/schema.org\",\"@graph\":[{\"@type\":\"WebPage\",\"@id\":\"https:\\\/\\\/www.right2city.org\\\/es\\\/news\\\/declaration-on-human-rights-day-and-the-right-to-the-city\\\/\",\"url\":\"https:\\\/\\\/www.right2city.org\\\/es\\\/news\\\/declaration-on-human-rights-day-and-the-right-to-the-city\\\/\",\"name\":\"Declaraci\u00f3n por el D\u00eda de los Derechos Humanos y el Derecho a la Ciudad - Right to the city\",\"isPartOf\":{\"@id\":\"https:\\\/\\\/www.right2city.org\\\/es\\\/#website\"},\"primaryImageOfPage\":{\"@id\":\"https:\\\/\\\/www.right2city.org\\\/es\\\/news\\\/declaration-on-human-rights-day-and-the-right-to-the-city\\\/#primaryimage\"},\"image\":{\"@id\":\"https:\\\/\\\/www.right2city.org\\\/es\\\/news\\\/declaration-on-human-rights-day-and-the-right-to-the-city\\\/#primaryimage\"},\"thumbnailUrl\":\"https:\\\/\\\/www.right2city.org\\\/wp-content\\\/uploads\\\/2018\\\/12\\\/logo-70-years-1.png\",\"datePublished\":\"2018-12-05T09:50:39+00:00\",\"dateModified\":\"2020-05-12T17:13:56+00:00\",\"breadcrumb\":{\"@id\":\"https:\\\/\\\/www.right2city.org\\\/es\\\/news\\\/declaration-on-human-rights-day-and-the-right-to-the-city\\\/#breadcrumb\"},\"inLanguage\":\"es\",\"potentialAction\":[{\"@type\":\"ReadAction\",\"target\":[\"https:\\\/\\\/www.right2city.org\\\/es\\\/news\\\/declaration-on-human-rights-day-and-the-right-to-the-city\\\/\"]}]},{\"@type\":\"ImageObject\",\"inLanguage\":\"es\",\"@id\":\"https:\\\/\\\/www.right2city.org\\\/es\\\/news\\\/declaration-on-human-rights-day-and-the-right-to-the-city\\\/#primaryimage\",\"url\":\"https:\\\/\\\/www.right2city.org\\\/wp-content\\\/uploads\\\/2018\\\/12\\\/logo-70-years-1.png\",\"contentUrl\":\"https:\\\/\\\/www.right2city.org\\\/wp-content\\\/uploads\\\/2018\\\/12\\\/logo-70-years-1.png\",\"width\":395,\"height\":127},{\"@type\":\"BreadcrumbList\",\"@id\":\"https:\\\/\\\/www.right2city.org\\\/es\\\/news\\\/declaration-on-human-rights-day-and-the-right-to-the-city\\\/#breadcrumb\",\"itemListElement\":[{\"@type\":\"ListItem\",\"position\":1,\"name\":\"Home\",\"item\":\"https:\\\/\\\/www.right2city.org\\\/es\\\/\"},{\"@type\":\"ListItem\",\"position\":2,\"name\":\"Noticias\",\"item\":\"https:\\\/\\\/www.right2city.org\\\/es\\\/news\\\/\"},{\"@type\":\"ListItem\",\"position\":3,\"name\":\"Declaraci\u00f3n por el D\u00eda de los Derechos Humanos y el Derecho a la Ciudad\"}]},{\"@type\":\"WebSite\",\"@id\":\"https:\\\/\\\/www.right2city.org\\\/es\\\/#website\",\"url\":\"https:\\\/\\\/www.right2city.org\\\/es\\\/\",\"name\":\"Right to the city\",\"description\":\"Global Platform for the Right to the City\",\"potentialAction\":[{\"@type\":\"SearchAction\",\"target\":{\"@type\":\"EntryPoint\",\"urlTemplate\":\"https:\\\/\\\/www.right2city.org\\\/es\\\/?s={search_term_string}\"},\"query-input\":{\"@type\":\"PropertyValueSpecification\",\"valueRequired\":true,\"valueName\":\"search_term_string\"}}],\"inLanguage\":\"es\"}]}<\/script>\n<!-- \/ Yoast SEO plugin. -->","yoast_head_json":{"title":"Declaraci\u00f3n por el D\u00eda de los Derechos Humanos y el Derecho a la Ciudad - Right to the city","robots":{"index":"index","follow":"follow","max-snippet":"max-snippet:-1","max-image-preview":"max-image-preview:large","max-video-preview":"max-video-preview:-1"},"canonical":"https:\/\/www.right2city.org\/es\/news\/declaration-on-human-rights-day-and-the-right-to-the-city\/","og_locale":"es_ES","og_type":"article","og_title":"Declaraci\u00f3n por el D\u00eda de los Derechos Humanos y el Derecho a la Ciudad - Right to the city","og_description":"Nosotros, los movimientos sociales, las organizaciones de la sociedad civil y los gobiernos locales estamos comprometidos con la justicia social a trav\u00e9s de la promoci\u00f3n, defensa y cumplimiento de todos los derechos humanos relativos al h\u00e1bitat, incluyendo el Derecho Humano a una Vivienda Adecuada, la Tierra y el Derecho a la Ciudad en todas las [&hellip;]","og_url":"https:\/\/www.right2city.org\/es\/news\/declaration-on-human-rights-day-and-the-right-to-the-city\/","og_site_name":"Right to the city","article_modified_time":"2020-05-12T17:13:56+00:00","og_image":[{"width":395,"height":127,"url":"https:\/\/www.right2city.org\/wp-content\/uploads\/2018\/12\/logo-70-years-1.png","type":"image\/png"}],"twitter_card":"summary_large_image","twitter_misc":{"Tiempo de lectura":"8 minutos"},"schema":{"@context":"https:\/\/schema.org","@graph":[{"@type":"WebPage","@id":"https:\/\/www.right2city.org\/es\/news\/declaration-on-human-rights-day-and-the-right-to-the-city\/","url":"https:\/\/www.right2city.org\/es\/news\/declaration-on-human-rights-day-and-the-right-to-the-city\/","name":"Declaraci\u00f3n por el D\u00eda de los Derechos Humanos y el Derecho a la Ciudad - Right to the city","isPartOf":{"@id":"https:\/\/www.right2city.org\/es\/#website"},"primaryImageOfPage":{"@id":"https:\/\/www.right2city.org\/es\/news\/declaration-on-human-rights-day-and-the-right-to-the-city\/#primaryimage"},"image":{"@id":"https:\/\/www.right2city.org\/es\/news\/declaration-on-human-rights-day-and-the-right-to-the-city\/#primaryimage"},"thumbnailUrl":"https:\/\/www.right2city.org\/wp-content\/uploads\/2018\/12\/logo-70-years-1.png","datePublished":"2018-12-05T09:50:39+00:00","dateModified":"2020-05-12T17:13:56+00:00","breadcrumb":{"@id":"https:\/\/www.right2city.org\/es\/news\/declaration-on-human-rights-day-and-the-right-to-the-city\/#breadcrumb"},"inLanguage":"es","potentialAction":[{"@type":"ReadAction","target":["https:\/\/www.right2city.org\/es\/news\/declaration-on-human-rights-day-and-the-right-to-the-city\/"]}]},{"@type":"ImageObject","inLanguage":"es","@id":"https:\/\/www.right2city.org\/es\/news\/declaration-on-human-rights-day-and-the-right-to-the-city\/#primaryimage","url":"https:\/\/www.right2city.org\/wp-content\/uploads\/2018\/12\/logo-70-years-1.png","contentUrl":"https:\/\/www.right2city.org\/wp-content\/uploads\/2018\/12\/logo-70-years-1.png","width":395,"height":127},{"@type":"BreadcrumbList","@id":"https:\/\/www.right2city.org\/es\/news\/declaration-on-human-rights-day-and-the-right-to-the-city\/#breadcrumb","itemListElement":[{"@type":"ListItem","position":1,"name":"Home","item":"https:\/\/www.right2city.org\/es\/"},{"@type":"ListItem","position":2,"name":"Noticias","item":"https:\/\/www.right2city.org\/es\/news\/"},{"@type":"ListItem","position":3,"name":"Declaraci\u00f3n por el D\u00eda de los Derechos Humanos y el Derecho a la Ciudad"}]},{"@type":"WebSite","@id":"https:\/\/www.right2city.org\/es\/#website","url":"https:\/\/www.right2city.org\/es\/","name":"Right to the city","description":"Global Platform for the Right to the City","potentialAction":[{"@type":"SearchAction","target":{"@type":"EntryPoint","urlTemplate":"https:\/\/www.right2city.org\/es\/?s={search_term_string}"},"query-input":{"@type":"PropertyValueSpecification","valueRequired":true,"valueName":"search_term_string"}}],"inLanguage":"es"}]}},"_links":{"self":[{"href":"https:\/\/www.right2city.org\/es\/wp-json\/wp\/v2\/news\/52939","targetHints":{"allow":["GET"]}}],"collection":[{"href":"https:\/\/www.right2city.org\/es\/wp-json\/wp\/v2\/news"}],"about":[{"href":"https:\/\/www.right2city.org\/es\/wp-json\/wp\/v2\/types\/news"}],"wp:featuredmedia":[{"embeddable":true,"href":"https:\/\/www.right2city.org\/es\/wp-json\/wp\/v2\/media\/55120"}],"wp:attachment":[{"href":"https:\/\/www.right2city.org\/es\/wp-json\/wp\/v2\/media?parent=52939"}],"wp:term":[{"taxonomy":"category","embeddable":true,"href":"https:\/\/www.right2city.org\/es\/wp-json\/wp\/v2\/categories?post=52939"},{"taxonomy":"themes","embeddable":true,"href":"https:\/\/www.right2city.org\/es\/wp-json\/wp\/v2\/themes?post=52939"},{"taxonomy":"agendas_globales","embeddable":true,"href":"https:\/\/www.right2city.org\/es\/wp-json\/wp\/v2\/agendas_globales?post=52939"}],"curies":[{"name":"wp","href":"https:\/\/api.w.org\/{rel}","templated":true}]}}