{"id":53641,"date":"2020-02-11T14:41:06","date_gmt":"2020-02-11T12:41:06","guid":{"rendered":"https:\/\/www.right2city.org\/?post_type=news&#038;p=53641"},"modified":"2020-02-11T14:46:15","modified_gmt":"2020-02-11T12:46:15","slug":"nova-publicacao-relatorio-2018-do-panorama-dos-conflitos-fundiarios-urbanos-no-brasil","status":"publish","type":"news","link":"https:\/\/www.right2city.org\/es\/news\/nova-publicacao-relatorio-2018-do-panorama-dos-conflitos-fundiarios-urbanos-no-brasil\/","title":{"rendered":"Nova publica\u00e7\u00e3o: \u00abRelat\u00f3rio 2018 do Panorama dos Conflitos Fundi\u00e1rios Urbanos no Brasil\u00bb"},"content":{"rendered":"<p><img loading=\"lazy\" decoding=\"async\" class=\"aligncenter size-full wp-image-53642\" src=\"https:\/\/www.right2city.org\/wp-content\/uploads\/2020\/02\/Foto-de-capa-site.png\" alt=\"\" width=\"705\" height=\"477\" srcset=\"https:\/\/www.right2city.org\/wp-content\/uploads\/2020\/02\/Foto-de-capa-site.png 705w, https:\/\/www.right2city.org\/wp-content\/uploads\/2020\/02\/Foto-de-capa-site-480x325.png 480w\" sizes=\"(min-width: 0px) and (max-width: 480px) 480px, (min-width: 481px) 705px, 100vw\" \/><\/p>\n<p><a href=\"http:\/\/forumreformaurbana.org.br\/forum-nacional-de-reforma-urbana-lanca-relatorio-2018-do-panorama-dos-conflitos-fundiarios-urbanos-no-brasil\/\" target=\"_blank\" rel=\"noopener noreferrer\">Publicado originalmente em: F\u00f3rum Nacional de Reforuma Urbana<\/a><\/p>\n<p>O F\u00f3rum Nacional de Reforuma Urbana apresenta o\u00a0<a href=\"http:\/\/bit.ly\/PanoramaDosConflitos2018\" target=\"_blank\" rel=\"noreferrer noopener\" aria-label=\"Panorama dos Conflitos Fundi\u00e1rios Urbanos no Brasil - Relat\u00f3rio de 2018 (opens in a new tab)\">Panorama dos Conflitos Fundi\u00e1rios Urbanos no Brasil \u2013 Relat\u00f3rio de 2018<\/a>, uma a\u00e7\u00e3o conjunta de diversas entidades que comp\u00f5em o FNRU, partindo da necessidade de uma leitura ampla do contexto dos conflitos fundi\u00e1rios urbanos do pa\u00eds. A iniciativa busca oferecer um panorama amplo, reunindo iniciativas promovidas por grupos de pesquisa, ONGs e movimentos sociais, que analisam este cen\u00e1rio utilizando distintas metodologias de coleta de dados e recortes espaciais, desde uma perspectiva local. O objetivo de FNRU ao compilar e analisar estas informa\u00e7\u00f5es \u00e9 <strong>captar dados importantes e estrat\u00e9gicos na hora de se identificar os casos de viola\u00e7\u00f5es ao direito humano de moradia quando na realiza\u00e7\u00e3o dos despejos de pessoas e comunidades.<\/strong><\/p>\n<p><strong>O FNRU \u00e9 uma rede nacional integrada por movimentos populares, entidades profissionais e de trabalhadores, academia e ONGs<\/strong>, que tem como objetivo pensar e atuar nas cidades pela\u00a0<strong>promo\u00e7\u00e3o da reforma urbana e pela constru\u00e7\u00e3o de cidades para todos<\/strong>. Um tema que preocupa essa rede s\u00e3o os despejos causados por ordens judiciais e administrativas contra pessoas e comunidades que lutam pelo direito de morar nas cidades. Portanto, esta pesquisa se prop\u00f5e a denunciar as viola\u00e7\u00f5es de direitos humanos ocorridas nestes despejos. A partir do di\u00e1logo entre as iniciativas de mapeamentos e levantamentos existentes no pa\u00eds acerca do tema, elabora-se um quadro informativo da situa\u00e7\u00e3o desses conflitos pela posse da terra urbana no Brasil.<\/p>\n<p>De acordo com a \u00faltima contagem do Instituto Brasileiro de Geografia e Estat\u00edstica (IBGE),\u00a0<strong>em 2010, o Brasil havia atingido o \u00edndice de 84,36% de popula\u00e7\u00e3o urbana.\u00a0<\/strong>Isso significa que\u00a0<strong>mais de 160 milh\u00f5es de brasileiros e brasileiras vivem em cidades.<\/strong>\u00a0Contudo, o mesmo Censo traz que\u00a0<strong>11,5 milh\u00f5es de brasileiros est\u00e3o em \u201caglomerados subnormais\u201d<\/strong>\u00a0\u2013 denomina\u00e7\u00e3o insatisfat\u00f3ria do IBGE para se referir aos assentamentos de baixa renda, como vilas, favelas, comunidades, etc.; \u2013 evidenciando, portanto, que a urbaniza\u00e7\u00e3o brasileira se d\u00e1 em patamar extremamente d\u00edspar.<\/p>\n<p>O relat\u00f3rio \u00e9 articulado por diversas entidades integrantes do FNRU, que incluem o Observat\u00f3rio das Metr\u00f3poles, Observat\u00f3rio das Remo\u00e7\u00f5es, Habitat para a Humanidade Brasil, Terra de Direitos e o Centro de Direitos Econ\u00f4micos e Sociais (CDES).<\/p>\n<p><strong><a href=\"http:\/\/forumreformaurbana.org.br\/forum-nacional-de-reforma-urbana-lanca-relatorio-2018-do-panorama-dos-conflitos-fundiarios-urbanos-no-brasil\/\" target=\"_blank\" rel=\"noopener noreferrer\">Pra saber mais e accessar o relat\u00f3rio completo, clique aqui.<\/a><\/strong><\/p>\n","protected":false},"featured_media":53642,"template":"","meta":{"_acf_changed":false,"_et_pb_use_builder":"","_et_pb_old_content":"","_et_gb_content_width":"","cybocfi_hide_featured_image":""},"categories":[],"themes":[126],"agendas_globales":[],"class_list":["post-53641","news","type-news","status-publish","has-post-thumbnail","hentry","themes-funcion-social"],"acf":[],"yoast_head":"<!-- This site is optimized with the Yoast SEO plugin v27.4 - https:\/\/yoast.com\/product\/yoast-seo-wordpress\/ -->\n<title>Nova publica\u00e7\u00e3o: &quot;Relat\u00f3rio 2018 do Panorama dos Conflitos Fundi\u00e1rios Urbanos no Brasil&quot; - Right to the city<\/title>\n<meta name=\"robots\" content=\"index, follow, max-snippet:-1, max-image-preview:large, max-video-preview:-1\" \/>\n<link rel=\"canonical\" href=\"https:\/\/www.right2city.org\/es\/news\/nova-publicacao-relatorio-2018-do-panorama-dos-conflitos-fundiarios-urbanos-no-brasil\/\" \/>\n<meta property=\"og:locale\" content=\"es_ES\" \/>\n<meta property=\"og:type\" content=\"article\" \/>\n<meta property=\"og:title\" content=\"Nova publica\u00e7\u00e3o: &quot;Relat\u00f3rio 2018 do Panorama dos Conflitos Fundi\u00e1rios Urbanos no Brasil&quot; - Right to the city\" \/>\n<meta property=\"og:description\" content=\"Publicado originalmente em: F\u00f3rum Nacional de Reforuma Urbana O F\u00f3rum Nacional de Reforuma Urbana apresenta o\u00a0Panorama dos Conflitos Fundi\u00e1rios Urbanos no Brasil \u2013 Relat\u00f3rio de 2018, uma a\u00e7\u00e3o conjunta de diversas entidades que comp\u00f5em o FNRU, partindo da necessidade de uma leitura ampla do contexto dos conflitos fundi\u00e1rios urbanos do pa\u00eds. A iniciativa busca oferecer [&hellip;]\" \/>\n<meta property=\"og:url\" content=\"https:\/\/www.right2city.org\/es\/news\/nova-publicacao-relatorio-2018-do-panorama-dos-conflitos-fundiarios-urbanos-no-brasil\/\" \/>\n<meta property=\"og:site_name\" content=\"Right to the city\" \/>\n<meta property=\"article:modified_time\" content=\"2020-02-11T12:46:15+00:00\" \/>\n<meta property=\"og:image\" content=\"https:\/\/www.right2city.org\/wp-content\/uploads\/2020\/02\/Foto-de-capa-site.png\" \/>\n\t<meta property=\"og:image:width\" content=\"705\" \/>\n\t<meta property=\"og:image:height\" content=\"477\" \/>\n\t<meta property=\"og:image:type\" content=\"image\/png\" \/>\n<meta name=\"twitter:card\" content=\"summary_large_image\" \/>\n<meta name=\"twitter:label1\" content=\"Tiempo de lectura\" \/>\n\t<meta name=\"twitter:data1\" content=\"2 minutos\" \/>\n<script type=\"application\/ld+json\" class=\"yoast-schema-graph\">{\"@context\":\"https:\\\/\\\/schema.org\",\"@graph\":[{\"@type\":\"WebPage\",\"@id\":\"https:\\\/\\\/www.right2city.org\\\/es\\\/news\\\/nova-publicacao-relatorio-2018-do-panorama-dos-conflitos-fundiarios-urbanos-no-brasil\\\/\",\"url\":\"https:\\\/\\\/www.right2city.org\\\/es\\\/news\\\/nova-publicacao-relatorio-2018-do-panorama-dos-conflitos-fundiarios-urbanos-no-brasil\\\/\",\"name\":\"Nova publica\u00e7\u00e3o: \\\"Relat\u00f3rio 2018 do Panorama dos Conflitos Fundi\u00e1rios Urbanos no Brasil\\\" - Right to the city\",\"isPartOf\":{\"@id\":\"https:\\\/\\\/www.right2city.org\\\/es\\\/#website\"},\"primaryImageOfPage\":{\"@id\":\"https:\\\/\\\/www.right2city.org\\\/es\\\/news\\\/nova-publicacao-relatorio-2018-do-panorama-dos-conflitos-fundiarios-urbanos-no-brasil\\\/#primaryimage\"},\"image\":{\"@id\":\"https:\\\/\\\/www.right2city.org\\\/es\\\/news\\\/nova-publicacao-relatorio-2018-do-panorama-dos-conflitos-fundiarios-urbanos-no-brasil\\\/#primaryimage\"},\"thumbnailUrl\":\"https:\\\/\\\/www.right2city.org\\\/wp-content\\\/uploads\\\/2020\\\/02\\\/Foto-de-capa-site.png\",\"datePublished\":\"2020-02-11T12:41:06+00:00\",\"dateModified\":\"2020-02-11T12:46:15+00:00\",\"breadcrumb\":{\"@id\":\"https:\\\/\\\/www.right2city.org\\\/es\\\/news\\\/nova-publicacao-relatorio-2018-do-panorama-dos-conflitos-fundiarios-urbanos-no-brasil\\\/#breadcrumb\"},\"inLanguage\":\"es\",\"potentialAction\":[{\"@type\":\"ReadAction\",\"target\":[\"https:\\\/\\\/www.right2city.org\\\/es\\\/news\\\/nova-publicacao-relatorio-2018-do-panorama-dos-conflitos-fundiarios-urbanos-no-brasil\\\/\"]}]},{\"@type\":\"ImageObject\",\"inLanguage\":\"es\",\"@id\":\"https:\\\/\\\/www.right2city.org\\\/es\\\/news\\\/nova-publicacao-relatorio-2018-do-panorama-dos-conflitos-fundiarios-urbanos-no-brasil\\\/#primaryimage\",\"url\":\"https:\\\/\\\/www.right2city.org\\\/wp-content\\\/uploads\\\/2020\\\/02\\\/Foto-de-capa-site.png\",\"contentUrl\":\"https:\\\/\\\/www.right2city.org\\\/wp-content\\\/uploads\\\/2020\\\/02\\\/Foto-de-capa-site.png\",\"width\":705,\"height\":477},{\"@type\":\"BreadcrumbList\",\"@id\":\"https:\\\/\\\/www.right2city.org\\\/es\\\/news\\\/nova-publicacao-relatorio-2018-do-panorama-dos-conflitos-fundiarios-urbanos-no-brasil\\\/#breadcrumb\",\"itemListElement\":[{\"@type\":\"ListItem\",\"position\":1,\"name\":\"Home\",\"item\":\"https:\\\/\\\/www.right2city.org\\\/es\\\/\"},{\"@type\":\"ListItem\",\"position\":2,\"name\":\"Noticias\",\"item\":\"https:\\\/\\\/www.right2city.org\\\/es\\\/news\\\/\"},{\"@type\":\"ListItem\",\"position\":3,\"name\":\"Nova publica\u00e7\u00e3o: \u00abRelat\u00f3rio 2018 do Panorama dos Conflitos Fundi\u00e1rios Urbanos no Brasil\u00bb\"}]},{\"@type\":\"WebSite\",\"@id\":\"https:\\\/\\\/www.right2city.org\\\/es\\\/#website\",\"url\":\"https:\\\/\\\/www.right2city.org\\\/es\\\/\",\"name\":\"Right to the city\",\"description\":\"Global Platform for the Right to the City\",\"potentialAction\":[{\"@type\":\"SearchAction\",\"target\":{\"@type\":\"EntryPoint\",\"urlTemplate\":\"https:\\\/\\\/www.right2city.org\\\/es\\\/?s={search_term_string}\"},\"query-input\":{\"@type\":\"PropertyValueSpecification\",\"valueRequired\":true,\"valueName\":\"search_term_string\"}}],\"inLanguage\":\"es\"}]}<\/script>\n<!-- \/ Yoast SEO plugin. -->","yoast_head_json":{"title":"Nova publica\u00e7\u00e3o: \"Relat\u00f3rio 2018 do Panorama dos Conflitos Fundi\u00e1rios Urbanos no Brasil\" - Right to the city","robots":{"index":"index","follow":"follow","max-snippet":"max-snippet:-1","max-image-preview":"max-image-preview:large","max-video-preview":"max-video-preview:-1"},"canonical":"https:\/\/www.right2city.org\/es\/news\/nova-publicacao-relatorio-2018-do-panorama-dos-conflitos-fundiarios-urbanos-no-brasil\/","og_locale":"es_ES","og_type":"article","og_title":"Nova publica\u00e7\u00e3o: \"Relat\u00f3rio 2018 do Panorama dos Conflitos Fundi\u00e1rios Urbanos no Brasil\" - Right to the city","og_description":"Publicado originalmente em: F\u00f3rum Nacional de Reforuma Urbana O F\u00f3rum Nacional de Reforuma Urbana apresenta o\u00a0Panorama dos Conflitos Fundi\u00e1rios Urbanos no Brasil \u2013 Relat\u00f3rio de 2018, uma a\u00e7\u00e3o conjunta de diversas entidades que comp\u00f5em o FNRU, partindo da necessidade de uma leitura ampla do contexto dos conflitos fundi\u00e1rios urbanos do pa\u00eds. A iniciativa busca oferecer [&hellip;]","og_url":"https:\/\/www.right2city.org\/es\/news\/nova-publicacao-relatorio-2018-do-panorama-dos-conflitos-fundiarios-urbanos-no-brasil\/","og_site_name":"Right to the city","article_modified_time":"2020-02-11T12:46:15+00:00","og_image":[{"width":705,"height":477,"url":"https:\/\/www.right2city.org\/wp-content\/uploads\/2020\/02\/Foto-de-capa-site.png","type":"image\/png"}],"twitter_card":"summary_large_image","twitter_misc":{"Tiempo de lectura":"2 minutos"},"schema":{"@context":"https:\/\/schema.org","@graph":[{"@type":"WebPage","@id":"https:\/\/www.right2city.org\/es\/news\/nova-publicacao-relatorio-2018-do-panorama-dos-conflitos-fundiarios-urbanos-no-brasil\/","url":"https:\/\/www.right2city.org\/es\/news\/nova-publicacao-relatorio-2018-do-panorama-dos-conflitos-fundiarios-urbanos-no-brasil\/","name":"Nova publica\u00e7\u00e3o: \"Relat\u00f3rio 2018 do Panorama dos Conflitos Fundi\u00e1rios Urbanos no Brasil\" - Right to the city","isPartOf":{"@id":"https:\/\/www.right2city.org\/es\/#website"},"primaryImageOfPage":{"@id":"https:\/\/www.right2city.org\/es\/news\/nova-publicacao-relatorio-2018-do-panorama-dos-conflitos-fundiarios-urbanos-no-brasil\/#primaryimage"},"image":{"@id":"https:\/\/www.right2city.org\/es\/news\/nova-publicacao-relatorio-2018-do-panorama-dos-conflitos-fundiarios-urbanos-no-brasil\/#primaryimage"},"thumbnailUrl":"https:\/\/www.right2city.org\/wp-content\/uploads\/2020\/02\/Foto-de-capa-site.png","datePublished":"2020-02-11T12:41:06+00:00","dateModified":"2020-02-11T12:46:15+00:00","breadcrumb":{"@id":"https:\/\/www.right2city.org\/es\/news\/nova-publicacao-relatorio-2018-do-panorama-dos-conflitos-fundiarios-urbanos-no-brasil\/#breadcrumb"},"inLanguage":"es","potentialAction":[{"@type":"ReadAction","target":["https:\/\/www.right2city.org\/es\/news\/nova-publicacao-relatorio-2018-do-panorama-dos-conflitos-fundiarios-urbanos-no-brasil\/"]}]},{"@type":"ImageObject","inLanguage":"es","@id":"https:\/\/www.right2city.org\/es\/news\/nova-publicacao-relatorio-2018-do-panorama-dos-conflitos-fundiarios-urbanos-no-brasil\/#primaryimage","url":"https:\/\/www.right2city.org\/wp-content\/uploads\/2020\/02\/Foto-de-capa-site.png","contentUrl":"https:\/\/www.right2city.org\/wp-content\/uploads\/2020\/02\/Foto-de-capa-site.png","width":705,"height":477},{"@type":"BreadcrumbList","@id":"https:\/\/www.right2city.org\/es\/news\/nova-publicacao-relatorio-2018-do-panorama-dos-conflitos-fundiarios-urbanos-no-brasil\/#breadcrumb","itemListElement":[{"@type":"ListItem","position":1,"name":"Home","item":"https:\/\/www.right2city.org\/es\/"},{"@type":"ListItem","position":2,"name":"Noticias","item":"https:\/\/www.right2city.org\/es\/news\/"},{"@type":"ListItem","position":3,"name":"Nova publica\u00e7\u00e3o: \u00abRelat\u00f3rio 2018 do Panorama dos Conflitos Fundi\u00e1rios Urbanos no Brasil\u00bb"}]},{"@type":"WebSite","@id":"https:\/\/www.right2city.org\/es\/#website","url":"https:\/\/www.right2city.org\/es\/","name":"Right to the city","description":"Global Platform for the Right to the City","potentialAction":[{"@type":"SearchAction","target":{"@type":"EntryPoint","urlTemplate":"https:\/\/www.right2city.org\/es\/?s={search_term_string}"},"query-input":{"@type":"PropertyValueSpecification","valueRequired":true,"valueName":"search_term_string"}}],"inLanguage":"es"}]}},"_links":{"self":[{"href":"https:\/\/www.right2city.org\/es\/wp-json\/wp\/v2\/news\/53641","targetHints":{"allow":["GET"]}}],"collection":[{"href":"https:\/\/www.right2city.org\/es\/wp-json\/wp\/v2\/news"}],"about":[{"href":"https:\/\/www.right2city.org\/es\/wp-json\/wp\/v2\/types\/news"}],"wp:featuredmedia":[{"embeddable":true,"href":"https:\/\/www.right2city.org\/es\/wp-json\/wp\/v2\/media\/53642"}],"wp:attachment":[{"href":"https:\/\/www.right2city.org\/es\/wp-json\/wp\/v2\/media?parent=53641"}],"wp:term":[{"taxonomy":"category","embeddable":true,"href":"https:\/\/www.right2city.org\/es\/wp-json\/wp\/v2\/categories?post=53641"},{"taxonomy":"themes","embeddable":true,"href":"https:\/\/www.right2city.org\/es\/wp-json\/wp\/v2\/themes?post=53641"},{"taxonomy":"agendas_globales","embeddable":true,"href":"https:\/\/www.right2city.org\/es\/wp-json\/wp\/v2\/agendas_globales?post=53641"}],"curies":[{"name":"wp","href":"https:\/\/api.w.org\/{rel}","templated":true}]}}