{"id":53660,"date":"2020-02-24T21:44:24","date_gmt":"2020-02-24T19:44:24","guid":{"rendered":"https:\/\/www.right2city.org\/?post_type=news&#038;p=53660"},"modified":"2020-02-24T21:47:02","modified_gmt":"2020-02-24T19:47:02","slug":"instituto-polis-e-onu-habitat-colocam-o-direito-a-cidade-no-centro-do-carnaval","status":"publish","type":"news","link":"https:\/\/www.right2city.org\/es\/news\/instituto-polis-e-onu-habitat-colocam-o-direito-a-cidade-no-centro-do-carnaval\/","title":{"rendered":"Instituto P\u00f3lis e ONU-Habitat colocam o direito \u00e0 cidade no centro do carnaval"},"content":{"rendered":"<p><img loading=\"lazy\" decoding=\"async\" class=\"aligncenter size-full wp-image-53661\" src=\"https:\/\/www.right2city.org\/wp-content\/uploads\/2020\/02\/ARCHDAILY_Carnaval_arte.jpg\" alt=\"\" width=\"1500\" height=\"1000\" srcset=\"https:\/\/www.right2city.org\/wp-content\/uploads\/2020\/02\/ARCHDAILY_Carnaval_arte.jpg 1500w, https:\/\/www.right2city.org\/wp-content\/uploads\/2020\/02\/ARCHDAILY_Carnaval_arte-1280x853.jpg 1280w, https:\/\/www.right2city.org\/wp-content\/uploads\/2020\/02\/ARCHDAILY_Carnaval_arte-980x653.jpg 980w, https:\/\/www.right2city.org\/wp-content\/uploads\/2020\/02\/ARCHDAILY_Carnaval_arte-480x320.jpg 480w\" sizes=\"(min-width: 0px) and (max-width: 480px) 480px, (min-width: 481px) and (max-width: 980px) 980px, (min-width: 981px) and (max-width: 1280px) 1280px, (min-width: 1281px) 1500px, 100vw\" \/><\/p>\n<p class=\"p1\"><strong><span class=\"s1\">J\u00e1 \u00e9 carnaval, cidade!<\/span><\/strong><\/p>\n<p class=\"p1\"><span class=\"s1\">Por todo o Brasil as pessoas v\u00eam ocupando as ruas, enchendo-as de cor, alegria e diversidade. Nas palavras de <a href=\"http:\/\/www.rfi.fr\/br\/brasil\/20180212-rfi-convida-roberto-da-matta\" target=\"_blank\" rel=\"noopener noreferrer\">Roberto da Matta<\/a>, o poder do carnaval reside em grande parte na sua capacidade de invers\u00e3o, de <strong>modificar a ordem das coisas e criar novas formas de ser e ocupar espa\u00e7os<\/strong>. O carnaval \u00e9 pol\u00edtico, \u00e9 um lugar de luta e o direito \u00e0 cidade est\u00e1 no centro disso.<strong> \u00c9 um momento de ressignificar as ruas e criar novas formas de ocupar os espa\u00e7os e viver \u00e0 cidade. <\/strong><\/span><\/p>\n<p class=\"p1\"><span class=\"s1\">Entre um bloco e outro, convidamos voc\u00ea a conhecer algumas i<strong>niciativas que mostram a import\u00e2ncia do direito \u00e0 cidade para o carnaval e vice e versa.<\/strong> A <strong>ONU-Habitat<\/strong> lan\u00e7ou uma <a href=\"https:\/\/www.facebook.com\/ONUHABITATBR\/posts\/2565987773645005\" target=\"_blank\" rel=\"noopener noreferrer\">campanha<\/a> que mostra como o carnaval pode ser um momento para pensar e construir as cidades que queremos. \u201cO Carnaval \u00e9 uma grande oportunidade para <strong>vislumbrar cidades melhores e colocar em pr\u00e1tica a\u00e7\u00f5es que contribuam para tornar nossas cidades mais inclusivas, seguras, resilientes e sustent\u00e1veis<\/strong> n\u00e3o s\u00f3 durante a maior festa popular do Brasil, mas para termos um futuro urbano melhor\u201d.<\/span><\/p>\n<div class=\"et_pb_slider et_pb_slider_fullwidth_off et_pb_gallery_post_type\">\n\t\t\t\t<div class=\"et_pb_slides\">\n\t\t\t\t\t<div class=\"et_pb_slide\" style=\"background: url(https:\/\/www.right2city.org\/wp-content\/uploads\/2020\/02\/87337649_2565983503645432_5273754737479516160_n.jpg);\"><\/div><div class=\"et_pb_slide\" style=\"background: url(https:\/\/www.right2city.org\/wp-content\/uploads\/2020\/02\/87430567_2565983543645428_5283119836359032832_n.jpg);\"><\/div><div class=\"et_pb_slide\" style=\"background: url(https:\/\/www.right2city.org\/wp-content\/uploads\/2020\/02\/87414573_2565983436978772_85021360115417088_n.jpg);\"><\/div>\n\t\t\t\t<\/div>\n\t\t\t<\/div>\n<p><em>Materiais da campanha realizada pela ONU-Habitat, veja mais <a href=\"https:\/\/www.facebook.com\/ONUHABITATBR\/posts\/2565987773645005\" target=\"_blank\" rel=\"noopener noreferrer\">aqui<\/a><\/em><\/p>\n<p class=\"p1\"><span class=\"s1\">Essa reflex\u00e3o \u00e9 transversal e passa por diversos temas, como a <strong>mobilidade urbana, o turismo, a import\u00e2ncia de espa\u00e7os p\u00fablicos seguros e inclusivos e a ecologia.<\/strong> Tamb\u00e9m \u00e9 um convite para desde j\u00e1 viver a cidade de outra maneira e construir os espa\u00e7os em que queremos viver, com respeito, diversidade, troca e cuidado com o meio ambiente.<\/span><\/p>\n<p class=\"p1\"><span class=\"s1\">Na mesma dire\u00e7\u00e3o, o <strong>Instituto P\u00f3lis<\/strong> vem promovendo a campanha <strong>\u201c<\/strong><a href=\"https:\/\/www.facebook.com\/institutopolis\/posts\/1290947301116227\" target=\"_blank\" rel=\"noopener noreferrer\">Carnaval \u00e9 direito \u00e0 cidade<\/a><strong>\u201d,<\/strong> chamando todxs a ocupar as ruas e construir um carnaval que evidencie a <strong>diversidade que realmente existente dentro das nossas cidades.<\/strong> <a href=\"https:\/\/www.archdaily.com.br\/br\/934182\/botar-seu-bloco-na-rua-e-direito-a-cidade?utm_source=dlvr.it&amp;utm_medium=twitter\" target=\"_blank\" rel=\"noopener noreferrer\">Neste texto<\/a> publicado no site Archdaily, Beatriz de Paula e Danielle Klintowitz, explicam a campanha, falam sobre o p<strong>otencial do carnaval de transformar a cidade e o nosso olhar sobre ela<\/strong>, al\u00e9m de resgatar um pouco da mem\u00f3ria sobre a <strong>evolu\u00e7\u00e3o do carnaval ao longo dos anos<\/strong> e, particularmente, da sua rela\u00e7\u00e3o com a cidade, a rua e os espa\u00e7os p\u00fablicos.<\/span><\/p>\n<div class=\"et_pb_slider et_pb_slider_fullwidth_off et_pb_gallery_post_type\">\n\t\t\t\t<div class=\"et_pb_slides\">\n\t\t\t\t\t<div class=\"et_pb_slide\" style=\"background: url(https:\/\/www.right2city.org\/wp-content\/uploads\/2020\/02\/86773268_1302912229919734_627304119886938112_o.png);\"><\/div><div class=\"et_pb_slide\" style=\"background: url(https:\/\/www.right2city.org\/wp-content\/uploads\/2020\/02\/86766308_1302294526648171_5565707802304839680_o.png);\"><\/div><div class=\"et_pb_slide\" style=\"background: url(https:\/\/www.right2city.org\/wp-content\/uploads\/2020\/02\/85000021_1290946787782945_2575562630370426880_o.jpg);\"><\/div>\n\t\t\t\t<\/div>\n\t\t\t<\/div>\n<p class=\"p1\">Materiais da campanha \u00abCarnaval \u00e9 direito \u00e0 cidade\u00bb do Instituto P\u00f3lis, <a href=\"https:\/\/polis.org.br\/noticias\/carnaval-e-direito-a-cidade\/?fbclid=IwAR12Jq1n9pB8_0Gjruw6awokdSQPe-i8IaKn6byaVzbfU7oZ0wsYH5zbO0k\" target=\"_blank\" rel=\"noopener noreferrer\">ver mais aqui<\/a><\/p>\n<p>A campanha tamb\u00e9m se baseia na ideia de que o <strong>carnaval \u00e9 uma festa pol\u00edtica<\/strong> e deve ser lugar de reivindica\u00e7\u00e3o. Entre os muitos materiais produzidos e sendo veiculados nas redes e nas ruas da cidade de S\u00e3o Paulo, est\u00e3o <a href=\"https:\/\/polis.org.br\/publicacoes\/e-na-rua-que-a-gente-se-encontra\/?utm_medium=website&amp;utm_source=archdaily.com.br\" target=\"_blank\" rel=\"noopener noreferrer\">dicas importantes<\/a> de como ter um carnaval seguro, casado no respeito e sem repress\u00e3o. <a href=\"https:\/\/www.facebook.com\/institutopolis\/posts\/1302369629973994\" target=\"_blank\" rel=\"noopener noreferrer\">Afinal de contas, ocupar a rua \u00e9 um direito constitucional!<\/a><\/p>\n<p class=\"p1\"><strong><span class=\"s1\">Viva o direito \u00e0 cidade e viva o carnaval!<\/span><\/strong><\/p>\n","protected":false},"featured_media":53661,"template":"","meta":{"_acf_changed":false,"_et_pb_use_builder":"","_et_pb_old_content":"","_et_gb_content_width":"","cybocfi_hide_featured_image":""},"categories":[],"themes":[122],"agendas_globales":[],"class_list":["post-53660","news","type-news","status-publish","has-post-thumbnail","hentry","themes-calidad-de-espacios-publicos-y-servicios"],"acf":[],"yoast_head":"<!-- This site is optimized with the Yoast SEO plugin v27.4 - https:\/\/yoast.com\/product\/yoast-seo-wordpress\/ -->\n<title>Instituto P\u00f3lis e ONU-Habitat colocam o direito \u00e0 cidade no centro do carnaval - Right to the city<\/title>\n<meta name=\"robots\" content=\"index, follow, max-snippet:-1, max-image-preview:large, max-video-preview:-1\" \/>\n<link rel=\"canonical\" href=\"https:\/\/www.right2city.org\/es\/news\/instituto-polis-e-onu-habitat-colocam-o-direito-a-cidade-no-centro-do-carnaval\/\" \/>\n<meta property=\"og:locale\" content=\"es_ES\" \/>\n<meta property=\"og:type\" content=\"article\" \/>\n<meta property=\"og:title\" content=\"Instituto P\u00f3lis e ONU-Habitat colocam o direito \u00e0 cidade no centro do carnaval - Right to the city\" \/>\n<meta property=\"og:description\" content=\"J\u00e1 \u00e9 carnaval, cidade! Por todo o Brasil as pessoas v\u00eam ocupando as ruas, enchendo-as de cor, alegria e diversidade. Nas palavras de Roberto da Matta, o poder do carnaval reside em grande parte na sua capacidade de invers\u00e3o, de modificar a ordem das coisas e criar novas formas de ser e ocupar espa\u00e7os. O [&hellip;]\" \/>\n<meta property=\"og:url\" content=\"https:\/\/www.right2city.org\/es\/news\/instituto-polis-e-onu-habitat-colocam-o-direito-a-cidade-no-centro-do-carnaval\/\" \/>\n<meta property=\"og:site_name\" content=\"Right to the city\" \/>\n<meta property=\"article:modified_time\" content=\"2020-02-24T19:47:02+00:00\" \/>\n<meta property=\"og:image\" content=\"https:\/\/www.right2city.org\/wp-content\/uploads\/2020\/02\/ARCHDAILY_Carnaval_arte.jpg\" \/>\n\t<meta property=\"og:image:width\" content=\"1500\" \/>\n\t<meta property=\"og:image:height\" content=\"1000\" \/>\n\t<meta property=\"og:image:type\" content=\"image\/jpeg\" \/>\n<meta name=\"twitter:card\" content=\"summary_large_image\" \/>\n<meta name=\"twitter:label1\" content=\"Tiempo de lectura\" \/>\n\t<meta name=\"twitter:data1\" content=\"2 minutos\" \/>\n<script type=\"application\/ld+json\" class=\"yoast-schema-graph\">{\"@context\":\"https:\\\/\\\/schema.org\",\"@graph\":[{\"@type\":\"WebPage\",\"@id\":\"https:\\\/\\\/www.right2city.org\\\/es\\\/news\\\/instituto-polis-e-onu-habitat-colocam-o-direito-a-cidade-no-centro-do-carnaval\\\/\",\"url\":\"https:\\\/\\\/www.right2city.org\\\/es\\\/news\\\/instituto-polis-e-onu-habitat-colocam-o-direito-a-cidade-no-centro-do-carnaval\\\/\",\"name\":\"Instituto P\u00f3lis e ONU-Habitat colocam o direito \u00e0 cidade no centro do carnaval - Right to the city\",\"isPartOf\":{\"@id\":\"https:\\\/\\\/www.right2city.org\\\/es\\\/#website\"},\"primaryImageOfPage\":{\"@id\":\"https:\\\/\\\/www.right2city.org\\\/es\\\/news\\\/instituto-polis-e-onu-habitat-colocam-o-direito-a-cidade-no-centro-do-carnaval\\\/#primaryimage\"},\"image\":{\"@id\":\"https:\\\/\\\/www.right2city.org\\\/es\\\/news\\\/instituto-polis-e-onu-habitat-colocam-o-direito-a-cidade-no-centro-do-carnaval\\\/#primaryimage\"},\"thumbnailUrl\":\"https:\\\/\\\/www.right2city.org\\\/wp-content\\\/uploads\\\/2020\\\/02\\\/ARCHDAILY_Carnaval_arte.jpg\",\"datePublished\":\"2020-02-24T19:44:24+00:00\",\"dateModified\":\"2020-02-24T19:47:02+00:00\",\"breadcrumb\":{\"@id\":\"https:\\\/\\\/www.right2city.org\\\/es\\\/news\\\/instituto-polis-e-onu-habitat-colocam-o-direito-a-cidade-no-centro-do-carnaval\\\/#breadcrumb\"},\"inLanguage\":\"es\",\"potentialAction\":[{\"@type\":\"ReadAction\",\"target\":[\"https:\\\/\\\/www.right2city.org\\\/es\\\/news\\\/instituto-polis-e-onu-habitat-colocam-o-direito-a-cidade-no-centro-do-carnaval\\\/\"]}]},{\"@type\":\"ImageObject\",\"inLanguage\":\"es\",\"@id\":\"https:\\\/\\\/www.right2city.org\\\/es\\\/news\\\/instituto-polis-e-onu-habitat-colocam-o-direito-a-cidade-no-centro-do-carnaval\\\/#primaryimage\",\"url\":\"https:\\\/\\\/www.right2city.org\\\/wp-content\\\/uploads\\\/2020\\\/02\\\/ARCHDAILY_Carnaval_arte.jpg\",\"contentUrl\":\"https:\\\/\\\/www.right2city.org\\\/wp-content\\\/uploads\\\/2020\\\/02\\\/ARCHDAILY_Carnaval_arte.jpg\",\"width\":1500,\"height\":1000},{\"@type\":\"BreadcrumbList\",\"@id\":\"https:\\\/\\\/www.right2city.org\\\/es\\\/news\\\/instituto-polis-e-onu-habitat-colocam-o-direito-a-cidade-no-centro-do-carnaval\\\/#breadcrumb\",\"itemListElement\":[{\"@type\":\"ListItem\",\"position\":1,\"name\":\"Home\",\"item\":\"https:\\\/\\\/www.right2city.org\\\/es\\\/\"},{\"@type\":\"ListItem\",\"position\":2,\"name\":\"Noticias\",\"item\":\"https:\\\/\\\/www.right2city.org\\\/es\\\/news\\\/\"},{\"@type\":\"ListItem\",\"position\":3,\"name\":\"Instituto P\u00f3lis e ONU-Habitat colocam o direito \u00e0 cidade no centro do carnaval\"}]},{\"@type\":\"WebSite\",\"@id\":\"https:\\\/\\\/www.right2city.org\\\/es\\\/#website\",\"url\":\"https:\\\/\\\/www.right2city.org\\\/es\\\/\",\"name\":\"Right to the city\",\"description\":\"Global Platform for the Right to the City\",\"potentialAction\":[{\"@type\":\"SearchAction\",\"target\":{\"@type\":\"EntryPoint\",\"urlTemplate\":\"https:\\\/\\\/www.right2city.org\\\/es\\\/?s={search_term_string}\"},\"query-input\":{\"@type\":\"PropertyValueSpecification\",\"valueRequired\":true,\"valueName\":\"search_term_string\"}}],\"inLanguage\":\"es\"}]}<\/script>\n<!-- \/ Yoast SEO plugin. -->","yoast_head_json":{"title":"Instituto P\u00f3lis e ONU-Habitat colocam o direito \u00e0 cidade no centro do carnaval - Right to the city","robots":{"index":"index","follow":"follow","max-snippet":"max-snippet:-1","max-image-preview":"max-image-preview:large","max-video-preview":"max-video-preview:-1"},"canonical":"https:\/\/www.right2city.org\/es\/news\/instituto-polis-e-onu-habitat-colocam-o-direito-a-cidade-no-centro-do-carnaval\/","og_locale":"es_ES","og_type":"article","og_title":"Instituto P\u00f3lis e ONU-Habitat colocam o direito \u00e0 cidade no centro do carnaval - Right to the city","og_description":"J\u00e1 \u00e9 carnaval, cidade! Por todo o Brasil as pessoas v\u00eam ocupando as ruas, enchendo-as de cor, alegria e diversidade. Nas palavras de Roberto da Matta, o poder do carnaval reside em grande parte na sua capacidade de invers\u00e3o, de modificar a ordem das coisas e criar novas formas de ser e ocupar espa\u00e7os. O [&hellip;]","og_url":"https:\/\/www.right2city.org\/es\/news\/instituto-polis-e-onu-habitat-colocam-o-direito-a-cidade-no-centro-do-carnaval\/","og_site_name":"Right to the city","article_modified_time":"2020-02-24T19:47:02+00:00","og_image":[{"width":1500,"height":1000,"url":"https:\/\/www.right2city.org\/wp-content\/uploads\/2020\/02\/ARCHDAILY_Carnaval_arte.jpg","type":"image\/jpeg"}],"twitter_card":"summary_large_image","twitter_misc":{"Tiempo de lectura":"2 minutos"},"schema":{"@context":"https:\/\/schema.org","@graph":[{"@type":"WebPage","@id":"https:\/\/www.right2city.org\/es\/news\/instituto-polis-e-onu-habitat-colocam-o-direito-a-cidade-no-centro-do-carnaval\/","url":"https:\/\/www.right2city.org\/es\/news\/instituto-polis-e-onu-habitat-colocam-o-direito-a-cidade-no-centro-do-carnaval\/","name":"Instituto P\u00f3lis e ONU-Habitat colocam o direito \u00e0 cidade no centro do carnaval - Right to the city","isPartOf":{"@id":"https:\/\/www.right2city.org\/es\/#website"},"primaryImageOfPage":{"@id":"https:\/\/www.right2city.org\/es\/news\/instituto-polis-e-onu-habitat-colocam-o-direito-a-cidade-no-centro-do-carnaval\/#primaryimage"},"image":{"@id":"https:\/\/www.right2city.org\/es\/news\/instituto-polis-e-onu-habitat-colocam-o-direito-a-cidade-no-centro-do-carnaval\/#primaryimage"},"thumbnailUrl":"https:\/\/www.right2city.org\/wp-content\/uploads\/2020\/02\/ARCHDAILY_Carnaval_arte.jpg","datePublished":"2020-02-24T19:44:24+00:00","dateModified":"2020-02-24T19:47:02+00:00","breadcrumb":{"@id":"https:\/\/www.right2city.org\/es\/news\/instituto-polis-e-onu-habitat-colocam-o-direito-a-cidade-no-centro-do-carnaval\/#breadcrumb"},"inLanguage":"es","potentialAction":[{"@type":"ReadAction","target":["https:\/\/www.right2city.org\/es\/news\/instituto-polis-e-onu-habitat-colocam-o-direito-a-cidade-no-centro-do-carnaval\/"]}]},{"@type":"ImageObject","inLanguage":"es","@id":"https:\/\/www.right2city.org\/es\/news\/instituto-polis-e-onu-habitat-colocam-o-direito-a-cidade-no-centro-do-carnaval\/#primaryimage","url":"https:\/\/www.right2city.org\/wp-content\/uploads\/2020\/02\/ARCHDAILY_Carnaval_arte.jpg","contentUrl":"https:\/\/www.right2city.org\/wp-content\/uploads\/2020\/02\/ARCHDAILY_Carnaval_arte.jpg","width":1500,"height":1000},{"@type":"BreadcrumbList","@id":"https:\/\/www.right2city.org\/es\/news\/instituto-polis-e-onu-habitat-colocam-o-direito-a-cidade-no-centro-do-carnaval\/#breadcrumb","itemListElement":[{"@type":"ListItem","position":1,"name":"Home","item":"https:\/\/www.right2city.org\/es\/"},{"@type":"ListItem","position":2,"name":"Noticias","item":"https:\/\/www.right2city.org\/es\/news\/"},{"@type":"ListItem","position":3,"name":"Instituto P\u00f3lis e ONU-Habitat colocam o direito \u00e0 cidade no centro do carnaval"}]},{"@type":"WebSite","@id":"https:\/\/www.right2city.org\/es\/#website","url":"https:\/\/www.right2city.org\/es\/","name":"Right to the city","description":"Global Platform for the Right to the City","potentialAction":[{"@type":"SearchAction","target":{"@type":"EntryPoint","urlTemplate":"https:\/\/www.right2city.org\/es\/?s={search_term_string}"},"query-input":{"@type":"PropertyValueSpecification","valueRequired":true,"valueName":"search_term_string"}}],"inLanguage":"es"}]}},"_links":{"self":[{"href":"https:\/\/www.right2city.org\/es\/wp-json\/wp\/v2\/news\/53660","targetHints":{"allow":["GET"]}}],"collection":[{"href":"https:\/\/www.right2city.org\/es\/wp-json\/wp\/v2\/news"}],"about":[{"href":"https:\/\/www.right2city.org\/es\/wp-json\/wp\/v2\/types\/news"}],"wp:featuredmedia":[{"embeddable":true,"href":"https:\/\/www.right2city.org\/es\/wp-json\/wp\/v2\/media\/53661"}],"wp:attachment":[{"href":"https:\/\/www.right2city.org\/es\/wp-json\/wp\/v2\/media?parent=53660"}],"wp:term":[{"taxonomy":"category","embeddable":true,"href":"https:\/\/www.right2city.org\/es\/wp-json\/wp\/v2\/categories?post=53660"},{"taxonomy":"themes","embeddable":true,"href":"https:\/\/www.right2city.org\/es\/wp-json\/wp\/v2\/themes?post=53660"},{"taxonomy":"agendas_globales","embeddable":true,"href":"https:\/\/www.right2city.org\/es\/wp-json\/wp\/v2\/agendas_globales?post=53660"}],"curies":[{"name":"wp","href":"https:\/\/api.w.org\/{rel}","templated":true}]}}