{"id":53998,"date":"2020-03-17T15:11:44","date_gmt":"2020-03-17T13:11:44","guid":{"rendered":"https:\/\/www.right2city.org\/news\/cultural-diversity-as-a-basis-for-the-right-to-the-city-the-gpr2c-at-wuf10\/"},"modified":"2020-03-30T20:18:09","modified_gmt":"2020-03-30T18:18:09","slug":"cultural-diversity-as-a-basis-for-the-right-to-the-city-the-gpr2c-at-wuf10","status":"publish","type":"news","link":"https:\/\/www.right2city.org\/es\/news\/cultural-diversity-as-a-basis-for-the-right-to-the-city-the-gpr2c-at-wuf10\/","title":{"rendered":"La Diversidad Cultural como base del Derecho a la Ciudad: la PGDC en el FUM10"},"content":{"rendered":"<p><img loading=\"lazy\" decoding=\"async\" class=\"aligncenter size-full wp-image-53993\" src=\"https:\/\/www.right2city.org\/wp-content\/uploads\/2020\/03\/GF-WUF.png\" alt=\"\" width=\"895\" height=\"484\" srcset=\"https:\/\/www.right2city.org\/wp-content\/uploads\/2020\/03\/GF-WUF.png 895w, https:\/\/www.right2city.org\/wp-content\/uploads\/2020\/03\/GF-WUF-480x260.png 480w\" sizes=\"(min-width: 0px) and (max-width: 480px) 480px, (min-width: 481px) 895px, 100vw\" \/><\/p>\n<p><b>La posici\u00f3n de la PGDC en el FUM fue clara: La cultura y la diversidad cultural son fundamentales para la plena implementaci\u00f3n del Derecho a la Ciudad. Ambas son fundamentales para la promoci\u00f3n de ciudades libres de discriminaci\u00f3n, con igualdad de g\u00e9nero y diversidad \u00e9tnica, racial y social, y que mejoren los procesos democr\u00e1ticos participativos. <\/b><a href=\"https:\/\/www.right2city.org\/wp-content\/uploads\/2020\/02\/GPR2C-WUF10-Position-Paper_20200206-1.pdf\" target=\"_blank\" rel=\"noopener noreferrer\"><b>Lea el documento de posici\u00f3n completo (en ingl\u00e9s).<\/b><\/a><\/p>\n<p><span style=\"font-weight: 400;\">La <\/span><a href=\"https:\/\/wuf.unhabitat.org\/index.php\/\" target=\"_blank\" rel=\"noopener noreferrer\"><span style=\"font-weight: 400;\">10\u00aa sesi\u00f3n del Foro Urbano Mundial (FUM)<\/span><\/a><span style=\"font-weight: 400;\"> tuvo lugar del 8 al 13 de febrero de 2020 en Abu Dhabi, Emiratos \u00c1rabes Unidos. Al igual que en reuniones anteriores, los miembros y aliados de la <\/span><b>Plataforma Global por el Derecho a la Ciudad (PGDC)<\/b><span style=\"font-weight: 400;\"> participaron en el foro organizando diferentes actividades para defender <\/span><b>el Derecho a la Ciudad como impulsor del desarrollo urbano sostenible e inclusivo.<\/b><\/p>\n<p><span style=\"font-weight: 400;\">El FUM se estableci\u00f3 en 2001 por las Naciones Unidas para hacer frente a la r\u00e1pida urbanizaci\u00f3n y sus repercusiones en las comunidades, las ciudades, las econom\u00edas, el cambio clim\u00e1tico y las pol\u00edticas. El tema de este a\u00f1o fue \u00ab<\/span><b>Ciudades de oportunidades: Conectando la cultura y la innovaci\u00f3n<\/b><span style=\"font-weight: 400;\">\u00ab, que se centr\u00f3 en los v\u00ednculos entre la urbanizaci\u00f3n, la cultura y la innovaci\u00f3n como base para unas ciudades y asentamientos humanos inclusivos, seguros, resistentes y sostenibles.<\/span><\/p>\n<p><span style=\"font-weight: 400;\">Este tema est\u00e1 claramente relacionado con <\/span><b>varios componentes del Derecho a la Ciudad<\/b><span style=\"font-weight: 400;\"> y fue abordado tanto en las actividades organizadas por La PGDC en su conjunto como en las <a href=\"https:\/\/www.right2city.org\/es\/events\/la-pgdc-en-el-foro-urbano-mundial\/\" target=\"_blank\" rel=\"noopener noreferrer\">promovidas por sus miembros.<\/a> <\/span><\/p>\n<p>&nbsp;<\/p>\n<h2><b>Actividades organizadas por la PGDC<\/b><\/h2>\n<p><img loading=\"lazy\" decoding=\"async\" class=\"aligncenter size-full wp-image-53989\" src=\"https:\/\/www.right2city.org\/wp-content\/uploads\/2020\/03\/TE-WUF.png\" alt=\"\" width=\"895\" height=\"499\" srcset=\"https:\/\/www.right2city.org\/wp-content\/uploads\/2020\/03\/TE-WUF.png 895w, https:\/\/www.right2city.org\/wp-content\/uploads\/2020\/03\/TE-WUF-480x268.png 480w\" sizes=\"(min-width: 0px) and (max-width: 480px) 480px, (min-width: 481px) 895px, 100vw\" \/><\/p>\n<p><em>Evento de capacitaci\u00f3n organizado por la PGDC en el FUM10 en Abu Dhabi<\/em><\/p>\n<p><span style=\"font-weight: 400;\">Durante el FUM10, la PGDC promovi\u00f3 un <\/span><b>evento de trabajo en red<\/b><span style=\"font-weight: 400;\"> y un <\/span><b>evento de capacitaci\u00f3n<\/b><span style=\"font-weight: 400;\">, as\u00ed como una <\/span><b>reuni\u00f3n de su Grupo Facilitador<\/b><span style=\"font-weight: 400;\">. El primer evento tuvo lugar el 9 de febrero con la asistencia de m\u00e1s de 100 personas y se centr\u00f3 en <\/span><b>el papel del Derecho a la Ciudad en la conexi\u00f3n de los Objetivos de Desarrollo Sostenible y la Nueva Agenda Urbana <\/b><span style=\"font-weight: 400;\">en el marco de la promoci\u00f3n de los derechos culturales y la diversidad.<\/span><\/p>\n<p><span style=\"font-weight: 400;\">Tras un panel de debate en el que participaron Nelson Saule (Instituto P\u00f3lis), Amanda Flety (CGLU-CISDP), Olenka Ochoa (WPM Per\u00fa), Edmundo Werna (OIT) y Cathy Dijla (CODAS) y Fana Sihlongonyane (CUBES), sigui\u00f3 un debate abierto centrado en: c\u00f3mo el <\/span><b>derecho a la ciudad y la diversidad cultural <\/b><span style=\"font-weight: 400;\">contribuyen a la vitalidad, la prosperidad y la inclusi\u00f3n en el proceso de desarrollo de las ciudades; c\u00f3mo pueden la cultura y la innovaci\u00f3n contribuir a lograr <\/span><b>los compromisos transformadores de la Nueva Agenda Urbana <\/b><span style=\"font-weight: 400;\">y c\u00f3mo evitar que las <\/span><b>ciudades y distritos regenerados no desplacen, marginen o borren el patrimonio cultural de los residentes actuales.<\/b><\/p>\n<p><span style=\"font-weight: 400;\">Al d\u00eda siguiente, tuvo lugar el <\/span><b>evento de capacitaci\u00f3n<\/b><span style=\"font-weight: 400;\">, que se centr\u00f3 en <\/span><b>c\u00f3mo usar el Derecho a la Ciudad para lograr ciudades con diversidad cultural<\/b><span style=\"font-weight: 400;\">. M\u00e1s de 50 personas asistieron a la sesi\u00f3n. El trabajo colectivo se centr\u00f3 en el <\/span><span style=\"color: #00ccff;\"><a style=\"color: #00ccff;\" href=\"https:\/\/www.right2city.org\/es\/news\/initiatives-on-cultural-diversity-under-the-framework-of-the-right-to-the-city\/\" target=\"_blank\" rel=\"noopener noreferrer\"><b>mapeo de la diversidad cultural en las ciudades<\/b><\/a><\/span><span style=\"font-weight: 400;\"> y en <\/span><b>proponer acciones o iniciativas concretas para fomentar la diversidad cultural en cuatro \u00e1mbitos: cultura, espacios p\u00fablicos, inclusi\u00f3n social y democracia<\/b><span style=\"font-weight: 400;\">. Algunas de las conclusiones del debate fueron la importancia de adoptar un <\/span><b>enfoque transversal de g\u00e9nero<\/b><span style=\"font-weight: 400;\">, as\u00ed como la necesidad de contar con <\/span><b>mecanismos de participaci\u00f3n<\/b><span style=\"font-weight: 400;\"> tanto para la gobernanza de los espacios p\u00fablicos como para poner en marcha pol\u00edticas e iniciativas para fomentar la diversidad cultural. Por \u00faltimo, hubo un acuerdo general sobre la importancia de <\/span><b>traducir el Derecho a la Ciudad en iniciativas concretas<\/b><span style=\"font-weight: 400;\"> que toquen la vida de los diversos habitantes de manera enriquecedora.<\/span><\/p>\n<h2><\/h2>\n<h2><b>Una mirada cr\u00edtica al FUM<\/b><\/h2>\n<p><span style=\"font-weight: 400;\">La PGDC considera que el Foro Urbano Mundial es un <\/span><b>espacio importante para promover el desarrollo urbano sostenible e inclusivo<\/b><span style=\"font-weight: 400;\"> en el marco de la implementaci\u00f3n de agendas globales como la Nueva Agenda Urbana y los Objetivos de Desarrollo Sostenible. Para ello, es fundamental contar con la presencia de una <\/span><b>amplia diversidad de actores y organizaciones participando<\/b><span style=\"font-weight: 400;\">, as\u00ed como con un conjunto diverso de <\/span><b>narrativas y visiones<\/b><span style=\"font-weight: 400;\"> de los desaf\u00edos actuales y alternativas posibles, dando prioridad a las voces de los grupos y comunidades tradicionalmente marginados y que viven en condiciones vulnerables.\u00a0<\/span><\/p>\n<p><span style=\"font-weight: 400;\">En este marco, la aparente <\/span><b>sobrerrepresentaci\u00f3n de actividades y stands que promueven el desarrollo de ciudades inteligentes<\/b><span style=\"font-weight: 400;\"> y visiones correlacionadas del desarrollo urbano que a menudo ponen el lucro por encima de las necesidades de las personas representa una caracter\u00edstica alarmante que queremos denunciar con fuerza. <strong>La concentraci\u00f3n antidemocr\u00e1tica de los procesos de toma de decisiones, el papel destacado de las empresas de alta tecnolog\u00eda y los mecanismos de vigilancia integral que suelen ir unidos al mantra de las ciudades competitivas<\/strong>\u00a0<\/span><span style=\"font-weight: 400;\">contrastan con la visi\u00f3n del Derecho a la Ciudad de \u00ab<\/span><a href=\"https:\/\/www.right2city.org\/es\/el-derecho-a-la-ciudad\/\" target=\"_blank\" rel=\"noopener noreferrer\"><span style=\"font-weight: 400;\">ciudades, pueblos y asentamientos humanos justos, inclusivos, seguros y sostenibles, definidos como bienes comunes esenciales para una vida plena y decente<\/span><\/a><span style=\"font-weight: 400;\">\u00ab.<\/span><\/p>\n<p><span style=\"font-weight: 400;\">Adem\u00e1s, la decisi\u00f3n de celebrar el FUM10 en los <\/span><b>Emiratos \u00c1rabes Unidos (EAU) <\/b><span style=\"font-weight: 400;\">\u00a0fue recibida con gran preocupaci\u00f3n por los miembros de la PGDC debido a la evidente situaci\u00f3n de discriminaci\u00f3n desenfrenada, la falta de protecci\u00f3n y unas condiciones de vida y de trabajo muy inadecuadas<\/span><b>\u00a0para las mujeres, ni\u00f1xs y trabajadorxs extranjerxs dentro de los EAU<\/b><span style=\"font-weight: 400;\">. Nos sorprendimos al darnos cuenta de que durante el <strong>FUM10 las actividades se llevaron a cabo en total desconexi\u00f3n con la realidad local,<\/strong> sin ofrecer oportunidades de visibilizar las luchas locales y entrar en contacto con grupos sociales que luchan por proteger sus derechos humanos. Lea la <\/span><a href=\"https:\/\/www.right2city.org\/document\/right-to-the-city-in-the-united-arab-emirates\/\" target=\"_blank\" rel=\"noopener noreferrer\"><span style=\"font-weight: 400;\">nota completa del GPR2C sobre el Derecho a la Ciudad en los Emiratos \u00c1rabes Unidos (en ingl\u00e9s).<\/span><\/a><\/p>\n","protected":false},"featured_media":53996,"template":"","meta":{"_acf_changed":false,"_et_pb_use_builder":"","_et_pb_old_content":"","_et_gb_content_width":"","cybocfi_hide_featured_image":""},"categories":[],"themes":[],"agendas_globales":[276],"class_list":["post-53998","news","type-news","status-publish","has-post-thumbnail","hentry","agendas_globales-fsu-es"],"acf":[],"yoast_head":"<!-- This site is optimized with the Yoast SEO plugin v27.4 - https:\/\/yoast.com\/product\/yoast-seo-wordpress\/ -->\n<title>La Diversidad Cultural como base del Derecho a la Ciudad: la PGDC en el FUM10 - Right to the city<\/title>\n<meta name=\"robots\" content=\"index, follow, max-snippet:-1, max-image-preview:large, max-video-preview:-1\" \/>\n<link rel=\"canonical\" href=\"https:\/\/www.right2city.org\/es\/news\/cultural-diversity-as-a-basis-for-the-right-to-the-city-the-gpr2c-at-wuf10\/\" \/>\n<meta property=\"og:locale\" content=\"es_ES\" \/>\n<meta property=\"og:type\" content=\"article\" \/>\n<meta property=\"og:title\" content=\"La Diversidad Cultural como base del Derecho a la Ciudad: la PGDC en el FUM10 - Right to the city\" \/>\n<meta property=\"og:description\" content=\"La posici\u00f3n de la PGDC en el FUM fue clara: La cultura y la diversidad cultural son fundamentales para la plena implementaci\u00f3n del Derecho a la Ciudad. Ambas son fundamentales para la promoci\u00f3n de ciudades libres de discriminaci\u00f3n, con igualdad de g\u00e9nero y diversidad \u00e9tnica, racial y social, y que mejoren los procesos democr\u00e1ticos participativos. [&hellip;]\" \/>\n<meta property=\"og:url\" content=\"https:\/\/www.right2city.org\/es\/news\/cultural-diversity-as-a-basis-for-the-right-to-the-city-the-gpr2c-at-wuf10\/\" \/>\n<meta property=\"og:site_name\" content=\"Right to the city\" \/>\n<meta property=\"article:modified_time\" content=\"2020-03-30T18:18:09+00:00\" \/>\n<meta property=\"og:image\" content=\"https:\/\/www.right2city.org\/wp-content\/uploads\/2020\/03\/GF-WUF.png\" \/>\n\t<meta property=\"og:image:width\" content=\"895\" \/>\n\t<meta property=\"og:image:height\" content=\"484\" \/>\n\t<meta property=\"og:image:type\" content=\"image\/png\" \/>\n<meta name=\"twitter:card\" content=\"summary_large_image\" \/>\n<meta name=\"twitter:label1\" content=\"Tiempo de lectura\" \/>\n\t<meta name=\"twitter:data1\" content=\"5 minutos\" \/>\n<script type=\"application\/ld+json\" class=\"yoast-schema-graph\">{\"@context\":\"https:\\\/\\\/schema.org\",\"@graph\":[{\"@type\":\"WebPage\",\"@id\":\"https:\\\/\\\/www.right2city.org\\\/es\\\/news\\\/cultural-diversity-as-a-basis-for-the-right-to-the-city-the-gpr2c-at-wuf10\\\/\",\"url\":\"https:\\\/\\\/www.right2city.org\\\/es\\\/news\\\/cultural-diversity-as-a-basis-for-the-right-to-the-city-the-gpr2c-at-wuf10\\\/\",\"name\":\"La Diversidad Cultural como base del Derecho a la Ciudad: la PGDC en el FUM10 - Right to the city\",\"isPartOf\":{\"@id\":\"https:\\\/\\\/www.right2city.org\\\/es\\\/#website\"},\"primaryImageOfPage\":{\"@id\":\"https:\\\/\\\/www.right2city.org\\\/es\\\/news\\\/cultural-diversity-as-a-basis-for-the-right-to-the-city-the-gpr2c-at-wuf10\\\/#primaryimage\"},\"image\":{\"@id\":\"https:\\\/\\\/www.right2city.org\\\/es\\\/news\\\/cultural-diversity-as-a-basis-for-the-right-to-the-city-the-gpr2c-at-wuf10\\\/#primaryimage\"},\"thumbnailUrl\":\"https:\\\/\\\/www.right2city.org\\\/wp-content\\\/uploads\\\/2020\\\/03\\\/GF-WUF.png\",\"datePublished\":\"2020-03-17T13:11:44+00:00\",\"dateModified\":\"2020-03-30T18:18:09+00:00\",\"breadcrumb\":{\"@id\":\"https:\\\/\\\/www.right2city.org\\\/es\\\/news\\\/cultural-diversity-as-a-basis-for-the-right-to-the-city-the-gpr2c-at-wuf10\\\/#breadcrumb\"},\"inLanguage\":\"es\",\"potentialAction\":[{\"@type\":\"ReadAction\",\"target\":[\"https:\\\/\\\/www.right2city.org\\\/es\\\/news\\\/cultural-diversity-as-a-basis-for-the-right-to-the-city-the-gpr2c-at-wuf10\\\/\"]}]},{\"@type\":\"ImageObject\",\"inLanguage\":\"es\",\"@id\":\"https:\\\/\\\/www.right2city.org\\\/es\\\/news\\\/cultural-diversity-as-a-basis-for-the-right-to-the-city-the-gpr2c-at-wuf10\\\/#primaryimage\",\"url\":\"https:\\\/\\\/www.right2city.org\\\/wp-content\\\/uploads\\\/2020\\\/03\\\/GF-WUF.png\",\"contentUrl\":\"https:\\\/\\\/www.right2city.org\\\/wp-content\\\/uploads\\\/2020\\\/03\\\/GF-WUF.png\",\"width\":895,\"height\":484},{\"@type\":\"BreadcrumbList\",\"@id\":\"https:\\\/\\\/www.right2city.org\\\/es\\\/news\\\/cultural-diversity-as-a-basis-for-the-right-to-the-city-the-gpr2c-at-wuf10\\\/#breadcrumb\",\"itemListElement\":[{\"@type\":\"ListItem\",\"position\":1,\"name\":\"Home\",\"item\":\"https:\\\/\\\/www.right2city.org\\\/es\\\/\"},{\"@type\":\"ListItem\",\"position\":2,\"name\":\"Noticias\",\"item\":\"https:\\\/\\\/www.right2city.org\\\/es\\\/news\\\/\"},{\"@type\":\"ListItem\",\"position\":3,\"name\":\"La Diversidad Cultural como base del Derecho a la Ciudad: la PGDC en el FUM10\"}]},{\"@type\":\"WebSite\",\"@id\":\"https:\\\/\\\/www.right2city.org\\\/es\\\/#website\",\"url\":\"https:\\\/\\\/www.right2city.org\\\/es\\\/\",\"name\":\"Right to the city\",\"description\":\"Global Platform for the Right to the City\",\"potentialAction\":[{\"@type\":\"SearchAction\",\"target\":{\"@type\":\"EntryPoint\",\"urlTemplate\":\"https:\\\/\\\/www.right2city.org\\\/es\\\/?s={search_term_string}\"},\"query-input\":{\"@type\":\"PropertyValueSpecification\",\"valueRequired\":true,\"valueName\":\"search_term_string\"}}],\"inLanguage\":\"es\"}]}<\/script>\n<!-- \/ Yoast SEO plugin. -->","yoast_head_json":{"title":"La Diversidad Cultural como base del Derecho a la Ciudad: la PGDC en el FUM10 - Right to the city","robots":{"index":"index","follow":"follow","max-snippet":"max-snippet:-1","max-image-preview":"max-image-preview:large","max-video-preview":"max-video-preview:-1"},"canonical":"https:\/\/www.right2city.org\/es\/news\/cultural-diversity-as-a-basis-for-the-right-to-the-city-the-gpr2c-at-wuf10\/","og_locale":"es_ES","og_type":"article","og_title":"La Diversidad Cultural como base del Derecho a la Ciudad: la PGDC en el FUM10 - Right to the city","og_description":"La posici\u00f3n de la PGDC en el FUM fue clara: La cultura y la diversidad cultural son fundamentales para la plena implementaci\u00f3n del Derecho a la Ciudad. Ambas son fundamentales para la promoci\u00f3n de ciudades libres de discriminaci\u00f3n, con igualdad de g\u00e9nero y diversidad \u00e9tnica, racial y social, y que mejoren los procesos democr\u00e1ticos participativos. [&hellip;]","og_url":"https:\/\/www.right2city.org\/es\/news\/cultural-diversity-as-a-basis-for-the-right-to-the-city-the-gpr2c-at-wuf10\/","og_site_name":"Right to the city","article_modified_time":"2020-03-30T18:18:09+00:00","og_image":[{"width":895,"height":484,"url":"https:\/\/www.right2city.org\/wp-content\/uploads\/2020\/03\/GF-WUF.png","type":"image\/png"}],"twitter_card":"summary_large_image","twitter_misc":{"Tiempo de lectura":"5 minutos"},"schema":{"@context":"https:\/\/schema.org","@graph":[{"@type":"WebPage","@id":"https:\/\/www.right2city.org\/es\/news\/cultural-diversity-as-a-basis-for-the-right-to-the-city-the-gpr2c-at-wuf10\/","url":"https:\/\/www.right2city.org\/es\/news\/cultural-diversity-as-a-basis-for-the-right-to-the-city-the-gpr2c-at-wuf10\/","name":"La Diversidad Cultural como base del Derecho a la Ciudad: la PGDC en el FUM10 - Right to the city","isPartOf":{"@id":"https:\/\/www.right2city.org\/es\/#website"},"primaryImageOfPage":{"@id":"https:\/\/www.right2city.org\/es\/news\/cultural-diversity-as-a-basis-for-the-right-to-the-city-the-gpr2c-at-wuf10\/#primaryimage"},"image":{"@id":"https:\/\/www.right2city.org\/es\/news\/cultural-diversity-as-a-basis-for-the-right-to-the-city-the-gpr2c-at-wuf10\/#primaryimage"},"thumbnailUrl":"https:\/\/www.right2city.org\/wp-content\/uploads\/2020\/03\/GF-WUF.png","datePublished":"2020-03-17T13:11:44+00:00","dateModified":"2020-03-30T18:18:09+00:00","breadcrumb":{"@id":"https:\/\/www.right2city.org\/es\/news\/cultural-diversity-as-a-basis-for-the-right-to-the-city-the-gpr2c-at-wuf10\/#breadcrumb"},"inLanguage":"es","potentialAction":[{"@type":"ReadAction","target":["https:\/\/www.right2city.org\/es\/news\/cultural-diversity-as-a-basis-for-the-right-to-the-city-the-gpr2c-at-wuf10\/"]}]},{"@type":"ImageObject","inLanguage":"es","@id":"https:\/\/www.right2city.org\/es\/news\/cultural-diversity-as-a-basis-for-the-right-to-the-city-the-gpr2c-at-wuf10\/#primaryimage","url":"https:\/\/www.right2city.org\/wp-content\/uploads\/2020\/03\/GF-WUF.png","contentUrl":"https:\/\/www.right2city.org\/wp-content\/uploads\/2020\/03\/GF-WUF.png","width":895,"height":484},{"@type":"BreadcrumbList","@id":"https:\/\/www.right2city.org\/es\/news\/cultural-diversity-as-a-basis-for-the-right-to-the-city-the-gpr2c-at-wuf10\/#breadcrumb","itemListElement":[{"@type":"ListItem","position":1,"name":"Home","item":"https:\/\/www.right2city.org\/es\/"},{"@type":"ListItem","position":2,"name":"Noticias","item":"https:\/\/www.right2city.org\/es\/news\/"},{"@type":"ListItem","position":3,"name":"La Diversidad Cultural como base del Derecho a la Ciudad: la PGDC en el FUM10"}]},{"@type":"WebSite","@id":"https:\/\/www.right2city.org\/es\/#website","url":"https:\/\/www.right2city.org\/es\/","name":"Right to the city","description":"Global Platform for the Right to the City","potentialAction":[{"@type":"SearchAction","target":{"@type":"EntryPoint","urlTemplate":"https:\/\/www.right2city.org\/es\/?s={search_term_string}"},"query-input":{"@type":"PropertyValueSpecification","valueRequired":true,"valueName":"search_term_string"}}],"inLanguage":"es"}]}},"_links":{"self":[{"href":"https:\/\/www.right2city.org\/es\/wp-json\/wp\/v2\/news\/53998","targetHints":{"allow":["GET"]}}],"collection":[{"href":"https:\/\/www.right2city.org\/es\/wp-json\/wp\/v2\/news"}],"about":[{"href":"https:\/\/www.right2city.org\/es\/wp-json\/wp\/v2\/types\/news"}],"wp:featuredmedia":[{"embeddable":true,"href":"https:\/\/www.right2city.org\/es\/wp-json\/wp\/v2\/media\/53996"}],"wp:attachment":[{"href":"https:\/\/www.right2city.org\/es\/wp-json\/wp\/v2\/media?parent=53998"}],"wp:term":[{"taxonomy":"category","embeddable":true,"href":"https:\/\/www.right2city.org\/es\/wp-json\/wp\/v2\/categories?post=53998"},{"taxonomy":"themes","embeddable":true,"href":"https:\/\/www.right2city.org\/es\/wp-json\/wp\/v2\/themes?post=53998"},{"taxonomy":"agendas_globales","embeddable":true,"href":"https:\/\/www.right2city.org\/es\/wp-json\/wp\/v2\/agendas_globales?post=53998"}],"curies":[{"name":"wp","href":"https:\/\/api.w.org\/{rel}","templated":true}]}}