{"id":54001,"date":"2020-03-17T14:49:00","date_gmt":"2020-03-17T12:49:00","guid":{"rendered":"https:\/\/www.right2city.org\/news\/initiatives-on-cultural-diversity-under-the-framework-of-the-right-to-the-city\/"},"modified":"2020-03-17T16:08:41","modified_gmt":"2020-03-17T14:08:41","slug":"initiatives-on-cultural-diversity-under-the-framework-of-the-right-to-the-city","status":"publish","type":"news","link":"https:\/\/www.right2city.org\/es\/news\/initiatives-on-cultural-diversity-under-the-framework-of-the-right-to-the-city\/","title":{"rendered":"Iniciativas sobre la diversidad cultural en el marco del Derecho a la Ciudad"},"content":{"rendered":"<p><img loading=\"lazy\" decoding=\"async\" class=\"aligncenter size-full wp-image-53983\" src=\"https:\/\/www.right2city.org\/wp-content\/uploads\/2020\/03\/lart-publique.png\" alt=\"\" width=\"774\" height=\"357\" srcset=\"https:\/\/www.right2city.org\/wp-content\/uploads\/2020\/03\/lart-publique.png 774w, https:\/\/www.right2city.org\/wp-content\/uploads\/2020\/03\/lart-publique-480x221.png 480w\" sizes=\"(min-width: 0px) and (max-width: 480px) 480px, (min-width: 481px) 774px, 100vw\" \/><\/p>\n<p><em><a href=\"https:\/\/www.facebook.com\/notes\/lart-est-public\/lart-est-public\/265507707728233\" target=\"_blank\" rel=\"noopener noreferrer\">Photo: l&#8217;art est publique<\/a><\/em><\/p>\n<p>La d\u00e9cima sesi\u00f3n del <a href=\"https:\/\/wuf.unhabitat.org\/index.php\/\" target=\"_blank\" rel=\"noopener noreferrer\">Foro Urbano Mundial (FUM)<\/a> tuvo lugar del 8 al 13 de febrero de 2020 en Abu Dhabi, Emiratos \u00c1rabes Unidos. Bajo el tema <strong>\u00abCiudades de Oportunidades: Conectando la cultura y la innovaci\u00f3n\u00bb<\/strong>, el foro se centr\u00f3 en los v\u00ednculos entre la urbanizaci\u00f3n, la cultura y la innovaci\u00f3n como base para avanzar hacia ciudades y asentamientos humanos inclusivos, seguros, resistentes y sostenibles.<\/p>\n<p>Como en foros anteriores, los miembros y aliadxs de la <strong>Plataforma Mundial por el Derecho a la Ciudad (GPR2C)<\/strong> estuvieron presentes en el evento, organizando diferentes actividades para promover <strong>el Derecho a la Ciudad como palanca para fomentar el desarrollo urbano sostenible e inclusivo.<\/strong> Puede leer m\u00e1s sobre las actividades de la PGDC en el FUM10 <a href=\"https:\/\/www.right2city.org\/es\/news\/cultural-diversity-as-a-basis-for-the-right-to-the-city-the-gpr2c-at-wuf10\/\" target=\"_blank\" rel=\"noopener noreferrer\">aqu\u00ed<\/a> o consultar <a href=\"https:\/\/www.right2city.org\/wp-content\/uploads\/2020\/02\/GPR2C-WUF10-Position-Paper_20200206-1.pdf\" target=\"_blank\" rel=\"noopener noreferrer\">aqu\u00ed<\/a> el documento de posici\u00f3n sobre la diversidad cultural como elemento del Derecho a la Ciudad.<\/p>\n<p><strong>M\u00e1s all\u00e1 de estos materiales, aqu\u00ed hemos compilado una lista de iniciativas y proyectos que ayudan a promover y avanzar en diferentes aspectos de la diversidad cultural a trav\u00e9s de la mirada del Derecho a la Ciudad. Si conoce otras iniciativas o materiales que puedan a\u00f1adirse a esta lista no dude en escribirnos a <a href=\"mailto:communicationteam@hic-net.org\">communicationteam@hic-net.org<\/a>.<\/strong><\/p>\n<p>&nbsp;<\/p>\n<h4><strong>Derechos culturales y espacios p\u00fablicos<\/strong><\/h4>\n<ul>\n<li><a href=\"https:\/\/www.facebook.com\/notes\/lart-est-public\/lart-est-public\/265507707728233\" target=\"_blank\" rel=\"noopener noreferrer\">Iniciativa \u00abL&#8217;art es public\u00bb, Argelia (en franc\u00e9s)<\/a><\/li>\n<li><a href=\"http:\/\/www.agenda21culture.net\/sites\/default\/files\/20190423_cr_cso_questionnaire_eng.pdf\" target=\"_blank\" rel=\"noopener noreferrer\">Informe de la Relatora Especial para los derechos culturales (en ingl\u00e9s)<\/a><\/li>\n<li><a href=\"https:\/\/www.facebook.com\/events\/481403472704530\/\" target=\"_blank\" rel=\"noopener noreferrer\">Paseos por la ciudad para discutir la ocupaci\u00f3n de los espacios p\u00fablicos por personas negras y LGBT+, reflexionando sobre esos espacios como lugares de memoria, Brasil (en portugu\u00e9s)<\/a><\/li>\n<\/ul>\n<p>&nbsp;<\/p>\n<h4><strong>Cultura, igualdad y g\u00e9nero:<\/strong><\/h4>\n<ul>\n<li><a href=\"https:\/\/www.facebook.com\/events\/548132662679122\/\" target=\"_blank\" rel=\"noopener noreferrer\">\u00abCine al aire libre: los cuerpos negros se mueven\u00bb, discutiendo raza y derecho a la ciudad (en portugu\u00e9s)<\/a><\/li>\n<li><a href=\"https:\/\/polis.org.br\/noticias\/evento-seminario-direito-a-cidade-de-olho-na-lgbtfobia\/\" target=\"_blank\" rel=\"noopener noreferrer\">El seminario \u00abDerecho a la ciudad: vigilando la LGBTfobia\u00bb, concluy\u00f3 con una acci\u00f3n callejera en la plaza Largo do Arouche, S\u00e3o Paulo (en portugu\u00e9s) <\/a><\/li>\n<li><a href=\"https:\/\/www.instagram.com\/p\/BzEq37dnUVo\/\" target=\"_blank\" rel=\"noopener noreferrer\">Iniciativa sobre el \u00abDesfile del Orgullo LGBT de S\u00e3o Paulo\u00bb, proyecci\u00f3n de consignas sobre el derecho de los LGBT+ a la ciudad y materiales de distribuci\u00f3n sobre el tema, Brasil (en portugu\u00e9s)<\/a><\/li>\n<li><a href=\"https:\/\/oxfam.org.br\/noticias\/guia-juventudes-nas-cidades-instrumento-de-conhecimento-e-defesa-de-direitos\/\" target=\"_blank\" rel=\"noopener noreferrer\">Publicaci\u00f3n \u00abGu\u00eda de los j\u00f3venes sobre la ciudad\u00bb de Oxfam, Brasil (en portugu\u00e9s)<\/a><\/li>\n<\/ul>\n<p>&nbsp;<\/p>\n<h4><strong>Patrimonio, innovaci\u00f3n social y sostenibilidad:\u00a0<\/strong><\/h4>\n<ul>\n<li><a href=\"http:\/\/patiosaxerquia.org\/\" target=\"_blank\" rel=\"noopener noreferrer\">Asociaci\u00f3n Patios de la Axerquia, C\u00f3rdoba, Espa\u00f1a<\/a><\/li>\n<\/ul>\n<p>&nbsp;<\/p>\n<h4><strong>La cultura y la producci\u00f3n social de la vivienda:<\/strong><\/h4>\n<ul>\n<li><a href=\"https:\/\/hic-al.org\/wp-content\/uploads\/2018\/12\/Libro-utopias-digital.pdf\" target=\"_blank\" rel=\"noopener noreferrer\">Varias buenas pr\u00e1cticas en la regi\u00f3n de Am\u00e9rica Latina &#8211; Utop\u00edas en construcci\u00f3n. Experiencias latinoamericanas de producci\u00f3n social del h\u00e1bitat<\/a><\/li>\n<\/ul>\n<p>&nbsp;<\/p>\n<h4><strong>Cultura y regeneraci\u00f3n urbana:<\/strong><\/h4>\n<ul>\n<li><a href=\"https:\/\/www.uclg-cisdp.org\/es\/observatorio\/programa-comunitario-de-mejoramiento-barrial-pcmb\" target=\"_blank\" rel=\"noopener noreferrer\">Programa comunitario de mejoramiento de barrios, Ciudad de M\u00e9xico<\/a><\/li>\n<\/ul>\n<p>&nbsp;<\/p>\n<h4><strong>Diversidad sociocultural y econom\u00edas inclusivas \/ transformadoras:\u00a0<\/strong><\/h4>\n<ul>\n<li><a href=\"http:\/\/espanol.wiego.org\/\" target=\"_blank\" rel=\"noopener noreferrer\">Mujeres en el Empleo Informal: Globalizar y Organizar<\/a><\/li>\n<li><a href=\"https:\/\/www.facebook.com\/events\/481403472704530\/\" target=\"_blank\" rel=\"noopener noreferrer\">Iniciativa \u00abNos encontramos en las calles\u00bb, paseo por la ciudad para discutir la ocupaci\u00f3n de los espacios p\u00fablicos por parte de los trabajadores de la econom\u00eda informal, S\u00e3o Paulo, Brasil (en portugu\u00e9s)<\/a><\/li>\n<\/ul>\n<p>&nbsp;<\/p>\n<h4><strong>Fomentando las culturas populares y las expresiones art\u00edsticas:<\/strong><\/h4>\n<ul>\n<li><a href=\"http:\/\/spcultura.prefeitura.sp.gov.br\/projeto\/679\" target=\"_blank\" rel=\"noopener noreferrer\">Programa VAI, S\u00e3o Paulo (en portugu\u00e9s)<\/a><\/li>\n<li style=\"list-style-type: none;\">\n<ul>\n<li style=\"list-style-type: none;\"><\/li>\n<\/ul>\n<\/li>\n<\/ul>\n","protected":false},"featured_media":53986,"template":"","meta":{"_acf_changed":false,"_et_pb_use_builder":"","_et_pb_old_content":"","_et_gb_content_width":"","cybocfi_hide_featured_image":""},"categories":[],"themes":[],"agendas_globales":[276],"class_list":["post-54001","news","type-news","status-publish","has-post-thumbnail","hentry","agendas_globales-fsu-es"],"acf":[],"yoast_head":"<!-- This site is optimized with the Yoast SEO plugin v27.5 - https:\/\/yoast.com\/product\/yoast-seo-wordpress\/ -->\n<title>Iniciativas sobre la diversidad cultural en el marco del Derecho a la Ciudad - Right to the city<\/title>\n<meta name=\"robots\" content=\"index, follow, max-snippet:-1, max-image-preview:large, max-video-preview:-1\" \/>\n<link rel=\"canonical\" href=\"https:\/\/www.right2city.org\/es\/news\/initiatives-on-cultural-diversity-under-the-framework-of-the-right-to-the-city\/\" \/>\n<meta property=\"og:locale\" content=\"es_ES\" \/>\n<meta property=\"og:type\" content=\"article\" \/>\n<meta property=\"og:title\" content=\"Iniciativas sobre la diversidad cultural en el marco del Derecho a la Ciudad - Right to the city\" \/>\n<meta property=\"og:description\" content=\"Photo: l&#8217;art est publique La d\u00e9cima sesi\u00f3n del Foro Urbano Mundial (FUM) tuvo lugar del 8 al 13 de febrero de 2020 en Abu Dhabi, Emiratos \u00c1rabes Unidos. Bajo el tema \u00abCiudades de Oportunidades: Conectando la cultura y la innovaci\u00f3n\u00bb, el foro se centr\u00f3 en los v\u00ednculos entre la urbanizaci\u00f3n, la cultura y la innovaci\u00f3n [&hellip;]\" \/>\n<meta property=\"og:url\" content=\"https:\/\/www.right2city.org\/es\/news\/initiatives-on-cultural-diversity-under-the-framework-of-the-right-to-the-city\/\" \/>\n<meta property=\"og:site_name\" content=\"Right to the city\" \/>\n<meta property=\"article:modified_time\" content=\"2020-03-17T14:08:41+00:00\" \/>\n<meta property=\"og:image\" content=\"https:\/\/www.right2city.org\/wp-content\/uploads\/2020\/03\/lart-publique.png\" \/>\n\t<meta property=\"og:image:width\" content=\"774\" \/>\n\t<meta property=\"og:image:height\" content=\"357\" \/>\n\t<meta property=\"og:image:type\" content=\"image\/png\" \/>\n<meta name=\"twitter:card\" content=\"summary_large_image\" \/>\n<meta name=\"twitter:label1\" content=\"Tiempo de lectura\" \/>\n\t<meta name=\"twitter:data1\" content=\"3 minutos\" \/>\n<script type=\"application\/ld+json\" class=\"yoast-schema-graph\">{\"@context\":\"https:\\\/\\\/schema.org\",\"@graph\":[{\"@type\":\"WebPage\",\"@id\":\"https:\\\/\\\/www.right2city.org\\\/es\\\/news\\\/initiatives-on-cultural-diversity-under-the-framework-of-the-right-to-the-city\\\/\",\"url\":\"https:\\\/\\\/www.right2city.org\\\/es\\\/news\\\/initiatives-on-cultural-diversity-under-the-framework-of-the-right-to-the-city\\\/\",\"name\":\"Iniciativas sobre la diversidad cultural en el marco del Derecho a la Ciudad - Right to the city\",\"isPartOf\":{\"@id\":\"https:\\\/\\\/www.right2city.org\\\/es\\\/#website\"},\"primaryImageOfPage\":{\"@id\":\"https:\\\/\\\/www.right2city.org\\\/es\\\/news\\\/initiatives-on-cultural-diversity-under-the-framework-of-the-right-to-the-city\\\/#primaryimage\"},\"image\":{\"@id\":\"https:\\\/\\\/www.right2city.org\\\/es\\\/news\\\/initiatives-on-cultural-diversity-under-the-framework-of-the-right-to-the-city\\\/#primaryimage\"},\"thumbnailUrl\":\"https:\\\/\\\/www.right2city.org\\\/wp-content\\\/uploads\\\/2020\\\/03\\\/lart-publique.png\",\"datePublished\":\"2020-03-17T12:49:00+00:00\",\"dateModified\":\"2020-03-17T14:08:41+00:00\",\"breadcrumb\":{\"@id\":\"https:\\\/\\\/www.right2city.org\\\/es\\\/news\\\/initiatives-on-cultural-diversity-under-the-framework-of-the-right-to-the-city\\\/#breadcrumb\"},\"inLanguage\":\"es\",\"potentialAction\":[{\"@type\":\"ReadAction\",\"target\":[\"https:\\\/\\\/www.right2city.org\\\/es\\\/news\\\/initiatives-on-cultural-diversity-under-the-framework-of-the-right-to-the-city\\\/\"]}]},{\"@type\":\"ImageObject\",\"inLanguage\":\"es\",\"@id\":\"https:\\\/\\\/www.right2city.org\\\/es\\\/news\\\/initiatives-on-cultural-diversity-under-the-framework-of-the-right-to-the-city\\\/#primaryimage\",\"url\":\"https:\\\/\\\/www.right2city.org\\\/wp-content\\\/uploads\\\/2020\\\/03\\\/lart-publique.png\",\"contentUrl\":\"https:\\\/\\\/www.right2city.org\\\/wp-content\\\/uploads\\\/2020\\\/03\\\/lart-publique.png\",\"width\":774,\"height\":357},{\"@type\":\"BreadcrumbList\",\"@id\":\"https:\\\/\\\/www.right2city.org\\\/es\\\/news\\\/initiatives-on-cultural-diversity-under-the-framework-of-the-right-to-the-city\\\/#breadcrumb\",\"itemListElement\":[{\"@type\":\"ListItem\",\"position\":1,\"name\":\"Home\",\"item\":\"https:\\\/\\\/www.right2city.org\\\/es\\\/\"},{\"@type\":\"ListItem\",\"position\":2,\"name\":\"Noticias\",\"item\":\"https:\\\/\\\/www.right2city.org\\\/es\\\/news\\\/\"},{\"@type\":\"ListItem\",\"position\":3,\"name\":\"Iniciativas sobre la diversidad cultural en el marco del Derecho a la Ciudad\"}]},{\"@type\":\"WebSite\",\"@id\":\"https:\\\/\\\/www.right2city.org\\\/es\\\/#website\",\"url\":\"https:\\\/\\\/www.right2city.org\\\/es\\\/\",\"name\":\"Right to the city\",\"description\":\"Global Platform for the Right to the City\",\"potentialAction\":[{\"@type\":\"SearchAction\",\"target\":{\"@type\":\"EntryPoint\",\"urlTemplate\":\"https:\\\/\\\/www.right2city.org\\\/es\\\/?s={search_term_string}\"},\"query-input\":{\"@type\":\"PropertyValueSpecification\",\"valueRequired\":true,\"valueName\":\"search_term_string\"}}],\"inLanguage\":\"es\"}]}<\/script>\n<!-- \/ Yoast SEO plugin. -->","yoast_head_json":{"title":"Iniciativas sobre la diversidad cultural en el marco del Derecho a la Ciudad - Right to the city","robots":{"index":"index","follow":"follow","max-snippet":"max-snippet:-1","max-image-preview":"max-image-preview:large","max-video-preview":"max-video-preview:-1"},"canonical":"https:\/\/www.right2city.org\/es\/news\/initiatives-on-cultural-diversity-under-the-framework-of-the-right-to-the-city\/","og_locale":"es_ES","og_type":"article","og_title":"Iniciativas sobre la diversidad cultural en el marco del Derecho a la Ciudad - Right to the city","og_description":"Photo: l&#8217;art est publique La d\u00e9cima sesi\u00f3n del Foro Urbano Mundial (FUM) tuvo lugar del 8 al 13 de febrero de 2020 en Abu Dhabi, Emiratos \u00c1rabes Unidos. Bajo el tema \u00abCiudades de Oportunidades: Conectando la cultura y la innovaci\u00f3n\u00bb, el foro se centr\u00f3 en los v\u00ednculos entre la urbanizaci\u00f3n, la cultura y la innovaci\u00f3n [&hellip;]","og_url":"https:\/\/www.right2city.org\/es\/news\/initiatives-on-cultural-diversity-under-the-framework-of-the-right-to-the-city\/","og_site_name":"Right to the city","article_modified_time":"2020-03-17T14:08:41+00:00","og_image":[{"width":774,"height":357,"url":"https:\/\/www.right2city.org\/wp-content\/uploads\/2020\/03\/lart-publique.png","type":"image\/png"}],"twitter_card":"summary_large_image","twitter_misc":{"Tiempo de lectura":"3 minutos"},"schema":{"@context":"https:\/\/schema.org","@graph":[{"@type":"WebPage","@id":"https:\/\/www.right2city.org\/es\/news\/initiatives-on-cultural-diversity-under-the-framework-of-the-right-to-the-city\/","url":"https:\/\/www.right2city.org\/es\/news\/initiatives-on-cultural-diversity-under-the-framework-of-the-right-to-the-city\/","name":"Iniciativas sobre la diversidad cultural en el marco del Derecho a la Ciudad - Right to the city","isPartOf":{"@id":"https:\/\/www.right2city.org\/es\/#website"},"primaryImageOfPage":{"@id":"https:\/\/www.right2city.org\/es\/news\/initiatives-on-cultural-diversity-under-the-framework-of-the-right-to-the-city\/#primaryimage"},"image":{"@id":"https:\/\/www.right2city.org\/es\/news\/initiatives-on-cultural-diversity-under-the-framework-of-the-right-to-the-city\/#primaryimage"},"thumbnailUrl":"https:\/\/www.right2city.org\/wp-content\/uploads\/2020\/03\/lart-publique.png","datePublished":"2020-03-17T12:49:00+00:00","dateModified":"2020-03-17T14:08:41+00:00","breadcrumb":{"@id":"https:\/\/www.right2city.org\/es\/news\/initiatives-on-cultural-diversity-under-the-framework-of-the-right-to-the-city\/#breadcrumb"},"inLanguage":"es","potentialAction":[{"@type":"ReadAction","target":["https:\/\/www.right2city.org\/es\/news\/initiatives-on-cultural-diversity-under-the-framework-of-the-right-to-the-city\/"]}]},{"@type":"ImageObject","inLanguage":"es","@id":"https:\/\/www.right2city.org\/es\/news\/initiatives-on-cultural-diversity-under-the-framework-of-the-right-to-the-city\/#primaryimage","url":"https:\/\/www.right2city.org\/wp-content\/uploads\/2020\/03\/lart-publique.png","contentUrl":"https:\/\/www.right2city.org\/wp-content\/uploads\/2020\/03\/lart-publique.png","width":774,"height":357},{"@type":"BreadcrumbList","@id":"https:\/\/www.right2city.org\/es\/news\/initiatives-on-cultural-diversity-under-the-framework-of-the-right-to-the-city\/#breadcrumb","itemListElement":[{"@type":"ListItem","position":1,"name":"Home","item":"https:\/\/www.right2city.org\/es\/"},{"@type":"ListItem","position":2,"name":"Noticias","item":"https:\/\/www.right2city.org\/es\/news\/"},{"@type":"ListItem","position":3,"name":"Iniciativas sobre la diversidad cultural en el marco del Derecho a la Ciudad"}]},{"@type":"WebSite","@id":"https:\/\/www.right2city.org\/es\/#website","url":"https:\/\/www.right2city.org\/es\/","name":"Right to the city","description":"Global Platform for the Right to the City","potentialAction":[{"@type":"SearchAction","target":{"@type":"EntryPoint","urlTemplate":"https:\/\/www.right2city.org\/es\/?s={search_term_string}"},"query-input":{"@type":"PropertyValueSpecification","valueRequired":true,"valueName":"search_term_string"}}],"inLanguage":"es"}]}},"_links":{"self":[{"href":"https:\/\/www.right2city.org\/es\/wp-json\/wp\/v2\/news\/54001","targetHints":{"allow":["GET"]}}],"collection":[{"href":"https:\/\/www.right2city.org\/es\/wp-json\/wp\/v2\/news"}],"about":[{"href":"https:\/\/www.right2city.org\/es\/wp-json\/wp\/v2\/types\/news"}],"wp:featuredmedia":[{"embeddable":true,"href":"https:\/\/www.right2city.org\/es\/wp-json\/wp\/v2\/media\/53986"}],"wp:attachment":[{"href":"https:\/\/www.right2city.org\/es\/wp-json\/wp\/v2\/media?parent=54001"}],"wp:term":[{"taxonomy":"category","embeddable":true,"href":"https:\/\/www.right2city.org\/es\/wp-json\/wp\/v2\/categories?post=54001"},{"taxonomy":"themes","embeddable":true,"href":"https:\/\/www.right2city.org\/es\/wp-json\/wp\/v2\/themes?post=54001"},{"taxonomy":"agendas_globales","embeddable":true,"href":"https:\/\/www.right2city.org\/es\/wp-json\/wp\/v2\/agendas_globales?post=54001"}],"curies":[{"name":"wp","href":"https:\/\/api.w.org\/{rel}","templated":true}]}}