{"id":57873,"date":"2021-01-25T11:34:13","date_gmt":"2021-01-25T09:34:13","guid":{"rendered":"https:\/\/www.right2city.org\/?post_type=news&#038;p=57873"},"modified":"2021-01-26T11:17:00","modified_gmt":"2021-01-26T09:17:00","slug":"convocatoria-para-el-cuaderno-de-trabajo-2-el-derecho-a-la-ciudad-frente-a-los-desafios-actuales","status":"publish","type":"news","link":"https:\/\/www.right2city.org\/es\/news\/convocatoria-para-el-cuaderno-de-trabajo-2-el-derecho-a-la-ciudad-frente-a-los-desafios-actuales\/","title":{"rendered":"Convocatoria para el Cuaderno de Trabajo # 2 El derecho a la ciudad frente a los desaf\u00edos actuales"},"content":{"rendered":"<p><img loading=\"lazy\" decoding=\"async\" class=\"aligncenter size-full wp-image-57989\" src=\"https:\/\/www.right2city.org\/wp-content\/uploads\/2020\/12\/Convocatoria-Cuaderno-de-Trabajo-2-FB.png\" alt=\"\" width=\"1200\" height=\"630\" srcset=\"https:\/\/www.right2city.org\/wp-content\/uploads\/2020\/12\/Convocatoria-Cuaderno-de-Trabajo-2-FB.png 1200w, https:\/\/www.right2city.org\/wp-content\/uploads\/2020\/12\/Convocatoria-Cuaderno-de-Trabajo-2-FB-980x515.png 980w, https:\/\/www.right2city.org\/wp-content\/uploads\/2020\/12\/Convocatoria-Cuaderno-de-Trabajo-2-FB-480x252.png 480w\" sizes=\"(min-width: 0px) and (max-width: 480px) 480px, (min-width: 481px) and (max-width: 980px) 980px, (min-width: 981px) 1200px, 100vw\" \/><\/p>\n<p>Con el \u00e1nimo de dar continuidad y profundizar los debates y propuestas recogidos en el <a href=\"https:\/\/www.clacso.org\/multiples-miradas-para-renovar-una-agenda-urbana-en-crisis\/\">Cuaderno de Trabajo # 1 \u201cM\u00faltiples miradas para renovar una agenda urbana en crisis\u201d<\/a>, el Grupo de Trabajo CLACSO sobre Desigualdades Urbanas y la Plataforma Global por el Derecho a la Ciudad se unen para lanzar esta convocatoria abierta a contribuciones para el <strong>Cuaderno de Trabajo #2 \u201cEl derecho a la ciudad frente a los desaf\u00edos actuales\u201d<\/strong>.<\/p>\n<p><span style=\"font-size: 18pt; color: #ff6600;\"><strong>Motivaci\u00f3n y contexto<\/strong><\/span><\/p>\n<p>Desde hace m\u00e1s de medio siglo, el derecho a la ciudad es un paradigma urbano en movimiento, nutrido tanto por aportaciones acad\u00e9micas como por la movilizaci\u00f3n y reclamos de organizaciones y barrios alrededor del mundo. La redistribuci\u00f3n de los bienes materiales va de la mano de la democratizaci\u00f3n de la toma de decisiones, en una conceptualizaci\u00f3n de la ciudad que enfatiza su car\u00e1cter de comunidad pol\u00edtica y territorio socio-ecol\u00f3gico cuyas din\u00e1micas no pueden circunscribirse a los l\u00edmites administrativos. Una noci\u00f3n de ciudadan\u00eda revisitada, que implica desvincularla del estatus de nacionalidad para anclarla en cambio en el acceso a derechos y oportunidades para una vida digna.<\/p>\n<p>Desde el Estatuto de la Ciudad de Brasil (2001) o la Carta Mundial por el Derecho a la Ciudad (2005), pasando por la Constituci\u00f3n de Ecuador (2008) o la Constituci\u00f3n de la Ciudad de M\u00e9xico (2017), el derecho a la ciudad cuenta hoy con amplio reconocimiento en los marcos jur\u00eddicos nacionales y locales en varios pa\u00edses de la regi\u00f3n. A su vez, su inclusi\u00f3n en la Nueva Agenda Urbana (2016) supone, junto con los Objetivos de Desarrollo Sostenible (2015) y el Acuerdo de Par\u00eds (2015), un marco importante para dar seguimiento a los compromisos asumidos por gobiernos de todo el mundo para enfrentar las causas profundas de las desigualdades sociales, la segregaci\u00f3n urbana y el cambio clim\u00e1tico. Pero del papel a los hechos hay, sin duda, mucho trecho; y, como el espacio urbano, el derecho a la ciudad tambi\u00e9n es un concepto en disputa.<\/p>\n<p>Las m\u00faltiples crisis sanitarias, sociales, pol\u00edticas, econ\u00f3micas, clim\u00e1ticas y ambientales se hacen sentir con fuerza en Am\u00e9rica Latina. Son preocupantes los retrocesos hacia pr\u00e1cticas autoritarias y discursos que buscan invisibilizar el racismo, la misoginia y la LGBT+fobia como problemas estructurales en nuestras sociedades. El contexto de la pandemia global acent\u00faa los desaf\u00edos pero tambi\u00e9n se\u00f1ala las prioridades y posibilidades para el futuro inmediato. La situaci\u00f3n de emergencia sin precedentes desatada por el COVID-19 pone de manifiesto la interdependencia y la vulnerabilidad de la vida, indicando la urgencia de repensar nuestras ciudades y territorios desde la escala de la proximidad y una \u00e9tica de los cuidados. En ese marco, el rol de las comunidades y de lo p\u00fablico se vuelve cr\u00edtico para avanzar en estrategias de solidaridad y colaboraci\u00f3n multi-escala hacia horizontes m\u00e1s equitativos, democr\u00e1ticos y sustentables.<\/p>\n<p><span style=\"font-size: 18pt; color: #ff6600;\"><strong>Objetivo general<\/strong><\/span><\/p>\n<p>Proponer perspectivas pol\u00edticas y sociales para avanzar en la realizaci\u00f3n del derecho a la ciudad en Am\u00e9rica Latina desde la mirada de las desigualdades urbanas, a trav\u00e9s de reflexiones que proporcionen insumos pr\u00e1cticos para ser utilizados en iniciativas de sensibilizaci\u00f3n, formaci\u00f3n e incidencia por actores y organizaciones interesadas.<\/p>\n<p>Se propone entonces un Cuaderno que recoja an\u00e1lisis, testimonios y propuestas provenientes de diversas voces y en diversos formatos, con el fin de dar cuenta de debates actuales sobre el derecho a la ciudad dentro y fuera de la academia.<\/p>\n<p><span style=\"font-size: 18pt; color: #ff6600;\"><strong>Objetivos espec\u00edficos<\/strong><\/span><\/p>\n<ul>\n<li>Desplegar el derecho a la ciudad como un paradigma multidimensional capaz de orientar respuestas a los desaf\u00edos estructurales de las ciudades latinoamericanas, su entorno rural y su ecosistema en general.<\/li>\n<li>Identificar alternativas y procesos con potencial de promoci\u00f3n de ciudades m\u00e1s equitativas, democr\u00e1ticas y sustentables, y no tanto diagn\u00f3sticos generales sobre las limitaciones de las pol\u00edticas y din\u00e1micas urbanas.<\/li>\n<li>Ampliar las articulaciones del derecho a la ciudad con agendas feministas, antirracistas, LGBT+ e ind\u00edgenas.<\/li>\n<\/ul>\n<p><span style=\"font-size: 18pt; color: #ff6600;\"><strong>Preguntas orientadoras para las contribuciones<\/strong><\/span><\/p>\n<ul>\n<li>\u00bfQu\u00e9 aporta el derecho a la ciudad al abordaje y el trabajo sobre los temas urbanos en general? \u00bfY sobre las desigualdades urbanas en particular?<\/li>\n<li>\u00bfCu\u00e1l es la relevancia de los principios y lineamientos que ofrece el derecho a la ciudad para hacer frente a las m\u00faltiples crisis actuales (sanitarias, sociales, pol\u00edticas, econ\u00f3micas y ambientales)?<\/li>\n<li>\u00bfC\u00f3mo hacer frente a los desaf\u00edos m\u00e1s relevantes que se presentan hoy para su implementaci\u00f3n a nivel local, nacional y\/o regional?<\/li>\n<li>\u00bfC\u00f3mo aprovechar las oportunidades y enfrentar las limitaciones que existen para profundizar los contenidos feministas, antirracistas, LGBT+ e ind\u00edgenas en la agenda del derecho a la ciudad en la actualidad?<\/li>\n<\/ul>\n<p><span style=\"font-size: 18pt; color: #ff6600;\"><strong>Lineamientos editoriales<\/strong><\/span><\/p>\n<p>Se solicita el env\u00edo de textos de lectura \u00e1gil y para una audiencia no necesariamente especializada en el tema; en formato Word, con una extensi\u00f3n de entre 2.500 y 3.500 palabras, en espa\u00f1ol o portugu\u00e9s, seg\u00fan idioma de origen; de autor\u00eda individual o colectiva, y de preferencia in\u00e9ditos. Se recomienda acompa\u00f1ar el texto con fotograf\u00edas y enlaces a videos u otros recursos disponibles.<\/p>\n<p><span style=\"color: #ff6600; font-size: 18pt;\"><strong>Fecha l\u00edmite de entrega de las contribuciones: <\/strong><strong>26 de febrero de 2021<\/strong><\/span><\/p>\n<p><strong>Direcciones de env\u00edo: <\/strong><a href=\"mailto:rodrigo@polis.org.br\">rodrigo@polis.org.br<\/a>, <a href=\"mailto:luisbonillaoa@gmail.com\">luisbonillaoa@gmail.com<\/a>, <a href=\"mailto:mdammert@pucp.edu.pe\">mdammert@pucp.edu.pe<\/a><\/p>\n<p><strong>Equipo editorial CLACSO y GPR2C:<\/strong><\/p>\n<p>Luis Bonilla Ortiz-Arrieta (GPR2C y CLACSO) &#8211; Manuel Dammert (CLACSO) \u2013 Pablo Vommaro (CLACSO) &#8211; Rodrigo Faria G. Iacovini (GPR2C) &#8211; Lorena Z\u00e1rate (GPR2C)<\/p>\n<p><strong>* <a href=\"https:\/\/www.right2city.org\/wp-content\/uploads\/2020\/12\/Convocatoria-Cuaderno-de-Trabajo_El-derecho-a-la-ciudad-frente-a-los-desaf\u00edos-actuales.pdf\">Convocatoria Cuaderno de Trabajo_El derecho a la ciudad frente a los desaf\u00edos actuales<\/a><\/strong><\/p>\n","protected":false},"featured_media":57882,"template":"","meta":{"_acf_changed":false,"_et_pb_use_builder":"","_et_pb_old_content":"","_et_gb_content_width":"","cybocfi_hide_featured_image":""},"categories":[],"themes":[],"agendas_globales":[],"class_list":["post-57873","news","type-news","status-publish","has-post-thumbnail","hentry"],"acf":[],"yoast_head":"<!-- This site is optimized with the Yoast SEO plugin v27.5 - https:\/\/yoast.com\/product\/yoast-seo-wordpress\/ -->\n<title>Convocatoria para el Cuaderno de Trabajo # 2 El derecho a la ciudad frente a los desaf\u00edos actuales - Right to the city<\/title>\n<meta name=\"robots\" content=\"index, follow, max-snippet:-1, max-image-preview:large, max-video-preview:-1\" \/>\n<link rel=\"canonical\" href=\"https:\/\/www.right2city.org\/es\/news\/convocatoria-para-el-cuaderno-de-trabajo-2-el-derecho-a-la-ciudad-frente-a-los-desafios-actuales\/\" \/>\n<meta property=\"og:locale\" content=\"es_ES\" \/>\n<meta property=\"og:type\" content=\"article\" \/>\n<meta property=\"og:title\" content=\"Convocatoria para el Cuaderno de Trabajo # 2 El derecho a la ciudad frente a los desaf\u00edos actuales - Right to the city\" \/>\n<meta property=\"og:description\" content=\"Con el \u00e1nimo de dar continuidad y profundizar los debates y propuestas recogidos en el Cuaderno de Trabajo # 1 \u201cM\u00faltiples miradas para renovar una agenda urbana en crisis\u201d, el Grupo de Trabajo CLACSO sobre Desigualdades Urbanas y la Plataforma Global por el Derecho a la Ciudad se unen para lanzar esta convocatoria abierta a [&hellip;]\" \/>\n<meta property=\"og:url\" content=\"https:\/\/www.right2city.org\/es\/news\/convocatoria-para-el-cuaderno-de-trabajo-2-el-derecho-a-la-ciudad-frente-a-los-desafios-actuales\/\" \/>\n<meta property=\"og:site_name\" content=\"Right to the city\" \/>\n<meta property=\"article:modified_time\" content=\"2021-01-26T09:17:00+00:00\" \/>\n<meta property=\"og:image\" content=\"https:\/\/www.right2city.org\/wp-content\/uploads\/2020\/12\/convoctoria-clacso.jpg\" \/>\n\t<meta property=\"og:image:width\" content=\"2400\" \/>\n\t<meta property=\"og:image:height\" content=\"803\" \/>\n\t<meta property=\"og:image:type\" content=\"image\/jpeg\" \/>\n<meta name=\"twitter:card\" content=\"summary_large_image\" \/>\n<meta name=\"twitter:label1\" content=\"Tiempo de lectura\" \/>\n\t<meta name=\"twitter:data1\" content=\"5 minutos\" \/>\n<script type=\"application\/ld+json\" class=\"yoast-schema-graph\">{\"@context\":\"https:\\\/\\\/schema.org\",\"@graph\":[{\"@type\":\"WebPage\",\"@id\":\"https:\\\/\\\/www.right2city.org\\\/es\\\/news\\\/convocatoria-para-el-cuaderno-de-trabajo-2-el-derecho-a-la-ciudad-frente-a-los-desafios-actuales\\\/\",\"url\":\"https:\\\/\\\/www.right2city.org\\\/es\\\/news\\\/convocatoria-para-el-cuaderno-de-trabajo-2-el-derecho-a-la-ciudad-frente-a-los-desafios-actuales\\\/\",\"name\":\"Convocatoria para el Cuaderno de Trabajo # 2 El derecho a la ciudad frente a los desaf\u00edos actuales - Right to the city\",\"isPartOf\":{\"@id\":\"https:\\\/\\\/www.right2city.org\\\/es\\\/#website\"},\"primaryImageOfPage\":{\"@id\":\"https:\\\/\\\/www.right2city.org\\\/es\\\/news\\\/convocatoria-para-el-cuaderno-de-trabajo-2-el-derecho-a-la-ciudad-frente-a-los-desafios-actuales\\\/#primaryimage\"},\"image\":{\"@id\":\"https:\\\/\\\/www.right2city.org\\\/es\\\/news\\\/convocatoria-para-el-cuaderno-de-trabajo-2-el-derecho-a-la-ciudad-frente-a-los-desafios-actuales\\\/#primaryimage\"},\"thumbnailUrl\":\"https:\\\/\\\/www.right2city.org\\\/wp-content\\\/uploads\\\/2020\\\/12\\\/convoctoria-clacso.jpg\",\"datePublished\":\"2021-01-25T09:34:13+00:00\",\"dateModified\":\"2021-01-26T09:17:00+00:00\",\"breadcrumb\":{\"@id\":\"https:\\\/\\\/www.right2city.org\\\/es\\\/news\\\/convocatoria-para-el-cuaderno-de-trabajo-2-el-derecho-a-la-ciudad-frente-a-los-desafios-actuales\\\/#breadcrumb\"},\"inLanguage\":\"es\",\"potentialAction\":[{\"@type\":\"ReadAction\",\"target\":[\"https:\\\/\\\/www.right2city.org\\\/es\\\/news\\\/convocatoria-para-el-cuaderno-de-trabajo-2-el-derecho-a-la-ciudad-frente-a-los-desafios-actuales\\\/\"]}]},{\"@type\":\"ImageObject\",\"inLanguage\":\"es\",\"@id\":\"https:\\\/\\\/www.right2city.org\\\/es\\\/news\\\/convocatoria-para-el-cuaderno-de-trabajo-2-el-derecho-a-la-ciudad-frente-a-los-desafios-actuales\\\/#primaryimage\",\"url\":\"https:\\\/\\\/www.right2city.org\\\/wp-content\\\/uploads\\\/2020\\\/12\\\/convoctoria-clacso.jpg\",\"contentUrl\":\"https:\\\/\\\/www.right2city.org\\\/wp-content\\\/uploads\\\/2020\\\/12\\\/convoctoria-clacso.jpg\",\"width\":2400,\"height\":803},{\"@type\":\"BreadcrumbList\",\"@id\":\"https:\\\/\\\/www.right2city.org\\\/es\\\/news\\\/convocatoria-para-el-cuaderno-de-trabajo-2-el-derecho-a-la-ciudad-frente-a-los-desafios-actuales\\\/#breadcrumb\",\"itemListElement\":[{\"@type\":\"ListItem\",\"position\":1,\"name\":\"Home\",\"item\":\"https:\\\/\\\/www.right2city.org\\\/es\\\/\"},{\"@type\":\"ListItem\",\"position\":2,\"name\":\"Noticias\",\"item\":\"https:\\\/\\\/www.right2city.org\\\/es\\\/news\\\/\"},{\"@type\":\"ListItem\",\"position\":3,\"name\":\"Convocatoria para el Cuaderno de Trabajo # 2 El derecho a la ciudad frente a los desaf\u00edos actuales\"}]},{\"@type\":\"WebSite\",\"@id\":\"https:\\\/\\\/www.right2city.org\\\/es\\\/#website\",\"url\":\"https:\\\/\\\/www.right2city.org\\\/es\\\/\",\"name\":\"Right to the city\",\"description\":\"Global Platform for the Right to the City\",\"potentialAction\":[{\"@type\":\"SearchAction\",\"target\":{\"@type\":\"EntryPoint\",\"urlTemplate\":\"https:\\\/\\\/www.right2city.org\\\/es\\\/?s={search_term_string}\"},\"query-input\":{\"@type\":\"PropertyValueSpecification\",\"valueRequired\":true,\"valueName\":\"search_term_string\"}}],\"inLanguage\":\"es\"}]}<\/script>\n<!-- \/ Yoast SEO plugin. -->","yoast_head_json":{"title":"Convocatoria para el Cuaderno de Trabajo # 2 El derecho a la ciudad frente a los desaf\u00edos actuales - Right to the city","robots":{"index":"index","follow":"follow","max-snippet":"max-snippet:-1","max-image-preview":"max-image-preview:large","max-video-preview":"max-video-preview:-1"},"canonical":"https:\/\/www.right2city.org\/es\/news\/convocatoria-para-el-cuaderno-de-trabajo-2-el-derecho-a-la-ciudad-frente-a-los-desafios-actuales\/","og_locale":"es_ES","og_type":"article","og_title":"Convocatoria para el Cuaderno de Trabajo # 2 El derecho a la ciudad frente a los desaf\u00edos actuales - Right to the city","og_description":"Con el \u00e1nimo de dar continuidad y profundizar los debates y propuestas recogidos en el Cuaderno de Trabajo # 1 \u201cM\u00faltiples miradas para renovar una agenda urbana en crisis\u201d, el Grupo de Trabajo CLACSO sobre Desigualdades Urbanas y la Plataforma Global por el Derecho a la Ciudad se unen para lanzar esta convocatoria abierta a [&hellip;]","og_url":"https:\/\/www.right2city.org\/es\/news\/convocatoria-para-el-cuaderno-de-trabajo-2-el-derecho-a-la-ciudad-frente-a-los-desafios-actuales\/","og_site_name":"Right to the city","article_modified_time":"2021-01-26T09:17:00+00:00","og_image":[{"width":2400,"height":803,"url":"https:\/\/www.right2city.org\/wp-content\/uploads\/2020\/12\/convoctoria-clacso.jpg","type":"image\/jpeg"}],"twitter_card":"summary_large_image","twitter_misc":{"Tiempo de lectura":"5 minutos"},"schema":{"@context":"https:\/\/schema.org","@graph":[{"@type":"WebPage","@id":"https:\/\/www.right2city.org\/es\/news\/convocatoria-para-el-cuaderno-de-trabajo-2-el-derecho-a-la-ciudad-frente-a-los-desafios-actuales\/","url":"https:\/\/www.right2city.org\/es\/news\/convocatoria-para-el-cuaderno-de-trabajo-2-el-derecho-a-la-ciudad-frente-a-los-desafios-actuales\/","name":"Convocatoria para el Cuaderno de Trabajo # 2 El derecho a la ciudad frente a los desaf\u00edos actuales - Right to the city","isPartOf":{"@id":"https:\/\/www.right2city.org\/es\/#website"},"primaryImageOfPage":{"@id":"https:\/\/www.right2city.org\/es\/news\/convocatoria-para-el-cuaderno-de-trabajo-2-el-derecho-a-la-ciudad-frente-a-los-desafios-actuales\/#primaryimage"},"image":{"@id":"https:\/\/www.right2city.org\/es\/news\/convocatoria-para-el-cuaderno-de-trabajo-2-el-derecho-a-la-ciudad-frente-a-los-desafios-actuales\/#primaryimage"},"thumbnailUrl":"https:\/\/www.right2city.org\/wp-content\/uploads\/2020\/12\/convoctoria-clacso.jpg","datePublished":"2021-01-25T09:34:13+00:00","dateModified":"2021-01-26T09:17:00+00:00","breadcrumb":{"@id":"https:\/\/www.right2city.org\/es\/news\/convocatoria-para-el-cuaderno-de-trabajo-2-el-derecho-a-la-ciudad-frente-a-los-desafios-actuales\/#breadcrumb"},"inLanguage":"es","potentialAction":[{"@type":"ReadAction","target":["https:\/\/www.right2city.org\/es\/news\/convocatoria-para-el-cuaderno-de-trabajo-2-el-derecho-a-la-ciudad-frente-a-los-desafios-actuales\/"]}]},{"@type":"ImageObject","inLanguage":"es","@id":"https:\/\/www.right2city.org\/es\/news\/convocatoria-para-el-cuaderno-de-trabajo-2-el-derecho-a-la-ciudad-frente-a-los-desafios-actuales\/#primaryimage","url":"https:\/\/www.right2city.org\/wp-content\/uploads\/2020\/12\/convoctoria-clacso.jpg","contentUrl":"https:\/\/www.right2city.org\/wp-content\/uploads\/2020\/12\/convoctoria-clacso.jpg","width":2400,"height":803},{"@type":"BreadcrumbList","@id":"https:\/\/www.right2city.org\/es\/news\/convocatoria-para-el-cuaderno-de-trabajo-2-el-derecho-a-la-ciudad-frente-a-los-desafios-actuales\/#breadcrumb","itemListElement":[{"@type":"ListItem","position":1,"name":"Home","item":"https:\/\/www.right2city.org\/es\/"},{"@type":"ListItem","position":2,"name":"Noticias","item":"https:\/\/www.right2city.org\/es\/news\/"},{"@type":"ListItem","position":3,"name":"Convocatoria para el Cuaderno de Trabajo # 2 El derecho a la ciudad frente a los desaf\u00edos actuales"}]},{"@type":"WebSite","@id":"https:\/\/www.right2city.org\/es\/#website","url":"https:\/\/www.right2city.org\/es\/","name":"Right to the city","description":"Global Platform for the Right to the City","potentialAction":[{"@type":"SearchAction","target":{"@type":"EntryPoint","urlTemplate":"https:\/\/www.right2city.org\/es\/?s={search_term_string}"},"query-input":{"@type":"PropertyValueSpecification","valueRequired":true,"valueName":"search_term_string"}}],"inLanguage":"es"}]}},"_links":{"self":[{"href":"https:\/\/www.right2city.org\/es\/wp-json\/wp\/v2\/news\/57873","targetHints":{"allow":["GET"]}}],"collection":[{"href":"https:\/\/www.right2city.org\/es\/wp-json\/wp\/v2\/news"}],"about":[{"href":"https:\/\/www.right2city.org\/es\/wp-json\/wp\/v2\/types\/news"}],"wp:featuredmedia":[{"embeddable":true,"href":"https:\/\/www.right2city.org\/es\/wp-json\/wp\/v2\/media\/57882"}],"wp:attachment":[{"href":"https:\/\/www.right2city.org\/es\/wp-json\/wp\/v2\/media?parent=57873"}],"wp:term":[{"taxonomy":"category","embeddable":true,"href":"https:\/\/www.right2city.org\/es\/wp-json\/wp\/v2\/categories?post=57873"},{"taxonomy":"themes","embeddable":true,"href":"https:\/\/www.right2city.org\/es\/wp-json\/wp\/v2\/themes?post=57873"},{"taxonomy":"agendas_globales","embeddable":true,"href":"https:\/\/www.right2city.org\/es\/wp-json\/wp\/v2\/agendas_globales?post=57873"}],"curies":[{"name":"wp","href":"https:\/\/api.w.org\/{rel}","templated":true}]}}