{"id":60078,"date":"2021-06-22T13:52:18","date_gmt":"2021-06-22T11:52:18","guid":{"rendered":"https:\/\/www.right2city.org\/?post_type=news&#038;p=60078"},"modified":"2021-06-23T09:44:26","modified_gmt":"2021-06-23T07:44:26","slug":"por-el-derecho-a-la-ciudad-y-a-la-vivienda-en-la-reconstruccion-post-pandemia-en-latinoamerica-y-el-caribe-la-pgdc-en-el-iv-foro-lac-de-vivienda-y-habitat","status":"publish","type":"news","link":"https:\/\/www.right2city.org\/es\/news\/por-el-derecho-a-la-ciudad-y-a-la-vivienda-en-la-reconstruccion-post-pandemia-en-latinoamerica-y-el-caribe-la-pgdc-en-el-iv-foro-lac-de-vivienda-y-habitat\/","title":{"rendered":"Por el Derecho a la Ciudad y a la Vivienda en la reconstrucci\u00f3n post-pandemia en Latinoam\u00e9rica y el Caribe: La PGDC en el IV Foro LAC de Vivienda y H\u00e1bitat"},"content":{"rendered":"<p><img loading=\"lazy\" decoding=\"async\" class=\"alignnone wp-image-60093 size-full\" src=\"https:\/\/www.right2city.org\/wp-content\/uploads\/2021\/06\/Projetazo_quito3-e1624434105788.jpg\" alt=\"\" width=\"957\" height=\"537\" srcset=\"https:\/\/www.right2city.org\/wp-content\/uploads\/2021\/06\/Projetazo_quito3-e1624434105788.jpg 957w, https:\/\/www.right2city.org\/wp-content\/uploads\/2021\/06\/Projetazo_quito3-e1624434105788-480x270.jpg 480w\" sizes=\"(min-width: 0px) and (max-width: 480px) 480px, (min-width: 481px) 957px, 100vw\" \/><\/p>\n<p>Entre el 17 y el 21 de mayo del 2021 tuvo lugar la cuarta edici\u00f3n del <a href=\"https:\/\/www.habitat.org\/lac-es\/page\/30191\">Foro Latinoamericano y del Caribe de Vivienda y H\u00e1bitat<\/a>, co-organizado por H\u00e1bitat para la Humanidad y Urban Housing Practitioners Hub (UHPH). Como en ediciones anteriores, la <b>Plataforma Global por el Derecho a la Ciudad (PGDC)<\/b> particip\u00f3 activamente de los eventos y discusiones, bajo el tema central \u201cAcci\u00f3n por la Vivienda y los Asentamientos frente a la COVID19\u201d, con el fin de <b>aportar la mirada del Derecho a la Ciudad<\/b> para avanzar en la protecci\u00f3n del Derecho a la Vivienda como eje central en la recuperaci\u00f3n frente a la pandemia.<\/p>\n<p>Con m\u00e1s de 2000 participantes registrados y una asistencia promedio de 800 personas por d\u00eda, entre representantes gubernamentales, de organizaciones internacionales y regionales, de la academia y sociedad civil, el evento fue una gran oportunidad para seguir <b>tejiendo alianzas multi-actorales<\/b> para la acci\u00f3n desde la sociedad civil y las comunidades desde el territorio y en la incidencia en pol\u00edticas p\u00fablicas y agendas regionales y globales.<\/p>\n<p><b>Participaci\u00f3n de la PGDC<\/b><\/p>\n<p>Adem\u00e1s de acudir y participar activamente de las discusiones del foro, la PGDC y varios de sus miembros y aliadxs de la regi\u00f3n, organizaron eventos propios o participaron como panelistas en debates. A continuaci\u00f3n destacamos algunos de los principales debates y conclusiones de tales eventos.<\/p>\n<p>El lunes 17 de Mayo, la PGDC co-organiz\u00f3 con Cities Alliance y la Oficina Regional de ONU-H\u00e1bitat para LAC el evento \u201c<b>A 5 a\u00f1os de la Nueva Agenda Urbana: \u00bfQu\u00e9 desaf\u00edos y oportunidades para el derecho a la ciudad en Am\u00e9rica Latina y el Caribe?\u201d. <\/b>Tomando como base la intensa movilizaci\u00f3n regional ante H\u00e1bitat III en 2016, que culmin\u00f3 con la <a href=\"https:\/\/uploads.habitat3.org\/hb3\/Toluca-Declaration.pdf\">declaraci\u00f3n de Toluca<\/a>, el evento busc\u00f3: i) aportar a la construcci\u00f3n de una alianza regional de cara al proceso de revisi\u00f3n tras los cinco a\u00f1os de la firma de la Nueva Agenda Urbana, y ii) hacer hincapi\u00e9 en temas centrales para la regi\u00f3n, como el Derecho a la Ciudad, la producci\u00f3n social del h\u00e1bitat y la gesti\u00f3n democr\u00e1tica y participativa. <a href=\"https:\/\/www.youtube.com\/watch?v=zDuMuVa8x3w\">El video del evento en su integralidad est\u00e1 disponible en este enlace.<\/a><\/p>\n<p>El martes 18 de Mayo fue la ocasi\u00f3n de presentar una entrevista colectiva con <b>l\u00edderes y lideresas comunitarios de organizaciones miembro y aliadas de la PGDC en M\u00e9xico, Colombia y Brasil<\/b> para compartir diferentes acciones e iniciativas llevadas a cabo en sus comunidades para responder al impacto de la pandemia de COVID-19 desde la perspectiva del derecho a la vivienda y a la ciudad. Benedito (Dito) Barbosa de S\u00e3o Paulo (Brasil), present\u00f3 los esfuerzos de la campa\u00f1a <a href=\"https:\/\/www.campanhadespejozero.org\/\">Despejo Zero<\/a> en Brasil\u00a0 para la paralizaci\u00f3n de los desahucios durante la pandemia que afecta a\u00a0 m\u00e1s de 84.000 familias; a pesar de\u00a0 la aprobaci\u00f3n de un proyecto de ley por la C\u00e1mara de Diputados de Brasil, ahora en debate en el Senado.Dulce Maria Gonz\u00e1lez, integrante de la Red de desalojos de la Ciudad de M\u00e9xico, destac\u00f3 la lucha contra los desalojos forzosos, con hincapi\u00e9 en la profundizaci\u00f3n de las vulnerabilidades y exclusi\u00f3n vividas por las familias afectadas, en t\u00e9rminos de salud, trabajo, y posibilidad de vivir una vida digna. Finalmente, Luz Mila Hern\u00e1ndez de Medell\u00edn (Colombia) comparti\u00f3 los esfuerzos desde Corporaci\u00f3n Regi\u00f3n en Moravia por el <a href=\"https:\/\/centroculturalmoravia.org\/moravia-resiste-por-el-mejoramiento-integral-de-barrios\/\">Mejoramiento Integral de Barrios<\/a> bajo el liderazgo de las comunidades, destacando el incremento de la pobreza como consecuencia de la pandemia y la necesidad urgente de los gobiernos y la sociedad en general para que se escuche la voz de las comunidades.<\/p>\n<p><img loading=\"lazy\" decoding=\"async\" class=\"alignnone size-full wp-image-60081 aligncenter\" src=\"https:\/\/www.right2city.org\/wp-content\/uploads\/2021\/06\/E1rYBhDXIAQkq-O.png\" alt=\"\" width=\"632\" height=\"355\" srcset=\"https:\/\/www.right2city.org\/wp-content\/uploads\/2021\/06\/E1rYBhDXIAQkq-O.png 632w, https:\/\/www.right2city.org\/wp-content\/uploads\/2021\/06\/E1rYBhDXIAQkq-O-480x270.png 480w\" sizes=\"(min-width: 0px) and (max-width: 480px) 480px, (min-width: 481px) 632px, 100vw\" \/><\/p>\n<p style=\"text-align: right;\"><i>Entrevista colectiva con l\u00edderes y lideresas comunitarios y Lorena Z\u00e1rate del equipo de apoyo de la PGDC<\/i><\/p>\n<p>Adem\u00e1s de esfuerzos conjuntos de incidencia a nivel local, regional e internacional, el foro ofreci\u00f3 la oportunidad de presentar y debatir iniciativas de investigaci\u00f3n y formaci\u00f3n en la regi\u00f3n. Es el caso del <b>\u201c<\/b><a href=\"https:\/\/www.right2city.org\/es\/news\/convocatoria-para-el-cuaderno-de-trabajo-2-el-derecho-a-la-ciudad-frente-a-los-desafios-actuales\/\"><b>Cuaderno de Trabajo #2 \u201cEl derecho a la ciudad frente a los desaf\u00edos actuales<\/b><\/a><b>\u201d, <\/b>co-organizado por <b>CLACSO<\/b> y la <b>PGDC<\/b> para explorar perspectivas pol\u00edticas y sociales para avanzar en la realizaci\u00f3n del <b>derecho a la ciudad en Am\u00e9rica Latina<\/b> desde la mirada de las desigualdades urbanas. El Foro present\u00f3 la ocasi\u00f3n de hacer el lanzamiento previo del cuaderno, contando con la participaci\u00f3n de algunxs de lxs colaboradorxs que han aportado a la iniciativa, como Ignacio Espinosa (Ecuador, art\u00edculo sobre el Derecho a la Ciudad y disidencias sexuales bajo el contexto de la pandemia del COVID-19), Luz Amparo Medina (Colombia, art\u00edculo sobre la resiste\u00eancia de la juventud de la comunidad Las Lomas en Medell\u00edn) y Dennis Pacheco (Brasil, art\u00edculo sobre la represi\u00f3n y violencia hacia la poblaci\u00f3n negra en S\u00e3o Paulo). <a href=\"https:\/\/www.youtube.com\/watch?v=tPwrxHpx78U\">El video completo del evento est\u00e1 disponible en este enlace<\/a> y el lanzamiento oficial del cuaderno se har\u00e1 pr\u00f3ximamente.<\/p>\n<p><img loading=\"lazy\" decoding=\"async\" class=\"size-full wp-image-60074 aligncenter\" src=\"https:\/\/www.right2city.org\/wp-content\/uploads\/2021\/06\/E1r3hs8WEAEINhF.jpg\" alt=\"\" width=\"680\" height=\"442\" srcset=\"https:\/\/www.right2city.org\/wp-content\/uploads\/2021\/06\/E1r3hs8WEAEINhF.jpg 680w, https:\/\/www.right2city.org\/wp-content\/uploads\/2021\/06\/E1r3hs8WEAEINhF-480x312.jpg 480w\" sizes=\"(min-width: 0px) and (max-width: 480px) 480px, (min-width: 481px) 680px, 100vw\" \/><\/p>\n<p style=\"text-align: right;\"><i>Presentaci\u00f3n del Cuaderno de Trabajo #2 \u201cEl derecho a la ciudad frente a los desaf\u00edos actuales\u201d<\/i><\/p>\n<p>Finalmente, el Foro fue el momento de dar continuidad y hacer balance sobre importantes iniciativas desarrolladas a lo largo de 2020 y en los primeros meses de 2021 para hacer frente a los desaf\u00edos inmediatos presentados por la pandemia de COVID-19 en t\u00e9rminos del derecho a la vivienda en la regi\u00f3n. En ese caso, se pueden destacar dos iniciativas en particular:<\/p>\n<p>(i) Los <a href=\"https:\/\/www.citiesalliance.org\/newsroom\/news\/results\/housing-labs-latin-america-new-approach-urban-governance\">Laboratorios de Vivienda<\/a> (LAVs), impulsados por Cities Alliance, UHPH y H\u00e1bitat para la Humanidad, como espacios de debate entre autoridades gubernamentales, sociedad civil y academia sobre medidas de respuesta inmediata la crisis y pol\u00edticas de largo plazo en temas como pol\u00edticas de vivienda, gobernanza metropolitana y migraciones. <a href=\"https:\/\/www.youtube.com\/watch?v=rxK7goUGCCU\">La sesi\u00f3n est\u00e1 disponible en este enlace.<\/a><\/p>\n<p>ii) El <a href=\"https:\/\/www.right2city.org\/es\/decalogo-para-el-mejoramiento-integral-de-barrios-hoja-de-ruta-para-america-latina-y-el-caribe\/\">Dec\u00e1logo para el Mejoramiento Integral de Barrios<\/a>, iniciativa fruto de la alianza entre organizaciones de la sociedad civil, movimientos sociales, universidades, centros de investigaci\u00f3n, organizaciones y redes internacionales y regionales en defensa del desarrollo de un renovado programa de mejoramiento integral de barrios saludables para responder a las necesidades inmediatas y para aportar a una recuperaci\u00f3n post-pandemia de largo plazo basada en el bienestar de la poblaci\u00f3n, la concreci\u00f3n de sus derechos y el respeto del entorno.<\/p>\n","protected":false},"featured_media":56719,"template":"","meta":{"_acf_changed":false,"_et_pb_use_builder":"","_et_pb_old_content":"","_et_gb_content_width":"","cybocfi_hide_featured_image":""},"categories":[137,98],"themes":[122,125,121,126,127,114,123,124],"agendas_globales":[],"class_list":["post-60078","news","type-news","status-publish","has-post-thumbnail","hentry","category-campaigns","category-sin-categorizar","themes-calidad-de-espacios-publicos-y-servicios","themes-ciudadania-inclusiva","themes-economias-diversas-e-inclusivas","themes-funcion-social","themes-igualdad-de-genero","themes-mayor-participacion-politica","themes-no-discriminacion","themes-vinculos-rurales-locales"],"acf":[],"yoast_head":"<!-- This site is optimized with the Yoast SEO plugin v27.4 - https:\/\/yoast.com\/product\/yoast-seo-wordpress\/ -->\n<title>Por el Derecho a la Ciudad y a la Vivienda en la reconstrucci\u00f3n post-pandemia en Latinoam\u00e9rica y el Caribe: La PGDC en el IV Foro LAC de Vivienda y H\u00e1bitat - Right to the city<\/title>\n<meta name=\"robots\" content=\"index, follow, max-snippet:-1, max-image-preview:large, max-video-preview:-1\" \/>\n<link rel=\"canonical\" href=\"https:\/\/www.right2city.org\/es\/news\/por-el-derecho-a-la-ciudad-y-a-la-vivienda-en-la-reconstruccion-post-pandemia-en-latinoamerica-y-el-caribe-la-pgdc-en-el-iv-foro-lac-de-vivienda-y-habitat\/\" \/>\n<meta property=\"og:locale\" content=\"es_ES\" \/>\n<meta property=\"og:type\" content=\"article\" \/>\n<meta property=\"og:title\" content=\"Por el Derecho a la Ciudad y a la Vivienda en la reconstrucci\u00f3n post-pandemia en Latinoam\u00e9rica y el Caribe: La PGDC en el IV Foro LAC de Vivienda y H\u00e1bitat - Right to the city\" \/>\n<meta property=\"og:description\" content=\"Entre el 17 y el 21 de mayo del 2021 tuvo lugar la cuarta edici\u00f3n del Foro Latinoamericano y del Caribe de Vivienda y H\u00e1bitat, co-organizado por H\u00e1bitat para la Humanidad y Urban Housing Practitioners Hub (UHPH). Como en ediciones anteriores, la Plataforma Global por el Derecho a la Ciudad (PGDC) particip\u00f3 activamente de los [&hellip;]\" \/>\n<meta property=\"og:url\" content=\"https:\/\/www.right2city.org\/es\/news\/por-el-derecho-a-la-ciudad-y-a-la-vivienda-en-la-reconstruccion-post-pandemia-en-latinoamerica-y-el-caribe-la-pgdc-en-el-iv-foro-lac-de-vivienda-y-habitat\/\" \/>\n<meta property=\"og:site_name\" content=\"Right to the city\" \/>\n<meta property=\"article:modified_time\" content=\"2021-06-23T07:44:26+00:00\" \/>\n<meta property=\"og:image\" content=\"https:\/\/www.right2city.org\/wp-content\/uploads\/2020\/09\/R2C-for-all.png\" \/>\n\t<meta property=\"og:image:width\" content=\"679\" \/>\n\t<meta property=\"og:image:height\" content=\"505\" \/>\n\t<meta property=\"og:image:type\" content=\"image\/png\" \/>\n<meta name=\"twitter:card\" content=\"summary_large_image\" \/>\n<meta name=\"twitter:label1\" content=\"Tiempo de lectura\" \/>\n\t<meta name=\"twitter:data1\" content=\"5 minutos\" \/>\n<script type=\"application\/ld+json\" class=\"yoast-schema-graph\">{\"@context\":\"https:\\\/\\\/schema.org\",\"@graph\":[{\"@type\":\"WebPage\",\"@id\":\"https:\\\/\\\/www.right2city.org\\\/es\\\/news\\\/por-el-derecho-a-la-ciudad-y-a-la-vivienda-en-la-reconstruccion-post-pandemia-en-latinoamerica-y-el-caribe-la-pgdc-en-el-iv-foro-lac-de-vivienda-y-habitat\\\/\",\"url\":\"https:\\\/\\\/www.right2city.org\\\/es\\\/news\\\/por-el-derecho-a-la-ciudad-y-a-la-vivienda-en-la-reconstruccion-post-pandemia-en-latinoamerica-y-el-caribe-la-pgdc-en-el-iv-foro-lac-de-vivienda-y-habitat\\\/\",\"name\":\"Por el Derecho a la Ciudad y a la Vivienda en la reconstrucci\u00f3n post-pandemia en Latinoam\u00e9rica y el Caribe: La PGDC en el IV Foro LAC de Vivienda y H\u00e1bitat - Right to the city\",\"isPartOf\":{\"@id\":\"https:\\\/\\\/www.right2city.org\\\/es\\\/#website\"},\"primaryImageOfPage\":{\"@id\":\"https:\\\/\\\/www.right2city.org\\\/es\\\/news\\\/por-el-derecho-a-la-ciudad-y-a-la-vivienda-en-la-reconstruccion-post-pandemia-en-latinoamerica-y-el-caribe-la-pgdc-en-el-iv-foro-lac-de-vivienda-y-habitat\\\/#primaryimage\"},\"image\":{\"@id\":\"https:\\\/\\\/www.right2city.org\\\/es\\\/news\\\/por-el-derecho-a-la-ciudad-y-a-la-vivienda-en-la-reconstruccion-post-pandemia-en-latinoamerica-y-el-caribe-la-pgdc-en-el-iv-foro-lac-de-vivienda-y-habitat\\\/#primaryimage\"},\"thumbnailUrl\":\"https:\\\/\\\/www.right2city.org\\\/wp-content\\\/uploads\\\/2020\\\/09\\\/R2C-for-all.png\",\"datePublished\":\"2021-06-22T11:52:18+00:00\",\"dateModified\":\"2021-06-23T07:44:26+00:00\",\"breadcrumb\":{\"@id\":\"https:\\\/\\\/www.right2city.org\\\/es\\\/news\\\/por-el-derecho-a-la-ciudad-y-a-la-vivienda-en-la-reconstruccion-post-pandemia-en-latinoamerica-y-el-caribe-la-pgdc-en-el-iv-foro-lac-de-vivienda-y-habitat\\\/#breadcrumb\"},\"inLanguage\":\"es\",\"potentialAction\":[{\"@type\":\"ReadAction\",\"target\":[\"https:\\\/\\\/www.right2city.org\\\/es\\\/news\\\/por-el-derecho-a-la-ciudad-y-a-la-vivienda-en-la-reconstruccion-post-pandemia-en-latinoamerica-y-el-caribe-la-pgdc-en-el-iv-foro-lac-de-vivienda-y-habitat\\\/\"]}]},{\"@type\":\"ImageObject\",\"inLanguage\":\"es\",\"@id\":\"https:\\\/\\\/www.right2city.org\\\/es\\\/news\\\/por-el-derecho-a-la-ciudad-y-a-la-vivienda-en-la-reconstruccion-post-pandemia-en-latinoamerica-y-el-caribe-la-pgdc-en-el-iv-foro-lac-de-vivienda-y-habitat\\\/#primaryimage\",\"url\":\"https:\\\/\\\/www.right2city.org\\\/wp-content\\\/uploads\\\/2020\\\/09\\\/R2C-for-all.png\",\"contentUrl\":\"https:\\\/\\\/www.right2city.org\\\/wp-content\\\/uploads\\\/2020\\\/09\\\/R2C-for-all.png\",\"width\":679,\"height\":505},{\"@type\":\"BreadcrumbList\",\"@id\":\"https:\\\/\\\/www.right2city.org\\\/es\\\/news\\\/por-el-derecho-a-la-ciudad-y-a-la-vivienda-en-la-reconstruccion-post-pandemia-en-latinoamerica-y-el-caribe-la-pgdc-en-el-iv-foro-lac-de-vivienda-y-habitat\\\/#breadcrumb\",\"itemListElement\":[{\"@type\":\"ListItem\",\"position\":1,\"name\":\"Home\",\"item\":\"https:\\\/\\\/www.right2city.org\\\/es\\\/\"},{\"@type\":\"ListItem\",\"position\":2,\"name\":\"Noticias\",\"item\":\"https:\\\/\\\/www.right2city.org\\\/es\\\/news\\\/\"},{\"@type\":\"ListItem\",\"position\":3,\"name\":\"Por el Derecho a la Ciudad y a la Vivienda en la reconstrucci\u00f3n post-pandemia en Latinoam\u00e9rica y el Caribe: La PGDC en el IV Foro LAC de Vivienda y H\u00e1bitat\"}]},{\"@type\":\"WebSite\",\"@id\":\"https:\\\/\\\/www.right2city.org\\\/es\\\/#website\",\"url\":\"https:\\\/\\\/www.right2city.org\\\/es\\\/\",\"name\":\"Right to the city\",\"description\":\"Global Platform for the Right to the City\",\"potentialAction\":[{\"@type\":\"SearchAction\",\"target\":{\"@type\":\"EntryPoint\",\"urlTemplate\":\"https:\\\/\\\/www.right2city.org\\\/es\\\/?s={search_term_string}\"},\"query-input\":{\"@type\":\"PropertyValueSpecification\",\"valueRequired\":true,\"valueName\":\"search_term_string\"}}],\"inLanguage\":\"es\"}]}<\/script>\n<!-- \/ Yoast SEO plugin. -->","yoast_head_json":{"title":"Por el Derecho a la Ciudad y a la Vivienda en la reconstrucci\u00f3n post-pandemia en Latinoam\u00e9rica y el Caribe: La PGDC en el IV Foro LAC de Vivienda y H\u00e1bitat - Right to the city","robots":{"index":"index","follow":"follow","max-snippet":"max-snippet:-1","max-image-preview":"max-image-preview:large","max-video-preview":"max-video-preview:-1"},"canonical":"https:\/\/www.right2city.org\/es\/news\/por-el-derecho-a-la-ciudad-y-a-la-vivienda-en-la-reconstruccion-post-pandemia-en-latinoamerica-y-el-caribe-la-pgdc-en-el-iv-foro-lac-de-vivienda-y-habitat\/","og_locale":"es_ES","og_type":"article","og_title":"Por el Derecho a la Ciudad y a la Vivienda en la reconstrucci\u00f3n post-pandemia en Latinoam\u00e9rica y el Caribe: La PGDC en el IV Foro LAC de Vivienda y H\u00e1bitat - Right to the city","og_description":"Entre el 17 y el 21 de mayo del 2021 tuvo lugar la cuarta edici\u00f3n del Foro Latinoamericano y del Caribe de Vivienda y H\u00e1bitat, co-organizado por H\u00e1bitat para la Humanidad y Urban Housing Practitioners Hub (UHPH). Como en ediciones anteriores, la Plataforma Global por el Derecho a la Ciudad (PGDC) particip\u00f3 activamente de los [&hellip;]","og_url":"https:\/\/www.right2city.org\/es\/news\/por-el-derecho-a-la-ciudad-y-a-la-vivienda-en-la-reconstruccion-post-pandemia-en-latinoamerica-y-el-caribe-la-pgdc-en-el-iv-foro-lac-de-vivienda-y-habitat\/","og_site_name":"Right to the city","article_modified_time":"2021-06-23T07:44:26+00:00","og_image":[{"width":679,"height":505,"url":"https:\/\/www.right2city.org\/wp-content\/uploads\/2020\/09\/R2C-for-all.png","type":"image\/png"}],"twitter_card":"summary_large_image","twitter_misc":{"Tiempo de lectura":"5 minutos"},"schema":{"@context":"https:\/\/schema.org","@graph":[{"@type":"WebPage","@id":"https:\/\/www.right2city.org\/es\/news\/por-el-derecho-a-la-ciudad-y-a-la-vivienda-en-la-reconstruccion-post-pandemia-en-latinoamerica-y-el-caribe-la-pgdc-en-el-iv-foro-lac-de-vivienda-y-habitat\/","url":"https:\/\/www.right2city.org\/es\/news\/por-el-derecho-a-la-ciudad-y-a-la-vivienda-en-la-reconstruccion-post-pandemia-en-latinoamerica-y-el-caribe-la-pgdc-en-el-iv-foro-lac-de-vivienda-y-habitat\/","name":"Por el Derecho a la Ciudad y a la Vivienda en la reconstrucci\u00f3n post-pandemia en Latinoam\u00e9rica y el Caribe: La PGDC en el IV Foro LAC de Vivienda y H\u00e1bitat - Right to the city","isPartOf":{"@id":"https:\/\/www.right2city.org\/es\/#website"},"primaryImageOfPage":{"@id":"https:\/\/www.right2city.org\/es\/news\/por-el-derecho-a-la-ciudad-y-a-la-vivienda-en-la-reconstruccion-post-pandemia-en-latinoamerica-y-el-caribe-la-pgdc-en-el-iv-foro-lac-de-vivienda-y-habitat\/#primaryimage"},"image":{"@id":"https:\/\/www.right2city.org\/es\/news\/por-el-derecho-a-la-ciudad-y-a-la-vivienda-en-la-reconstruccion-post-pandemia-en-latinoamerica-y-el-caribe-la-pgdc-en-el-iv-foro-lac-de-vivienda-y-habitat\/#primaryimage"},"thumbnailUrl":"https:\/\/www.right2city.org\/wp-content\/uploads\/2020\/09\/R2C-for-all.png","datePublished":"2021-06-22T11:52:18+00:00","dateModified":"2021-06-23T07:44:26+00:00","breadcrumb":{"@id":"https:\/\/www.right2city.org\/es\/news\/por-el-derecho-a-la-ciudad-y-a-la-vivienda-en-la-reconstruccion-post-pandemia-en-latinoamerica-y-el-caribe-la-pgdc-en-el-iv-foro-lac-de-vivienda-y-habitat\/#breadcrumb"},"inLanguage":"es","potentialAction":[{"@type":"ReadAction","target":["https:\/\/www.right2city.org\/es\/news\/por-el-derecho-a-la-ciudad-y-a-la-vivienda-en-la-reconstruccion-post-pandemia-en-latinoamerica-y-el-caribe-la-pgdc-en-el-iv-foro-lac-de-vivienda-y-habitat\/"]}]},{"@type":"ImageObject","inLanguage":"es","@id":"https:\/\/www.right2city.org\/es\/news\/por-el-derecho-a-la-ciudad-y-a-la-vivienda-en-la-reconstruccion-post-pandemia-en-latinoamerica-y-el-caribe-la-pgdc-en-el-iv-foro-lac-de-vivienda-y-habitat\/#primaryimage","url":"https:\/\/www.right2city.org\/wp-content\/uploads\/2020\/09\/R2C-for-all.png","contentUrl":"https:\/\/www.right2city.org\/wp-content\/uploads\/2020\/09\/R2C-for-all.png","width":679,"height":505},{"@type":"BreadcrumbList","@id":"https:\/\/www.right2city.org\/es\/news\/por-el-derecho-a-la-ciudad-y-a-la-vivienda-en-la-reconstruccion-post-pandemia-en-latinoamerica-y-el-caribe-la-pgdc-en-el-iv-foro-lac-de-vivienda-y-habitat\/#breadcrumb","itemListElement":[{"@type":"ListItem","position":1,"name":"Home","item":"https:\/\/www.right2city.org\/es\/"},{"@type":"ListItem","position":2,"name":"Noticias","item":"https:\/\/www.right2city.org\/es\/news\/"},{"@type":"ListItem","position":3,"name":"Por el Derecho a la Ciudad y a la Vivienda en la reconstrucci\u00f3n post-pandemia en Latinoam\u00e9rica y el Caribe: La PGDC en el IV Foro LAC de Vivienda y H\u00e1bitat"}]},{"@type":"WebSite","@id":"https:\/\/www.right2city.org\/es\/#website","url":"https:\/\/www.right2city.org\/es\/","name":"Right to the city","description":"Global Platform for the Right to the City","potentialAction":[{"@type":"SearchAction","target":{"@type":"EntryPoint","urlTemplate":"https:\/\/www.right2city.org\/es\/?s={search_term_string}"},"query-input":{"@type":"PropertyValueSpecification","valueRequired":true,"valueName":"search_term_string"}}],"inLanguage":"es"}]}},"_links":{"self":[{"href":"https:\/\/www.right2city.org\/es\/wp-json\/wp\/v2\/news\/60078","targetHints":{"allow":["GET"]}}],"collection":[{"href":"https:\/\/www.right2city.org\/es\/wp-json\/wp\/v2\/news"}],"about":[{"href":"https:\/\/www.right2city.org\/es\/wp-json\/wp\/v2\/types\/news"}],"wp:featuredmedia":[{"embeddable":true,"href":"https:\/\/www.right2city.org\/es\/wp-json\/wp\/v2\/media\/56719"}],"wp:attachment":[{"href":"https:\/\/www.right2city.org\/es\/wp-json\/wp\/v2\/media?parent=60078"}],"wp:term":[{"taxonomy":"category","embeddable":true,"href":"https:\/\/www.right2city.org\/es\/wp-json\/wp\/v2\/categories?post=60078"},{"taxonomy":"themes","embeddable":true,"href":"https:\/\/www.right2city.org\/es\/wp-json\/wp\/v2\/themes?post=60078"},{"taxonomy":"agendas_globales","embeddable":true,"href":"https:\/\/www.right2city.org\/es\/wp-json\/wp\/v2\/agendas_globales?post=60078"}],"curies":[{"name":"wp","href":"https:\/\/api.w.org\/{rel}","templated":true}]}}