{"id":60135,"date":"2021-06-25T10:00:08","date_gmt":"2021-06-25T08:00:08","guid":{"rendered":"https:\/\/www.right2city.org\/?post_type=news&#038;p=60135"},"modified":"2021-09-08T12:26:08","modified_gmt":"2021-09-08T10:26:08","slug":"documentos-tematicos-de-la-pgdc-2021-una-experiencia-de-aprendizaje-colectivo-sobre-el-derecho-a-la-ciudad","status":"publish","type":"news","link":"https:\/\/www.right2city.org\/es\/news\/documentos-tematicos-de-la-pgdc-2021-una-experiencia-de-aprendizaje-colectivo-sobre-el-derecho-a-la-ciudad\/","title":{"rendered":"Documentos Tem\u00e1ticos 2021: Una experiencia de aprendizaje colectivo sobre el Derecho a la Ciudad"},"content":{"rendered":"<p><img loading=\"lazy\" decoding=\"async\" class=\"alignnone size-full wp-image-60287\" src=\"https:\/\/www.right2city.org\/wp-content\/uploads\/2021\/06\/GPR2C-Thematic-Papers-2021_ES.png\" alt=\"\" width=\"3000\" height=\"1055\" srcset=\"https:\/\/www.right2city.org\/wp-content\/uploads\/2021\/06\/GPR2C-Thematic-Papers-2021_ES.png 3000w, https:\/\/www.right2city.org\/wp-content\/uploads\/2021\/06\/GPR2C-Thematic-Papers-2021_ES-1280x450.png 1280w, https:\/\/www.right2city.org\/wp-content\/uploads\/2021\/06\/GPR2C-Thematic-Papers-2021_ES-980x345.png 980w, https:\/\/www.right2city.org\/wp-content\/uploads\/2021\/06\/GPR2C-Thematic-Papers-2021_ES-480x169.png 480w\" sizes=\"(min-width: 0px) and (max-width: 480px) 480px, (min-width: 481px) and (max-width: 980px) 980px, (min-width: 981px) and (max-width: 1280px) 1280px, (min-width: 1281px) 3000px, 100vw\" \/><\/p>\n<h3><span style=\"font-size: 14pt;\"><em><strong><span class=\"VIiyi\" lang=\"es\"><span class=\"JLqJ4b ChMk0b\" data-language-for-alternatives=\"es\" data-language-to-translate-into=\"en\" data-phrase-index=\"0\">La serie de webinarios de este a\u00f1o para presentar y desarrollar colectivamente los Documentos Tem\u00e1ticos de la PGDC tambi\u00e9n incluir\u00e1 la presentaci\u00f3n del cuaderno que hemos producido en alianza con CLACSO<\/span><\/span> <\/strong><\/em><\/span><\/h3>\n<p>&nbsp;<\/p>\n<p>Desde el a\u00f1o pasado, la Plataforma Global por el Derecho a la Ciudad (PGDC) se ha lanzado a la elaboraci\u00f3n de una <a href=\"https:\/\/www.right2city.org\/news\/the-creation-of-the-gpr2cs-thematic-papers\/\" target=\"_blank\" rel=\"noopener noreferrer\">serie de Documentos Tem\u00e1ticos<\/a> para profundizar contenidos conceptuales y program\u00e1ticos claves relacionados con el Derecho a la Ciudad. Estos documentos pretenden reforzar la labor de promoci\u00f3n, formaci\u00f3n, creaci\u00f3n de redes y comunicaci\u00f3n de la PGDC.<\/p>\n<p>Este a\u00f1o, elaboraremos cuatro Documentos Tem\u00e1ticos centrados en 4 componentes del Derecho a la Ciudad: Ciudades libres de discriminaci\u00f3n, ciudadan\u00eda inclusiva, espacios p\u00fablicos y v\u00ednculos rurales-urbanos inclusivos.<\/p>\n<p>La redacci\u00f3n de los documentos estar\u00e1 dirigida por expertos\/as, con el apoyo de grupos de referencia compuestos por profesionales y activistas de diversas redes asociadas.<\/p>\n<p><span style=\"font-size: 14pt; color: #993366;\"><strong>Serie de webinarios como parte del proceso colectivo de aprendizaje<\/strong><\/span><\/p>\n<p>Al igual que el a\u00f1o pasado, organizaremos un webinario para cada uno de los temas. Su objetivo es <strong>ampliar el \u00e1ngulo de cada documento<\/strong>, para proporcionar ideas y experiencias de otras partes del mundo y de otros profesionales y miembros de la sociedad civil.<\/p>\n<p>Adem\u00e1s, este a\u00f1o, en tres de estos webinarios(*) presentaremos, tambi\u00e9n, el cuaderno publicado conjuntamente con CLACSO: \u00ab<em><strong><a href=\"https:\/\/www.right2city.org\/es\/events\/dialogos-el-derecho-a-la-ciudad-frente-a-los-desafios-actuales\/\">El Derecho a la Ciudad frente a los desaf\u00edos actuales<\/a>\u00ab.<\/strong><\/em><\/p>\n<p><span style=\"font-size: 14pt; color: #993366;\"><strong>Informaci\u00f3n y calendario:<\/strong><\/span><\/p>\n<table style=\"border-collapse: collapse; width: 100%; height: 612px;\">\n<tbody>\n<tr style=\"height: 153px;\">\n<td style=\"width: 100%; height: 153px;\"><span style=\"color: #333333;\"><b>Ciudades y asentamientos humanos con espacios p\u00fablicos de calidad*<\/b><\/span><\/p>\n<p><b>Consultante: <\/b>Luisa Bravo<\/p>\n<p>8 de septiembre a las 14hs UTC (<a href=\"https:\/\/www.timeanddate.com\/worldclock\/fixedtime.html?msg=Webinar+GPR2C+TP+Cities+with+quality+public+spaces&amp;iso=20210908T14&amp;p1=1440&amp;ah=2\">hora local<\/a>)<\/td>\n<\/tr>\n<tr style=\"height: 153px;\">\n<td style=\"width: 100%; height: 153px;\"><b>Ciudades y asentamientos humanos con v\u00ednculos urbanos-rurales inclusivos<\/b><\/p>\n<p><b>Grupo de Consultantes: <\/b>Contrato Social por la Vivienda.<\/p>\n<p>15 de septiembre a las 14hs UTC (<a href=\"https:\/\/www.timeanddate.com\/worldclock\/fixedtime.html?msg=Webinar+GPR2C+TP+2021+Urban+Rural+Linkages&amp;iso=20210915T14&amp;p1=%3A&amp;ah=2\">hora local<\/a>)<\/td>\n<\/tr>\n<tr style=\"height: 153px;\">\n<td style=\"width: 100%; height: 153px;\"><b>Ciudades y asentamientos humanos libres de discriminaci\u00f3n*<\/b><\/p>\n<p><b>Grupo de Consultantes: <\/b>Irene Escorihuela; Natalia Caicedo; Marta Ribera de Observatori Desc<\/p>\n<p>16 de septiembre a las 14hs UTC (<a href=\"https:\/\/www.timeanddate.com\/worldclock\/fixedtime.html?msg=Webinar+GPR2C+TP2021+Cities+free+from+discrimination&amp;iso=20210916T14&amp;p1=1440&amp;ah=2\">hora local<\/a>)<\/td>\n<\/tr>\n<tr style=\"height: 153px;\">\n<td style=\"width: 100%; height: 153px;\"><b>Ciudades y asentamientos humanos con una ciudadan\u00eda inclusiva*<\/b><\/p>\n<p><b>Consultante: <\/b>Kelly Komatsu Agopyan<\/p>\n<p>22 de septiembre a las 14hs UTC (<a href=\"https:\/\/www.timeanddate.com\/worldclock\/fixedtime.html?msg=Webinar+GPR2C+TP+Inclusive+Citizenship&amp;iso=20210922T14&amp;p1=%3A&amp;ah=2\">hora local<\/a>)<\/td>\n<\/tr>\n<\/tbody>\n<\/table>\n<p>&nbsp;<\/p>\n","protected":false},"featured_media":60287,"template":"","meta":{"_acf_changed":false,"_et_pb_use_builder":"","_et_pb_old_content":"","_et_gb_content_width":"","cybocfi_hide_featured_image":""},"categories":[137,98],"themes":[122,125,123,124],"agendas_globales":[],"class_list":["post-60135","news","type-news","status-publish","has-post-thumbnail","hentry","category-campaigns","category-sin-categorizar","themes-calidad-de-espacios-publicos-y-servicios","themes-ciudadania-inclusiva","themes-no-discriminacion","themes-vinculos-rurales-locales"],"acf":[],"yoast_head":"<!-- This site is optimized with the Yoast SEO plugin v27.4 - https:\/\/yoast.com\/product\/yoast-seo-wordpress\/ -->\n<title>Documentos Tem\u00e1ticos 2021: Una experiencia de aprendizaje colectivo sobre el Derecho a la Ciudad - Right to the city<\/title>\n<meta name=\"robots\" content=\"index, follow, max-snippet:-1, max-image-preview:large, max-video-preview:-1\" \/>\n<link rel=\"canonical\" href=\"https:\/\/www.right2city.org\/es\/news\/documentos-tematicos-de-la-pgdc-2021-una-experiencia-de-aprendizaje-colectivo-sobre-el-derecho-a-la-ciudad\/\" \/>\n<meta property=\"og:locale\" content=\"es_ES\" \/>\n<meta property=\"og:type\" content=\"article\" \/>\n<meta property=\"og:title\" content=\"Documentos Tem\u00e1ticos 2021: Una experiencia de aprendizaje colectivo sobre el Derecho a la Ciudad - Right to the city\" \/>\n<meta property=\"og:description\" content=\"La serie de webinarios de este a\u00f1o para presentar y desarrollar colectivamente los Documentos Tem\u00e1ticos de la PGDC tambi\u00e9n incluir\u00e1 la presentaci\u00f3n del cuaderno que hemos producido en alianza con CLACSO &nbsp; Desde el a\u00f1o pasado, la Plataforma Global por el Derecho a la Ciudad (PGDC) se ha lanzado a la elaboraci\u00f3n de una serie [&hellip;]\" \/>\n<meta property=\"og:url\" content=\"https:\/\/www.right2city.org\/es\/news\/documentos-tematicos-de-la-pgdc-2021-una-experiencia-de-aprendizaje-colectivo-sobre-el-derecho-a-la-ciudad\/\" \/>\n<meta property=\"og:site_name\" content=\"Right to the city\" \/>\n<meta property=\"article:modified_time\" content=\"2021-09-08T10:26:08+00:00\" \/>\n<meta property=\"og:image\" content=\"https:\/\/www.right2city.org\/wp-content\/uploads\/2021\/06\/GPR2C-Thematic-Papers-2021_ES.png\" \/>\n\t<meta property=\"og:image:width\" content=\"3000\" \/>\n\t<meta property=\"og:image:height\" content=\"1055\" \/>\n\t<meta property=\"og:image:type\" content=\"image\/png\" \/>\n<meta name=\"twitter:card\" content=\"summary_large_image\" \/>\n<meta name=\"twitter:label1\" content=\"Tiempo de lectura\" \/>\n\t<meta name=\"twitter:data1\" content=\"2 minutos\" \/>\n<script type=\"application\/ld+json\" class=\"yoast-schema-graph\">{\"@context\":\"https:\\\/\\\/schema.org\",\"@graph\":[{\"@type\":\"WebPage\",\"@id\":\"https:\\\/\\\/www.right2city.org\\\/es\\\/news\\\/documentos-tematicos-de-la-pgdc-2021-una-experiencia-de-aprendizaje-colectivo-sobre-el-derecho-a-la-ciudad\\\/\",\"url\":\"https:\\\/\\\/www.right2city.org\\\/es\\\/news\\\/documentos-tematicos-de-la-pgdc-2021-una-experiencia-de-aprendizaje-colectivo-sobre-el-derecho-a-la-ciudad\\\/\",\"name\":\"Documentos Tem\u00e1ticos 2021: Una experiencia de aprendizaje colectivo sobre el Derecho a la Ciudad - Right to the city\",\"isPartOf\":{\"@id\":\"https:\\\/\\\/www.right2city.org\\\/es\\\/#website\"},\"primaryImageOfPage\":{\"@id\":\"https:\\\/\\\/www.right2city.org\\\/es\\\/news\\\/documentos-tematicos-de-la-pgdc-2021-una-experiencia-de-aprendizaje-colectivo-sobre-el-derecho-a-la-ciudad\\\/#primaryimage\"},\"image\":{\"@id\":\"https:\\\/\\\/www.right2city.org\\\/es\\\/news\\\/documentos-tematicos-de-la-pgdc-2021-una-experiencia-de-aprendizaje-colectivo-sobre-el-derecho-a-la-ciudad\\\/#primaryimage\"},\"thumbnailUrl\":\"https:\\\/\\\/www.right2city.org\\\/wp-content\\\/uploads\\\/2021\\\/06\\\/GPR2C-Thematic-Papers-2021_ES.png\",\"datePublished\":\"2021-06-25T08:00:08+00:00\",\"dateModified\":\"2021-09-08T10:26:08+00:00\",\"breadcrumb\":{\"@id\":\"https:\\\/\\\/www.right2city.org\\\/es\\\/news\\\/documentos-tematicos-de-la-pgdc-2021-una-experiencia-de-aprendizaje-colectivo-sobre-el-derecho-a-la-ciudad\\\/#breadcrumb\"},\"inLanguage\":\"es\",\"potentialAction\":[{\"@type\":\"ReadAction\",\"target\":[\"https:\\\/\\\/www.right2city.org\\\/es\\\/news\\\/documentos-tematicos-de-la-pgdc-2021-una-experiencia-de-aprendizaje-colectivo-sobre-el-derecho-a-la-ciudad\\\/\"]}]},{\"@type\":\"ImageObject\",\"inLanguage\":\"es\",\"@id\":\"https:\\\/\\\/www.right2city.org\\\/es\\\/news\\\/documentos-tematicos-de-la-pgdc-2021-una-experiencia-de-aprendizaje-colectivo-sobre-el-derecho-a-la-ciudad\\\/#primaryimage\",\"url\":\"https:\\\/\\\/www.right2city.org\\\/wp-content\\\/uploads\\\/2021\\\/06\\\/GPR2C-Thematic-Papers-2021_ES.png\",\"contentUrl\":\"https:\\\/\\\/www.right2city.org\\\/wp-content\\\/uploads\\\/2021\\\/06\\\/GPR2C-Thematic-Papers-2021_ES.png\",\"width\":3000,\"height\":1055},{\"@type\":\"BreadcrumbList\",\"@id\":\"https:\\\/\\\/www.right2city.org\\\/es\\\/news\\\/documentos-tematicos-de-la-pgdc-2021-una-experiencia-de-aprendizaje-colectivo-sobre-el-derecho-a-la-ciudad\\\/#breadcrumb\",\"itemListElement\":[{\"@type\":\"ListItem\",\"position\":1,\"name\":\"Home\",\"item\":\"https:\\\/\\\/www.right2city.org\\\/es\\\/\"},{\"@type\":\"ListItem\",\"position\":2,\"name\":\"Noticias\",\"item\":\"https:\\\/\\\/www.right2city.org\\\/es\\\/news\\\/\"},{\"@type\":\"ListItem\",\"position\":3,\"name\":\"Documentos Tem\u00e1ticos 2021: Una experiencia de aprendizaje colectivo sobre el Derecho a la Ciudad\"}]},{\"@type\":\"WebSite\",\"@id\":\"https:\\\/\\\/www.right2city.org\\\/es\\\/#website\",\"url\":\"https:\\\/\\\/www.right2city.org\\\/es\\\/\",\"name\":\"Right to the city\",\"description\":\"Global Platform for the Right to the City\",\"potentialAction\":[{\"@type\":\"SearchAction\",\"target\":{\"@type\":\"EntryPoint\",\"urlTemplate\":\"https:\\\/\\\/www.right2city.org\\\/es\\\/?s={search_term_string}\"},\"query-input\":{\"@type\":\"PropertyValueSpecification\",\"valueRequired\":true,\"valueName\":\"search_term_string\"}}],\"inLanguage\":\"es\"}]}<\/script>\n<!-- \/ Yoast SEO plugin. -->","yoast_head_json":{"title":"Documentos Tem\u00e1ticos 2021: Una experiencia de aprendizaje colectivo sobre el Derecho a la Ciudad - Right to the city","robots":{"index":"index","follow":"follow","max-snippet":"max-snippet:-1","max-image-preview":"max-image-preview:large","max-video-preview":"max-video-preview:-1"},"canonical":"https:\/\/www.right2city.org\/es\/news\/documentos-tematicos-de-la-pgdc-2021-una-experiencia-de-aprendizaje-colectivo-sobre-el-derecho-a-la-ciudad\/","og_locale":"es_ES","og_type":"article","og_title":"Documentos Tem\u00e1ticos 2021: Una experiencia de aprendizaje colectivo sobre el Derecho a la Ciudad - Right to the city","og_description":"La serie de webinarios de este a\u00f1o para presentar y desarrollar colectivamente los Documentos Tem\u00e1ticos de la PGDC tambi\u00e9n incluir\u00e1 la presentaci\u00f3n del cuaderno que hemos producido en alianza con CLACSO &nbsp; Desde el a\u00f1o pasado, la Plataforma Global por el Derecho a la Ciudad (PGDC) se ha lanzado a la elaboraci\u00f3n de una serie [&hellip;]","og_url":"https:\/\/www.right2city.org\/es\/news\/documentos-tematicos-de-la-pgdc-2021-una-experiencia-de-aprendizaje-colectivo-sobre-el-derecho-a-la-ciudad\/","og_site_name":"Right to the city","article_modified_time":"2021-09-08T10:26:08+00:00","og_image":[{"width":3000,"height":1055,"url":"https:\/\/www.right2city.org\/wp-content\/uploads\/2021\/06\/GPR2C-Thematic-Papers-2021_ES.png","type":"image\/png"}],"twitter_card":"summary_large_image","twitter_misc":{"Tiempo de lectura":"2 minutos"},"schema":{"@context":"https:\/\/schema.org","@graph":[{"@type":"WebPage","@id":"https:\/\/www.right2city.org\/es\/news\/documentos-tematicos-de-la-pgdc-2021-una-experiencia-de-aprendizaje-colectivo-sobre-el-derecho-a-la-ciudad\/","url":"https:\/\/www.right2city.org\/es\/news\/documentos-tematicos-de-la-pgdc-2021-una-experiencia-de-aprendizaje-colectivo-sobre-el-derecho-a-la-ciudad\/","name":"Documentos Tem\u00e1ticos 2021: Una experiencia de aprendizaje colectivo sobre el Derecho a la Ciudad - Right to the city","isPartOf":{"@id":"https:\/\/www.right2city.org\/es\/#website"},"primaryImageOfPage":{"@id":"https:\/\/www.right2city.org\/es\/news\/documentos-tematicos-de-la-pgdc-2021-una-experiencia-de-aprendizaje-colectivo-sobre-el-derecho-a-la-ciudad\/#primaryimage"},"image":{"@id":"https:\/\/www.right2city.org\/es\/news\/documentos-tematicos-de-la-pgdc-2021-una-experiencia-de-aprendizaje-colectivo-sobre-el-derecho-a-la-ciudad\/#primaryimage"},"thumbnailUrl":"https:\/\/www.right2city.org\/wp-content\/uploads\/2021\/06\/GPR2C-Thematic-Papers-2021_ES.png","datePublished":"2021-06-25T08:00:08+00:00","dateModified":"2021-09-08T10:26:08+00:00","breadcrumb":{"@id":"https:\/\/www.right2city.org\/es\/news\/documentos-tematicos-de-la-pgdc-2021-una-experiencia-de-aprendizaje-colectivo-sobre-el-derecho-a-la-ciudad\/#breadcrumb"},"inLanguage":"es","potentialAction":[{"@type":"ReadAction","target":["https:\/\/www.right2city.org\/es\/news\/documentos-tematicos-de-la-pgdc-2021-una-experiencia-de-aprendizaje-colectivo-sobre-el-derecho-a-la-ciudad\/"]}]},{"@type":"ImageObject","inLanguage":"es","@id":"https:\/\/www.right2city.org\/es\/news\/documentos-tematicos-de-la-pgdc-2021-una-experiencia-de-aprendizaje-colectivo-sobre-el-derecho-a-la-ciudad\/#primaryimage","url":"https:\/\/www.right2city.org\/wp-content\/uploads\/2021\/06\/GPR2C-Thematic-Papers-2021_ES.png","contentUrl":"https:\/\/www.right2city.org\/wp-content\/uploads\/2021\/06\/GPR2C-Thematic-Papers-2021_ES.png","width":3000,"height":1055},{"@type":"BreadcrumbList","@id":"https:\/\/www.right2city.org\/es\/news\/documentos-tematicos-de-la-pgdc-2021-una-experiencia-de-aprendizaje-colectivo-sobre-el-derecho-a-la-ciudad\/#breadcrumb","itemListElement":[{"@type":"ListItem","position":1,"name":"Home","item":"https:\/\/www.right2city.org\/es\/"},{"@type":"ListItem","position":2,"name":"Noticias","item":"https:\/\/www.right2city.org\/es\/news\/"},{"@type":"ListItem","position":3,"name":"Documentos Tem\u00e1ticos 2021: Una experiencia de aprendizaje colectivo sobre el Derecho a la Ciudad"}]},{"@type":"WebSite","@id":"https:\/\/www.right2city.org\/es\/#website","url":"https:\/\/www.right2city.org\/es\/","name":"Right to the city","description":"Global Platform for the Right to the City","potentialAction":[{"@type":"SearchAction","target":{"@type":"EntryPoint","urlTemplate":"https:\/\/www.right2city.org\/es\/?s={search_term_string}"},"query-input":{"@type":"PropertyValueSpecification","valueRequired":true,"valueName":"search_term_string"}}],"inLanguage":"es"}]}},"_links":{"self":[{"href":"https:\/\/www.right2city.org\/es\/wp-json\/wp\/v2\/news\/60135","targetHints":{"allow":["GET"]}}],"collection":[{"href":"https:\/\/www.right2city.org\/es\/wp-json\/wp\/v2\/news"}],"about":[{"href":"https:\/\/www.right2city.org\/es\/wp-json\/wp\/v2\/types\/news"}],"wp:featuredmedia":[{"embeddable":true,"href":"https:\/\/www.right2city.org\/es\/wp-json\/wp\/v2\/media\/60287"}],"wp:attachment":[{"href":"https:\/\/www.right2city.org\/es\/wp-json\/wp\/v2\/media?parent=60135"}],"wp:term":[{"taxonomy":"category","embeddable":true,"href":"https:\/\/www.right2city.org\/es\/wp-json\/wp\/v2\/categories?post=60135"},{"taxonomy":"themes","embeddable":true,"href":"https:\/\/www.right2city.org\/es\/wp-json\/wp\/v2\/themes?post=60135"},{"taxonomy":"agendas_globales","embeddable":true,"href":"https:\/\/www.right2city.org\/es\/wp-json\/wp\/v2\/agendas_globales?post=60135"}],"curies":[{"name":"wp","href":"https:\/\/api.w.org\/{rel}","templated":true}]}}