{"id":63818,"date":"2022-01-21T09:49:27","date_gmt":"2022-01-21T07:49:27","guid":{"rendered":"https:\/\/www.right2city.org\/news\/gpr2c-collaborates-with-uclg-on-global-commons\/"},"modified":"2022-03-29T10:40:59","modified_gmt":"2022-03-29T08:40:59","slug":"gpr2c-collaborates-with-uclg-on-global-commons","status":"publish","type":"news","link":"https:\/\/www.right2city.org\/es\/news\/gpr2c-collaborates-with-uclg-on-global-commons\/","title":{"rendered":"La sociedad civil y los gobiernos locales y regionales trabajan juntos para fortalecer los bienes comunes"},"content":{"rendered":"<p><b>La Plataforma Global por el Derecho a la Ciudad (PGDC) ha sido invitada por Ciudades y Gobiernos Locales Unidos (CGLU) a facilitar un proceso de <\/b><b><i>Town Hall<\/i><\/b><b>\u00a0 tem\u00e1tico durante 2022. El objetivo es fomentar las narrativas compartidas y las recomendaciones concretas de las organizaciones de la sociedad civil y otros actores hacia su<\/b><a href=\"https:\/\/www.uclg.org\/es\/node\/29903\"><b>7\u00ba Congreso Mundial de CGLU en 2022<\/b><\/a><b> (octubre, Daejeon, Corea del Sur), de<\/b><a href=\"https:\/\/www.right2city.org\/es\/news\/the-gpr2c-releases-a-policy-paper-on-the-right-to-the-city-for-the-uclg-congress-2019\/\"><b>forma similar a lo que se hizo en 2019<\/b><\/a><b> en torno al derecho a la ciudad. Para este a\u00f1o, el tema que tratar\u00e1 la PGDC ser\u00e1 el de los bienes comunes, aprovechando los esfuerzos realizados para el <\/b><b>\u00a0<\/b><a href=\"https:\/\/www.right2city.org\/es\/document\/la-ciudad-como-un-bien-comun-un-pilar-del-derecho-a-la-ciudad\/\"><b>documento tem\u00e1tico publicado el a\u00f1o pasado<\/b><\/a><b> y otras contribuciones relevantes de m\u00faltiples organizaciones y redes.\u00a0<\/b><\/p>\n<p><img loading=\"lazy\" decoding=\"async\" class=\"alignnone size-full wp-image-63777\" src=\"https:\/\/www.right2city.org\/wp-content\/uploads\/2022\/01\/Global-Commons_Town-Hall.jpg\" alt=\"\" width=\"2481\" height=\"1535\" srcset=\"https:\/\/www.right2city.org\/wp-content\/uploads\/2022\/01\/Global-Commons_Town-Hall.jpg 2481w, https:\/\/www.right2city.org\/wp-content\/uploads\/2022\/01\/Global-Commons_Town-Hall-1280x792.jpg 1280w, https:\/\/www.right2city.org\/wp-content\/uploads\/2022\/01\/Global-Commons_Town-Hall-980x606.jpg 980w, https:\/\/www.right2city.org\/wp-content\/uploads\/2022\/01\/Global-Commons_Town-Hall-480x297.jpg 480w\" sizes=\"(min-width: 0px) and (max-width: 480px) 480px, (min-width: 481px) and (max-width: 980px) 980px, (min-width: 981px) and (max-width: 1280px) 1280px, (min-width: 1281px) 2481px, 100vw\" \/><\/p>\n<p><span style=\"font-weight: 400;\">La pandemia del COVID-19 y sus relativas crisis han puesto de relieve qu\u00e9 es esencial para nuestra vida cotidiana, fomentando un debate sobre qu\u00e9 debe considerarse como parte de los bienes comunes y cu\u00e1l debe ser el papel del sector p\u00fablico en el fomento de la protecci\u00f3n y la gesti\u00f3n colectiva de dichos bienes y recursos. Hist\u00f3ricamente, el debate sobre los bienes comunes ha se\u00f1alado la importancia y las posibilidades de la gesti\u00f3n colectiva de la tierra y los recursos naturales compartidos.\u00a0 Ahora, con el impacto de la pandemia, nunca ha estado tan claro que los servicios b\u00e1sicos como el acceso a una vivienda adecuada, al agua y al saneamiento, a la sanidad, a una alimentaci\u00f3n nutritiva y sostenible y al transporte p\u00fablico, , que son indispensables para proteger la vida y el sustento de las personas, deben ser suministrados y protegidos de forma que se garantice su prestaci\u00f3n digna para todos. Por \u00faltimo, <\/span><b>ha surgido un intenso debate m\u00e1s all\u00e1 de la dimensi\u00f3n material de los bienes comunes, que toca temas como el conocimiento compartido, los derechos digitales y el derecho a la conectividad y el derecho al tiempo de calidad, entre otros.<\/b><\/p>\n<p><span style=\"font-weight: 400;\">Ante el aumento de los niveles de exclusi\u00f3n y de las desigualdades, la teor\u00eda y la pr\u00e1ctica en torno a los bienes comunes introducen enfoques hacia la gesti\u00f3n colectiva de bienes y servicios esenciales cada vez m\u00e1s mercantilizados. <\/span><b>Este <\/b><b><i>Town Hall<\/i><\/b><b> explorar\u00e1 los servicios p\u00fablicos locales del futuro y debatir\u00e1 en torno a los nuevos elementos esenciales para transformar la relaci\u00f3n entre la sociedad y los bienes comunes, incluidos los mecanismos espec\u00edficos para ampliar las asociaciones p\u00fablico-comunitarias que los protegen y fortalecen. <\/b><span style=\"font-weight: 400;\">La idea es proporcionar a los gobiernos locales y regionales recomendaciones concretas sobre el papel que pueden desempe\u00f1ar en el fomento de los bienes comunes a nivel local, complementando y reforzando los debates que se est\u00e1n desarrollando en los otros tres <\/span><i><span style=\"font-weight: 400;\">Town Halls<\/span><\/i><span style=\"font-weight: 400;\">, centrados en el gobierno y la confianza; los sistemas de cuidado y el clima y la cultura. Este proceso, que durar\u00e1 varios meses, ofrecer\u00e1 diversas oportunidades, tanto en l\u00ednea como en persona, para participar y hacer contribuciones relevantes.<\/span><\/p>\n<p><b>Est\u00e9 atento y p\u00f3ngase en contacto con nosotras-os: contact@right2city.org <\/b><\/p>\n","protected":false},"featured_media":63780,"template":"","meta":{"_acf_changed":false,"_et_pb_use_builder":"","_et_pb_old_content":"","_et_gb_content_width":"","cybocfi_hide_featured_image":""},"categories":[98],"themes":[122,124],"agendas_globales":[],"class_list":["post-63818","news","type-news","status-publish","has-post-thumbnail","hentry","category-sin-categorizar","themes-calidad-de-espacios-publicos-y-servicios","themes-vinculos-rurales-locales"],"acf":[],"yoast_head":"<!-- This site is optimized with the Yoast SEO plugin v27.4 - https:\/\/yoast.com\/product\/yoast-seo-wordpress\/ -->\n<title>La sociedad civil y los gobiernos locales y regionales trabajan juntos para fortalecer los bienes comunes - Right to the city<\/title>\n<meta name=\"robots\" content=\"index, follow, max-snippet:-1, max-image-preview:large, max-video-preview:-1\" \/>\n<link rel=\"canonical\" href=\"https:\/\/www.right2city.org\/es\/news\/gpr2c-collaborates-with-uclg-on-global-commons\/\" \/>\n<meta property=\"og:locale\" content=\"es_ES\" \/>\n<meta property=\"og:type\" content=\"article\" \/>\n<meta property=\"og:title\" content=\"La sociedad civil y los gobiernos locales y regionales trabajan juntos para fortalecer los bienes comunes - Right to the city\" \/>\n<meta property=\"og:description\" content=\"La Plataforma Global por el Derecho a la Ciudad (PGDC) ha sido invitada por Ciudades y Gobiernos Locales Unidos (CGLU) a facilitar un proceso de Town Hall\u00a0 tem\u00e1tico durante 2022. El objetivo es fomentar las narrativas compartidas y las recomendaciones concretas de las organizaciones de la sociedad civil y otros actores hacia su7\u00ba Congreso Mundial [&hellip;]\" \/>\n<meta property=\"og:url\" content=\"https:\/\/www.right2city.org\/es\/news\/gpr2c-collaborates-with-uclg-on-global-commons\/\" \/>\n<meta property=\"og:site_name\" content=\"Right to the city\" \/>\n<meta property=\"article:modified_time\" content=\"2022-03-29T08:40:59+00:00\" \/>\n<meta property=\"og:image\" content=\"https:\/\/www.right2city.org\/wp-content\/uploads\/2022\/01\/Global-Commons_Town-Hall.jpg\" \/>\n\t<meta property=\"og:image:width\" content=\"2481\" \/>\n\t<meta property=\"og:image:height\" content=\"1535\" \/>\n\t<meta property=\"og:image:type\" content=\"image\/jpeg\" \/>\n<meta name=\"twitter:card\" content=\"summary_large_image\" \/>\n<meta name=\"twitter:label1\" content=\"Tiempo de lectura\" \/>\n\t<meta name=\"twitter:data1\" content=\"3 minutos\" \/>\n<script type=\"application\/ld+json\" class=\"yoast-schema-graph\">{\"@context\":\"https:\\\/\\\/schema.org\",\"@graph\":[{\"@type\":\"WebPage\",\"@id\":\"https:\\\/\\\/www.right2city.org\\\/es\\\/news\\\/gpr2c-collaborates-with-uclg-on-global-commons\\\/\",\"url\":\"https:\\\/\\\/www.right2city.org\\\/es\\\/news\\\/gpr2c-collaborates-with-uclg-on-global-commons\\\/\",\"name\":\"La sociedad civil y los gobiernos locales y regionales trabajan juntos para fortalecer los bienes comunes - Right to the city\",\"isPartOf\":{\"@id\":\"https:\\\/\\\/www.right2city.org\\\/es\\\/#website\"},\"primaryImageOfPage\":{\"@id\":\"https:\\\/\\\/www.right2city.org\\\/es\\\/news\\\/gpr2c-collaborates-with-uclg-on-global-commons\\\/#primaryimage\"},\"image\":{\"@id\":\"https:\\\/\\\/www.right2city.org\\\/es\\\/news\\\/gpr2c-collaborates-with-uclg-on-global-commons\\\/#primaryimage\"},\"thumbnailUrl\":\"https:\\\/\\\/www.right2city.org\\\/wp-content\\\/uploads\\\/2022\\\/01\\\/Global-Commons_Town-Hall.jpg\",\"datePublished\":\"2022-01-21T07:49:27+00:00\",\"dateModified\":\"2022-03-29T08:40:59+00:00\",\"breadcrumb\":{\"@id\":\"https:\\\/\\\/www.right2city.org\\\/es\\\/news\\\/gpr2c-collaborates-with-uclg-on-global-commons\\\/#breadcrumb\"},\"inLanguage\":\"es\",\"potentialAction\":[{\"@type\":\"ReadAction\",\"target\":[\"https:\\\/\\\/www.right2city.org\\\/es\\\/news\\\/gpr2c-collaborates-with-uclg-on-global-commons\\\/\"]}]},{\"@type\":\"ImageObject\",\"inLanguage\":\"es\",\"@id\":\"https:\\\/\\\/www.right2city.org\\\/es\\\/news\\\/gpr2c-collaborates-with-uclg-on-global-commons\\\/#primaryimage\",\"url\":\"https:\\\/\\\/www.right2city.org\\\/wp-content\\\/uploads\\\/2022\\\/01\\\/Global-Commons_Town-Hall.jpg\",\"contentUrl\":\"https:\\\/\\\/www.right2city.org\\\/wp-content\\\/uploads\\\/2022\\\/01\\\/Global-Commons_Town-Hall.jpg\",\"width\":2481,\"height\":1535},{\"@type\":\"BreadcrumbList\",\"@id\":\"https:\\\/\\\/www.right2city.org\\\/es\\\/news\\\/gpr2c-collaborates-with-uclg-on-global-commons\\\/#breadcrumb\",\"itemListElement\":[{\"@type\":\"ListItem\",\"position\":1,\"name\":\"Home\",\"item\":\"https:\\\/\\\/www.right2city.org\\\/es\\\/\"},{\"@type\":\"ListItem\",\"position\":2,\"name\":\"Noticias\",\"item\":\"https:\\\/\\\/www.right2city.org\\\/es\\\/news\\\/\"},{\"@type\":\"ListItem\",\"position\":3,\"name\":\"La sociedad civil y los gobiernos locales y regionales trabajan juntos para fortalecer los bienes comunes\"}]},{\"@type\":\"WebSite\",\"@id\":\"https:\\\/\\\/www.right2city.org\\\/es\\\/#website\",\"url\":\"https:\\\/\\\/www.right2city.org\\\/es\\\/\",\"name\":\"Right to the city\",\"description\":\"Global Platform for the Right to the City\",\"potentialAction\":[{\"@type\":\"SearchAction\",\"target\":{\"@type\":\"EntryPoint\",\"urlTemplate\":\"https:\\\/\\\/www.right2city.org\\\/es\\\/?s={search_term_string}\"},\"query-input\":{\"@type\":\"PropertyValueSpecification\",\"valueRequired\":true,\"valueName\":\"search_term_string\"}}],\"inLanguage\":\"es\"}]}<\/script>\n<!-- \/ Yoast SEO plugin. -->","yoast_head_json":{"title":"La sociedad civil y los gobiernos locales y regionales trabajan juntos para fortalecer los bienes comunes - Right to the city","robots":{"index":"index","follow":"follow","max-snippet":"max-snippet:-1","max-image-preview":"max-image-preview:large","max-video-preview":"max-video-preview:-1"},"canonical":"https:\/\/www.right2city.org\/es\/news\/gpr2c-collaborates-with-uclg-on-global-commons\/","og_locale":"es_ES","og_type":"article","og_title":"La sociedad civil y los gobiernos locales y regionales trabajan juntos para fortalecer los bienes comunes - Right to the city","og_description":"La Plataforma Global por el Derecho a la Ciudad (PGDC) ha sido invitada por Ciudades y Gobiernos Locales Unidos (CGLU) a facilitar un proceso de Town Hall\u00a0 tem\u00e1tico durante 2022. El objetivo es fomentar las narrativas compartidas y las recomendaciones concretas de las organizaciones de la sociedad civil y otros actores hacia su7\u00ba Congreso Mundial [&hellip;]","og_url":"https:\/\/www.right2city.org\/es\/news\/gpr2c-collaborates-with-uclg-on-global-commons\/","og_site_name":"Right to the city","article_modified_time":"2022-03-29T08:40:59+00:00","og_image":[{"width":2481,"height":1535,"url":"https:\/\/www.right2city.org\/wp-content\/uploads\/2022\/01\/Global-Commons_Town-Hall.jpg","type":"image\/jpeg"}],"twitter_card":"summary_large_image","twitter_misc":{"Tiempo de lectura":"3 minutos"},"schema":{"@context":"https:\/\/schema.org","@graph":[{"@type":"WebPage","@id":"https:\/\/www.right2city.org\/es\/news\/gpr2c-collaborates-with-uclg-on-global-commons\/","url":"https:\/\/www.right2city.org\/es\/news\/gpr2c-collaborates-with-uclg-on-global-commons\/","name":"La sociedad civil y los gobiernos locales y regionales trabajan juntos para fortalecer los bienes comunes - Right to the city","isPartOf":{"@id":"https:\/\/www.right2city.org\/es\/#website"},"primaryImageOfPage":{"@id":"https:\/\/www.right2city.org\/es\/news\/gpr2c-collaborates-with-uclg-on-global-commons\/#primaryimage"},"image":{"@id":"https:\/\/www.right2city.org\/es\/news\/gpr2c-collaborates-with-uclg-on-global-commons\/#primaryimage"},"thumbnailUrl":"https:\/\/www.right2city.org\/wp-content\/uploads\/2022\/01\/Global-Commons_Town-Hall.jpg","datePublished":"2022-01-21T07:49:27+00:00","dateModified":"2022-03-29T08:40:59+00:00","breadcrumb":{"@id":"https:\/\/www.right2city.org\/es\/news\/gpr2c-collaborates-with-uclg-on-global-commons\/#breadcrumb"},"inLanguage":"es","potentialAction":[{"@type":"ReadAction","target":["https:\/\/www.right2city.org\/es\/news\/gpr2c-collaborates-with-uclg-on-global-commons\/"]}]},{"@type":"ImageObject","inLanguage":"es","@id":"https:\/\/www.right2city.org\/es\/news\/gpr2c-collaborates-with-uclg-on-global-commons\/#primaryimage","url":"https:\/\/www.right2city.org\/wp-content\/uploads\/2022\/01\/Global-Commons_Town-Hall.jpg","contentUrl":"https:\/\/www.right2city.org\/wp-content\/uploads\/2022\/01\/Global-Commons_Town-Hall.jpg","width":2481,"height":1535},{"@type":"BreadcrumbList","@id":"https:\/\/www.right2city.org\/es\/news\/gpr2c-collaborates-with-uclg-on-global-commons\/#breadcrumb","itemListElement":[{"@type":"ListItem","position":1,"name":"Home","item":"https:\/\/www.right2city.org\/es\/"},{"@type":"ListItem","position":2,"name":"Noticias","item":"https:\/\/www.right2city.org\/es\/news\/"},{"@type":"ListItem","position":3,"name":"La sociedad civil y los gobiernos locales y regionales trabajan juntos para fortalecer los bienes comunes"}]},{"@type":"WebSite","@id":"https:\/\/www.right2city.org\/es\/#website","url":"https:\/\/www.right2city.org\/es\/","name":"Right to the city","description":"Global Platform for the Right to the City","potentialAction":[{"@type":"SearchAction","target":{"@type":"EntryPoint","urlTemplate":"https:\/\/www.right2city.org\/es\/?s={search_term_string}"},"query-input":{"@type":"PropertyValueSpecification","valueRequired":true,"valueName":"search_term_string"}}],"inLanguage":"es"}]}},"_links":{"self":[{"href":"https:\/\/www.right2city.org\/es\/wp-json\/wp\/v2\/news\/63818","targetHints":{"allow":["GET"]}}],"collection":[{"href":"https:\/\/www.right2city.org\/es\/wp-json\/wp\/v2\/news"}],"about":[{"href":"https:\/\/www.right2city.org\/es\/wp-json\/wp\/v2\/types\/news"}],"wp:featuredmedia":[{"embeddable":true,"href":"https:\/\/www.right2city.org\/es\/wp-json\/wp\/v2\/media\/63780"}],"wp:attachment":[{"href":"https:\/\/www.right2city.org\/es\/wp-json\/wp\/v2\/media?parent=63818"}],"wp:term":[{"taxonomy":"category","embeddable":true,"href":"https:\/\/www.right2city.org\/es\/wp-json\/wp\/v2\/categories?post=63818"},{"taxonomy":"themes","embeddable":true,"href":"https:\/\/www.right2city.org\/es\/wp-json\/wp\/v2\/themes?post=63818"},{"taxonomy":"agendas_globales","embeddable":true,"href":"https:\/\/www.right2city.org\/es\/wp-json\/wp\/v2\/agendas_globales?post=63818"}],"curies":[{"name":"wp","href":"https:\/\/api.w.org\/{rel}","templated":true}]}}