{"id":64726,"date":"2022-03-29T12:07:08","date_gmt":"2022-03-29T10:07:08","guid":{"rendered":"https:\/\/www.right2city.org\/?post_type=news&#038;p=64726"},"modified":"2022-03-29T13:52:40","modified_gmt":"2022-03-29T11:52:40","slug":"historias-de-lucha-por-el-derecho-a-la-ciudad","status":"publish","type":"news","link":"https:\/\/www.right2city.org\/es\/news\/historias-de-lucha-por-el-derecho-a-la-ciudad\/","title":{"rendered":"Historias de Lucha por el Derecho a la Ciudad"},"content":{"rendered":"<p>En los \u00faltimos a\u00f1os, el\u00a0<a href=\"https:\/\/observatoridesc.org\/es\">Observatorio DESC<\/a>\u00a0y la Plataforma Global por el Derecho a la Ciudad (GPR2C) han colaborado en la iniciativa conjunta <strong>historias de vida<\/strong>. El objetivo es documentar vulneraciones de Derechos Humanos fruto de las din\u00e1micas de globalizaci\u00f3n, mercantilizaci\u00f3n, financiarizaci\u00f3n y especulaci\u00f3n de\/y con los derechos.<\/p>\n<p>El resultado es una <strong>serie de de relatos personales e historias de vida que ilustran algunos de los impactos de las din\u00e1micas mercantilistas globales a nivel local, tanto en Barcelona como en otras ciudades del mundo.<\/strong> Las historias de Juan, Omaima, Marta, Rub\u00e9n, \u00a0Hilary y Liliana simbolizan las luchas por la defensa del Derecho en la Ciudad y los Derechos Humanos desde los barrios y las comunidades, a pie de calle.<\/p>\n<p style=\"text-align: center;\"><strong>\u00a1Haz clic en cada una de las historias para conocer m\u00e1s sobre su lucha!<\/strong><\/p>\n<table style=\"border-collapse: collapse; width: 100%;\">\n<tbody>\n<tr>\n<td style=\"width: 50%;\"><a href=\"http:\/\/observatoridesc.org\/es\/sinhogarismo-ciutats-lluita\"><img loading=\"lazy\" decoding=\"async\" class=\"aligncenter size-large wp-image-64727\" src=\"https:\/\/www.right2city.org\/wp-content\/uploads\/2022\/03\/Banner_Juan_IG-1024x1024.png\" alt=\"\" width=\"1024\" height=\"1024\" srcset=\"https:\/\/www.right2city.org\/wp-content\/uploads\/2022\/03\/Banner_Juan_IG-1024x1024.png 1024w, https:\/\/www.right2city.org\/wp-content\/uploads\/2022\/03\/Banner_Juan_IG-980x980.png 980w, https:\/\/www.right2city.org\/wp-content\/uploads\/2022\/03\/Banner_Juan_IG-480x480.png 480w\" sizes=\"(min-width: 0px) and (max-width: 480px) 480px, (min-width: 481px) and (max-width: 980px) 980px, (min-width: 981px) 1024px, 100vw\" \/><\/a><\/td>\n<td style=\"width: 50%;\"><a href=\"https:\/\/observatoridesc.org\/es\/migraciones-ciutats-lluita\"><img loading=\"lazy\" decoding=\"async\" class=\"aligncenter size-large wp-image-64731\" src=\"https:\/\/www.right2city.org\/wp-content\/uploads\/2022\/03\/Banner_Oumaima_IG-1-1024x1024.png\" alt=\"\" width=\"1024\" height=\"1024\" srcset=\"https:\/\/www.right2city.org\/wp-content\/uploads\/2022\/03\/Banner_Oumaima_IG-1-1024x1024.png 1024w, https:\/\/www.right2city.org\/wp-content\/uploads\/2022\/03\/Banner_Oumaima_IG-1-980x980.png 980w, https:\/\/www.right2city.org\/wp-content\/uploads\/2022\/03\/Banner_Oumaima_IG-1-480x480.png 480w\" sizes=\"(min-width: 0px) and (max-width: 480px) 480px, (min-width: 481px) and (max-width: 980px) 980px, (min-width: 981px) 1024px, 100vw\" \/><\/a><\/td>\n<\/tr>\n<tr>\n<td style=\"width: 50%;\"><a href=\"http:\/\/observatoridesc.org\/es\/mercantilizacion-ciutats-lluita\"><img loading=\"lazy\" decoding=\"async\" class=\"aligncenter size-large wp-image-64735\" src=\"https:\/\/www.right2city.org\/wp-content\/uploads\/2022\/03\/Desenruna_cuadrado-1024x1024.png\" alt=\"\" width=\"1024\" height=\"1024\" srcset=\"https:\/\/www.right2city.org\/wp-content\/uploads\/2022\/03\/Desenruna_cuadrado-1024x1024.png 1024w, https:\/\/www.right2city.org\/wp-content\/uploads\/2022\/03\/Desenruna_cuadrado-980x980.png 980w, https:\/\/www.right2city.org\/wp-content\/uploads\/2022\/03\/Desenruna_cuadrado-480x480.png 480w\" sizes=\"(min-width: 0px) and (max-width: 480px) 480px, (min-width: 481px) and (max-width: 980px) 980px, (min-width: 981px) 1024px, 100vw\" \/><\/a><\/td>\n<td style=\"width: 50%;\"><a href=\"http:\/\/observatoridesc.org\/es\/desposesion-ciutats-lluita\"><img loading=\"lazy\" decoding=\"async\" class=\"aligncenter size-large wp-image-64739\" src=\"https:\/\/www.right2city.org\/wp-content\/uploads\/2022\/03\/ZPLRM_Hilary_Histories-de-Lluita_3_CAST-1024x1024.png\" alt=\"\" width=\"1024\" height=\"1024\" srcset=\"https:\/\/www.right2city.org\/wp-content\/uploads\/2022\/03\/ZPLRM_Hilary_Histories-de-Lluita_3_CAST-1024x1024.png 1024w, https:\/\/www.right2city.org\/wp-content\/uploads\/2022\/03\/ZPLRM_Hilary_Histories-de-Lluita_3_CAST-980x980.png 980w, https:\/\/www.right2city.org\/wp-content\/uploads\/2022\/03\/ZPLRM_Hilary_Histories-de-Lluita_3_CAST-480x480.png 480w\" sizes=\"(min-width: 0px) and (max-width: 480px) 480px, (min-width: 481px) and (max-width: 980px) 980px, (min-width: 981px) 1024px, 100vw\" \/><\/a><\/td>\n<\/tr>\n<tr>\n<td style=\"width: 50%;\"><a href=\"https:\/\/observatoridesc.org\/es\/contaminacion-ciutats-lluita\"><img loading=\"lazy\" decoding=\"async\" class=\"aligncenter size-large wp-image-64743\" src=\"https:\/\/www.right2city.org\/wp-content\/uploads\/2022\/03\/Liliana-Novoa_4_cast-1024x1024.png\" alt=\"\" width=\"1024\" height=\"1024\" srcset=\"https:\/\/www.right2city.org\/wp-content\/uploads\/2022\/03\/Liliana-Novoa_4_cast-1024x1024.png 1024w, https:\/\/www.right2city.org\/wp-content\/uploads\/2022\/03\/Liliana-Novoa_4_cast-980x980.png 980w, https:\/\/www.right2city.org\/wp-content\/uploads\/2022\/03\/Liliana-Novoa_4_cast-480x480.png 480w\" sizes=\"(min-width: 0px) and (max-width: 480px) 480px, (min-width: 481px) and (max-width: 980px) 980px, (min-width: 981px) 1024px, 100vw\" \/><\/a><\/td>\n<td style=\"width: 50%;\"><\/td>\n<\/tr>\n<\/tbody>\n<\/table>\n","protected":false},"featured_media":64747,"template":"","meta":{"_acf_changed":false,"_et_pb_use_builder":"","_et_pb_old_content":"","_et_gb_content_width":"","cybocfi_hide_featured_image":""},"categories":[],"themes":[125,121,126,127,1022,114,123,124],"agendas_globales":[],"class_list":["post-64726","news","type-news","status-publish","has-post-thumbnail","hentry","themes-ciudadania-inclusiva","themes-economias-diversas-e-inclusivas","themes-funcion-social","themes-igualdad-de-genero","themes-climate-justice-es","themes-mayor-participacion-politica","themes-no-discriminacion","themes-vinculos-rurales-locales"],"acf":[],"yoast_head":"<!-- This site is optimized with the Yoast SEO plugin v27.4 - https:\/\/yoast.com\/product\/yoast-seo-wordpress\/ -->\n<title>Historias de Lucha por el Derecho a la Ciudad - Right to the city<\/title>\n<meta name=\"robots\" content=\"index, follow, max-snippet:-1, max-image-preview:large, max-video-preview:-1\" \/>\n<link rel=\"canonical\" href=\"https:\/\/www.right2city.org\/es\/news\/historias-de-lucha-por-el-derecho-a-la-ciudad\/\" \/>\n<meta property=\"og:locale\" content=\"es_ES\" \/>\n<meta property=\"og:type\" content=\"article\" \/>\n<meta property=\"og:title\" content=\"Historias de Lucha por el Derecho a la Ciudad - Right to the city\" \/>\n<meta property=\"og:description\" content=\"En los \u00faltimos a\u00f1os, el\u00a0Observatorio DESC\u00a0y la Plataforma Global por el Derecho a la Ciudad (GPR2C) han colaborado en la iniciativa conjunta historias de vida. El objetivo es documentar vulneraciones de Derechos Humanos fruto de las din\u00e1micas de globalizaci\u00f3n, mercantilizaci\u00f3n, financiarizaci\u00f3n y especulaci\u00f3n de\/y con los derechos. El resultado es una serie de de relatos [&hellip;]\" \/>\n<meta property=\"og:url\" content=\"https:\/\/www.right2city.org\/es\/news\/historias-de-lucha-por-el-derecho-a-la-ciudad\/\" \/>\n<meta property=\"og:site_name\" content=\"Right to the city\" \/>\n<meta property=\"article:modified_time\" content=\"2022-03-29T11:52:40+00:00\" \/>\n<meta property=\"og:image\" content=\"https:\/\/www.right2city.org\/wp-content\/uploads\/2022\/03\/bannertwitter_CiutatsLluita-1024x576.png\" \/>\n\t<meta property=\"og:image:width\" content=\"1024\" \/>\n\t<meta property=\"og:image:height\" content=\"576\" \/>\n\t<meta property=\"og:image:type\" content=\"image\/png\" \/>\n<meta name=\"twitter:card\" content=\"summary_large_image\" \/>\n<meta name=\"twitter:label1\" content=\"Tiempo de lectura\" \/>\n\t<meta name=\"twitter:data1\" content=\"1 minuto\" \/>\n<script type=\"application\/ld+json\" class=\"yoast-schema-graph\">{\"@context\":\"https:\\\/\\\/schema.org\",\"@graph\":[{\"@type\":\"WebPage\",\"@id\":\"https:\\\/\\\/www.right2city.org\\\/es\\\/news\\\/historias-de-lucha-por-el-derecho-a-la-ciudad\\\/\",\"url\":\"https:\\\/\\\/www.right2city.org\\\/es\\\/news\\\/historias-de-lucha-por-el-derecho-a-la-ciudad\\\/\",\"name\":\"Historias de Lucha por el Derecho a la Ciudad - Right to the city\",\"isPartOf\":{\"@id\":\"https:\\\/\\\/www.right2city.org\\\/es\\\/#website\"},\"primaryImageOfPage\":{\"@id\":\"https:\\\/\\\/www.right2city.org\\\/es\\\/news\\\/historias-de-lucha-por-el-derecho-a-la-ciudad\\\/#primaryimage\"},\"image\":{\"@id\":\"https:\\\/\\\/www.right2city.org\\\/es\\\/news\\\/historias-de-lucha-por-el-derecho-a-la-ciudad\\\/#primaryimage\"},\"thumbnailUrl\":\"https:\\\/\\\/www.right2city.org\\\/wp-content\\\/uploads\\\/2022\\\/03\\\/bannertwitter_CiutatsLluita.png\",\"datePublished\":\"2022-03-29T10:07:08+00:00\",\"dateModified\":\"2022-03-29T11:52:40+00:00\",\"breadcrumb\":{\"@id\":\"https:\\\/\\\/www.right2city.org\\\/es\\\/news\\\/historias-de-lucha-por-el-derecho-a-la-ciudad\\\/#breadcrumb\"},\"inLanguage\":\"es\",\"potentialAction\":[{\"@type\":\"ReadAction\",\"target\":[\"https:\\\/\\\/www.right2city.org\\\/es\\\/news\\\/historias-de-lucha-por-el-derecho-a-la-ciudad\\\/\"]}]},{\"@type\":\"ImageObject\",\"inLanguage\":\"es\",\"@id\":\"https:\\\/\\\/www.right2city.org\\\/es\\\/news\\\/historias-de-lucha-por-el-derecho-a-la-ciudad\\\/#primaryimage\",\"url\":\"https:\\\/\\\/www.right2city.org\\\/wp-content\\\/uploads\\\/2022\\\/03\\\/bannertwitter_CiutatsLluita.png\",\"contentUrl\":\"https:\\\/\\\/www.right2city.org\\\/wp-content\\\/uploads\\\/2022\\\/03\\\/bannertwitter_CiutatsLluita.png\",\"width\":1600,\"height\":900},{\"@type\":\"BreadcrumbList\",\"@id\":\"https:\\\/\\\/www.right2city.org\\\/es\\\/news\\\/historias-de-lucha-por-el-derecho-a-la-ciudad\\\/#breadcrumb\",\"itemListElement\":[{\"@type\":\"ListItem\",\"position\":1,\"name\":\"Home\",\"item\":\"https:\\\/\\\/www.right2city.org\\\/es\\\/\"},{\"@type\":\"ListItem\",\"position\":2,\"name\":\"Noticias\",\"item\":\"https:\\\/\\\/www.right2city.org\\\/es\\\/news\\\/\"},{\"@type\":\"ListItem\",\"position\":3,\"name\":\"Historias de Lucha por el Derecho a la Ciudad\"}]},{\"@type\":\"WebSite\",\"@id\":\"https:\\\/\\\/www.right2city.org\\\/es\\\/#website\",\"url\":\"https:\\\/\\\/www.right2city.org\\\/es\\\/\",\"name\":\"Right to the city\",\"description\":\"Global Platform for the Right to the City\",\"potentialAction\":[{\"@type\":\"SearchAction\",\"target\":{\"@type\":\"EntryPoint\",\"urlTemplate\":\"https:\\\/\\\/www.right2city.org\\\/es\\\/?s={search_term_string}\"},\"query-input\":{\"@type\":\"PropertyValueSpecification\",\"valueRequired\":true,\"valueName\":\"search_term_string\"}}],\"inLanguage\":\"es\"}]}<\/script>\n<!-- \/ Yoast SEO plugin. -->","yoast_head_json":{"title":"Historias de Lucha por el Derecho a la Ciudad - Right to the city","robots":{"index":"index","follow":"follow","max-snippet":"max-snippet:-1","max-image-preview":"max-image-preview:large","max-video-preview":"max-video-preview:-1"},"canonical":"https:\/\/www.right2city.org\/es\/news\/historias-de-lucha-por-el-derecho-a-la-ciudad\/","og_locale":"es_ES","og_type":"article","og_title":"Historias de Lucha por el Derecho a la Ciudad - Right to the city","og_description":"En los \u00faltimos a\u00f1os, el\u00a0Observatorio DESC\u00a0y la Plataforma Global por el Derecho a la Ciudad (GPR2C) han colaborado en la iniciativa conjunta historias de vida. El objetivo es documentar vulneraciones de Derechos Humanos fruto de las din\u00e1micas de globalizaci\u00f3n, mercantilizaci\u00f3n, financiarizaci\u00f3n y especulaci\u00f3n de\/y con los derechos. El resultado es una serie de de relatos [&hellip;]","og_url":"https:\/\/www.right2city.org\/es\/news\/historias-de-lucha-por-el-derecho-a-la-ciudad\/","og_site_name":"Right to the city","article_modified_time":"2022-03-29T11:52:40+00:00","og_image":[{"width":1024,"height":576,"url":"https:\/\/www.right2city.org\/wp-content\/uploads\/2022\/03\/bannertwitter_CiutatsLluita-1024x576.png","type":"image\/png"}],"twitter_card":"summary_large_image","twitter_misc":{"Tiempo de lectura":"1 minuto"},"schema":{"@context":"https:\/\/schema.org","@graph":[{"@type":"WebPage","@id":"https:\/\/www.right2city.org\/es\/news\/historias-de-lucha-por-el-derecho-a-la-ciudad\/","url":"https:\/\/www.right2city.org\/es\/news\/historias-de-lucha-por-el-derecho-a-la-ciudad\/","name":"Historias de Lucha por el Derecho a la Ciudad - Right to the city","isPartOf":{"@id":"https:\/\/www.right2city.org\/es\/#website"},"primaryImageOfPage":{"@id":"https:\/\/www.right2city.org\/es\/news\/historias-de-lucha-por-el-derecho-a-la-ciudad\/#primaryimage"},"image":{"@id":"https:\/\/www.right2city.org\/es\/news\/historias-de-lucha-por-el-derecho-a-la-ciudad\/#primaryimage"},"thumbnailUrl":"https:\/\/www.right2city.org\/wp-content\/uploads\/2022\/03\/bannertwitter_CiutatsLluita.png","datePublished":"2022-03-29T10:07:08+00:00","dateModified":"2022-03-29T11:52:40+00:00","breadcrumb":{"@id":"https:\/\/www.right2city.org\/es\/news\/historias-de-lucha-por-el-derecho-a-la-ciudad\/#breadcrumb"},"inLanguage":"es","potentialAction":[{"@type":"ReadAction","target":["https:\/\/www.right2city.org\/es\/news\/historias-de-lucha-por-el-derecho-a-la-ciudad\/"]}]},{"@type":"ImageObject","inLanguage":"es","@id":"https:\/\/www.right2city.org\/es\/news\/historias-de-lucha-por-el-derecho-a-la-ciudad\/#primaryimage","url":"https:\/\/www.right2city.org\/wp-content\/uploads\/2022\/03\/bannertwitter_CiutatsLluita.png","contentUrl":"https:\/\/www.right2city.org\/wp-content\/uploads\/2022\/03\/bannertwitter_CiutatsLluita.png","width":1600,"height":900},{"@type":"BreadcrumbList","@id":"https:\/\/www.right2city.org\/es\/news\/historias-de-lucha-por-el-derecho-a-la-ciudad\/#breadcrumb","itemListElement":[{"@type":"ListItem","position":1,"name":"Home","item":"https:\/\/www.right2city.org\/es\/"},{"@type":"ListItem","position":2,"name":"Noticias","item":"https:\/\/www.right2city.org\/es\/news\/"},{"@type":"ListItem","position":3,"name":"Historias de Lucha por el Derecho a la Ciudad"}]},{"@type":"WebSite","@id":"https:\/\/www.right2city.org\/es\/#website","url":"https:\/\/www.right2city.org\/es\/","name":"Right to the city","description":"Global Platform for the Right to the City","potentialAction":[{"@type":"SearchAction","target":{"@type":"EntryPoint","urlTemplate":"https:\/\/www.right2city.org\/es\/?s={search_term_string}"},"query-input":{"@type":"PropertyValueSpecification","valueRequired":true,"valueName":"search_term_string"}}],"inLanguage":"es"}]}},"_links":{"self":[{"href":"https:\/\/www.right2city.org\/es\/wp-json\/wp\/v2\/news\/64726","targetHints":{"allow":["GET"]}}],"collection":[{"href":"https:\/\/www.right2city.org\/es\/wp-json\/wp\/v2\/news"}],"about":[{"href":"https:\/\/www.right2city.org\/es\/wp-json\/wp\/v2\/types\/news"}],"wp:featuredmedia":[{"embeddable":true,"href":"https:\/\/www.right2city.org\/es\/wp-json\/wp\/v2\/media\/64747"}],"wp:attachment":[{"href":"https:\/\/www.right2city.org\/es\/wp-json\/wp\/v2\/media?parent=64726"}],"wp:term":[{"taxonomy":"category","embeddable":true,"href":"https:\/\/www.right2city.org\/es\/wp-json\/wp\/v2\/categories?post=64726"},{"taxonomy":"themes","embeddable":true,"href":"https:\/\/www.right2city.org\/es\/wp-json\/wp\/v2\/themes?post=64726"},{"taxonomy":"agendas_globales","embeddable":true,"href":"https:\/\/www.right2city.org\/es\/wp-json\/wp\/v2\/agendas_globales?post=64726"}],"curies":[{"name":"wp","href":"https:\/\/api.w.org\/{rel}","templated":true}]}}