{"id":65963,"date":"2022-07-25T10:02:30","date_gmt":"2022-07-25T08:02:30","guid":{"rendered":"https:\/\/www.right2city.org\/?post_type=news&#038;p=65963"},"modified":"2022-07-25T10:02:30","modified_gmt":"2022-07-25T08:02:30","slug":"acelerar-la-implementacion-de-la-nueva-agenda-urbana-a-traves-del-derecho-a-la-ciudad-la-pgdc-en-el-fum11","status":"publish","type":"news","link":"https:\/\/www.right2city.org\/es\/news\/acelerar-la-implementacion-de-la-nueva-agenda-urbana-a-traves-del-derecho-a-la-ciudad-la-pgdc-en-el-fum11\/","title":{"rendered":"Acelerar la implementaci\u00f3n de la Nueva Agenda Urbana a trav\u00e9s del Derecho a la Ciudad: la PGDC en el FUM11"},"content":{"rendered":"<div id=\"attachment_65942\" style=\"width: 2018px\" class=\"wp-caption aligncenter\"><img loading=\"lazy\" decoding=\"async\" aria-describedby=\"caption-attachment-65942\" class=\"wp-image-65945 size-full\" src=\"https:\/\/www.right2city.org\/wp-content\/uploads\/2022\/07\/DSCF0146.jpg\" alt=\"\" width=\"2008\" height=\"1183\" srcset=\"https:\/\/www.right2city.org\/wp-content\/uploads\/2022\/07\/DSCF0146.jpg 2008w, https:\/\/www.right2city.org\/wp-content\/uploads\/2022\/07\/DSCF0146-1280x754.jpg 1280w, https:\/\/www.right2city.org\/wp-content\/uploads\/2022\/07\/DSCF0146-980x577.jpg 980w, https:\/\/www.right2city.org\/wp-content\/uploads\/2022\/07\/DSCF0146-480x283.jpg 480w\" sizes=\"(min-width: 0px) and (max-width: 480px) 480px, (min-width: 481px) and (max-width: 980px) 980px, (min-width: 981px) and (max-width: 1280px) 1280px, (min-width: 1281px) 2008px, 100vw\" \/><p id=\"caption-attachment-65942\" class=\"wp-caption-text\">Photo: Matthew Jordaan, Matthew Jordaan Multimedcia and Communication<\/p><\/div>\n<p>Como en ediciones anteriores, la<strong> PGDC y sus miembros han participado activamente en el 11\u00ba Foro Urbano Mundial,<\/strong> celebrado en Katowice, Polonia, del 26 al 30 de junio. Como el mayor foro convocado por ONU-H\u00e1bitat, el Foro Urbano Mundial se caracteriz\u00f3 por ser un espacio clave para el debate sobre el seguimiento de la implementaci\u00f3n de la Nueva Agenda Urbana (NAU), tras la <a href=\"https:\/\/www.right2city.org\/es\/the-gpr2c-at-the-high-level-meeting-on-nua-implementation-2022\/\" target=\"_blank\" rel=\"noopener\">Reuni\u00f3n de Alto Nivel\u00a0 sobre los cinco a\u00f1os de implementaci\u00f3n de la NAU<\/a>, celebrada por el Presidente de la Asamblea General de la ONU el 28 de abril.<\/p>\n<p>En consonancia con el tono general del <a href=\"https:\/\/undocs.us10.list-manage.com\/track\/click?u=58646d5e4b0dd0323e8ce567b&amp;id=e9b3116e30&amp;e=7c838c3928\">informe oficial<\/a> publicado por el Secretario General de la ONU en Abril, la PGDC apunta hacia la <strong>renovada relevancia de la Nueva Agenda Urbana<\/strong>, especialmente tras la emergencia de la pandemia del COVID-19. Sin embargo, ante la falta de compromiso en la implementaci\u00f3n por parte de los Estados Nacionales, la<strong> implementaci\u00f3n de la NAU requiere un esfuerzo sistem\u00e1tico y multipartito por parte de un amplio abanico de actores, poniendo en el centro los compromisos de derechos humanos y el Derecho a la Ciudad.<\/strong> <a href=\"https:\/\/www.right2city.org\/es\/news\/takeaways-from-the-high-level-meeting-on-the-five-years-of-implementation-of-the-new-urban-agenda\/\">Lea nuestras conclusiones de la Reuni\u00f3n de Alto Nivel aqu\u00ed.\u00a0<\/a><\/p>\n<p>El Foro Urbano Mundial se presenta como una oportunidad clave para ello, dada la diversidad de actores presentes y el papel de ONU-H\u00e1bitat en la promoci\u00f3n de la implementaci\u00f3n de la NAU. En este sentido, las <a href=\"https:\/\/wuf.unhabitat.org\/sites\/default\/files\/2022-07\/files\/Katowice-Declared-Actions.pdf\">acciones declaradas en el FUM<\/a> <strong>reafirmaron el llamamiento a reposicionar la NAU como hoja de ruta para acelerar el desarrollo sostenible, la acci\u00f3n clim\u00e1tica y la construcci\u00f3n de la paz.<\/strong> Sin embargo, este compromiso sigue siendo restringido sin acciones espec\u00edficas y compromisos vinculantes por parte de los Estados. Por otro lado, de manera similar a lo observado en abril, se reforz\u00f3 un compromiso m\u00e1s amplio con la NAU por parte de diferentes Agencias y \u00f3rganos de la ONU, e<a href=\"https:\/\/wuf.unhabitat.org\/news\/president-ecosoc-time-new-urban-agenda-now\">n particular del ECOSOC.<\/a><\/p>\n<p><strong>Las acciones de la PGDC durante el FUM estuvieron orientadas a ampliar el di\u00e1logo en torno a la implementaci\u00f3n de la NAU y otras Agendas Globales a trav\u00e9s del Derecho a la Ciudad con una diversidad de actores y combinando diferentes estrategias, desde la incidencia, hasta la realizaci\u00f3n de campa\u00f1as y el desarrollo de capacidades.<\/strong> <a href=\"https:\/\/www.right2city.org\/es\/the-gpr2c-at-the-world-urban-forum-11\/\">Aqu\u00ed puedes encontrar el programa completo de actividades<\/a> y m\u00e1s abajo, puedes encontrar m\u00e1s detalles sobre ellas.<\/p>\n<h4><b>Actividades lideradas por la PGDC<\/b><\/h4>\n<p>Las actividades lideradas por la PGDC se concentraron en presentar y compartir diferentes iniciativas que se est\u00e1n desarrollando en t\u00e9rminos de<strong> investigaci\u00f3n y desarrollo de capacidades en torno al Derecho a la Ciudad, sus componentes y su papel en la aceleraci\u00f3n de la implementaci\u00f3n de las agendas globales.<\/strong> El 28 de julio se presentaron los<strong> indicadores del Derecho a la Ciudad<\/strong> en una sesi\u00f3n en el stand Habitat Village. Desarrollado conjuntamente con el Observatori DESC, este esfuerzo presenta 22 indicadores basados en los componentes del Derecho a la Ciudad, orientados al seguimiento de la implementaci\u00f3n de pol\u00edticas municipales alineadas con el Derecho a la Ciudad y como acelerador de la implementaci\u00f3n de las agendas globales. La sesi\u00f3n se centr\u00f3 en la presentaci\u00f3n de los indicadores y, a partir de su primera implementaci\u00f3n para la ciudad de Barcelona, en la discusi\u00f3n de las diferentes posibilidades de su uso, desde la incidencia y el seguimiento de las pol\u00edticas p\u00fablicas, hasta la localizaci\u00f3n de las agendas globales.<\/p>\n<div class=\"et_pb_slider et_pb_slider_fullwidth_off et_pb_gallery_post_type\">\n\t\t\t\t<div class=\"et_pb_slides\">\n\t\t\t\t\t<div class=\"et_pb_slide\" style=\"background: url(https:\/\/www.right2city.org\/wp-content\/uploads\/2022\/07\/WUF11-Training-GPR2C.png);\"><\/div><div class=\"et_pb_slide\" style=\"background: url(https:\/\/www.right2city.org\/wp-content\/uploads\/2022\/07\/29_06_2022_WUF11_-URBAN_EXPO_Monika_Pasieczna_1755.jpg);\"><\/div><div class=\"et_pb_slide\" style=\"background: url(https:\/\/www.right2city.org\/wp-content\/uploads\/2022\/07\/DSC_3398.jpg);\"><\/div>\n\t\t\t\t<\/div>\n\t\t\t<\/div>\n<p><span style=\"font-weight: 400;\">Finally, WUF11 was the occasion to <\/span><b>release the GPR2C\u2019s latest thematic paper focused on Cities and Human Settlements with Quality Public Spaces<\/b><span style=\"font-weight: 400;\">. This paper explores the complexity of public space across different dimensions: urban, cultural, artistic and performative, political, environmental, and virtual and their respective contribution in fostering the Right to the City. <\/span><a href=\"https:\/\/www.right2city.org\/cities-and-human-settlements-with-quality-public-spaces\/\"><span style=\"font-weight: 400;\">Click here to learn more about the paper and to read it.<\/span><\/a><\/p>\n<p>Al d\u00eda siguiente, la PGDC organiz\u00f3 una f<strong>ormaci\u00f3n en colaboraci\u00f3n con CGLU centrada en el Derecho a la Ciudad y sus componentes relacionados con la No Discriminaci\u00f3n y la Ciudadan\u00eda Inclusiva.<\/strong> En el marco del enfoque general del FUM11 sobre la crisis y el conflicto, la formaci\u00f3n fue la oportunidad de profundizar en el debate relacionado con la forma en que las ciudades pueden desempe\u00f1ar un papel central en la lucha contra la discriminaci\u00f3n, avanzando hacia nuevos paradigmas relacionados con lo que significa la \u00abciudadan\u00eda\u00bb y su papel en la construcci\u00f3n de asentamientos humanos m\u00e1s igualitarios, diversos e inclusivos. La formaci\u00f3n se centr\u00f3 en la presentaci\u00f3n de las principales conclusiones de dos documentos tem\u00e1ticos elaborados por la PGDC a lo largo del \u00faltimo a\u00f1o sobre la no discriminaci\u00f3n y la ciudadan\u00eda inclusiva, destacando las recomendaciones espec\u00edficas a los gobiernos locales tanto sobre c\u00f3mo avanzar en las pol\u00edticas que abordan espec\u00edficamente la discriminaci\u00f3n, como sobre c\u00f3mo identificar y eliminar pr\u00e1cticas discriminatorias de forma transversal en todas las estructuras y acciones municipales.<\/p>\n<p>Por \u00faltimo, el FUM11 fue la ocasi\u00f3n para publicar el \u00faltimo documento tem\u00e1tico de la PGDC, centrado en las ciudades y los asentamientos humanos con espacios p\u00fablicos de calidad. Este documento explora la complejidad del espacio p\u00fablico a trav\u00e9s de diferentes dimensiones: urbana, cultural, art\u00edstica y performativa, pol\u00edtica, ambiental y virtual, y su respectiva contribuci\u00f3n en el fomento del Derecho a la Ciudad. <a href=\"https:\/\/www.right2city.org\/es\/ciudades-y-asentamientos-humanos-con-espacios-publicos-de-calidad\/\">Haga clic aqu\u00ed para saber m\u00e1s sobre el documento y para leerlo.<\/a><\/p>\n<h4><b>Actividades de los miembros y aliadxs de la GPR2C<\/b><\/h4>\n<p>Los miembros y aliadxs de la GPR2C tambi\u00e9n se mostraron muy activxs a lo largo del evento. En los puntos a continuaci\u00f3n, se destacan tres temas centrales:<\/p>\n<ul>\n<li><strong>La fuerza del movimiento feminista y de las voces feministas<\/strong> a lo largo del evento, especialmente en lo que se refiere a la protecci\u00f3n del derecho de las mujeres y las ni\u00f1as a la ciudad y en torno a la agenda de los cuidados. Esto se puso de manifiesto en espacios como la Asamblea de Mujeres y los eventos \u00abPerspectivas feministas sobre las ciudades\u00bb organizado por la Red Mujer y H\u00e1bitat LAC y \u00abCiudades del cuidado: Redise\u00f1ando las \u00e1reas urbanas en torno al cuidado\u00bb, organizado por la Alcald\u00eda de Bogot\u00e1;<\/li>\n<li><strong>La presencia del derecho a la vivienda como tema clave de discusi\u00f3n,<\/strong> tanto en los di\u00e1logos del programa oficial, como en las actividades paralelas lideradas por movimientos y otras organizaciones. En este sentido, cabe destacar la discusi\u00f3n \u00abImaginando el mejoramiento de los barrios marginales para la ciudad del ma\u00f1ana\u00bb en torno a los diferentes enfoques del tema en Am\u00e9rica Latina, a partir de las reflexiones que han surgido durante una serie de webinars (LAVs) desarrollados a lo largo de la pandemia de COVID-19. Tambi\u00e9n ha sido clave la serie de conversaciones abiertas \u00abReclamando y produciendo el derecho a la vivienda\u00bb lideradas por los socios de Habitat Village con el objetivo de avanzar hacia estrategias conjuntas en torno al Derecho a la Vivienda por parte de diferentes actores como ONGs, organizaciones de base, academia y otros;<\/li>\n<li>La continua colaboraci\u00f3n entre la <strong>sociedad civil y las redes de gobiernos locales<\/strong>, visibilizada tanto en los comentarios durante la Asamblea Mundial de Gobiernos Locales y Regionales, liderada por la Global Taskforce, como en las actividades conjuntas desarrolladas con CGLU y otros socios, como la Red de Clima y Patrimonio, la Unidad de Planificaci\u00f3n del Desarrollo (DPU) y el IIED, destacando los esfuerzos de colaboraci\u00f3n en curso como el Proceso de Cabildos P\u00fablicos y el informe GOLD sobre desigualdades urbanas<\/li>\n<\/ul>\n<p><strong>Seguiremos trabajando para acelerar la aplicaci\u00f3n de la Nueva Agenda Urbana a trav\u00e9s del derecho a la ciudad, como impulso para promover la justicia social, territorial y medioambiental, mediante pol\u00edticas progresistas y el cumplimiento de las obligaciones en materia de derechos humanos.<\/strong><\/p>\n","protected":false},"featured_media":65945,"template":"","meta":{"_acf_changed":false,"_et_pb_use_builder":"","_et_pb_old_content":"","_et_gb_content_width":"","cybocfi_hide_featured_image":""},"categories":[98],"themes":[122,1021,125,1022,114,123],"agendas_globales":[276],"class_list":["post-65963","news","type-news","status-publish","has-post-thumbnail","hentry","category-sin-categorizar","themes-calidad-de-espacios-publicos-y-servicios","themes-city-as-a-common-good-es","themes-ciudadania-inclusiva","themes-climate-justice-es","themes-mayor-participacion-politica","themes-no-discriminacion","agendas_globales-fsu-es"],"acf":[],"yoast_head":"<!-- This site is optimized with the Yoast SEO plugin v27.4 - https:\/\/yoast.com\/product\/yoast-seo-wordpress\/ -->\n<title>Acelerar la implementaci\u00f3n de la Nueva Agenda Urbana a trav\u00e9s del Derecho a la Ciudad: la PGDC en el FUM11 - Right to the city<\/title>\n<meta name=\"robots\" content=\"index, follow, max-snippet:-1, max-image-preview:large, max-video-preview:-1\" \/>\n<link rel=\"canonical\" href=\"https:\/\/www.right2city.org\/es\/news\/acelerar-la-implementacion-de-la-nueva-agenda-urbana-a-traves-del-derecho-a-la-ciudad-la-pgdc-en-el-fum11\/\" \/>\n<meta property=\"og:locale\" content=\"es_ES\" \/>\n<meta property=\"og:type\" content=\"article\" \/>\n<meta property=\"og:title\" content=\"Acelerar la implementaci\u00f3n de la Nueva Agenda Urbana a trav\u00e9s del Derecho a la Ciudad: la PGDC en el FUM11 - Right to the city\" \/>\n<meta property=\"og:description\" content=\"Como en ediciones anteriores, la PGDC y sus miembros han participado activamente en el 11\u00ba Foro Urbano Mundial, celebrado en Katowice, Polonia, del 26 al 30 de junio. Como el mayor foro convocado por ONU-H\u00e1bitat, el Foro Urbano Mundial se caracteriz\u00f3 por ser un espacio clave para el debate sobre el seguimiento de la implementaci\u00f3n [&hellip;]\" \/>\n<meta property=\"og:url\" content=\"https:\/\/www.right2city.org\/es\/news\/acelerar-la-implementacion-de-la-nueva-agenda-urbana-a-traves-del-derecho-a-la-ciudad-la-pgdc-en-el-fum11\/\" \/>\n<meta property=\"og:site_name\" content=\"Right to the city\" \/>\n<meta property=\"og:image\" content=\"https:\/\/www.right2city.org\/wp-content\/uploads\/2022\/07\/DSCF0146.jpg\" \/>\n\t<meta property=\"og:image:width\" content=\"2008\" \/>\n\t<meta property=\"og:image:height\" content=\"1183\" \/>\n\t<meta property=\"og:image:type\" content=\"image\/jpeg\" \/>\n<meta name=\"twitter:card\" content=\"summary_large_image\" \/>\n<meta name=\"twitter:label1\" content=\"Tiempo de lectura\" \/>\n\t<meta name=\"twitter:data1\" content=\"7 minutos\" \/>\n<script type=\"application\/ld+json\" class=\"yoast-schema-graph\">{\"@context\":\"https:\\\/\\\/schema.org\",\"@graph\":[{\"@type\":\"WebPage\",\"@id\":\"https:\\\/\\\/www.right2city.org\\\/es\\\/news\\\/acelerar-la-implementacion-de-la-nueva-agenda-urbana-a-traves-del-derecho-a-la-ciudad-la-pgdc-en-el-fum11\\\/\",\"url\":\"https:\\\/\\\/www.right2city.org\\\/es\\\/news\\\/acelerar-la-implementacion-de-la-nueva-agenda-urbana-a-traves-del-derecho-a-la-ciudad-la-pgdc-en-el-fum11\\\/\",\"name\":\"Acelerar la implementaci\u00f3n de la Nueva Agenda Urbana a trav\u00e9s del Derecho a la Ciudad: la PGDC en el FUM11 - Right to the city\",\"isPartOf\":{\"@id\":\"https:\\\/\\\/www.right2city.org\\\/es\\\/#website\"},\"primaryImageOfPage\":{\"@id\":\"https:\\\/\\\/www.right2city.org\\\/es\\\/news\\\/acelerar-la-implementacion-de-la-nueva-agenda-urbana-a-traves-del-derecho-a-la-ciudad-la-pgdc-en-el-fum11\\\/#primaryimage\"},\"image\":{\"@id\":\"https:\\\/\\\/www.right2city.org\\\/es\\\/news\\\/acelerar-la-implementacion-de-la-nueva-agenda-urbana-a-traves-del-derecho-a-la-ciudad-la-pgdc-en-el-fum11\\\/#primaryimage\"},\"thumbnailUrl\":\"https:\\\/\\\/www.right2city.org\\\/wp-content\\\/uploads\\\/2022\\\/07\\\/DSCF0146.jpg\",\"datePublished\":\"2022-07-25T08:02:30+00:00\",\"breadcrumb\":{\"@id\":\"https:\\\/\\\/www.right2city.org\\\/es\\\/news\\\/acelerar-la-implementacion-de-la-nueva-agenda-urbana-a-traves-del-derecho-a-la-ciudad-la-pgdc-en-el-fum11\\\/#breadcrumb\"},\"inLanguage\":\"es\",\"potentialAction\":[{\"@type\":\"ReadAction\",\"target\":[\"https:\\\/\\\/www.right2city.org\\\/es\\\/news\\\/acelerar-la-implementacion-de-la-nueva-agenda-urbana-a-traves-del-derecho-a-la-ciudad-la-pgdc-en-el-fum11\\\/\"]}]},{\"@type\":\"ImageObject\",\"inLanguage\":\"es\",\"@id\":\"https:\\\/\\\/www.right2city.org\\\/es\\\/news\\\/acelerar-la-implementacion-de-la-nueva-agenda-urbana-a-traves-del-derecho-a-la-ciudad-la-pgdc-en-el-fum11\\\/#primaryimage\",\"url\":\"https:\\\/\\\/www.right2city.org\\\/wp-content\\\/uploads\\\/2022\\\/07\\\/DSCF0146.jpg\",\"contentUrl\":\"https:\\\/\\\/www.right2city.org\\\/wp-content\\\/uploads\\\/2022\\\/07\\\/DSCF0146.jpg\",\"width\":2008,\"height\":1183,\"caption\":\"Photo: Matthew Jordaan Matthew Jordaan Multimedcia and Communication www.matthewjordaan.co.za matthew@matthewjordaan.co.za +27682048761\"},{\"@type\":\"BreadcrumbList\",\"@id\":\"https:\\\/\\\/www.right2city.org\\\/es\\\/news\\\/acelerar-la-implementacion-de-la-nueva-agenda-urbana-a-traves-del-derecho-a-la-ciudad-la-pgdc-en-el-fum11\\\/#breadcrumb\",\"itemListElement\":[{\"@type\":\"ListItem\",\"position\":1,\"name\":\"Home\",\"item\":\"https:\\\/\\\/www.right2city.org\\\/es\\\/\"},{\"@type\":\"ListItem\",\"position\":2,\"name\":\"Noticias\",\"item\":\"https:\\\/\\\/www.right2city.org\\\/es\\\/news\\\/\"},{\"@type\":\"ListItem\",\"position\":3,\"name\":\"Acelerar la implementaci\u00f3n de la Nueva Agenda Urbana a trav\u00e9s del Derecho a la Ciudad: la PGDC en el FUM11\"}]},{\"@type\":\"WebSite\",\"@id\":\"https:\\\/\\\/www.right2city.org\\\/es\\\/#website\",\"url\":\"https:\\\/\\\/www.right2city.org\\\/es\\\/\",\"name\":\"Right to the city\",\"description\":\"Global Platform for the Right to the City\",\"potentialAction\":[{\"@type\":\"SearchAction\",\"target\":{\"@type\":\"EntryPoint\",\"urlTemplate\":\"https:\\\/\\\/www.right2city.org\\\/es\\\/?s={search_term_string}\"},\"query-input\":{\"@type\":\"PropertyValueSpecification\",\"valueRequired\":true,\"valueName\":\"search_term_string\"}}],\"inLanguage\":\"es\"}]}<\/script>\n<!-- \/ Yoast SEO plugin. -->","yoast_head_json":{"title":"Acelerar la implementaci\u00f3n de la Nueva Agenda Urbana a trav\u00e9s del Derecho a la Ciudad: la PGDC en el FUM11 - Right to the city","robots":{"index":"index","follow":"follow","max-snippet":"max-snippet:-1","max-image-preview":"max-image-preview:large","max-video-preview":"max-video-preview:-1"},"canonical":"https:\/\/www.right2city.org\/es\/news\/acelerar-la-implementacion-de-la-nueva-agenda-urbana-a-traves-del-derecho-a-la-ciudad-la-pgdc-en-el-fum11\/","og_locale":"es_ES","og_type":"article","og_title":"Acelerar la implementaci\u00f3n de la Nueva Agenda Urbana a trav\u00e9s del Derecho a la Ciudad: la PGDC en el FUM11 - Right to the city","og_description":"Como en ediciones anteriores, la PGDC y sus miembros han participado activamente en el 11\u00ba Foro Urbano Mundial, celebrado en Katowice, Polonia, del 26 al 30 de junio. Como el mayor foro convocado por ONU-H\u00e1bitat, el Foro Urbano Mundial se caracteriz\u00f3 por ser un espacio clave para el debate sobre el seguimiento de la implementaci\u00f3n [&hellip;]","og_url":"https:\/\/www.right2city.org\/es\/news\/acelerar-la-implementacion-de-la-nueva-agenda-urbana-a-traves-del-derecho-a-la-ciudad-la-pgdc-en-el-fum11\/","og_site_name":"Right to the city","og_image":[{"width":2008,"height":1183,"url":"https:\/\/www.right2city.org\/wp-content\/uploads\/2022\/07\/DSCF0146.jpg","type":"image\/jpeg"}],"twitter_card":"summary_large_image","twitter_misc":{"Tiempo de lectura":"7 minutos"},"schema":{"@context":"https:\/\/schema.org","@graph":[{"@type":"WebPage","@id":"https:\/\/www.right2city.org\/es\/news\/acelerar-la-implementacion-de-la-nueva-agenda-urbana-a-traves-del-derecho-a-la-ciudad-la-pgdc-en-el-fum11\/","url":"https:\/\/www.right2city.org\/es\/news\/acelerar-la-implementacion-de-la-nueva-agenda-urbana-a-traves-del-derecho-a-la-ciudad-la-pgdc-en-el-fum11\/","name":"Acelerar la implementaci\u00f3n de la Nueva Agenda Urbana a trav\u00e9s del Derecho a la Ciudad: la PGDC en el FUM11 - Right to the city","isPartOf":{"@id":"https:\/\/www.right2city.org\/es\/#website"},"primaryImageOfPage":{"@id":"https:\/\/www.right2city.org\/es\/news\/acelerar-la-implementacion-de-la-nueva-agenda-urbana-a-traves-del-derecho-a-la-ciudad-la-pgdc-en-el-fum11\/#primaryimage"},"image":{"@id":"https:\/\/www.right2city.org\/es\/news\/acelerar-la-implementacion-de-la-nueva-agenda-urbana-a-traves-del-derecho-a-la-ciudad-la-pgdc-en-el-fum11\/#primaryimage"},"thumbnailUrl":"https:\/\/www.right2city.org\/wp-content\/uploads\/2022\/07\/DSCF0146.jpg","datePublished":"2022-07-25T08:02:30+00:00","breadcrumb":{"@id":"https:\/\/www.right2city.org\/es\/news\/acelerar-la-implementacion-de-la-nueva-agenda-urbana-a-traves-del-derecho-a-la-ciudad-la-pgdc-en-el-fum11\/#breadcrumb"},"inLanguage":"es","potentialAction":[{"@type":"ReadAction","target":["https:\/\/www.right2city.org\/es\/news\/acelerar-la-implementacion-de-la-nueva-agenda-urbana-a-traves-del-derecho-a-la-ciudad-la-pgdc-en-el-fum11\/"]}]},{"@type":"ImageObject","inLanguage":"es","@id":"https:\/\/www.right2city.org\/es\/news\/acelerar-la-implementacion-de-la-nueva-agenda-urbana-a-traves-del-derecho-a-la-ciudad-la-pgdc-en-el-fum11\/#primaryimage","url":"https:\/\/www.right2city.org\/wp-content\/uploads\/2022\/07\/DSCF0146.jpg","contentUrl":"https:\/\/www.right2city.org\/wp-content\/uploads\/2022\/07\/DSCF0146.jpg","width":2008,"height":1183,"caption":"Photo: Matthew Jordaan Matthew Jordaan Multimedcia and Communication www.matthewjordaan.co.za matthew@matthewjordaan.co.za +27682048761"},{"@type":"BreadcrumbList","@id":"https:\/\/www.right2city.org\/es\/news\/acelerar-la-implementacion-de-la-nueva-agenda-urbana-a-traves-del-derecho-a-la-ciudad-la-pgdc-en-el-fum11\/#breadcrumb","itemListElement":[{"@type":"ListItem","position":1,"name":"Home","item":"https:\/\/www.right2city.org\/es\/"},{"@type":"ListItem","position":2,"name":"Noticias","item":"https:\/\/www.right2city.org\/es\/news\/"},{"@type":"ListItem","position":3,"name":"Acelerar la implementaci\u00f3n de la Nueva Agenda Urbana a trav\u00e9s del Derecho a la Ciudad: la PGDC en el FUM11"}]},{"@type":"WebSite","@id":"https:\/\/www.right2city.org\/es\/#website","url":"https:\/\/www.right2city.org\/es\/","name":"Right to the city","description":"Global Platform for the Right to the City","potentialAction":[{"@type":"SearchAction","target":{"@type":"EntryPoint","urlTemplate":"https:\/\/www.right2city.org\/es\/?s={search_term_string}"},"query-input":{"@type":"PropertyValueSpecification","valueRequired":true,"valueName":"search_term_string"}}],"inLanguage":"es"}]}},"_links":{"self":[{"href":"https:\/\/www.right2city.org\/es\/wp-json\/wp\/v2\/news\/65963","targetHints":{"allow":["GET"]}}],"collection":[{"href":"https:\/\/www.right2city.org\/es\/wp-json\/wp\/v2\/news"}],"about":[{"href":"https:\/\/www.right2city.org\/es\/wp-json\/wp\/v2\/types\/news"}],"wp:featuredmedia":[{"embeddable":true,"href":"https:\/\/www.right2city.org\/es\/wp-json\/wp\/v2\/media\/65945"}],"wp:attachment":[{"href":"https:\/\/www.right2city.org\/es\/wp-json\/wp\/v2\/media?parent=65963"}],"wp:term":[{"taxonomy":"category","embeddable":true,"href":"https:\/\/www.right2city.org\/es\/wp-json\/wp\/v2\/categories?post=65963"},{"taxonomy":"themes","embeddable":true,"href":"https:\/\/www.right2city.org\/es\/wp-json\/wp\/v2\/themes?post=65963"},{"taxonomy":"agendas_globales","embeddable":true,"href":"https:\/\/www.right2city.org\/es\/wp-json\/wp\/v2\/agendas_globales?post=65963"}],"curies":[{"name":"wp","href":"https:\/\/api.w.org\/{rel}","templated":true}]}}