{"id":68515,"date":"2023-06-29T11:04:05","date_gmt":"2023-06-29T09:04:05","guid":{"rendered":"https:\/\/www.right2city.org\/?post_type=news&#038;p=68515"},"modified":"2023-06-29T11:05:05","modified_gmt":"2023-06-29T09:05:05","slug":"critica-urbana-28-cataluna-transformaciones-y-resistencias","status":"publish","type":"news","link":"https:\/\/www.right2city.org\/es\/news\/critica-urbana-28-cataluna-transformaciones-y-resistencias\/","title":{"rendered":"Cr\u00edtica Urbana 28. Catalu\u00f1a: transformaciones y resistencias"},"content":{"rendered":"<div class=\"post_header\">\n<div class=\"post_header_title\">\n<div class=\"post_detail post_date\">\n<p>&nbsp;<\/p>\n<table style=\"border-collapse: collapse; width: 100%; height: 230px;\">\n<tbody>\n<tr style=\"height: 23px;\">\n<td style=\"width: 50%; height: 23px;\"><a href=\"https:\/\/criticaurbana.com\/wp-content\/uploads\/2023\/06\/CU28.-Revista-completa.pdf\" target=\"_blank\" rel=\"noopener\"><img loading=\"lazy\" decoding=\"async\" class=\"wp-image-9683 size-full lazy-loaded\" src=\"https:\/\/criticaurbana.com\/wp-content\/uploads\/2023\/06\/CU28-Portada-p.jpg\" alt=\"\" width=\"232\" height=\"300\" data-lazy-type=\"image\" data-src=\"https:\/\/criticaurbana.com\/wp-content\/uploads\/2023\/06\/CU28-Portada-p.jpg\" \/><\/a><\/td>\n<td style=\"width: 50%; height: 23px;\"><strong>Catalu\u00f1a: transformaciones y resistencias<\/strong>\u00a0<span class=\"tadv-color\">|<\/span><br \/>\nRevista Cr\u00edtica Urbana\u00a0Vol. VI N\u00fam. 28. Junio 2023.\u00a0<span class=\"tadv-color\">|<\/span><\/p>\n<div class=\"wp-block-spacer\" aria-hidden=\"true\">Mirada a un territorio, desde su cultura, a los procesos de transformaci\u00f3n econ\u00f3mica y sus efectos socioespaciales.<\/div>\n<div class=\"wp-block-spacer\" aria-hidden=\"true\"><\/div>\n<div class=\"wp-block-buttons\">\n<div class=\"wp-block-button is-style-fill\"><a class=\"wp-block-button__link has-very-dark-gray-color has-very-light-gray-background-color has-text-color has-background no-border-radius\" href=\"https:\/\/criticaurbana.com\/wp-content\/uploads\/2023\/06\/CU28.-Revista-completa.pdf\" target=\"_blank\" rel=\"noreferrer noopener\"><sup>Ver\u00a0 o descargar revista n\u00fam. 28\u00a0completa en PDF<\/sup><\/a><\/div>\n<\/div>\n<\/td>\n<\/tr>\n<tr style=\"height: 23px;\">\n<td style=\"width: 50%; height: 23px;\"><img loading=\"lazy\" decoding=\"async\" class=\"wp-image-9681 size-full lazy-loaded\" src=\"https:\/\/criticaurbana.com\/wp-content\/uploads\/2023\/06\/CU28_Tapia-p.jpg\" alt=\"\" width=\"300\" height=\"200\" data-lazy-type=\"image\" data-src=\"https:\/\/criticaurbana.com\/wp-content\/uploads\/2023\/06\/CU28_Tapia-p.jpg\" \/><\/td>\n<td style=\"width: 50%; height: 23px;\"><strong><a href=\"https:\/\/criticaurbana.com\/cataluna-leer-el-territorio\" target=\"_blank\" rel=\"noreferrer noopener\" data-type=\"URL\" data-id=\"https:\/\/criticaurbana.com\/cataluna-leer-el-territorio\">Catalu\u00f1a: Leer el territorio<\/a><\/strong><br \/>\n<em>Maricarmen Tapia<\/em><\/td>\n<\/tr>\n<tr style=\"height: 23px;\">\n<td style=\"width: 50%; height: 23px;\"><img loading=\"lazy\" decoding=\"async\" class=\"wp-image-9525 size-full lazy-loaded\" src=\"https:\/\/criticaurbana.com\/wp-content\/uploads\/2023\/06\/CU28_Delgado-2-p.jpeg\" alt=\"\" width=\"300\" height=\"200\" data-lazy-type=\"image\" data-src=\"https:\/\/criticaurbana.com\/wp-content\/uploads\/2023\/06\/CU28_Delgado-2-p.jpeg\" \/><\/td>\n<td style=\"width: 50%; height: 23px;\"><strong><a href=\"https:\/\/criticaurbana.com\/guerra-de-gigantes-en-contextos-urbanos\" target=\"_blank\" rel=\"noreferrer noopener\" data-type=\"URL\" data-id=\"https:\/\/criticaurbana.com\/guerra-de-gigantes-en-contextos-urbanos\">Guerra de gigantes en contextos urbanos<\/a><\/strong><br \/>\n<em>Manuel Delgado; Sandra Anitua<\/em><\/td>\n<\/tr>\n<tr style=\"height: 23px;\">\n<td style=\"width: 50%; height: 23px;\"><img loading=\"lazy\" decoding=\"async\" class=\"wp-image-9682 size-full lazy-loaded\" src=\"https:\/\/criticaurbana.com\/wp-content\/uploads\/2023\/06\/CU28_Bove-p.jpg\" alt=\"\" width=\"300\" height=\"200\" data-lazy-type=\"image\" data-src=\"https:\/\/criticaurbana.com\/wp-content\/uploads\/2023\/06\/CU28_Bove-p.jpg\" \/><\/td>\n<td style=\"width: 50%; height: 23px;\"><strong><a href=\"https:\/\/criticaurbana.com\/discriminacion-residencial-y-racismo\" target=\"_blank\" rel=\"noreferrer noopener\" data-type=\"URL\" data-id=\"https:\/\/criticaurbana.com\/discriminacion-residencial-y-racismo\">Discriminaci\u00f3n residencial y racismo<\/a><\/strong><br \/>\n<em>Emanuela Bove<\/em><\/td>\n<\/tr>\n<tr style=\"height: 23px;\">\n<td style=\"width: 50%; height: 23px;\"><img loading=\"lazy\" decoding=\"async\" class=\"wp-image-9526 size-full lazy-loaded\" src=\"https:\/\/criticaurbana.com\/wp-content\/uploads\/2023\/06\/CU28_Corominas-p.jpg\" alt=\"\" width=\"300\" height=\"200\" data-lazy-type=\"image\" data-src=\"https:\/\/criticaurbana.com\/wp-content\/uploads\/2023\/06\/CU28_Corominas-p.jpg\" \/><\/td>\n<td style=\"width: 50%; height: 23px;\"><strong><a href=\"https:\/\/criticaurbana.com\/el-sistema-universitario-de-cataluna-entre-el-neoliberalismo-y-el-control-politico\" target=\"_blank\" rel=\"noreferrer noopener\" data-type=\"URL\" data-id=\"https:\/\/criticaurbana.com\/el-sistema-universitario-de-cataluna-entre-el-neoliberalismo-y-el-control-politico\">El sistema universitario de Catalu\u00f1a, entre el neoliberalismo y el control pol\u00edtico<\/a><\/strong><br \/>\n<em>Albert Corominas<\/em><\/td>\n<\/tr>\n<tr style=\"height: 23px;\">\n<td style=\"width: 50%; height: 23px;\"><img loading=\"lazy\" decoding=\"async\" class=\"wp-image-9524 size-full lazy-loaded\" src=\"https:\/\/criticaurbana.com\/wp-content\/uploads\/2023\/06\/CU28_Duch-3-p.jpg\" alt=\"\" width=\"300\" height=\"200\" data-lazy-type=\"image\" data-src=\"https:\/\/criticaurbana.com\/wp-content\/uploads\/2023\/06\/CU28_Duch-3-p.jpg\" \/><\/td>\n<td style=\"width: 50%; height: 23px;\">\n<figure class=\"wp-block-media-text__media\"><\/figure>\n<div class=\"wp-block-media-text__content\">\n<p><strong><a href=\"https:\/\/criticaurbana.com\/el-movimiento-feminista-en-catalunya-sobre-desmemoria-y-disputa\" target=\"_blank\" rel=\"noreferrer noopener\" data-type=\"URL\" data-id=\"https:\/\/criticaurbana.com\/el-movimiento-feminista-en-catalunya-sobre-desmemoria-y-disputa\">El movimiento feminista en Catalunya: sobre desmemoria y disputa<\/a><\/strong><br \/>\n<em>Milena Duch<\/em><\/p>\n<\/div>\n<\/td>\n<\/tr>\n<tr style=\"height: 23px;\">\n<td style=\"width: 50%; height: 23px;\"><img loading=\"lazy\" decoding=\"async\" class=\"wp-image-9527 size-full lazy-loaded\" src=\"https:\/\/criticaurbana.com\/wp-content\/uploads\/2023\/06\/CU28_Comas-p.jpg\" alt=\"\" width=\"300\" height=\"200\" data-lazy-type=\"image\" data-src=\"https:\/\/criticaurbana.com\/wp-content\/uploads\/2023\/06\/CU28_Comas-p.jpg\" \/><\/td>\n<td style=\"width: 50%; height: 23px;\">\n<div class=\"wp-block-group alignwide\">\n<div class=\"wp-block-group__inner-container\">\n<div class=\"wp-block-media-text alignwide is-stacked-on-mobile\">\n<div class=\"wp-block-media-text__content\">\n<p><strong><a href=\"https:\/\/criticaurbana.com\/ciudades-que-cuidan\" target=\"_blank\" rel=\"noreferrer noopener\" data-type=\"URL\" data-id=\"https:\/\/criticaurbana.com\/ciudades-que-cuidan\">Ciudades que cuidan<\/a><\/strong><br \/>\n<em>Dolors Comas<\/em><\/p>\n<\/div>\n<\/div>\n<\/div>\n<\/div>\n<div class=\"wp-block-group alignwide\">\n<div class=\"wp-block-group__inner-container\">\n<div class=\"wp-block-group\">\n<div class=\"wp-block-group__inner-container\">\n<div class=\"wp-block-spacer\" aria-hidden=\"true\"><\/div>\n<\/div>\n<\/div>\n<\/div>\n<\/div>\n<\/td>\n<\/tr>\n<tr style=\"height: 23px;\">\n<td style=\"width: 50%; height: 23px;\"><img loading=\"lazy\" decoding=\"async\" class=\"wp-image-9530 size-full lazy-loaded\" src=\"https:\/\/criticaurbana.com\/wp-content\/uploads\/2023\/06\/CU28_Alvarez-p.jpg\" alt=\"\" width=\"300\" height=\"200\" data-lazy-type=\"image\" data-src=\"https:\/\/criticaurbana.com\/wp-content\/uploads\/2023\/06\/CU28_Alvarez-p.jpg\" \/><\/td>\n<td style=\"width: 50%; height: 23px;\"><strong><a href=\"https:\/\/criticaurbana.com\/catalunya-no-es-pais-para-conciliar\" target=\"_blank\" rel=\"noreferrer noopener\" data-type=\"URL\" data-id=\"https:\/\/criticaurbana.com\/catalunya-no-es-pais-para-conciliar\">Catalunya, no es pa\u00eds para conciliar<\/a><\/strong><br \/>\n<em>Bruna \u00c1lvarez<\/em><\/td>\n<\/tr>\n<tr style=\"height: 23px;\">\n<td style=\"width: 50%; height: 23px;\"><img loading=\"lazy\" decoding=\"async\" class=\"wp-image-9529 size-full lazy-loaded\" src=\"https:\/\/criticaurbana.com\/wp-content\/uploads\/2023\/06\/CU28_Buades-2-p.jpg\" alt=\"\" width=\"300\" height=\"200\" data-lazy-type=\"image\" data-src=\"https:\/\/criticaurbana.com\/wp-content\/uploads\/2023\/06\/CU28_Buades-2-p.jpg\" \/><\/td>\n<td style=\"width: 50%; height: 23px;\">\n<figure class=\"wp-block-media-text__media\"><\/figure>\n<div class=\"wp-block-media-text__content\">\n<p><strong><a href=\"https:\/\/criticaurbana.com\/barcelona-de-la-sobredosi-turistica-al-benestar-comunitari\" target=\"_blank\" rel=\"noreferrer noopener\">Barcelona: de la sobredosi tur\u00edstica al benestar comunitari<\/a><\/strong><br \/>\n<em>Joan Buades<\/em><\/p>\n<\/div>\n<\/td>\n<\/tr>\n<tr style=\"height: 23px;\">\n<td style=\"width: 50%; height: 23px;\"><img loading=\"lazy\" decoding=\"async\" class=\"wp-image-9523 size-full lazy-loaded\" src=\"https:\/\/criticaurbana.com\/wp-content\/uploads\/2023\/06\/CU28_Feu-p.jpg\" alt=\"\" width=\"300\" height=\"200\" data-lazy-type=\"image\" data-src=\"https:\/\/criticaurbana.com\/wp-content\/uploads\/2023\/06\/CU28_Feu-p.jpg\" \/><\/td>\n<td style=\"width: 50%; height: 23px;\"><strong><a href=\"https:\/\/criticaurbana.com\/el-derecho-a-la-vivienda-en-cataluna-16-anos-despues\" target=\"_blank\" rel=\"noreferrer noopener\" data-type=\"URL\" data-id=\"https:\/\/criticaurbana.com\/el-derecho-a-la-vivienda-en-cataluna-16-anos-despues\">El derecho a la vivienda en Catalu\u00f1a, 16 a\u00f1os despu\u00e9s<\/a><\/strong><br \/>\n<em>Pablo Feu<\/em><\/td>\n<\/tr>\n<tr>\n<td style=\"width: 50%;\"><img loading=\"lazy\" decoding=\"async\" class=\"wp-image-9528 size-full lazy-loaded\" src=\"https:\/\/criticaurbana.com\/wp-content\/uploads\/2023\/06\/CU28_Casals-p-e1687819433704.jpg\" alt=\"\" width=\"290\" height=\"200\" data-lazy-type=\"image\" data-src=\"https:\/\/criticaurbana.com\/wp-content\/uploads\/2023\/06\/CU28_Casals-p-e1687819433704.jpg\" \/><\/td>\n<td style=\"width: 50%;\">\n<div class=\"wp-block-group alignwide\">\n<div class=\"wp-block-group__inner-container\">\n<div class=\"wp-block-media-text alignwide is-stacked-on-mobile\">\n<div class=\"wp-block-media-text__content\">\n<p><strong><a href=\"https:\/\/criticaurbana.com\/como-se-destruye-un-delta\" target=\"_blank\" rel=\"noreferrer noopener\" data-type=\"URL\" data-id=\"https:\/\/criticaurbana.com\/como-se-destruye-un-delta\">C\u00f3mo se destruye un delta<\/a><\/strong><br \/>\n<em>Vicente Casals<\/em><\/p>\n<\/div>\n<\/div>\n<\/div>\n<\/div>\n<div class=\"wp-block-group\">\n<div class=\"wp-block-group__inner-container\">\n<div class=\"wp-block-spacer\" aria-hidden=\"true\"><\/div>\n<\/div>\n<\/div>\n<\/td>\n<\/tr>\n<\/tbody>\n<\/table>\n<\/div>\n<\/div>\n<\/div>\n<div id=\"post-9517\" class=\"post-9517 post type-post status-publish format-standard has-post-thumbnail hentry category-numero-actual tag-critica-urbana-n-28\">\n<div class=\"post_wrapper\">\n<div class=\"post_content_wrapper\">\n<div class=\"post_header single\">\n<div class=\"wp-block-group alignwide\">\n<div class=\"wp-block-group__inner-container\">\n<div class=\"wp-block-group\">\n<div class=\"wp-block-group__inner-container\">\n<div class=\"wp-block-spacer\" aria-hidden=\"true\"><\/div>\n<\/div>\n<\/div>\n<\/div>\n<\/div>\n<\/div>\n<\/div>\n<\/div>\n<\/div>\n","protected":false},"featured_media":68518,"template":"","meta":{"_acf_changed":false,"_et_pb_use_builder":"","_et_pb_old_content":"","_et_gb_content_width":"","cybocfi_hide_featured_image":""},"categories":[98],"themes":[1047,121,126,127,123],"agendas_globales":[],"class_list":["post-68515","news","type-news","status-publish","has-post-thumbnail","hentry","category-sin-categorizar","themes-commons-es","themes-economias-diversas-e-inclusivas","themes-funcion-social","themes-igualdad-de-genero","themes-no-discriminacion"],"acf":[],"yoast_head":"<!-- This site is optimized with the Yoast SEO plugin v27.5 - https:\/\/yoast.com\/product\/yoast-seo-wordpress\/ -->\n<title>Cr\u00edtica Urbana 28. Catalu\u00f1a: transformaciones y resistencias - Right to the city<\/title>\n<meta name=\"robots\" content=\"index, follow, max-snippet:-1, max-image-preview:large, max-video-preview:-1\" \/>\n<link rel=\"canonical\" href=\"https:\/\/www.right2city.org\/es\/news\/critica-urbana-28-cataluna-transformaciones-y-resistencias\/\" \/>\n<meta property=\"og:locale\" content=\"es_ES\" \/>\n<meta property=\"og:type\" content=\"article\" \/>\n<meta property=\"og:title\" content=\"Cr\u00edtica Urbana 28. Catalu\u00f1a: transformaciones y resistencias - Right to the city\" \/>\n<meta property=\"og:description\" content=\"&nbsp; Catalu\u00f1a: transformaciones y resistencias\u00a0| Revista Cr\u00edtica Urbana\u00a0Vol. VI N\u00fam. 28. Junio 2023.\u00a0| Mirada a un territorio, desde su cultura, a los procesos de transformaci\u00f3n econ\u00f3mica y sus efectos socioespaciales. Ver\u00a0 o descargar revista n\u00fam. 28\u00a0completa en PDF Catalu\u00f1a: Leer el territorio Maricarmen Tapia Guerra de gigantes en contextos urbanos Manuel Delgado; Sandra Anitua Discriminaci\u00f3n [&hellip;]\" \/>\n<meta property=\"og:url\" content=\"https:\/\/www.right2city.org\/es\/news\/critica-urbana-28-cataluna-transformaciones-y-resistencias\/\" \/>\n<meta property=\"og:site_name\" content=\"Right to the city\" \/>\n<meta property=\"article:modified_time\" content=\"2023-06-29T09:05:05+00:00\" \/>\n<meta property=\"og:image\" content=\"https:\/\/www.right2city.org\/wp-content\/uploads\/2023\/06\/criticaurbana28.jpg\" \/>\n\t<meta property=\"og:image:width\" content=\"551\" \/>\n\t<meta property=\"og:image:height\" content=\"590\" \/>\n\t<meta property=\"og:image:type\" content=\"image\/jpeg\" \/>\n<meta name=\"twitter:card\" content=\"summary_large_image\" \/>\n<meta name=\"twitter:label1\" content=\"Tiempo de lectura\" \/>\n\t<meta name=\"twitter:data1\" content=\"3 minutos\" \/>\n<script type=\"application\/ld+json\" class=\"yoast-schema-graph\">{\"@context\":\"https:\\\/\\\/schema.org\",\"@graph\":[{\"@type\":\"WebPage\",\"@id\":\"https:\\\/\\\/www.right2city.org\\\/es\\\/news\\\/critica-urbana-28-cataluna-transformaciones-y-resistencias\\\/\",\"url\":\"https:\\\/\\\/www.right2city.org\\\/es\\\/news\\\/critica-urbana-28-cataluna-transformaciones-y-resistencias\\\/\",\"name\":\"Cr\u00edtica Urbana 28. Catalu\u00f1a: transformaciones y resistencias - Right to the city\",\"isPartOf\":{\"@id\":\"https:\\\/\\\/www.right2city.org\\\/es\\\/#website\"},\"primaryImageOfPage\":{\"@id\":\"https:\\\/\\\/www.right2city.org\\\/es\\\/news\\\/critica-urbana-28-cataluna-transformaciones-y-resistencias\\\/#primaryimage\"},\"image\":{\"@id\":\"https:\\\/\\\/www.right2city.org\\\/es\\\/news\\\/critica-urbana-28-cataluna-transformaciones-y-resistencias\\\/#primaryimage\"},\"thumbnailUrl\":\"https:\\\/\\\/www.right2city.org\\\/wp-content\\\/uploads\\\/2023\\\/06\\\/criticaurbana28.jpg\",\"datePublished\":\"2023-06-29T09:04:05+00:00\",\"dateModified\":\"2023-06-29T09:05:05+00:00\",\"breadcrumb\":{\"@id\":\"https:\\\/\\\/www.right2city.org\\\/es\\\/news\\\/critica-urbana-28-cataluna-transformaciones-y-resistencias\\\/#breadcrumb\"},\"inLanguage\":\"es\",\"potentialAction\":[{\"@type\":\"ReadAction\",\"target\":[\"https:\\\/\\\/www.right2city.org\\\/es\\\/news\\\/critica-urbana-28-cataluna-transformaciones-y-resistencias\\\/\"]}]},{\"@type\":\"ImageObject\",\"inLanguage\":\"es\",\"@id\":\"https:\\\/\\\/www.right2city.org\\\/es\\\/news\\\/critica-urbana-28-cataluna-transformaciones-y-resistencias\\\/#primaryimage\",\"url\":\"https:\\\/\\\/www.right2city.org\\\/wp-content\\\/uploads\\\/2023\\\/06\\\/criticaurbana28.jpg\",\"contentUrl\":\"https:\\\/\\\/www.right2city.org\\\/wp-content\\\/uploads\\\/2023\\\/06\\\/criticaurbana28.jpg\",\"width\":551,\"height\":590},{\"@type\":\"BreadcrumbList\",\"@id\":\"https:\\\/\\\/www.right2city.org\\\/es\\\/news\\\/critica-urbana-28-cataluna-transformaciones-y-resistencias\\\/#breadcrumb\",\"itemListElement\":[{\"@type\":\"ListItem\",\"position\":1,\"name\":\"Home\",\"item\":\"https:\\\/\\\/www.right2city.org\\\/es\\\/\"},{\"@type\":\"ListItem\",\"position\":2,\"name\":\"Noticias\",\"item\":\"https:\\\/\\\/www.right2city.org\\\/es\\\/news\\\/\"},{\"@type\":\"ListItem\",\"position\":3,\"name\":\"Cr\u00edtica Urbana 28. Catalu\u00f1a: transformaciones y resistencias\"}]},{\"@type\":\"WebSite\",\"@id\":\"https:\\\/\\\/www.right2city.org\\\/es\\\/#website\",\"url\":\"https:\\\/\\\/www.right2city.org\\\/es\\\/\",\"name\":\"Right to the city\",\"description\":\"Global Platform for the Right to the City\",\"potentialAction\":[{\"@type\":\"SearchAction\",\"target\":{\"@type\":\"EntryPoint\",\"urlTemplate\":\"https:\\\/\\\/www.right2city.org\\\/es\\\/?s={search_term_string}\"},\"query-input\":{\"@type\":\"PropertyValueSpecification\",\"valueRequired\":true,\"valueName\":\"search_term_string\"}}],\"inLanguage\":\"es\"}]}<\/script>\n<!-- \/ Yoast SEO plugin. -->","yoast_head_json":{"title":"Cr\u00edtica Urbana 28. Catalu\u00f1a: transformaciones y resistencias - Right to the city","robots":{"index":"index","follow":"follow","max-snippet":"max-snippet:-1","max-image-preview":"max-image-preview:large","max-video-preview":"max-video-preview:-1"},"canonical":"https:\/\/www.right2city.org\/es\/news\/critica-urbana-28-cataluna-transformaciones-y-resistencias\/","og_locale":"es_ES","og_type":"article","og_title":"Cr\u00edtica Urbana 28. Catalu\u00f1a: transformaciones y resistencias - Right to the city","og_description":"&nbsp; Catalu\u00f1a: transformaciones y resistencias\u00a0| Revista Cr\u00edtica Urbana\u00a0Vol. VI N\u00fam. 28. Junio 2023.\u00a0| Mirada a un territorio, desde su cultura, a los procesos de transformaci\u00f3n econ\u00f3mica y sus efectos socioespaciales. Ver\u00a0 o descargar revista n\u00fam. 28\u00a0completa en PDF Catalu\u00f1a: Leer el territorio Maricarmen Tapia Guerra de gigantes en contextos urbanos Manuel Delgado; Sandra Anitua Discriminaci\u00f3n [&hellip;]","og_url":"https:\/\/www.right2city.org\/es\/news\/critica-urbana-28-cataluna-transformaciones-y-resistencias\/","og_site_name":"Right to the city","article_modified_time":"2023-06-29T09:05:05+00:00","og_image":[{"width":551,"height":590,"url":"https:\/\/www.right2city.org\/wp-content\/uploads\/2023\/06\/criticaurbana28.jpg","type":"image\/jpeg"}],"twitter_card":"summary_large_image","twitter_misc":{"Tiempo de lectura":"3 minutos"},"schema":{"@context":"https:\/\/schema.org","@graph":[{"@type":"WebPage","@id":"https:\/\/www.right2city.org\/es\/news\/critica-urbana-28-cataluna-transformaciones-y-resistencias\/","url":"https:\/\/www.right2city.org\/es\/news\/critica-urbana-28-cataluna-transformaciones-y-resistencias\/","name":"Cr\u00edtica Urbana 28. Catalu\u00f1a: transformaciones y resistencias - Right to the city","isPartOf":{"@id":"https:\/\/www.right2city.org\/es\/#website"},"primaryImageOfPage":{"@id":"https:\/\/www.right2city.org\/es\/news\/critica-urbana-28-cataluna-transformaciones-y-resistencias\/#primaryimage"},"image":{"@id":"https:\/\/www.right2city.org\/es\/news\/critica-urbana-28-cataluna-transformaciones-y-resistencias\/#primaryimage"},"thumbnailUrl":"https:\/\/www.right2city.org\/wp-content\/uploads\/2023\/06\/criticaurbana28.jpg","datePublished":"2023-06-29T09:04:05+00:00","dateModified":"2023-06-29T09:05:05+00:00","breadcrumb":{"@id":"https:\/\/www.right2city.org\/es\/news\/critica-urbana-28-cataluna-transformaciones-y-resistencias\/#breadcrumb"},"inLanguage":"es","potentialAction":[{"@type":"ReadAction","target":["https:\/\/www.right2city.org\/es\/news\/critica-urbana-28-cataluna-transformaciones-y-resistencias\/"]}]},{"@type":"ImageObject","inLanguage":"es","@id":"https:\/\/www.right2city.org\/es\/news\/critica-urbana-28-cataluna-transformaciones-y-resistencias\/#primaryimage","url":"https:\/\/www.right2city.org\/wp-content\/uploads\/2023\/06\/criticaurbana28.jpg","contentUrl":"https:\/\/www.right2city.org\/wp-content\/uploads\/2023\/06\/criticaurbana28.jpg","width":551,"height":590},{"@type":"BreadcrumbList","@id":"https:\/\/www.right2city.org\/es\/news\/critica-urbana-28-cataluna-transformaciones-y-resistencias\/#breadcrumb","itemListElement":[{"@type":"ListItem","position":1,"name":"Home","item":"https:\/\/www.right2city.org\/es\/"},{"@type":"ListItem","position":2,"name":"Noticias","item":"https:\/\/www.right2city.org\/es\/news\/"},{"@type":"ListItem","position":3,"name":"Cr\u00edtica Urbana 28. Catalu\u00f1a: transformaciones y resistencias"}]},{"@type":"WebSite","@id":"https:\/\/www.right2city.org\/es\/#website","url":"https:\/\/www.right2city.org\/es\/","name":"Right to the city","description":"Global Platform for the Right to the City","potentialAction":[{"@type":"SearchAction","target":{"@type":"EntryPoint","urlTemplate":"https:\/\/www.right2city.org\/es\/?s={search_term_string}"},"query-input":{"@type":"PropertyValueSpecification","valueRequired":true,"valueName":"search_term_string"}}],"inLanguage":"es"}]}},"_links":{"self":[{"href":"https:\/\/www.right2city.org\/es\/wp-json\/wp\/v2\/news\/68515","targetHints":{"allow":["GET"]}}],"collection":[{"href":"https:\/\/www.right2city.org\/es\/wp-json\/wp\/v2\/news"}],"about":[{"href":"https:\/\/www.right2city.org\/es\/wp-json\/wp\/v2\/types\/news"}],"wp:featuredmedia":[{"embeddable":true,"href":"https:\/\/www.right2city.org\/es\/wp-json\/wp\/v2\/media\/68518"}],"wp:attachment":[{"href":"https:\/\/www.right2city.org\/es\/wp-json\/wp\/v2\/media?parent=68515"}],"wp:term":[{"taxonomy":"category","embeddable":true,"href":"https:\/\/www.right2city.org\/es\/wp-json\/wp\/v2\/categories?post=68515"},{"taxonomy":"themes","embeddable":true,"href":"https:\/\/www.right2city.org\/es\/wp-json\/wp\/v2\/themes?post=68515"},{"taxonomy":"agendas_globales","embeddable":true,"href":"https:\/\/www.right2city.org\/es\/wp-json\/wp\/v2\/agendas_globales?post=68515"}],"curies":[{"name":"wp","href":"https:\/\/api.w.org\/{rel}","templated":true}]}}