{"id":70303,"date":"2024-04-29T13:10:50","date_gmt":"2024-04-29T11:10:50","guid":{"rendered":"https:\/\/www.right2city.org\/news\/ripess-and-gpr2c-contributions-to-the-call-on-care-as-a-human-right\/"},"modified":"2024-04-29T13:44:39","modified_gmt":"2024-04-29T11:44:39","slug":"ripess-and-gpr2c-contributions-to-the-call-on-care-as-a-human-right","status":"publish","type":"news","link":"https:\/\/www.right2city.org\/es\/news\/ripess-and-gpr2c-contributions-to-the-call-on-care-as-a-human-right\/","title":{"rendered":"Contribuciones de Ripess y PGDC a la Convocatoria de Cuidado como Derecho Humano"},"content":{"rendered":"[et_pb_section fb_built=\u00bb1&#8243; _builder_version=\u00bb4.21.0&#8243; _module_preset=\u00bbdefault\u00bb global_colors_info=\u00bb{}\u00bb][et_pb_row _builder_version=\u00bb4.21.0&#8243; _module_preset=\u00bbdefault\u00bb global_colors_info=\u00bb{}\u00bb][et_pb_column type=\u00bb4_4&#8243; _builder_version=\u00bb4.21.0&#8243; _module_preset=\u00bbdefault\u00bb global_colors_info=\u00bb{}\u00bb][et_pb_image src=\u00bbhttps:\/\/www.right2city.org\/wp-content\/uploads\/2024\/04\/pexels-pixabay-220731-2.jpg\u00bb title_text=\u00bbpexels-pixabay-220731-2&#8243; _builder_version=\u00bb4.21.0&#8243; _module_preset=\u00bbdefault\u00bb global_colors_info=\u00bb{}\u00bb][\/et_pb_image][\/et_pb_column][\/et_pb_row][\/et_pb_section][et_pb_section fb_built=\u00bb1&#8243; _builder_version=\u00bb4.21.0&#8243; _module_preset=\u00bbdefault\u00bb global_colors_info=\u00bb{}\u00bb][et_pb_row _builder_version=\u00bb4.21.0&#8243; _module_preset=\u00bbdefault\u00bb global_colors_info=\u00bb{}\u00bb][et_pb_column type=\u00bb4_4&#8243; _builder_version=\u00bb4.21.0&#8243; _module_preset=\u00bbdefault\u00bb global_colors_info=\u00bb{}\u00bb][et_pb_text _builder_version=\u00bb4.21.0&#8243; _module_preset=\u00bbdefault\u00bb global_colors_info=\u00bb{}\u00bb]\n<p><strong><span style=\"font-size: 14pt;\">El pasado 13 de abril de 2024, Ripess (Red Intercontinental para la Promoci\u00f3n de la Econom\u00eda Social y Solidaria) y la Plataforma Global por el Derecho a la Ciudad respondieron al llamado a contribuciones para un taller de expertos y un estudio tem\u00e1tico integral sobre la dimensi\u00f3n de los derechos humanos del cuidado y apoyo, organizado por la Oficina del Alto Comisionado de las Naciones Unidas para los Derechos Humanos (ACNUDH), en cumplimiento de la resoluci\u00f3n 54\/6, adoptada por el Consejo de Derechos Humanos el 11 de octubre de 2023.<\/span><\/strong><\/p>\n<p><span style=\"font-size: 14pt;\">Se trata de un taller de expertas-os de dos d\u00edas para abordar los derechos humanos de las mujeres, personas con discapacidad, ni\u00f1os y personas mayores como cuidadoras-es, as\u00ed como receptoras-es de cuidado y apoyo, y para su autocuidado desde una perspectiva de igualdad de g\u00e9nero y derechos humanos, con el objetivo de evaluar experiencias, buenas pr\u00e1cticas y principales desaf\u00edos en relaci\u00f3n. En base a este taller la ACNUDH preparar\u00e1 \u00abun estudio tem\u00e1tico integral sobre la dimensi\u00f3n de los derechos humanos del cuidado y apoyo, resumiendo y compilando est\u00e1ndares internacionales y buenas pr\u00e1cticas y principales desaf\u00edos a nivel nacional en los sistemas de cuidado y apoyo, e incluyendo recomendaciones sobre la promoci\u00f3n y garant\u00eda de los derechos humanos de los cuidadores y los destinatarios de cuidado y apoyo\u00bb. El informe se presentar\u00e1 al Consejo de Derechos Humanos en su quincuag\u00e9simo octavo per\u00edodo de sesiones en 2025.<\/span><\/p>\n<p><span style=\"font-size: 14pt;\"><strong>Las aportaciones de Ripess y la PGDC responden de forma integral las preguntas sobre el reconocimiento, pol\u00edticas y medidas concretas, desaf\u00edos y datos del cuidado.\u00a0<\/strong><\/span><\/p>\n<p><span style=\"font-size: 14pt;\">Os presentamos un resumen:<\/span><\/p>\n[\/et_pb_text][\/et_pb_column][\/et_pb_row][\/et_pb_section][et_pb_section fb_built=\u00bb1&#8243; _builder_version=\u00bb4.21.0&#8243; _module_preset=\u00bbdefault\u00bb global_colors_info=\u00bb{}\u00bb][et_pb_row _builder_version=\u00bb4.21.0&#8243; _module_preset=\u00bbdefault\u00bb custom_margin=\u00bb||-10px||false|false\u00bb global_colors_info=\u00bb{}\u00bb][et_pb_column type=\u00bb4_4&#8243; _builder_version=\u00bb4.21.0&#8243; _module_preset=\u00bbdefault\u00bb global_colors_info=\u00bb{}\u00bb][et_pb_cta button_url=\u00bbhttps:\/\/www.right2city.org\/wp-content\/uploads\/2024\/04\/Aportaciones-de-la-PGDC-y-RIPESS-al-llamado-del-cuidado-como-derecho-humano-ES.pdf\u00bb button_text=\u00bbPara leer y descargar las contribuciones completas al llamado sobre el cuidado como derecho humano, haga clic aqu\u00ed.   \u00bb _builder_version=\u00bb4.21.0&#8243; _module_preset=\u00bbdefault\u00bb background_color=\u00bb#8300E9&#8243; button_alignment=\u00bbleft\u00bb global_colors_info=\u00bb{}\u00bb][\/et_pb_cta][\/et_pb_column][\/et_pb_row][et_pb_row _builder_version=\u00bb4.21.0&#8243; _module_preset=\u00bbdefault\u00bb global_colors_info=\u00bb{}\u00bb][et_pb_column type=\u00bb4_4&#8243; _builder_version=\u00bb4.21.0&#8243; _module_preset=\u00bbdefault\u00bb global_colors_info=\u00bb{}\u00bb][et_pb_text _builder_version=\u00bb4.21.0&#8243; _module_preset=\u00bbdefault\u00bb text_text_color=\u00bb#8300E9&#8243; global_colors_info=\u00bb{}\u00bb]\n<h2><span style=\"color: #8300e9;\"><strong>Reconocimiento<\/strong><\/span><\/h2>\n[\/et_pb_text][\/et_pb_column][\/et_pb_row][\/et_pb_section][et_pb_section fb_built=\u00bb1&#8243; _builder_version=\u00bb4.21.0&#8243; _module_preset=\u00bbdefault\u00bb global_colors_info=\u00bb{}\u00bb][et_pb_row _builder_version=\u00bb4.21.0&#8243; _module_preset=\u00bbdefault\u00bb global_colors_info=\u00bb{}\u00bb][et_pb_column type=\u00bb4_4&#8243; _builder_version=\u00bb4.21.0&#8243; _module_preset=\u00bbdefault\u00bb global_colors_info=\u00bb{}\u00bb][et_pb_text _builder_version=\u00bb4.21.0&#8243; _module_preset=\u00bbdefault\u00bb global_colors_info=\u00bb{}\u00bb]\n<p><span style=\"font-size: 14pt; color: #000000;\"><strong>A nivel global<\/strong>, gracias a la movilizaci\u00f3n hist\u00f3rica de las feministas en todo el mundo, el reconocimiento de la relevancia del cuidado y el apoyo, como trabajo y como derecho, en t\u00e9rminos de salarios, beneficios y condiciones laborales y de seguridad en general, est\u00e1 creciendo.<\/span><\/p>\n<p><em><span style=\"font-size: 14pt; color: #808080;\">El Objetivo 5.4 de la Agenda 2030, que busca \u00abreconocer y valorar el trabajo dom\u00e9stico y de cuidado no remunerado mediante la provisi\u00f3n de servicios p\u00fablicos, infraestructura y pol\u00edticas de protecci\u00f3n social, y la promoci\u00f3n de la responsabilidad compartida dentro del hogar y la familia seg\u00fan corresponda a nivel nacional\u00bb.<\/span><\/em><\/p>\n<p><em><span style=\"font-size: 14pt; color: #808080;\">\u00a0<\/span><\/em><span style=\"font-size: 14pt; color: #000000;\"><strong>A nivel nacional, <\/strong>hay avances en el reconocimiento y en la provisi\u00f3n de instrumentos para apoyar a las personas que proporcionan los cuidados, particularmente mujeres, a trav\u00e9s de mecanismos de protecci\u00f3n social.<\/span><\/p>\n<p><em><span style=\"font-size: 14pt; color: #808080;\">Las constituciones nacionales de Bolivia, la Rep\u00fablica Dominicana, Ecuador y Venezuela reconocen el trabajo dom\u00e9stico no remunerado, mientras que pa\u00edses como Argentina y Espa\u00f1a han aprobado disposiciones particulares. En Uruguay se estableci\u00f3 el Sistema Nacional Integrado de Cuidados y sus instancias operativas.<\/span><\/em><\/p>\n<p><em><span style=\"font-size: 14pt; color: #808080;\">Destaca la solicitud de Argentina, en enero de 2023 a la Corte Interamericana de Derechos Humanos para que emita una Opini\u00f3n Consultiva sobre el contenido y alcance del cuidado como un derecho humano, y su interrelaci\u00f3n con otros derechos, es un ejemplo importante de la creciente demanda para reconocer tanto el derecho al cuidado como los derechos de quienes brindan cuidado y el derecho al autocuidado.<\/span><\/em><\/p>\n[\/et_pb_text][\/et_pb_column][\/et_pb_row][et_pb_row _builder_version=\u00bb4.21.0&#8243; _module_preset=\u00bbdefault\u00bb global_colors_info=\u00bb{}\u00bb][et_pb_column type=\u00bb4_4&#8243; _builder_version=\u00bb4.21.0&#8243; _module_preset=\u00bbdefault\u00bb global_colors_info=\u00bb{}\u00bb][et_pb_text _builder_version=\u00bb4.21.0&#8243; _module_preset=\u00bbdefault\u00bb text_text_color=\u00bb#8300E9&#8243; global_colors_info=\u00bb{}\u00bb]\n<h2><span style=\"color: #8300e9;\"><strong>Pol\u00edticas y Medidas Concretas<\/strong><\/span><\/h2>\n[\/et_pb_text][\/et_pb_column][\/et_pb_row][\/et_pb_section][et_pb_section fb_built=\u00bb1&#8243; _builder_version=\u00bb4.21.0&#8243; _module_preset=\u00bbdefault\u00bb global_colors_info=\u00bb{}\u00bb][et_pb_row _builder_version=\u00bb4.21.0&#8243; _module_preset=\u00bbdefault\u00bb global_colors_info=\u00bb{}\u00bb][et_pb_column type=\u00bb4_4&#8243; _builder_version=\u00bb4.21.0&#8243; _module_preset=\u00bbdefault\u00bb global_colors_info=\u00bb{}\u00bb][et_pb_text _builder_version=\u00bb4.21.0&#8243; _module_preset=\u00bbdefault\u00bb global_colors_info=\u00bb{}\u00bb]\n<p><span style=\"font-size: 14pt; color: #000000;\"><strong>Implementar \u00absistemas de cuidado\u00bb<\/strong> que abarcan una visi\u00f3n m\u00e1s amplia e integral del cuidado como un derecho.<\/span><\/p>\n<p><em><span style=\"font-size: 14pt; color: #808080;\"><strong>La CEPAL y ONU Mujeres identifican cinco principios que deber\u00edan guiar la construcci\u00f3n de tales sistemas: el cuidado como un derecho, la universalidad, la co-responsabilidad social y de g\u00e9nero, la promoci\u00f3n de la autonom\u00eda y la solidaridad en la financiaci\u00f3n. <\/strong><\/span><\/em><\/p>\n<p><span style=\"font-size: 14pt; color: #000000;\"><strong>Abordar las desigualdades estructurales<\/strong> (g\u00e9nero, raza, estatus migratorio y otros) en la manera en que se percibe, estructura, distribuye, apoya y compensa el trabajo de cuidado, a trav\u00e9s de diferentes pol\u00edticas sectoriales (econ\u00f3micas, condiciones laborales, din\u00e1micas territoriales, educaci\u00f3n, etc.).<\/span><\/p>\n<p><span style=\"font-size: 14pt; color: #000000;\"><strong>Abordar el<\/strong> <strong>cruce entre el cuidado y las din\u00e1micas territoriales<\/strong>, garantizando la disponibilidad y acceso de servicios relacionados con el cuidado en todo el territorio, priorizando \u00e1reas hist\u00f3ricamente marginadas y subvirtiendo las din\u00e1micas de \u00abcentro x periferia\u00bb y abordando la dimensi\u00f3n \u00abprivado x p\u00fablico\u00bb.<\/span><\/p>\n<p><span style=\"font-size: 14pt; color: #000000;\"><strong>Fomentar alternativas econ\u00f3micas propuestas por la econom\u00eda social y solidaria<\/strong> <strong>o a trav\u00e9s del apoyo directo a redes comunitarias de cuidado<\/strong>, mediante la transferencia directa de recursos o la cogesti\u00f3n de espacios p\u00fablicos-comunitarios, promoviendo una participaci\u00f3n donde se tienen en cuenta los intereses generales y el equilibrio de poder.<\/span><\/p>\n<p><em><span style=\"font-size: 14pt; color: #808080;\">Las \u00abmanzanas del cuidado\u00bb de Bogot\u00e1 (Colombia) son un ejemplo paradigm\u00e1tico del cruce entre pol\u00edticas espaciales y de cuidado, avanzando en la territorializaci\u00f3n del sistema de cuidado del distrito de la ciudad, incorporando servicios e iniciativas de m\u00faltiples \u00e1reas gubernamentales y basado en el compromiso de avanzar en la justicia de g\u00e9nero y territorial.<\/span><\/em><\/p>\n[\/et_pb_text][\/et_pb_column][\/et_pb_row][et_pb_row _builder_version=\u00bb4.21.0&#8243; _module_preset=\u00bbdefault\u00bb global_colors_info=\u00bb{}\u00bb][et_pb_column type=\u00bb4_4&#8243; _builder_version=\u00bb4.21.0&#8243; _module_preset=\u00bbdefault\u00bb global_colors_info=\u00bb{}\u00bb][et_pb_text _builder_version=\u00bb4.21.0&#8243; _module_preset=\u00bbdefault\u00bb text_text_color=\u00bb#8300E9&#8243; global_colors_info=\u00bb{}\u00bb]\n<h2><span style=\"color: #8300e9;\"><strong>Desaf\u00edos de los Sistemas de Cuidados<\/strong><\/span><\/h2>\n[\/et_pb_text][\/et_pb_column][\/et_pb_row][\/et_pb_section][et_pb_section fb_built=\u00bb1&#8243; _builder_version=\u00bb4.21.0&#8243; _module_preset=\u00bbdefault\u00bb global_colors_info=\u00bb{}\u00bb][et_pb_row _builder_version=\u00bb4.21.0&#8243; _module_preset=\u00bbdefault\u00bb global_colors_info=\u00bb{}\u00bb][et_pb_column type=\u00bb4_4&#8243; _builder_version=\u00bb4.21.0&#8243; _module_preset=\u00bbdefault\u00bb global_colors_info=\u00bb{}\u00bb][et_pb_text _builder_version=\u00bb4.21.0&#8243; _module_preset=\u00bbdefault\u00bb global_colors_info=\u00bb{}\u00bb]\n<p><span style=\"font-size: 14pt; color: #000000;\">Uno de los principales desaf\u00edos es <strong>superar la falsa divisi\u00f3n entre la econom\u00eda considerada productiva (trabajo productivo) y todas aquellas tareas esenciales para sostener la vida y el funcionamiento del sistema econ\u00f3mico (trabajo reproductivo)<\/strong>, que elimina el cuidado en el imaginario colectivo, social y pol\u00edtico.<\/span><\/p>\n<p><span style=\"font-size: 14pt; color: #000000;\">Es necesario <strong>adaptar los sistemas de cuidado y apoyo a los contextos comunitarios y territoriale<\/strong>s, teniendo en cuenta tanto las demandas y necesidades locales como las infraestructuras de cuidado informales y\/o desintegradas ya existentes.<\/span><\/p>\n<p><span style=\"font-size: 14pt; color: #000000;\">Adem\u00e1s, es fundamental tener en cuenta los <strong>impactos<\/strong> adversos cada vez m\u00e1s frecuentes del <strong>cambio clim\u00e1tico<\/strong> en la vida de las poblaciones m\u00e1s marginadas y c\u00f3mo puede deteriorar el bienestar de quienes necesitan y proporcionan cuidado.<\/span><\/p>\n[\/et_pb_text][\/et_pb_column][\/et_pb_row][et_pb_row _builder_version=\u00bb4.21.0&#8243; _module_preset=\u00bbdefault\u00bb global_colors_info=\u00bb{}\u00bb][et_pb_column type=\u00bb4_4&#8243; _builder_version=\u00bb4.21.0&#8243; _module_preset=\u00bbdefault\u00bb global_colors_info=\u00bb{}\u00bb][et_pb_text _builder_version=\u00bb4.21.0&#8243; _module_preset=\u00bbdefault\u00bb text_text_color=\u00bb#8300E9&#8243; global_colors_info=\u00bb{}\u00bb]\n<h2><span style=\"color: #8300e9;\"><strong>Datos<\/strong><\/span><\/h2>\n[\/et_pb_text][\/et_pb_column][\/et_pb_row][\/et_pb_section][et_pb_section fb_built=\u00bb1&#8243; _builder_version=\u00bb4.21.0&#8243; _module_preset=\u00bbdefault\u00bb global_colors_info=\u00bb{}\u00bb][et_pb_row _builder_version=\u00bb4.21.0&#8243; _module_preset=\u00bbdefault\u00bb global_colors_info=\u00bb{}\u00bb][et_pb_column type=\u00bb4_4&#8243; _builder_version=\u00bb4.21.0&#8243; _module_preset=\u00bbdefault\u00bb global_colors_info=\u00bb{}\u00bb][et_pb_text _builder_version=\u00bb4.21.0&#8243; _module_preset=\u00bbdefault\u00bb global_colors_info=\u00bb{}\u00bb]\n<p><span style=\"font-size: 14pt; color: #000000;\">Es esencial desagregar los datos y cruzar diferentes categor\u00edas sociales y ambientales\u00a0 (g\u00e9nero, raza, territoriales) para comprender las m\u00faltiples realidades desiguales de las personas que necesitan y proporcionan cuidado.<\/span><\/p>\n<p><span style=\"color: #808080;\"><em><span style=\"font-size: 14pt;\">Por ejemplo, en Brasil, el trabajo dom\u00e9stico remunerado es la principal categor\u00eda ocupacional de cuidado, donde el 93% de su fuerza laboral son mujeres, y entre ellas, el 61% son mujeres negras (Secretar\u00eda Nacional de Cuidado y Familia, 2023). Sin considerar los cruces entre g\u00e9nero y raza, no es posible abordar completamente el contexto de cuidado en este pa\u00eds.<\/span><\/em><\/span><\/p>\n[\/et_pb_text][\/et_pb_column][\/et_pb_row][et_pb_row _builder_version=\u00bb4.21.0&#8243; _module_preset=\u00bbdefault\u00bb custom_margin=\u00bb||-10px||false|false\u00bb global_colors_info=\u00bb{}\u00bb][et_pb_column type=\u00bb4_4&#8243; _builder_version=\u00bb4.21.0&#8243; _module_preset=\u00bbdefault\u00bb global_colors_info=\u00bb{}\u00bb][et_pb_cta button_url=\u00bbhttps:\/\/www.right2city.org\/wp-content\/uploads\/2024\/04\/Aportaciones-de-la-PGDC-y-RIPESS-al-llamado-del-cuidado-como-derecho-humano-ES.pdf\u00bb button_text=\u00bbPara leer y descargar las contribuciones completas al llamado sobre el cuidado como derecho humano, haga clic aqu\u00ed.   \u00bb _builder_version=\u00bb4.21.0&#8243; _module_preset=\u00bbdefault\u00bb background_color=\u00bb#8300E9&#8243; button_alignment=\u00bbleft\u00bb global_colors_info=\u00bb{}\u00bb][\/et_pb_cta][\/et_pb_column][\/et_pb_row][\/et_pb_section]\n","protected":false},"featured_media":70298,"template":"","meta":{"_acf_changed":false,"_et_pb_use_builder":"on","_et_pb_old_content":"","_et_gb_content_width":"","cybocfi_hide_featured_image":""},"categories":[],"themes":[1062,121,127],"agendas_globales":[],"class_list":["post-70303","news","type-news","status-publish","has-post-thumbnail","hentry","themes-cuidados","themes-economias-diversas-e-inclusivas","themes-igualdad-de-genero"],"acf":[],"yoast_head":"<!-- This site is optimized with the Yoast SEO plugin v27.5 - https:\/\/yoast.com\/product\/yoast-seo-wordpress\/ -->\n<title>Contribuciones de Ripess y PGDC a la Convocatoria de Cuidado como Derecho Humano - Right to the city<\/title>\n<meta name=\"robots\" content=\"index, follow, max-snippet:-1, max-image-preview:large, max-video-preview:-1\" \/>\n<link rel=\"canonical\" href=\"https:\/\/www.right2city.org\/es\/news\/ripess-and-gpr2c-contributions-to-the-call-on-care-as-a-human-right\/\" \/>\n<meta property=\"og:locale\" content=\"es_ES\" \/>\n<meta property=\"og:type\" content=\"article\" \/>\n<meta property=\"og:title\" content=\"Contribuciones de Ripess y PGDC a la Convocatoria de Cuidado como Derecho Humano - Right to the city\" \/>\n<meta property=\"og:description\" content=\"El pasado 13 de abril de 2024, Ripess (Red Intercontinental para la Promoci\u00f3n de la Econom\u00eda Social y Solidaria) y la Plataforma Global por el Derecho a la Ciudad respondieron al llamado a contribuciones para un taller de expertos y un estudio tem\u00e1tico integral sobre la dimensi\u00f3n de los derechos humanos del cuidado y apoyo, [&hellip;]\" \/>\n<meta property=\"og:url\" content=\"https:\/\/www.right2city.org\/es\/news\/ripess-and-gpr2c-contributions-to-the-call-on-care-as-a-human-right\/\" \/>\n<meta property=\"og:site_name\" content=\"Right to the city\" \/>\n<meta property=\"article:modified_time\" content=\"2024-04-29T11:44:39+00:00\" \/>\n<meta property=\"og:image\" content=\"https:\/\/www.right2city.org\/wp-content\/uploads\/2024\/04\/pexels-pixabay-220731-3.jpg\" \/>\n\t<meta property=\"og:image:width\" content=\"812\" \/>\n\t<meta property=\"og:image:height\" content=\"681\" \/>\n\t<meta property=\"og:image:type\" content=\"image\/jpeg\" \/>\n<meta name=\"twitter:card\" content=\"summary_large_image\" \/>\n<meta name=\"twitter:label1\" content=\"Tiempo de lectura\" \/>\n\t<meta name=\"twitter:data1\" content=\"6 minutos\" \/>\n<script type=\"application\/ld+json\" class=\"yoast-schema-graph\">{\"@context\":\"https:\\\/\\\/schema.org\",\"@graph\":[{\"@type\":\"WebPage\",\"@id\":\"https:\\\/\\\/www.right2city.org\\\/es\\\/news\\\/ripess-and-gpr2c-contributions-to-the-call-on-care-as-a-human-right\\\/\",\"url\":\"https:\\\/\\\/www.right2city.org\\\/es\\\/news\\\/ripess-and-gpr2c-contributions-to-the-call-on-care-as-a-human-right\\\/\",\"name\":\"Contribuciones de Ripess y PGDC a la Convocatoria de Cuidado como Derecho Humano - Right to the city\",\"isPartOf\":{\"@id\":\"https:\\\/\\\/www.right2city.org\\\/es\\\/#website\"},\"primaryImageOfPage\":{\"@id\":\"https:\\\/\\\/www.right2city.org\\\/es\\\/news\\\/ripess-and-gpr2c-contributions-to-the-call-on-care-as-a-human-right\\\/#primaryimage\"},\"image\":{\"@id\":\"https:\\\/\\\/www.right2city.org\\\/es\\\/news\\\/ripess-and-gpr2c-contributions-to-the-call-on-care-as-a-human-right\\\/#primaryimage\"},\"thumbnailUrl\":\"https:\\\/\\\/www.right2city.org\\\/wp-content\\\/uploads\\\/2024\\\/04\\\/pexels-pixabay-220731-3.jpg\",\"datePublished\":\"2024-04-29T11:10:50+00:00\",\"dateModified\":\"2024-04-29T11:44:39+00:00\",\"breadcrumb\":{\"@id\":\"https:\\\/\\\/www.right2city.org\\\/es\\\/news\\\/ripess-and-gpr2c-contributions-to-the-call-on-care-as-a-human-right\\\/#breadcrumb\"},\"inLanguage\":\"es\",\"potentialAction\":[{\"@type\":\"ReadAction\",\"target\":[\"https:\\\/\\\/www.right2city.org\\\/es\\\/news\\\/ripess-and-gpr2c-contributions-to-the-call-on-care-as-a-human-right\\\/\"]}]},{\"@type\":\"ImageObject\",\"inLanguage\":\"es\",\"@id\":\"https:\\\/\\\/www.right2city.org\\\/es\\\/news\\\/ripess-and-gpr2c-contributions-to-the-call-on-care-as-a-human-right\\\/#primaryimage\",\"url\":\"https:\\\/\\\/www.right2city.org\\\/wp-content\\\/uploads\\\/2024\\\/04\\\/pexels-pixabay-220731-3.jpg\",\"contentUrl\":\"https:\\\/\\\/www.right2city.org\\\/wp-content\\\/uploads\\\/2024\\\/04\\\/pexels-pixabay-220731-3.jpg\",\"width\":812,\"height\":681},{\"@type\":\"BreadcrumbList\",\"@id\":\"https:\\\/\\\/www.right2city.org\\\/es\\\/news\\\/ripess-and-gpr2c-contributions-to-the-call-on-care-as-a-human-right\\\/#breadcrumb\",\"itemListElement\":[{\"@type\":\"ListItem\",\"position\":1,\"name\":\"Home\",\"item\":\"https:\\\/\\\/www.right2city.org\\\/es\\\/\"},{\"@type\":\"ListItem\",\"position\":2,\"name\":\"Noticias\",\"item\":\"https:\\\/\\\/www.right2city.org\\\/es\\\/news\\\/\"},{\"@type\":\"ListItem\",\"position\":3,\"name\":\"Contribuciones de Ripess y PGDC a la Convocatoria de Cuidado como Derecho Humano\"}]},{\"@type\":\"WebSite\",\"@id\":\"https:\\\/\\\/www.right2city.org\\\/es\\\/#website\",\"url\":\"https:\\\/\\\/www.right2city.org\\\/es\\\/\",\"name\":\"Right to the city\",\"description\":\"Global Platform for the Right to the City\",\"potentialAction\":[{\"@type\":\"SearchAction\",\"target\":{\"@type\":\"EntryPoint\",\"urlTemplate\":\"https:\\\/\\\/www.right2city.org\\\/es\\\/?s={search_term_string}\"},\"query-input\":{\"@type\":\"PropertyValueSpecification\",\"valueRequired\":true,\"valueName\":\"search_term_string\"}}],\"inLanguage\":\"es\"}]}<\/script>\n<!-- \/ Yoast SEO plugin. -->","yoast_head_json":{"title":"Contribuciones de Ripess y PGDC a la Convocatoria de Cuidado como Derecho Humano - Right to the city","robots":{"index":"index","follow":"follow","max-snippet":"max-snippet:-1","max-image-preview":"max-image-preview:large","max-video-preview":"max-video-preview:-1"},"canonical":"https:\/\/www.right2city.org\/es\/news\/ripess-and-gpr2c-contributions-to-the-call-on-care-as-a-human-right\/","og_locale":"es_ES","og_type":"article","og_title":"Contribuciones de Ripess y PGDC a la Convocatoria de Cuidado como Derecho Humano - Right to the city","og_description":"El pasado 13 de abril de 2024, Ripess (Red Intercontinental para la Promoci\u00f3n de la Econom\u00eda Social y Solidaria) y la Plataforma Global por el Derecho a la Ciudad respondieron al llamado a contribuciones para un taller de expertos y un estudio tem\u00e1tico integral sobre la dimensi\u00f3n de los derechos humanos del cuidado y apoyo, [&hellip;]","og_url":"https:\/\/www.right2city.org\/es\/news\/ripess-and-gpr2c-contributions-to-the-call-on-care-as-a-human-right\/","og_site_name":"Right to the city","article_modified_time":"2024-04-29T11:44:39+00:00","og_image":[{"width":812,"height":681,"url":"https:\/\/www.right2city.org\/wp-content\/uploads\/2024\/04\/pexels-pixabay-220731-3.jpg","type":"image\/jpeg"}],"twitter_card":"summary_large_image","twitter_misc":{"Tiempo de lectura":"6 minutos"},"schema":{"@context":"https:\/\/schema.org","@graph":[{"@type":"WebPage","@id":"https:\/\/www.right2city.org\/es\/news\/ripess-and-gpr2c-contributions-to-the-call-on-care-as-a-human-right\/","url":"https:\/\/www.right2city.org\/es\/news\/ripess-and-gpr2c-contributions-to-the-call-on-care-as-a-human-right\/","name":"Contribuciones de Ripess y PGDC a la Convocatoria de Cuidado como Derecho Humano - Right to the city","isPartOf":{"@id":"https:\/\/www.right2city.org\/es\/#website"},"primaryImageOfPage":{"@id":"https:\/\/www.right2city.org\/es\/news\/ripess-and-gpr2c-contributions-to-the-call-on-care-as-a-human-right\/#primaryimage"},"image":{"@id":"https:\/\/www.right2city.org\/es\/news\/ripess-and-gpr2c-contributions-to-the-call-on-care-as-a-human-right\/#primaryimage"},"thumbnailUrl":"https:\/\/www.right2city.org\/wp-content\/uploads\/2024\/04\/pexels-pixabay-220731-3.jpg","datePublished":"2024-04-29T11:10:50+00:00","dateModified":"2024-04-29T11:44:39+00:00","breadcrumb":{"@id":"https:\/\/www.right2city.org\/es\/news\/ripess-and-gpr2c-contributions-to-the-call-on-care-as-a-human-right\/#breadcrumb"},"inLanguage":"es","potentialAction":[{"@type":"ReadAction","target":["https:\/\/www.right2city.org\/es\/news\/ripess-and-gpr2c-contributions-to-the-call-on-care-as-a-human-right\/"]}]},{"@type":"ImageObject","inLanguage":"es","@id":"https:\/\/www.right2city.org\/es\/news\/ripess-and-gpr2c-contributions-to-the-call-on-care-as-a-human-right\/#primaryimage","url":"https:\/\/www.right2city.org\/wp-content\/uploads\/2024\/04\/pexels-pixabay-220731-3.jpg","contentUrl":"https:\/\/www.right2city.org\/wp-content\/uploads\/2024\/04\/pexels-pixabay-220731-3.jpg","width":812,"height":681},{"@type":"BreadcrumbList","@id":"https:\/\/www.right2city.org\/es\/news\/ripess-and-gpr2c-contributions-to-the-call-on-care-as-a-human-right\/#breadcrumb","itemListElement":[{"@type":"ListItem","position":1,"name":"Home","item":"https:\/\/www.right2city.org\/es\/"},{"@type":"ListItem","position":2,"name":"Noticias","item":"https:\/\/www.right2city.org\/es\/news\/"},{"@type":"ListItem","position":3,"name":"Contribuciones de Ripess y PGDC a la Convocatoria de Cuidado como Derecho Humano"}]},{"@type":"WebSite","@id":"https:\/\/www.right2city.org\/es\/#website","url":"https:\/\/www.right2city.org\/es\/","name":"Right to the city","description":"Global Platform for the Right to the City","potentialAction":[{"@type":"SearchAction","target":{"@type":"EntryPoint","urlTemplate":"https:\/\/www.right2city.org\/es\/?s={search_term_string}"},"query-input":{"@type":"PropertyValueSpecification","valueRequired":true,"valueName":"search_term_string"}}],"inLanguage":"es"}]}},"_links":{"self":[{"href":"https:\/\/www.right2city.org\/es\/wp-json\/wp\/v2\/news\/70303","targetHints":{"allow":["GET"]}}],"collection":[{"href":"https:\/\/www.right2city.org\/es\/wp-json\/wp\/v2\/news"}],"about":[{"href":"https:\/\/www.right2city.org\/es\/wp-json\/wp\/v2\/types\/news"}],"wp:featuredmedia":[{"embeddable":true,"href":"https:\/\/www.right2city.org\/es\/wp-json\/wp\/v2\/media\/70298"}],"wp:attachment":[{"href":"https:\/\/www.right2city.org\/es\/wp-json\/wp\/v2\/media?parent=70303"}],"wp:term":[{"taxonomy":"category","embeddable":true,"href":"https:\/\/www.right2city.org\/es\/wp-json\/wp\/v2\/categories?post=70303"},{"taxonomy":"themes","embeddable":true,"href":"https:\/\/www.right2city.org\/es\/wp-json\/wp\/v2\/themes?post=70303"},{"taxonomy":"agendas_globales","embeddable":true,"href":"https:\/\/www.right2city.org\/es\/wp-json\/wp\/v2\/agendas_globales?post=70303"}],"curies":[{"name":"wp","href":"https:\/\/api.w.org\/{rel}","templated":true}]}}