{"id":60141,"date":"2021-06-25T10:42:58","date_gmt":"2021-06-25T08:42:58","guid":{"rendered":"https:\/\/www.right2city.org\/?p=60141"},"modified":"2021-07-13T12:42:29","modified_gmt":"2021-07-13T10:42:29","slug":"la-pgdc-en-el-foro-politico-de-alto-nivel-2021","status":"publish","type":"post","link":"https:\/\/www.right2city.org\/es\/la-pgdc-en-el-foro-politico-de-alto-nivel-2021\/","title":{"rendered":"La PGDC en el Foro Pol\u00edtico de Alto Nivel 2021"},"content":{"rendered":"<p>&nbsp;<\/p>\n<p><strong>La PGDC participar\u00e1 en el Foro Pol\u00edtico de Alto Nivel de 2021 sobre desarrollo sostenible (6-15 de julio) para hacer un llamamiento urgente a las Naciones Unidas y a todas las instituciones internacionales, regionales, nacionales y locales, as\u00ed como a las organizaciones de la sociedad civil, para que renueven sus compromisos con la implementaci\u00f3n del Derecho a la Ciudad, los ODS y la NAU para una recuperaci\u00f3n equitativa del COVID-19<\/strong>, con un enfoque en las comunidades vulnerables; reforzando la alineaci\u00f3n entre las agendas globales con un enfoque territorial y de Derechos Humanos; y arrojando luz sobre el papel clave de la sociedad civil y los gobiernos locales en la recuperaci\u00f3n del COVID-19.<\/p>\n<p><strong>El impacto global de la pandemia del COVID-19 ha exacerbado a\u00fan m\u00e1s las antiguas desigualdades econ\u00f3micas, sociales y territoriales.<\/strong> Las marcadas diferencias en las respuestas actuales de los Estados de todo el mundo atestiguan que el proceso de recuperaci\u00f3n est\u00e1 profundizando las desigualdades al tiempo que se basa en gran medida en estrategias obsoletas que aumentan la deuda, la exclusi\u00f3n y la explotaci\u00f3n de los recursos naturales. Para revertir las crecientes desigualdades, reivindicamos el <strong>paradigma del Derecho a la Ciudad<\/strong>: arraigado en un enfoque de Derechos Humanos y territorial, centrado en los m\u00e1s vulnerables y con la sociedad civil y los gobiernos locales como actores clave.<\/p>\n<h4 style=\"text-align: right;\"><span style=\"font-size: 14pt; color: #993366;\"><em>Lanzamos un llamamiento urgente a las Naciones Unidas y a todas las instituciones internacionales, regionales, nacionales y locales, as\u00ed como a las organizaciones de la sociedad civil, <strong>para que renueven sus compromisos con la aplicaci\u00f3n del Derecho a la Ciudad, los ODS y la NUA para una recuperaci\u00f3n equitativa de la COVID-19<\/strong><\/em><\/span><\/h4>\n<p>&nbsp;<\/p>\n<table style=\"height: 176px; width: 99.0926%; border-style: solid; background-color: #ffc876;\">\n<tbody>\n<tr style=\"height: 161px;\">\n<td style=\"height: 161px;\">\n<p style=\"padding-left: 40px; text-align: left;\"><strong><span style=\"color: #993366; font-size: 14pt;\">Recursos relevantes del Derecho a la Ciudad:<\/span><\/strong><\/p>\n<ul style=\"text-align: left;\">\n<li><span style=\"font-size: 12pt;\"><strong><a href=\"https:\/\/www.right2city.org\/wp-content\/uploads\/2019\/09\/A6.1_Agenda-del-derecho-a-la-ciudad.pdf\" target=\"_blank\" rel=\"noopener noreferrer\">Agenda del Derecho a la Ciudad: <span id=\"page724R_mcid4\" class=\"markedContent\"><span dir=\"ltr\">Para la implementaci\u00f3n de la <\/span><\/span><span id=\"page724R_mcid5\" class=\"markedContent\"><\/span><span id=\"page724R_mcid6\" class=\"markedContent\"><span dir=\"ltr\">Agenda 2030 para el Desarrollo <\/span><\/span><span id=\"page724R_mcid7\" class=\"markedContent\"><span dir=\"ltr\">Sostenible y la Nueva Agenda Urbana<\/span><\/span><\/a><\/strong><\/span><\/li>\n<li><span style=\"font-size: 12pt;\"><a href=\"https:\/\/www.right2city.org\/es\/derecho-a-la-ciudad-hoja-de-ruta-por-la-justicia-climatica\/\" target=\"_blank\" rel=\"noopener noreferrer\"><strong>Derecho a la Ciudad: Hoja de Ruta por la Justicia Clim\u00e1tica<\/strong><\/a><\/span><\/li>\n<li><a href=\"https:\/\/www.right2city.org\/news\/womens-right-to-the-city-manifesto\/#:~:text=A%20CITY%20that%20guarantees%20parity,and%20resources%20for%20their%20agendas\"><span style=\"font-size: 12pt;\"><span style=\"font-size: 10pt;\"><strong><span style=\"font-size: 12pt;\">Manifiesto por El Derecho a la Ciudad de las Mujeres<\/span><\/strong><\/span><\/span><\/a><\/li>\n<\/ul>\n<\/td>\n<\/tr>\n<\/tbody>\n<\/table>\n<p>&nbsp;<\/p>\n<p><span style=\"font-size: 14pt; color: #993366;\"><strong>Agenda<\/strong><\/span><\/p>\n<p>Para lograr estos objetivos, la PGDC acoger\u00e1 y coorganizar\u00e1 los siguientes eventos:<\/p>\n<p><img loading=\"lazy\" decoding=\"async\" class=\"alignnone size-full wp-image-60236\" src=\"https:\/\/www.right2city.org\/wp-content\/uploads\/2021\/06\/GPR2C-HLPF-2021-Agenda_ES.png\" alt=\"\" width=\"1920\" height=\"1080\" srcset=\"https:\/\/www.right2city.org\/wp-content\/uploads\/2021\/06\/GPR2C-HLPF-2021-Agenda_ES.png 1920w, https:\/\/www.right2city.org\/wp-content\/uploads\/2021\/06\/GPR2C-HLPF-2021-Agenda_ES-1280x720.png 1280w, https:\/\/www.right2city.org\/wp-content\/uploads\/2021\/06\/GPR2C-HLPF-2021-Agenda_ES-980x551.png 980w, https:\/\/www.right2city.org\/wp-content\/uploads\/2021\/06\/GPR2C-HLPF-2021-Agenda_ES-480x270.png 480w\" sizes=\"(min-width: 0px) and (max-width: 480px) 480px, (min-width: 481px) and (max-width: 980px) 980px, (min-width: 981px) and (max-width: 1280px) 1280px, (min-width: 1281px) 1920px, 100vw\" \/><\/p>\n<ul>\n<li><strong>6 de julio<\/strong>, 07:30h-9h AM (hora de Nueva York): <a href=\"https:\/\/sustainabledevelopment.un.org\/index.php?page=view&amp;type=20000&amp;nr=7413&amp;menu=2993\" target=\"_blank\" rel=\"noopener noreferrer\"><strong>Visiones para una recuperaci\u00f3n justa y transformadora<\/strong><\/a>. <em>Organizadores<\/em>: Rosa Luxemburg Stiftung &#8211; Oficina de Nueva York.<\/li>\n<li><strong>7 de julio<\/strong>, 13:00h-14:30h (hora de Nueva York): <a href=\"https:\/\/sustainabledevelopment.un.org\/index.php?page=view&amp;type=20000&amp;nr=7488&amp;menu=2993\" target=\"_blank\" rel=\"noopener noreferrer\"><strong>Asociarse a trav\u00e9s de la cultura, el patrimonio y el arte para una recuperaci\u00f3n resiliente e inclusiva<\/strong><\/a>. <em>Organizadores<\/em>: Federaci\u00f3n Internacional de Asociaciones de Bibliotecarios y Bibliotecas.<\/li>\n<li><strong>8 de julio<\/strong>, 07:30h-9h (hora de Nueva York): <strong>Overcoming inequalities through the COVID-19 recovery: proposals from the Social and Solidarity Economy and the Right to the City <em>-Superando las desigualdades a trav\u00e9s de la recuperaci\u00f3n COVID-19: propuestas desde la Econom\u00eda Social y Solidaria y el Derecho a la Ciudad-<\/em><\/strong>. <em>Organizadores<\/em>: GPR2C y RIPESS. [<a href=\"https:\/\/sustainabledevelopment.un.org\/index.php?page=view&amp;type=20000&amp;nr=7530&amp;menu=2993\" target=\"_blank\" rel=\"noopener noreferrer\">Click aqu\u00ed para registrarse<\/a>].<\/li>\n<\/ul>\n<p>El evento paralelo reunir\u00e1 a una diversidad de actores (gobiernos, organizaciones de la sociedad civil, organizaciones internacionales, acad\u00e9micos) para discutir las posibilidades que presenta la Econom\u00eda Social y Solidaria para contribuir a la reducci\u00f3n de las desigualdades en el marco de los esfuerzos de reconstrucci\u00f3n durante y despu\u00e9s de la pandemia de COVID-19. El debate se centrar\u00e1 en ejemplos concretos de m\u00faltiples \u00e1mbitos (vivienda, producci\u00f3n y consumo de alimentos, servicios b\u00e1sicos y otros) desde la perspectiva del Derecho a la Ciudad y en el marco del avance de la implementaci\u00f3n de la Agenda 2030, en particular en lo que respecta a los ODS 10, 1, 2, 8, 3, 12 y 13 (entre los que se discutir\u00e1n durante el HLPF 2021).<\/p>\n<p><strong>La interpretaci\u00f3n estar\u00e1 disponible en ingl\u00e9s y espa\u00f1ol.<\/strong><\/p>\n<p><img loading=\"lazy\" decoding=\"async\" class=\"alignnone size-full wp-image-60192\" src=\"https:\/\/www.right2city.org\/wp-content\/uploads\/2021\/06\/Flyer_Side-Event_HLPF_Ripess_GPR2C_ES.png\" alt=\"\" width=\"1600\" height=\"900\" srcset=\"https:\/\/www.right2city.org\/wp-content\/uploads\/2021\/06\/Flyer_Side-Event_HLPF_Ripess_GPR2C_ES.png 1600w, https:\/\/www.right2city.org\/wp-content\/uploads\/2021\/06\/Flyer_Side-Event_HLPF_Ripess_GPR2C_ES-1280x720.png 1280w, https:\/\/www.right2city.org\/wp-content\/uploads\/2021\/06\/Flyer_Side-Event_HLPF_Ripess_GPR2C_ES-980x551.png 980w, https:\/\/www.right2city.org\/wp-content\/uploads\/2021\/06\/Flyer_Side-Event_HLPF_Ripess_GPR2C_ES-480x270.png 480w\" sizes=\"(min-width: 0px) and (max-width: 480px) 480px, (min-width: 481px) and (max-width: 980px) 980px, (min-width: 981px) and (max-width: 1280px) 1280px, (min-width: 1281px) 1600px, 100vw\" \/><\/p>\n<ul>\n<li><strong>8 de julio<\/strong>, 07:30h-9h AM (hora de Nueva York): <a href=\"https:\/\/sustainabledevelopment.un.org\/index.php?page=view&amp;type=20000&amp;nr=7515&amp;menu=2993\" target=\"_blank\" rel=\"noopener noreferrer\"><strong>Visualizaci\u00f3n de los ODS en las ciudades<\/strong><\/a>. <em>Organizadores<\/em>: CGLU.<\/li>\n<li><strong>9 de julio<\/strong>, 13:00h-14:30h (hora de Nueva York): <strong>Habitat Voices: El futuro es hoy<\/strong>. <em>Organizadores<\/em>: HIC. <em>Registro<\/em>: POR CONFIRMAR.<\/li>\n<li><strong>12 de julio<\/strong>, 13:00h-14:30h (hora de Nueva York): <strong>COVID-19 Recuperaci\u00f3n en \u00e1reas urbanas: Construyendo ciudades sostenibles e inclusivas<\/strong>. <em>Organizadores<\/em>: H\u00e1bitat para la Humanidad Internacional. <em>Registro<\/em>: POR CONFIRMAR.<\/li>\n<li><strong>13 de julio<\/strong>, 13:00h-14:30h (hora de Nueva York): <strong>Construyendo ciudades para todos hacia una d\u00e9cada de acci\u00f3n<\/strong>. <em>Organizadores<\/em>: Fundaci\u00f3n V\u00edctor Pineda (World Enabled). <a href=\"https:\/\/us02web.zoom.us\/webinar\/register\/WN_KAu1ax5kRw2e2wYQgfvwqQ\" target=\"_blank\" rel=\"noopener noreferrer\"><em>Registro<\/em> a trav\u00e9s de este enlace<\/a>.<\/li>\n<\/ul>\n<p>&nbsp;<\/p>\n<p><strong><span style=\"font-size: 14pt; color: #993366;\">Acerca del Foro Pol\u00edtico de Alto Nivel 2021<\/span><\/strong><\/p>\n<p>El <a href=\"https:\/\/sustainabledevelopment.un.org\/hlpf\/2020\" target=\"_blank\" rel=\"noopener noreferrer\">Foro Pol\u00edtico de Alto Nivel<\/a> (HLPF) es la principal plataforma de las Naciones Unidas para el seguimiento y la revisi\u00f3n de la Agenda 2030 para el Desarrollo Sostenible y sus 17 Objetivos de Desarrollo Sostenible. La reuni\u00f3n del HLPF en 2021 se celebrar\u00e1 del <strong>martes 6 de julio al jueves 15 de julio de 2021<\/strong>, bajo los auspicios del <a href=\"https:\/\/www.un.org\/ecosoc\/en\" target=\"_blank\" rel=\"noopener noreferrer\">Consejo Econ\u00f3mico y Social<\/a>. Esto incluye la reuni\u00f3n ministerial de tres d\u00edas del foro, del <strong>martes 13 de julio al jueves 15 de julio de 2021<\/strong>.<\/p>\n<p>El HLPF debatir\u00e1 las formas de garantizar una recuperaci\u00f3n sostenible y resiliente de la COVID-19 que nos sit\u00fae en el camino de la realizaci\u00f3n de la Agenda 2030. Bajo el tema <em><strong>\u00abRecuperaci\u00f3n sostenible y resistente de la pandemia del COVID-19 que promueva las dimensiones econ\u00f3mica, social y medioambiental del desarrollo sostenible: Construyendo un camino inclusivo y eficaz para la consecuci\u00f3n de la Agenda 2030 en el contexto de la d\u00e9cada de acci\u00f3n y ejecuci\u00f3n para el desarrollo sostenible\u00bb<\/strong>, el foro se centrar\u00e1 en temas clave para avanzar hacia ciudades y asentamientos humanos m\u00e1s justos y sostenibles, como la no pobreza (ODS 1), el hambre cero (ODS 2), el trabajo decente y el crecimiento econ\u00f3mico (ODS 8), la reducci\u00f3n de las desigualdades (ODS 10), la acci\u00f3n clim\u00e1tica (ODS 13) y otros.<\/em><\/p>\n","protected":false},"excerpt":{"rendered":"<p>&nbsp; La PGDC participar\u00e1 en el Foro Pol\u00edtico de Alto Nivel de 2021 sobre desarrollo sostenible (6-15 de julio) para hacer un llamamiento urgente a las Naciones Unidas y a todas las instituciones internacionales, regionales, nacionales y locales, as\u00ed como a las organizaciones de la sociedad civil, para que renueven sus compromisos con la implementaci\u00f3n [&hellip;]<\/p>\n","protected":false},"author":4,"featured_media":60255,"comment_status":"closed","ping_status":"closed","sticky":false,"template":"","format":"standard","meta":{"_acf_changed":false,"_et_pb_use_builder":"off","_et_pb_old_content":"","_et_gb_content_width":"","cybocfi_hide_featured_image":"","footnotes":""},"categories":[137],"tags":[],"themes":[122,125,121,126,127,114,123,124],"agendas_globales":[260,256,266],"class_list":["post-60141","post","type-post","status-publish","format-standard","has-post-thumbnail","hentry","category-campaigns","themes-calidad-de-espacios-publicos-y-servicios","themes-ciudadania-inclusiva","themes-economias-diversas-e-inclusivas","themes-funcion-social","themes-igualdad-de-genero","themes-mayor-participacion-politica","themes-no-discriminacion","themes-vinculos-rurales-locales","agendas_globales-habitat-iii-nau","agendas_globales-hlpf-sdgs-es","agendas_globales-odss"],"acf":[],"yoast_head":"<!-- This site is optimized with the Yoast SEO plugin v27.4 - https:\/\/yoast.com\/product\/yoast-seo-wordpress\/ -->\n<title>La PGDC en el Foro Pol\u00edtico de Alto Nivel 2021 - Right to the city<\/title>\n<meta name=\"robots\" content=\"index, follow, max-snippet:-1, max-image-preview:large, max-video-preview:-1\" \/>\n<link rel=\"canonical\" href=\"https:\/\/www.right2city.org\/es\/la-pgdc-en-el-foro-politico-de-alto-nivel-2021\/\" \/>\n<meta property=\"og:locale\" content=\"es_ES\" \/>\n<meta property=\"og:type\" content=\"article\" \/>\n<meta property=\"og:title\" content=\"La PGDC en el Foro Pol\u00edtico de Alto Nivel 2021 - Right to the city\" \/>\n<meta property=\"og:description\" content=\"&nbsp; La PGDC participar\u00e1 en el Foro Pol\u00edtico de Alto Nivel de 2021 sobre desarrollo sostenible (6-15 de julio) para hacer un llamamiento urgente a las Naciones Unidas y a todas las instituciones internacionales, regionales, nacionales y locales, as\u00ed como a las organizaciones de la sociedad civil, para que renueven sus compromisos con la implementaci\u00f3n [&hellip;]\" \/>\n<meta property=\"og:url\" content=\"https:\/\/www.right2city.org\/es\/la-pgdc-en-el-foro-politico-de-alto-nivel-2021\/\" \/>\n<meta property=\"og:site_name\" content=\"Right to the city\" \/>\n<meta property=\"article:published_time\" content=\"2021-06-25T08:42:58+00:00\" \/>\n<meta property=\"article:modified_time\" content=\"2021-07-13T10:42:29+00:00\" \/>\n<meta property=\"og:image\" content=\"https:\/\/www.right2city.org\/wp-content\/uploads\/2021\/06\/Banner-web_HLPF_2021_ES.png\" \/>\n\t<meta property=\"og:image:width\" content=\"3000\" \/>\n\t<meta property=\"og:image:height\" content=\"1200\" \/>\n\t<meta property=\"og:image:type\" content=\"image\/png\" \/>\n<meta name=\"author\" content=\"Isabel\" \/>\n<meta name=\"twitter:card\" content=\"summary_large_image\" \/>\n<meta name=\"twitter:label1\" content=\"Escrito por\" \/>\n\t<meta name=\"twitter:data1\" content=\"Isabel\" \/>\n\t<meta name=\"twitter:label2\" content=\"Tiempo de lectura\" \/>\n\t<meta name=\"twitter:data2\" content=\"5 minutos\" \/>\n<script type=\"application\/ld+json\" class=\"yoast-schema-graph\">{\"@context\":\"https:\\\/\\\/schema.org\",\"@graph\":[{\"@type\":\"Article\",\"@id\":\"https:\\\/\\\/www.right2city.org\\\/es\\\/la-pgdc-en-el-foro-politico-de-alto-nivel-2021\\\/#article\",\"isPartOf\":{\"@id\":\"https:\\\/\\\/www.right2city.org\\\/es\\\/la-pgdc-en-el-foro-politico-de-alto-nivel-2021\\\/\"},\"author\":{\"name\":\"Isabel\",\"@id\":\"https:\\\/\\\/www.right2city.org\\\/es\\\/#\\\/schema\\\/person\\\/ca06ee30b7a0bc74f0b5c66a6e1c1a62\"},\"headline\":\"La PGDC en el Foro Pol\u00edtico de Alto Nivel 2021\",\"datePublished\":\"2021-06-25T08:42:58+00:00\",\"dateModified\":\"2021-07-13T10:42:29+00:00\",\"mainEntityOfPage\":{\"@id\":\"https:\\\/\\\/www.right2city.org\\\/es\\\/la-pgdc-en-el-foro-politico-de-alto-nivel-2021\\\/\"},\"wordCount\":946,\"image\":{\"@id\":\"https:\\\/\\\/www.right2city.org\\\/es\\\/la-pgdc-en-el-foro-politico-de-alto-nivel-2021\\\/#primaryimage\"},\"thumbnailUrl\":\"https:\\\/\\\/www.right2city.org\\\/wp-content\\\/uploads\\\/2021\\\/06\\\/Banner-web_HLPF_2021_ES.png\",\"articleSection\":[\"Campa\u00f1as\"],\"inLanguage\":\"es\"},{\"@type\":\"WebPage\",\"@id\":\"https:\\\/\\\/www.right2city.org\\\/es\\\/la-pgdc-en-el-foro-politico-de-alto-nivel-2021\\\/\",\"url\":\"https:\\\/\\\/www.right2city.org\\\/es\\\/la-pgdc-en-el-foro-politico-de-alto-nivel-2021\\\/\",\"name\":\"La PGDC en el Foro Pol\u00edtico de Alto Nivel 2021 - Right to the city\",\"isPartOf\":{\"@id\":\"https:\\\/\\\/www.right2city.org\\\/es\\\/#website\"},\"primaryImageOfPage\":{\"@id\":\"https:\\\/\\\/www.right2city.org\\\/es\\\/la-pgdc-en-el-foro-politico-de-alto-nivel-2021\\\/#primaryimage\"},\"image\":{\"@id\":\"https:\\\/\\\/www.right2city.org\\\/es\\\/la-pgdc-en-el-foro-politico-de-alto-nivel-2021\\\/#primaryimage\"},\"thumbnailUrl\":\"https:\\\/\\\/www.right2city.org\\\/wp-content\\\/uploads\\\/2021\\\/06\\\/Banner-web_HLPF_2021_ES.png\",\"datePublished\":\"2021-06-25T08:42:58+00:00\",\"dateModified\":\"2021-07-13T10:42:29+00:00\",\"author\":{\"@id\":\"https:\\\/\\\/www.right2city.org\\\/es\\\/#\\\/schema\\\/person\\\/ca06ee30b7a0bc74f0b5c66a6e1c1a62\"},\"breadcrumb\":{\"@id\":\"https:\\\/\\\/www.right2city.org\\\/es\\\/la-pgdc-en-el-foro-politico-de-alto-nivel-2021\\\/#breadcrumb\"},\"inLanguage\":\"es\",\"potentialAction\":[{\"@type\":\"ReadAction\",\"target\":[\"https:\\\/\\\/www.right2city.org\\\/es\\\/la-pgdc-en-el-foro-politico-de-alto-nivel-2021\\\/\"]}]},{\"@type\":\"ImageObject\",\"inLanguage\":\"es\",\"@id\":\"https:\\\/\\\/www.right2city.org\\\/es\\\/la-pgdc-en-el-foro-politico-de-alto-nivel-2021\\\/#primaryimage\",\"url\":\"https:\\\/\\\/www.right2city.org\\\/wp-content\\\/uploads\\\/2021\\\/06\\\/Banner-web_HLPF_2021_ES.png\",\"contentUrl\":\"https:\\\/\\\/www.right2city.org\\\/wp-content\\\/uploads\\\/2021\\\/06\\\/Banner-web_HLPF_2021_ES.png\",\"width\":3000,\"height\":1200},{\"@type\":\"BreadcrumbList\",\"@id\":\"https:\\\/\\\/www.right2city.org\\\/es\\\/la-pgdc-en-el-foro-politico-de-alto-nivel-2021\\\/#breadcrumb\",\"itemListElement\":[{\"@type\":\"ListItem\",\"position\":1,\"name\":\"Home\",\"item\":\"https:\\\/\\\/www.right2city.org\\\/es\\\/\"},{\"@type\":\"ListItem\",\"position\":2,\"name\":\"Campa\u00f1as\",\"item\":\"https:\\\/\\\/www.right2city.org\\\/es\\\/category\\\/campaigns\\\/\"},{\"@type\":\"ListItem\",\"position\":3,\"name\":\"La PGDC en el Foro Pol\u00edtico de Alto Nivel 2021\"}]},{\"@type\":\"WebSite\",\"@id\":\"https:\\\/\\\/www.right2city.org\\\/es\\\/#website\",\"url\":\"https:\\\/\\\/www.right2city.org\\\/es\\\/\",\"name\":\"Right to the city\",\"description\":\"Global Platform for the Right to the City\",\"potentialAction\":[{\"@type\":\"SearchAction\",\"target\":{\"@type\":\"EntryPoint\",\"urlTemplate\":\"https:\\\/\\\/www.right2city.org\\\/es\\\/?s={search_term_string}\"},\"query-input\":{\"@type\":\"PropertyValueSpecification\",\"valueRequired\":true,\"valueName\":\"search_term_string\"}}],\"inLanguage\":\"es\"},{\"@type\":\"Person\",\"@id\":\"https:\\\/\\\/www.right2city.org\\\/es\\\/#\\\/schema\\\/person\\\/ca06ee30b7a0bc74f0b5c66a6e1c1a62\",\"name\":\"Isabel\",\"image\":{\"@type\":\"ImageObject\",\"inLanguage\":\"es\",\"@id\":\"https:\\\/\\\/secure.gravatar.com\\\/avatar\\\/65592f2710b6683f3e86280c6039713b6fd75859d29253aed30fb3fc82036e4b?s=96&d=mm&r=g\",\"url\":\"https:\\\/\\\/secure.gravatar.com\\\/avatar\\\/65592f2710b6683f3e86280c6039713b6fd75859d29253aed30fb3fc82036e4b?s=96&d=mm&r=g\",\"contentUrl\":\"https:\\\/\\\/secure.gravatar.com\\\/avatar\\\/65592f2710b6683f3e86280c6039713b6fd75859d29253aed30fb3fc82036e4b?s=96&d=mm&r=g\",\"caption\":\"Isabel\"},\"url\":\"https:\\\/\\\/www.right2city.org\\\/es\\\/author\\\/isabel-hic\\\/\"}]}<\/script>\n<!-- \/ Yoast SEO plugin. -->","yoast_head_json":{"title":"La PGDC en el Foro Pol\u00edtico de Alto Nivel 2021 - Right to the city","robots":{"index":"index","follow":"follow","max-snippet":"max-snippet:-1","max-image-preview":"max-image-preview:large","max-video-preview":"max-video-preview:-1"},"canonical":"https:\/\/www.right2city.org\/es\/la-pgdc-en-el-foro-politico-de-alto-nivel-2021\/","og_locale":"es_ES","og_type":"article","og_title":"La PGDC en el Foro Pol\u00edtico de Alto Nivel 2021 - Right to the city","og_description":"&nbsp; La PGDC participar\u00e1 en el Foro Pol\u00edtico de Alto Nivel de 2021 sobre desarrollo sostenible (6-15 de julio) para hacer un llamamiento urgente a las Naciones Unidas y a todas las instituciones internacionales, regionales, nacionales y locales, as\u00ed como a las organizaciones de la sociedad civil, para que renueven sus compromisos con la implementaci\u00f3n [&hellip;]","og_url":"https:\/\/www.right2city.org\/es\/la-pgdc-en-el-foro-politico-de-alto-nivel-2021\/","og_site_name":"Right to the city","article_published_time":"2021-06-25T08:42:58+00:00","article_modified_time":"2021-07-13T10:42:29+00:00","og_image":[{"width":3000,"height":1200,"url":"https:\/\/www.right2city.org\/wp-content\/uploads\/2021\/06\/Banner-web_HLPF_2021_ES.png","type":"image\/png"}],"author":"Isabel","twitter_card":"summary_large_image","twitter_misc":{"Escrito por":"Isabel","Tiempo de lectura":"5 minutos"},"schema":{"@context":"https:\/\/schema.org","@graph":[{"@type":"Article","@id":"https:\/\/www.right2city.org\/es\/la-pgdc-en-el-foro-politico-de-alto-nivel-2021\/#article","isPartOf":{"@id":"https:\/\/www.right2city.org\/es\/la-pgdc-en-el-foro-politico-de-alto-nivel-2021\/"},"author":{"name":"Isabel","@id":"https:\/\/www.right2city.org\/es\/#\/schema\/person\/ca06ee30b7a0bc74f0b5c66a6e1c1a62"},"headline":"La PGDC en el Foro Pol\u00edtico de Alto Nivel 2021","datePublished":"2021-06-25T08:42:58+00:00","dateModified":"2021-07-13T10:42:29+00:00","mainEntityOfPage":{"@id":"https:\/\/www.right2city.org\/es\/la-pgdc-en-el-foro-politico-de-alto-nivel-2021\/"},"wordCount":946,"image":{"@id":"https:\/\/www.right2city.org\/es\/la-pgdc-en-el-foro-politico-de-alto-nivel-2021\/#primaryimage"},"thumbnailUrl":"https:\/\/www.right2city.org\/wp-content\/uploads\/2021\/06\/Banner-web_HLPF_2021_ES.png","articleSection":["Campa\u00f1as"],"inLanguage":"es"},{"@type":"WebPage","@id":"https:\/\/www.right2city.org\/es\/la-pgdc-en-el-foro-politico-de-alto-nivel-2021\/","url":"https:\/\/www.right2city.org\/es\/la-pgdc-en-el-foro-politico-de-alto-nivel-2021\/","name":"La PGDC en el Foro Pol\u00edtico de Alto Nivel 2021 - Right to the city","isPartOf":{"@id":"https:\/\/www.right2city.org\/es\/#website"},"primaryImageOfPage":{"@id":"https:\/\/www.right2city.org\/es\/la-pgdc-en-el-foro-politico-de-alto-nivel-2021\/#primaryimage"},"image":{"@id":"https:\/\/www.right2city.org\/es\/la-pgdc-en-el-foro-politico-de-alto-nivel-2021\/#primaryimage"},"thumbnailUrl":"https:\/\/www.right2city.org\/wp-content\/uploads\/2021\/06\/Banner-web_HLPF_2021_ES.png","datePublished":"2021-06-25T08:42:58+00:00","dateModified":"2021-07-13T10:42:29+00:00","author":{"@id":"https:\/\/www.right2city.org\/es\/#\/schema\/person\/ca06ee30b7a0bc74f0b5c66a6e1c1a62"},"breadcrumb":{"@id":"https:\/\/www.right2city.org\/es\/la-pgdc-en-el-foro-politico-de-alto-nivel-2021\/#breadcrumb"},"inLanguage":"es","potentialAction":[{"@type":"ReadAction","target":["https:\/\/www.right2city.org\/es\/la-pgdc-en-el-foro-politico-de-alto-nivel-2021\/"]}]},{"@type":"ImageObject","inLanguage":"es","@id":"https:\/\/www.right2city.org\/es\/la-pgdc-en-el-foro-politico-de-alto-nivel-2021\/#primaryimage","url":"https:\/\/www.right2city.org\/wp-content\/uploads\/2021\/06\/Banner-web_HLPF_2021_ES.png","contentUrl":"https:\/\/www.right2city.org\/wp-content\/uploads\/2021\/06\/Banner-web_HLPF_2021_ES.png","width":3000,"height":1200},{"@type":"BreadcrumbList","@id":"https:\/\/www.right2city.org\/es\/la-pgdc-en-el-foro-politico-de-alto-nivel-2021\/#breadcrumb","itemListElement":[{"@type":"ListItem","position":1,"name":"Home","item":"https:\/\/www.right2city.org\/es\/"},{"@type":"ListItem","position":2,"name":"Campa\u00f1as","item":"https:\/\/www.right2city.org\/es\/category\/campaigns\/"},{"@type":"ListItem","position":3,"name":"La PGDC en el Foro Pol\u00edtico de Alto Nivel 2021"}]},{"@type":"WebSite","@id":"https:\/\/www.right2city.org\/es\/#website","url":"https:\/\/www.right2city.org\/es\/","name":"Right to the city","description":"Global Platform for the Right to the City","potentialAction":[{"@type":"SearchAction","target":{"@type":"EntryPoint","urlTemplate":"https:\/\/www.right2city.org\/es\/?s={search_term_string}"},"query-input":{"@type":"PropertyValueSpecification","valueRequired":true,"valueName":"search_term_string"}}],"inLanguage":"es"},{"@type":"Person","@id":"https:\/\/www.right2city.org\/es\/#\/schema\/person\/ca06ee30b7a0bc74f0b5c66a6e1c1a62","name":"Isabel","image":{"@type":"ImageObject","inLanguage":"es","@id":"https:\/\/secure.gravatar.com\/avatar\/65592f2710b6683f3e86280c6039713b6fd75859d29253aed30fb3fc82036e4b?s=96&d=mm&r=g","url":"https:\/\/secure.gravatar.com\/avatar\/65592f2710b6683f3e86280c6039713b6fd75859d29253aed30fb3fc82036e4b?s=96&d=mm&r=g","contentUrl":"https:\/\/secure.gravatar.com\/avatar\/65592f2710b6683f3e86280c6039713b6fd75859d29253aed30fb3fc82036e4b?s=96&d=mm&r=g","caption":"Isabel"},"url":"https:\/\/www.right2city.org\/es\/author\/isabel-hic\/"}]}},"_links":{"self":[{"href":"https:\/\/www.right2city.org\/es\/wp-json\/wp\/v2\/posts\/60141","targetHints":{"allow":["GET"]}}],"collection":[{"href":"https:\/\/www.right2city.org\/es\/wp-json\/wp\/v2\/posts"}],"about":[{"href":"https:\/\/www.right2city.org\/es\/wp-json\/wp\/v2\/types\/post"}],"author":[{"embeddable":true,"href":"https:\/\/www.right2city.org\/es\/wp-json\/wp\/v2\/users\/4"}],"replies":[{"embeddable":true,"href":"https:\/\/www.right2city.org\/es\/wp-json\/wp\/v2\/comments?post=60141"}],"version-history":[{"count":12,"href":"https:\/\/www.right2city.org\/es\/wp-json\/wp\/v2\/posts\/60141\/revisions"}],"predecessor-version":[{"id":60375,"href":"https:\/\/www.right2city.org\/es\/wp-json\/wp\/v2\/posts\/60141\/revisions\/60375"}],"wp:featuredmedia":[{"embeddable":true,"href":"https:\/\/www.right2city.org\/es\/wp-json\/wp\/v2\/media\/60255"}],"wp:attachment":[{"href":"https:\/\/www.right2city.org\/es\/wp-json\/wp\/v2\/media?parent=60141"}],"wp:term":[{"taxonomy":"category","embeddable":true,"href":"https:\/\/www.right2city.org\/es\/wp-json\/wp\/v2\/categories?post=60141"},{"taxonomy":"post_tag","embeddable":true,"href":"https:\/\/www.right2city.org\/es\/wp-json\/wp\/v2\/tags?post=60141"},{"taxonomy":"themes","embeddable":true,"href":"https:\/\/www.right2city.org\/es\/wp-json\/wp\/v2\/themes?post=60141"},{"taxonomy":"agendas_globales","embeddable":true,"href":"https:\/\/www.right2city.org\/es\/wp-json\/wp\/v2\/agendas_globales?post=60141"}],"curies":[{"name":"wp","href":"https:\/\/api.w.org\/{rel}","templated":true}]}}