{"id":62115,"date":"2021-11-05T15:13:26","date_gmt":"2021-11-05T13:13:26","guid":{"rendered":"https:\/\/www.right2city.org\/?p=62115"},"modified":"2021-12-16T13:50:10","modified_gmt":"2021-12-16T11:50:10","slug":"la-ciudad-como-un-bien-comun-un-pilar-del-derecho-a-la-ciudad","status":"publish","type":"post","link":"https:\/\/www.right2city.org\/es\/la-ciudad-como-un-bien-comun-un-pilar-del-derecho-a-la-ciudad\/","title":{"rendered":"La Ciudad como un Bien Com\u00fan: Un pilar del Derecho a la Ciudad"},"content":{"rendered":"[et_pb_section fb_built=\u00bb1&#8243; fullwidth=\u00bbon\u00bb admin_label=\u00bbHero Section\u00bb _builder_version=\u00bb3.22&#8243; background_color=\u00bb#233b4e\u00bb parallax=\u00bbon\u00bb custom_padding=\u00bb0px|0px|0px|0px\u00bb][et_pb_fullwidth_header text_orientation=\u00bbcenter\u00bb header_fullscreen=\u00bbon\u00bb header_scroll_down=\u00bbon\u00bb background_overlay_color=\u00bbrgba(0,0,0,0)\u00bb content_max_width=\u00bb700px\u00bb admin_label=\u00bbHero\u00bb _builder_version=\u00bb4.3.2&#8243; title_font=\u00bbOswald|on||on|\u00bb title_font_size=\u00bb80px\u00bb title_line_height=\u00bb1.3em\u00bb content_font=\u00bbRoboto||||\u00bb content_font_size=\u00bb20px\u00bb content_line_height=\u00bb1.7em\u00bb background_color=\u00bbrgba(255,255,255,0)\u00bb background_enable_image=\u00bboff\u00bb parallax=\u00bbon\u00bb parallax_method=\u00bbon\u00bb background_video_mp4=\u00bbhttps:\/\/www.right2city.org\/wp-content\/uploads\/2021\/11\/ES_Banner_Download-TP_R2C-as-a-Common-Good.mp4&#8243; custom_button_one=\u00bbon\u00bb button_one_border_radius=\u00bb0px\u00bb button_one_letter_spacing=\u00bb4px\u00bb button_one_font=\u00bbOswald|on||on|\u00bb button_one_icon=\u00bb%%3%%\u00bb button_one_icon_color=\u00bb#ffffff\u00bb custom_button_two=\u00bbon\u00bb button_two_custom_margin=\u00bb||-137px||false|false\u00bb min_height=\u00bb682px\u00bb custom_margin=\u00bb0px||||false|false\u00bb animation_style=\u00bbzoom\u00bb animation_direction=\u00bbbottom\u00bb animation_intensity_zoom=\u00bb4%\u00bb button_one_text_color_hover=\u00bb#ffffff\u00bb button_one_border_color_hover=\u00bb#ffffff\u00bb button_one_border_radius_hover=\u00bb0px\u00bb button_one_letter_spacing_hover=\u00bb4px\u00bb button_one_bg_color_hover=\u00bbrgba(0,0,0,0)\u00bb button_one_text_size__hover_enabled=\u00bboff\u00bb button_two_text_size__hover_enabled=\u00bboff\u00bb button_one_text_color__hover_enabled=\u00bbon|desktop\u00bb button_one_text_color__hover=\u00bb#ffffff\u00bb button_two_text_color__hover_enabled=\u00bboff\u00bb button_one_border_width__hover_enabled=\u00bboff\u00bb button_two_border_width__hover_enabled=\u00bboff\u00bb button_one_border_color__hover_enabled=\u00bbon\u00bb button_one_border_color__hover=\u00bb#ffffff\u00bb button_two_border_color__hover_enabled=\u00bboff\u00bb button_one_border_radius__hover_enabled=\u00bbon\u00bb button_one_border_radius__hover=\u00bb0px\u00bb button_two_border_radius__hover_enabled=\u00bboff\u00bb button_one_letter_spacing__hover_enabled=\u00bbon\u00bb button_one_letter_spacing__hover=\u00bb4px\u00bb button_two_letter_spacing__hover_enabled=\u00bboff\u00bb button_one_bg_color__hover_enabled=\u00bbon\u00bb button_one_bg_color__hover=\u00bbrgba(0,0,0,0)\u00bb button_two_bg_color__hover_enabled=\u00bboff\u00bb button_one_text__hover_enabled=\u00bbon|desktop\u00bb][\/et_pb_fullwidth_header][\/et_pb_section][et_pb_section fb_built=\u00bb1&#8243; _builder_version=\u00bb4.3.2&#8243;][et_pb_row _builder_version=\u00bb4.3.2&#8243;][et_pb_column type=\u00bb4_4&#8243; _builder_version=\u00bb4.3.2&#8243;][et_pb_cta title=\u00bbCon motivo de la COP26, la Plataforma Global por el Derecho a la Ciudad reclama: \u00bb _builder_version=\u00bb4.3.2&#8243; header_font=\u00bbRoboto||||||||\u00bb body_font=\u00bbRoboto Condensed||||||||\u00bb body_font_size=\u00bb20px\u00bb background_color=\u00bb#448180&#8243; background_image=\u00bbhttps:\/\/www.right2city.org\/wp-content\/uploads\/2021\/11\/FDOSr4HXMAQMpC9-e1636116496790.jpg\u00bb]\n<p><span style=\"font-weight: 400;\"><span class=\"VIiyi\" jsaction=\"mouseup:BR6jm\" jsname=\"jqKxS\" lang=\"es\"><span jsaction=\"agoMJf:PFBcW;usxOmf:aWLT7;jhKsnd:P7O7bd,F8DmGf;Q4AGo:Gm7gYd,qAKMYb;uFUCPb:pvnm0e,pfE8Hb,PFBcW;f56efd:dJXsye;EnoYf:KNzws,ZJsZZ,JgVSJc;zdMJQc:cCQNKb,ZJsZZ,zchEXc;Ytrrj:JJDvdc;tNR8yc:GeFvjb;oFN6Ye:hij5Wb;bmeZHc:iURhpf;Oxj3Xe:qAKMYb,yaf12d\" jsname=\"txFAF\" class=\"JLqJ4b ChMk0b\" data-language-for-alternatives=\"es\" data-language-to-translate-into=\"en\" data-phrase-index=\"0\" data-number-of-phrases=\"2\" jscontroller=\"Zl5N8\" jsdata=\"uqLsIf;_;$51\" jsmodel=\"SsMkhd\"><span jsaction=\"click:qtZ4nf,GFf3ac,tMZCfe; contextmenu:Nqw7Te,QP7LD; mouseout:Nqw7Te; mouseover:qtZ4nf,c2aHje\" jsname=\"W297wb\">Existe una necesidad urgente de que los gobiernos y la sociedad en todos los niveles reconsideren profundamente el modelo de desarrollo urbano dominante y la naturaleza de las ciudades que ha engendrado para corregir la emergencia clim\u00e1tica en curso.<\/span><\/span> <span jsaction=\"agoMJf:PFBcW;usxOmf:aWLT7;jhKsnd:P7O7bd,F8DmGf;Q4AGo:Gm7gYd,qAKMYb;uFUCPb:pvnm0e,pfE8Hb,PFBcW;f56efd:dJXsye;EnoYf:KNzws,ZJsZZ,JgVSJc;zdMJQc:cCQNKb,ZJsZZ,zchEXc;Ytrrj:JJDvdc;tNR8yc:GeFvjb;oFN6Ye:hij5Wb;bmeZHc:iURhpf;Oxj3Xe:qAKMYb,yaf12d\" jsname=\"txFAF\" class=\"JLqJ4b ChMk0b\" data-language-for-alternatives=\"es\" data-language-to-translate-into=\"en\" data-phrase-index=\"1\" data-number-of-phrases=\"2\" jscontroller=\"Zl5N8\" jsdata=\"uqLsIf;_;$52\" jsmodel=\"SsMkhd\"><span jsaction=\"click:qtZ4nf,GFf3ac,tMZCfe; contextmenu:Nqw7Te,QP7LD; mouseout:Nqw7Te; mouseover:qtZ4nf,c2aHje\" jsname=\"W297wb\">Dicho cambio de paradigma deber\u00eda avanzar hacia modelos m\u00e1s colectivos y equitativos para la gesti\u00f3n y distribuci\u00f3n de recursos, partiendo del enfoque singular en la propiedad privada hacia un mayor \u00e9nfasis en el acceso colectivo a los bienes comunes.<\/span><\/span><\/span> <\/span><\/p>\n[\/et_pb_cta][\/et_pb_column][\/et_pb_row][\/et_pb_section][et_pb_section fb_built=\u00bb1&#8243; _builder_version=\u00bb4.3.2&#8243;][et_pb_row column_structure=\u00bb1_3,1_3,1_3&#8243; _builder_version=\u00bb4.3.2&#8243;][et_pb_column type=\u00bb1_3&#8243; _builder_version=\u00bb4.3.2&#8243;][et_pb_button button_url=\u00bbhttps:\/\/www.dezeen.com\/2021\/07\/19\/cop26-climate-conference-cities-built-environment-day\/\u00bb url_new_window=\u00bbon\u00bb button_text=\u00bbD\u00eda de las Ciudades, Regiones y el Entorno construido \u00bb button_alignment=\u00bbcenter\u00bb _builder_version=\u00bb4.3.2&#8243; custom_button=\u00bbon\u00bb button_text_size=\u00bb22px\u00bb button_text_color=\u00bb#ffffff\u00bb button_bg_color=\u00bb#448180&#8243;][\/et_pb_button][\/et_pb_column][et_pb_column type=\u00bb1_3&#8243; _builder_version=\u00bb4.3.2&#8243;][et_pb_button button_url=\u00bb#form\u00bb button_text=\u00bb\u00a1Desc\u00e1rgalo ahora!\u00bb button_alignment=\u00bbcenter\u00bb _builder_version=\u00bb4.3.2&#8243; custom_button=\u00bbon\u00bb button_text_size=\u00bb27px\u00bb button_text_color=\u00bb#ffffff\u00bb button_bg_color=\u00bb#ea6d49&#8243;][\/et_pb_button][\/et_pb_column][et_pb_column type=\u00bb1_3&#8243; _builder_version=\u00bb4.3.2&#8243;][et_pb_button button_url=\u00bbhttps:\/\/ukcop26.org\/uk-presidency\/what-is-a-cop\/\u00bb url_new_window=\u00bbon\u00bb button_text=\u00bb\u00bfQu\u00e9 es una COP?\u00bb button_alignment=\u00bbcenter\u00bb _builder_version=\u00bb4.3.2&#8243; custom_button=\u00bbon\u00bb button_text_size=\u00bb27px\u00bb button_text_color=\u00bb#ffffff\u00bb button_bg_color=\u00bb#32277c\u00bb][\/et_pb_button][\/et_pb_column][\/et_pb_row][\/et_pb_section][et_pb_section fb_built=\u00bb1&#8243; _builder_version=\u00bb3.22&#8243; custom_padding=\u00bb110px||110px|\u00bb][et_pb_row column_structure=\u00bb1_2,1_2&#8243; _builder_version=\u00bb3.25&#8243;][et_pb_column type=\u00bb1_2&#8243; _builder_version=\u00bb3.25&#8243; custom_padding=\u00bb|||\u00bb custom_padding__hover=\u00bb|||\u00bb][et_pb_text admin_label=\u00bbDiscover Beatuty Sub Title\u00bb _builder_version=\u00bb4.3.2&#8243; text_font=\u00bbRoboto|300|||||||\u00bb text_text_color=\u00bb#1a1a1a\u00bb text_font_size=\u00bb24px\u00bb text_line_height=\u00bb1.4em\u00bb custom_padding=\u00bb1px||0px|||\u00bb animation_style=\u00bbslide\u00bb animation_direction=\u00bbtop\u00bb animation_intensity_slide=\u00bb10%\u00bb]\n<div class=\"J0lOec\">\n<div class=\"J0lOec\"><span class=\"VIiyi\" jsaction=\"mouseup:BR6jm\" jsname=\"jqKxS\" lang=\"es\"><span jsaction=\"agoMJf:PFBcW;usxOmf:aWLT7;jhKsnd:P7O7bd,F8DmGf;Q4AGo:Gm7gYd,qAKMYb;uFUCPb:pvnm0e,pfE8Hb,PFBcW;f56efd:dJXsye;EnoYf:KNzws,ZJsZZ,JgVSJc;zdMJQc:cCQNKb,ZJsZZ,zchEXc;Ytrrj:JJDvdc;tNR8yc:GeFvjb;oFN6Ye:hij5Wb;bmeZHc:iURhpf;Oxj3Xe:qAKMYb,yaf12d\" jsname=\"txFAF\" class=\"JLqJ4b ChMk0b\" data-language-for-alternatives=\"es\" data-language-to-translate-into=\"en\" data-phrase-index=\"0\" data-number-of-phrases=\"2\" jscontroller=\"Zl5N8\" jsdata=\"uqLsIf;_;$44\" jsmodel=\"SsMkhd\"><span jsaction=\"click:qtZ4nf,GFf3ac,tMZCfe; contextmenu:Nqw7Te,QP7LD; mouseout:Nqw7Te; mouseover:qtZ4nf,c2aHje\" jsname=\"W297wb\">El 11 de noviembre, cuando la Conferencia de las Naciones Unidas sobre el Cambio Clim\u00e1tico (COP26) celebra, por primera vez, un d\u00eda dedicado al <strong>entorno construido<\/strong>, insistimos en que para abordar los efectos del cambio clim\u00e1tico de forma justa y equitativa, nuestras ciudades<\/span><\/span> <span jsaction=\"agoMJf:PFBcW;usxOmf:aWLT7;jhKsnd:P7O7bd,F8DmGf;Q4AGo:Gm7gYd,qAKMYb;uFUCPb:pvnm0e,pfE8Hb,PFBcW;f56efd:dJXsye;EnoYf:KNzws,ZJsZZ,JgVSJc;zdMJQc:cCQNKb,ZJsZZ,zchEXc;Ytrrj:JJDvdc;tNR8yc:GeFvjb;oFN6Ye:hij5Wb;bmeZHc:iURhpf;Oxj3Xe:qAKMYb,yaf12d\" jsname=\"txFAF\" class=\"JLqJ4b ChMk0b\" data-language-for-alternatives=\"es\" data-language-to-translate-into=\"en\" data-phrase-index=\"1\" data-number-of-phrases=\"2\" jscontroller=\"Zl5N8\" jsdata=\"uqLsIf;_;$45\" jsmodel=\"SsMkhd\"><span jsaction=\"click:qtZ4nf,GFf3ac,tMZCfe; contextmenu:Nqw7Te,QP7LD; mouseout:Nqw7Te; mouseover:qtZ4nf,c2aHje\" jsname=\"W297wb\">y los territorios deben mirar m\u00e1s all\u00e1 de los componentes f\u00edsicos y materiales y entenderse como Bienes Comunes.<\/span><\/span><\/span>\u00a0<\/div>\n<\/div>\n[\/et_pb_text][et_pb_text admin_label=\u00bbDiscover Beatuty Sub Title\u00bb _builder_version=\u00bb4.3.2&#8243; text_font=\u00bbRoboto|300|||||||\u00bb text_text_color=\u00bb#1a1a1a\u00bb text_font_size=\u00bb24px\u00bb text_line_height=\u00bb1.4em\u00bb animation_style=\u00bbslide\u00bb animation_direction=\u00bbtop\u00bb animation_intensity_slide=\u00bb10%\u00bb]\n<div class=\"J0lOec\"><span class=\"VIiyi\" jsaction=\"mouseup:BR6jm\" jsname=\"jqKxS\" lang=\"es\"><span jsaction=\"agoMJf:PFBcW;usxOmf:aWLT7;jhKsnd:P7O7bd,F8DmGf;Q4AGo:Gm7gYd,qAKMYb;uFUCPb:pvnm0e,pfE8Hb,PFBcW;f56efd:dJXsye;EnoYf:KNzws,ZJsZZ,JgVSJc;zdMJQc:cCQNKb,ZJsZZ,zchEXc;Ytrrj:JJDvdc;tNR8yc:GeFvjb;oFN6Ye:hij5Wb;bmeZHc:iURhpf;Oxj3Xe:qAKMYb,yaf12d\" jsname=\"txFAF\" class=\"JLqJ4b ChMk0b\" data-language-for-alternatives=\"es\" data-language-to-translate-into=\"en\" data-phrase-index=\"0\" data-number-of-phrases=\"2\" jscontroller=\"Zl5N8\" jsdata=\"uqLsIf;_;$69\" jsmodel=\"SsMkhd\"><span jsaction=\"click:qtZ4nf,GFf3ac,tMZCfe; contextmenu:Nqw7Te,QP7LD; mouseout:Nqw7Te; mouseover:qtZ4nf,c2aHje\" jsname=\"W297wb\">En este sentido, <strong>la Plataforma Global por el Derecho a la Ciudad (PGDC) lanza hoy el Documento Tem\u00e1tico \u201cLa Ciudad como Bien Com\u00fan: Un pilar del Derecho a la Ciudad\u201d<\/strong>, que busca dialogar con la noci\u00f3n de procom\u00fan desde la<\/span><\/span> <span jsaction=\"agoMJf:PFBcW;usxOmf:aWLT7;jhKsnd:P7O7bd,F8DmGf;Q4AGo:Gm7gYd,qAKMYb;uFUCPb:pvnm0e,pfE8Hb,PFBcW;f56efd:dJXsye;EnoYf:KNzws,ZJsZZ,JgVSJc;zdMJQc:cCQNKb,ZJsZZ,zchEXc;Ytrrj:JJDvdc;tNR8yc:GeFvjb;oFN6Ye:hij5Wb;bmeZHc:iURhpf;Oxj3Xe:qAKMYb,yaf12d\" jsname=\"txFAF\" class=\"JLqJ4b ChMk0b\" data-language-for-alternatives=\"es\" data-language-to-translate-into=\"en\" data-phrase-index=\"1\" data-number-of-phrases=\"2\" jscontroller=\"Zl5N8\" jsdata=\"uqLsIf;_;$70\" jsmodel=\"SsMkhd\"><span jsaction=\"click:qtZ4nf,GFf3ac,tMZCfe; contextmenu:Nqw7Te,QP7LD; mouseout:Nqw7Te; mouseover:qtZ4nf,c2aHje\" jsname=\"W297wb\">perspectiva del Derecho a la Ciudad, destacando caminos y experiencias para avanzar en marcos legales, de gobernanza y comunitarios que permitan comunidades m\u00e1s justas y democr\u00e1ticas.<\/span><\/span><\/span> <span class=\"zEswK\"><\/span><\/div>\n[\/et_pb_text][et_pb_button button_url=\u00bb#form\u00bb button_text=\u00bb\u00a1Consigue tu Documento Tem\u00e1tico hoy!\u00bb button_alignment=\u00bbcenter\u00bb _builder_version=\u00bb4.3.2&#8243; custom_button=\u00bbon\u00bb button_text_size=\u00bb27px\u00bb button_text_color=\u00bb#ffffff\u00bb button_bg_color=\u00bb#ea6d49&#8243;][\/et_pb_button][et_pb_text admin_label=\u00bbDiscover Beatuty Sub Title\u00bb _builder_version=\u00bb4.3.2&#8243; text_font=\u00bbRoboto|300|||||||\u00bb text_text_color=\u00bb#1a1a1a\u00bb text_font_size=\u00bb24px\u00bb text_line_height=\u00bb1.4em\u00bb animation_style=\u00bbslide\u00bb animation_direction=\u00bbtop\u00bb animation_intensity_slide=\u00bb10%\u00bb]\n<div class=\"J0lOec\"><span class=\"VIiyi\" jsaction=\"mouseup:BR6jm\" jsname=\"jqKxS\" lang=\"es\"><span jsaction=\"agoMJf:PFBcW;usxOmf:aWLT7;jhKsnd:P7O7bd,F8DmGf;Q4AGo:Gm7gYd,qAKMYb;uFUCPb:pvnm0e,pfE8Hb,PFBcW;f56efd:dJXsye;EnoYf:KNzws,ZJsZZ,JgVSJc;zdMJQc:cCQNKb,ZJsZZ,zchEXc;Ytrrj:JJDvdc;tNR8yc:GeFvjb;oFN6Ye:hij5Wb;bmeZHc:iURhpf;Oxj3Xe:qAKMYb,yaf12d\" jsname=\"txFAF\" class=\"JLqJ4b ChMk0b\" data-language-for-alternatives=\"es\" data-language-to-translate-into=\"en\" data-phrase-index=\"0\" data-number-of-phrases=\"1\" jscontroller=\"Zl5N8\" jsdata=\"uqLsIf;_;$82\" jsmodel=\"SsMkhd\"><span jsaction=\"click:qtZ4nf,GFf3ac,tMZCfe; contextmenu:Nqw7Te,QP7LD; mouseout:Nqw7Te; mouseover:qtZ4nf,c2aHje\" jsname=\"W297wb\">Reclamar la ciudad como bien com\u00fan, implica desarrollar <strong>un nuevo paradigma<\/strong> que incide en la dimensi\u00f3n material, pol\u00edtica y simb\u00f3lica de nuestras comunidades, tocando la distribuci\u00f3n de recursos, modelos de gobernanza y relaciones entre habitantes.<\/span><\/span><\/span> <span class=\"zEswK\"><\/span><\/div>\n[\/et_pb_text][\/et_pb_column][et_pb_column type=\u00bb1_2&#8243; _builder_version=\u00bb3.25&#8243; custom_padding=\u00bb|||\u00bb custom_padding__hover=\u00bb|||\u00bb][et_pb_text admin_label=\u00bbDiscover Beatuty Title\u00bb _builder_version=\u00bb4.3.2&#8243; text_font=\u00bb||||\u00bb text_text_color=\u00bb#1a1a1a\u00bb header_font=\u00bbOswald|on||on|\u00bb header_text_align=\u00bbright\u00bb header_font_size=\u00bb60px\u00bb header_line_height=\u00bb1.3em\u00bb animation_style=\u00bbslide\u00bb animation_direction=\u00bbtop\u00bb animation_intensity_slide=\u00bb10%\u00bb]\n<h1 class=\"J0lOec\"><span class=\"VIiyi\" jsaction=\"mouseup:BR6jm\" jsname=\"jqKxS\" lang=\"es\"><span jsaction=\"agoMJf:PFBcW;usxOmf:aWLT7;jhKsnd:P7O7bd,F8DmGf;Q4AGo:Gm7gYd,qAKMYb;uFUCPb:pvnm0e,pfE8Hb,PFBcW;f56efd:dJXsye;EnoYf:KNzws,ZJsZZ,JgVSJc;zdMJQc:cCQNKb,ZJsZZ,zchEXc;Ytrrj:JJDvdc;tNR8yc:GeFvjb;oFN6Ye:hij5Wb;bmeZHc:iURhpf;Oxj3Xe:qAKMYb,yaf12d\" jsname=\"txFAF\" class=\"JLqJ4b ChMk0b\" data-language-for-alternatives=\"es\" data-language-to-translate-into=\"en\" data-phrase-index=\"0\" data-number-of-phrases=\"1\" jscontroller=\"Zl5N8\" jsdata=\"uqLsIf;_;$29\" jsmodel=\"SsMkhd\"><span jsaction=\"click:qtZ4nf,GFf3ac,tMZCfe; contextmenu:Nqw7Te,QP7LD; mouseout:Nqw7Te; mouseover:qtZ4nf,c2aHje\" jsname=\"W297wb\">\u00a1desc\u00e1rgate ahora nuestro \u00faltimo documento tem\u00e1tico!<\/span><\/span><\/span> <span class=\"zEswK\"><\/span><\/h1>\n[\/et_pb_text][et_pb_divider color=\u00bb#ea6d49&#8243; divider_position=\u00bbcenter\u00bb divider_weight=\u00bb3px\u00bb disabled_on=\u00bboff|off|off\u00bb _builder_version=\u00bb4.3.2&#8243; max_width=\u00bb150px\u00bb height=\u00bbfalse\u00bb animation_style=\u00bbslide\u00bb animation_direction=\u00bbtop\u00bb animation_delay=\u00bb100ms\u00bb animation_intensity_slide=\u00bb10%\u00bb][\/et_pb_divider][et_pb_image src=\u00bbhttps:\/\/www.right2city.org\/wp-content\/uploads\/2021\/11\/Right-to-the-City-Bien-Comun_ES-1.png\u00bb url=\u00bb#form\u00bb force_fullwidth=\u00bbon\u00bb align_tablet=\u00bbcenter\u00bb align_phone=\u00bb\u00bb align_last_edited=\u00bbon|desktop\u00bb _builder_version=\u00bb4.3.2&#8243; min_height=\u00bb740px\u00bb custom_margin=\u00bb-3px|||||\u00bb animation_style=\u00bbfold\u00bb animation_direction=\u00bbright\u00bb animation_intensity_fold=\u00bb20%\u00bb animation=\u00bbfade_in\u00bb][\/et_pb_image][\/et_pb_column][\/et_pb_row][\/et_pb_section][et_pb_section fb_built=\u00bb1&#8243; _builder_version=\u00bb4.3.2&#8243;][et_pb_row _builder_version=\u00bb4.3.2&#8243;][et_pb_column type=\u00bb4_4&#8243; _builder_version=\u00bb4.3.2&#8243;][et_pb_image src=\u00bbhttps:\/\/www.right2city.org\/wp-content\/uploads\/2021\/11\/ES_GIF_Download-TP_R2C-as-a-Common-Good.png\u00bb _builder_version=\u00bb4.3.2&#8243;][\/et_pb_image][\/et_pb_column][\/et_pb_row][\/et_pb_section][et_pb_section fb_built=\u00bb1&#8243; admin_label=\u00bbLook Inside Section\u00bb _builder_version=\u00bb3.22&#8243; background_image=\u00bbhttps:\/\/www.right2city.org\/wp-content\/uploads\/2021\/11\/travel-landscape-03.jpg\u00bb parallax=\u00bbon\u00bb custom_padding=\u00bb0px||0px|\u00bb][et_pb_row column_structure=\u00bb1_2,1_2&#8243; use_custom_gutter=\u00bbon\u00bb gutter_width=\u00bb1&#8243; make_equal=\u00bbon\u00bb module_class=\u00bb et_pb_row_fullwidth\u00bb _builder_version=\u00bb4.3.2&#8243; background_image=\u00bbhttps:\/\/www.right2city.org\/wp-content\/uploads\/2021\/11\/travel-landscape-13.png\u00bb width=\u00bb100%\u00bb width_tablet=\u00bb100%\u00bb width_phone=\u00bb\u00bb width_last_edited=\u00bbon|desktop\u00bb max_width=\u00bb100%\u00bb max_width_tablet=\u00bb100%\u00bb max_width_phone=\u00bb\u00bb max_width_last_edited=\u00bbon|desktop\u00bb custom_padding=\u00bb0px||0px|\u00bb make_fullwidth=\u00bbon\u00bb][et_pb_column type=\u00bb1_2&#8243; _builder_version=\u00bb3.25&#8243; parallax=\u00bbon\u00bb custom_padding=\u00bb|||\u00bb custom_padding__hover=\u00bb|||\u00bb][et_pb_image align_tablet=\u00bbcenter\u00bb align_phone=\u00bb\u00bb align_last_edited=\u00bbon|desktop\u00bb _builder_version=\u00bb3.23&#8243; animation_style=\u00bbslide\u00bb animation_direction=\u00bbleft\u00bb animation_duration=\u00bb500ms\u00bb animation_intensity_slide=\u00bb10%\u00bb][\/et_pb_image][\/et_pb_column][et_pb_column type=\u00bb1_2&#8243; _builder_version=\u00bb3.25&#8243; use_background_color_gradient=\u00bbon\u00bb background_color_gradient_start=\u00bb#ffffff\u00bb background_color_gradient_end=\u00bbrgba(255,255,255,0.85)\u00bb background_color_gradient_end_position=\u00bb50%\u00bb custom_padding=\u00bb8%|6%|6%|6%\u00bb custom_padding__hover=\u00bb|||\u00bb][et_pb_text admin_label=\u00bbLook Inside Title\u00bb _builder_version=\u00bb4.3.2&#8243; text_font=\u00bb||||\u00bb text_text_color=\u00bb#1a1a1a\u00bb header_font=\u00bbOswald|on||on|\u00bb header_text_align=\u00bbleft\u00bb header_font_size=\u00bb60px\u00bb header_line_height=\u00bb1.3em\u00bb max_width=\u00bb450px\u00bb custom_margin=\u00bb|||\u00bb custom_padding=\u00bb|||\u00bb animation_style=\u00bbslide\u00bb animation_direction=\u00bbtop\u00bb animation_intensity_slide=\u00bb10%\u00bb locked=\u00bboff\u00bb]\n<h1 class=\"J0lOec\"><span class=\"VIiyi\" jsaction=\"mouseup:BR6jm\" jsname=\"jqKxS\" lang=\"es\"><span jsaction=\"agoMJf:PFBcW;usxOmf:aWLT7;jhKsnd:P7O7bd,F8DmGf;Q4AGo:Gm7gYd,qAKMYb;uFUCPb:pvnm0e,pfE8Hb,PFBcW;f56efd:dJXsye;EnoYf:KNzws,ZJsZZ,JgVSJc;zdMJQc:cCQNKb,ZJsZZ,zchEXc;Ytrrj:JJDvdc;tNR8yc:GeFvjb;oFN6Ye:hij5Wb;bmeZHc:iURhpf;Oxj3Xe:qAKMYb,yaf12d\" jsname=\"txFAF\" class=\"JLqJ4b ChMk0b\" data-language-for-alternatives=\"es\" data-language-to-translate-into=\"en\" data-phrase-index=\"0\" data-number-of-phrases=\"1\" jscontroller=\"Zl5N8\" jsdata=\"uqLsIf;_;$7\" jsmodel=\"SsMkhd\"><span jsaction=\"click:qtZ4nf,GFf3ac,tMZCfe; contextmenu:Nqw7Te,QP7LD; mouseout:Nqw7Te; mouseover:qtZ4nf,c2aHje\" jsname=\"W297wb\">esto va de derechos h<\/span><\/span><\/span><span class=\"VIiyi\" jsaction=\"mouseup:BR6jm\" jsname=\"jqKxS\" lang=\"es\"><span jsaction=\"agoMJf:PFBcW;usxOmf:aWLT7;jhKsnd:P7O7bd,F8DmGf;Q4AGo:Gm7gYd,qAKMYb;uFUCPb:pvnm0e,pfE8Hb,PFBcW;f56efd:dJXsye;EnoYf:KNzws,ZJsZZ,JgVSJc;zdMJQc:cCQNKb,ZJsZZ,zchEXc;Ytrrj:JJDvdc;tNR8yc:GeFvjb;oFN6Ye:hij5Wb;bmeZHc:iURhpf;Oxj3Xe:qAKMYb,yaf12d\" jsname=\"txFAF\" class=\"JLqJ4b ChMk0b\" data-language-for-alternatives=\"es\" data-language-to-translate-into=\"en\" data-phrase-index=\"0\" data-number-of-phrases=\"1\" jscontroller=\"Zl5N8\" jsdata=\"uqLsIf;_;$7\" jsmodel=\"SsMkhd\"><span jsaction=\"click:qtZ4nf,GFf3ac,tMZCfe; contextmenu:Nqw7Te,QP7LD; mouseout:Nqw7Te; mouseover:qtZ4nf,c2aHje\" jsname=\"W297wb\">umanos reconocidos<\/span><\/span><\/span> <span class=\"zEswK\"><\/span><\/h1>\n[\/et_pb_text][et_pb_divider color=\u00bb#ea6d49&#8243; divider_position=\u00bbcenter\u00bb divider_weight=\u00bb3px\u00bb disabled_on=\u00bboff|off|off\u00bb _builder_version=\u00bb4.3.2&#8243; max_width=\u00bb150px\u00bb height=\u00bbfalse\u00bb custom_margin=\u00bb30px|||\u00bb animation_style=\u00bbslide\u00bb animation_direction=\u00bbtop\u00bb animation_delay=\u00bb100ms\u00bb animation_intensity_slide=\u00bb10%\u00bb locked=\u00bboff\u00bb][\/et_pb_divider][et_pb_text admin_label=\u00bbLook Inside Sub Title\u00bb _builder_version=\u00bb3.27.4&#8243; text_font=\u00bbRoboto||||\u00bb text_text_color=\u00bb#1a1a1a\u00bb text_font_size=\u00bb24px\u00bb text_line_height=\u00bb1.4em\u00bb max_width=\u00bb450px\u00bb custom_padding=\u00bb30px|||\u00bb animation_style=\u00bbslide\u00bb animation_direction=\u00bbtop\u00bb animation_delay=\u00bb200ms\u00bb animation_intensity_slide=\u00bb10%\u00bb locked=\u00bboff\u00bb]\n<div class=\"J0lOec\"><span class=\"VIiyi\" jsaction=\"mouseup:BR6jm\" jsname=\"jqKxS\" lang=\"es\"><span jsaction=\"agoMJf:PFBcW;usxOmf:aWLT7;jhKsnd:P7O7bd,F8DmGf;Q4AGo:Gm7gYd,qAKMYb;uFUCPb:pvnm0e,pfE8Hb,PFBcW;f56efd:dJXsye;EnoYf:KNzws,ZJsZZ,JgVSJc;zdMJQc:cCQNKb,ZJsZZ,zchEXc;Ytrrj:JJDvdc;tNR8yc:GeFvjb;oFN6Ye:hij5Wb;bmeZHc:iURhpf;Oxj3Xe:qAKMYb,yaf12d\" jsname=\"txFAF\" class=\"JLqJ4b ChMk0b\" data-language-for-alternatives=\"es\" data-language-to-translate-into=\"en\" data-phrase-index=\"0\" data-number-of-phrases=\"1\" jscontroller=\"Zl5N8\" jsdata=\"uqLsIf;_;$31\" jsmodel=\"SsMkhd\"><span jsaction=\"click:qtZ4nf,GFf3ac,tMZCfe; contextmenu:Nqw7Te,QP7LD; mouseout:Nqw7Te; mouseover:qtZ4nf,c2aHje\" jsname=\"W297wb\">El 8 de octubre, el Consejo de Derechos Humanos de Naciones Unidas declar\u00f3 el acceso a un medio ambiente sano como un Derecho Humano.<\/span><\/span><\/span> <span class=\"zEswK\"><\/span><\/div>\n[\/et_pb_text][et_pb_text admin_label=\u00bbLook Inside Text\u00bb _builder_version=\u00bb4.3.2&#8243; text_font=\u00bbRoboto|300|||||||\u00bb text_line_height=\u00bb1.9em\u00bb max_width=\u00bb450px\u00bb custom_margin=\u00bb60|||\u00bb custom_padding=\u00bb||60px|\u00bb animation_style=\u00bbslide\u00bb animation_direction=\u00bbtop\u00bb animation_delay=\u00bb400ms\u00bb animation_intensity_slide=\u00bb4%\u00bb locked=\u00bboff\u00bb]\n<div class=\"J0lOec\"><span class=\"VIiyi\" jsaction=\"mouseup:BR6jm\" jsname=\"jqKxS\" lang=\"es\"><span jsaction=\"agoMJf:PFBcW;usxOmf:aWLT7;jhKsnd:P7O7bd,F8DmGf;Q4AGo:Gm7gYd,qAKMYb;uFUCPb:pvnm0e,pfE8Hb,PFBcW;f56efd:dJXsye;EnoYf:KNzws,ZJsZZ,JgVSJc;zdMJQc:cCQNKb,ZJsZZ,zchEXc;Ytrrj:JJDvdc;tNR8yc:GeFvjb;oFN6Ye:hij5Wb;bmeZHc:iURhpf;Oxj3Xe:qAKMYb,yaf12d\" jsname=\"txFAF\" class=\"JLqJ4b ChMk0b\" data-language-for-alternatives=\"es\" data-language-to-translate-into=\"en\" data-phrase-index=\"0\" data-number-of-phrases=\"2\" jscontroller=\"Zl5N8\" jsdata=\"uqLsIf;_;$41\" jsmodel=\"SsMkhd\"><span jsaction=\"click:qtZ4nf,GFf3ac,tMZCfe; contextmenu:Nqw7Te,QP7LD; mouseout:Nqw7Te; mouseover:qtZ4nf,c2aHje\" jsname=\"W297wb\">Dicho reconocimiento es fundamental y va en la direcci\u00f3n de lo que los movimientos sociales y las comunidades vienen reclamando desde hace mucho tiempo:<strong> la acci\u00f3n clim\u00e1tica debe estar enraizada en la noci\u00f3n de justicia clim\u00e1tica<\/strong>, orientada a abordar la desigualdad y comprometida con los Derechos Humanos.<\/span><\/span> <span jsaction=\"agoMJf:PFBcW;usxOmf:aWLT7;jhKsnd:P7O7bd,F8DmGf;Q4AGo:Gm7gYd,qAKMYb;uFUCPb:pvnm0e,pfE8Hb,PFBcW;f56efd:dJXsye;EnoYf:KNzws,ZJsZZ,JgVSJc;zdMJQc:cCQNKb,ZJsZZ,zchEXc;Ytrrj:JJDvdc;tNR8yc:GeFvjb;oFN6Ye:hij5Wb;bmeZHc:iURhpf;Oxj3Xe:qAKMYb,yaf12d\" jsname=\"txFAF\" class=\"JLqJ4b ChMk0b\" data-language-for-alternatives=\"es\" data-language-to-translate-into=\"en\" data-phrase-index=\"1\" data-number-of-phrases=\"2\" jscontroller=\"Zl5N8\" jsdata=\"uqLsIf;_;$42\" jsmodel=\"SsMkhd\"><span jsaction=\"click:qtZ4nf,GFf3ac,tMZCfe; contextmenu:Nqw7Te,QP7LD; mouseout:Nqw7Te; mouseover:qtZ4nf,c2aHje\" jsname=\"W297wb\">Adem\u00e1s, dicho entendimiento tiene sus ra\u00edces en la noci\u00f3n de igualdad y el acceso compartido y la responsabilidad que tenemos hacia el medio ambiente, visto como un bien com\u00fan.<\/span><\/span><\/span> <span class=\"zEswK\"><\/span><\/div>\n[\/et_pb_text][et_pb_button button_url=\u00bbhttps:\/\/news.un.org\/es\/story\/2021\/10\/1498452&#8243; url_new_window=\u00bbon\u00bb button_text=\u00bbM\u00c1S INFO\u00bb button_alignment=\u00bbleft\u00bb admin_label=\u00bbGallery Button\u00bb _builder_version=\u00bb4.3.2&#8243; custom_button=\u00bbon\u00bb button_text_color=\u00bb#1a1a1a\u00bb button_border_radius=\u00bb0px\u00bb button_letter_spacing=\u00bb4px\u00bb button_font=\u00bbOswald|on||on|\u00bb button_icon=\u00bb%%3%%\u00bb button_icon_color=\u00bb#1a1a1a\u00bb button_border_color_hover=\u00bb#1a1a1a\u00bb button_border_radius_hover=\u00bb0px\u00bb button_letter_spacing_hover=\u00bb4px\u00bb button_bg_color_hover=\u00bbrgba(0,0,0,0)\u00bb locked=\u00bboff\u00bb button_text_size__hover_enabled=\u00bboff\u00bb button_one_text_size__hover_enabled=\u00bboff\u00bb button_two_text_size__hover_enabled=\u00bboff\u00bb button_text_color__hover_enabled=\u00bboff\u00bb button_one_text_color__hover_enabled=\u00bboff\u00bb button_two_text_color__hover_enabled=\u00bboff\u00bb button_border_width__hover_enabled=\u00bboff\u00bb button_one_border_width__hover_enabled=\u00bboff\u00bb button_two_border_width__hover_enabled=\u00bboff\u00bb button_border_color__hover_enabled=\u00bbon\u00bb button_border_color__hover=\u00bb#1a1a1a\u00bb button_one_border_color__hover_enabled=\u00bboff\u00bb button_two_border_color__hover_enabled=\u00bboff\u00bb button_border_radius__hover_enabled=\u00bbon\u00bb button_border_radius__hover=\u00bb0px\u00bb button_one_border_radius__hover_enabled=\u00bboff\u00bb button_two_border_radius__hover_enabled=\u00bboff\u00bb button_letter_spacing__hover_enabled=\u00bbon\u00bb button_letter_spacing__hover=\u00bb4px\u00bb button_one_letter_spacing__hover_enabled=\u00bboff\u00bb button_two_letter_spacing__hover_enabled=\u00bboff\u00bb button_bg_color__hover_enabled=\u00bbon\u00bb button_bg_color__hover=\u00bbrgba(0,0,0,0)\u00bb button_one_bg_color__hover_enabled=\u00bboff\u00bb button_two_bg_color__hover_enabled=\u00bboff\u00bb][\/et_pb_button][\/et_pb_column][\/et_pb_row][\/et_pb_section][et_pb_section fb_built=\u00bb1&#8243; admin_label=\u00bbHow It Works\u00bb module_id=\u00bbtest\u00bb _builder_version=\u00bb4.3.2&#8243; background_color=\u00bb#448180&#8243; background_enable_image=\u00bboff\u00bb parallax=\u00bbon\u00bb custom_padding=\u00bb||0px||false|false\u00bb][et_pb_row admin_label=\u00bbDownload\u00bb module_id=\u00bbform\u00bb _builder_version=\u00bb4.3.2&#8243; background_color=\u00bbrgba(0,0,0,0)\u00bb max_width=\u00bb760px\u00bb min_height=\u00bb634px\u00bb custom_margin=\u00bb35px|auto|-80px|auto|false|false\u00bb custom_padding=\u00bb36px|30px|36px|30px|true|true\u00bb link_option_url_new_window=\u00bbon\u00bb border_radii=\u00bboff|20px|20px||\u00bb][et_pb_column type=\u00bb4_4&#8243; admin_label=\u00bbDownload\u00bb _builder_version=\u00bb4.3.2&#8243; link_option_url_new_window=\u00bbon\u00bb][et_pb_text admin_label=\u00bbText\u00bb _builder_version=\u00bb4.3.2&#8243; text_font=\u00bbRoboto||||||||\u00bb header_2_font=\u00bbAsap|700|||||||\u00bb header_2_text_color=\u00bb#FFEDD3&#8243; header_2_font_size=\u00bb56px\u00bb header_2_line_height=\u00bb1.2em\u00bb text_orientation=\u00bbcenter\u00bb custom_margin=\u00bb||0px||false|false\u00bb custom_padding=\u00bb||0px|||\u00bb header_2_font_size_tablet=\u00bb32px\u00bb header_2_font_size_phone=\u00bb20px\u00bb header_2_font_size_last_edited=\u00bbon|phone\u00bb text_text_shadow_style=\u00bbpreset2&#8243; inline_fonts=\u00bbRoboto\u00bb]\n<h2><span style=\"font-size: xx-large; font-family: Roboto; font-weight: normal; color: #ea6d49;\"><strong>\u00a1Descarga el Documento Tem\u00e1tico!<\/strong><\/span><span style=\"font-size: xx-large; font-family: Roboto; font-weight: normal; color: #ea6d49;\"><strong><\/strong><\/span><\/h2>\n[\/et_pb_text][et_pb_text admin_label=\u00bbText\u00bb _builder_version=\u00bb4.3.2&#8243; text_text_color=\u00bb#448180&#8243; text_line_height=\u00bb1.2em\u00bb header_text_color=\u00bb#448180&#8243; header_2_font=\u00bbAsap|700|||||||\u00bb header_2_text_color=\u00bb#FFEDD3&#8243; header_2_font_size=\u00bb56px\u00bb header_2_line_height=\u00bb1.2em\u00bb text_orientation=\u00bbcenter\u00bb custom_margin=\u00bb||10px||false|false\u00bb header_2_font_size_tablet=\u00bb32px\u00bb header_2_font_size_phone=\u00bb20px\u00bb header_2_font_size_last_edited=\u00bbon|phone\u00bb text_text_shadow_style=\u00bbpreset2&#8243; inline_fonts=\u00bbRoboto\u00bb]\n<h1 class=\"entry-title\" style=\"text-align: center;\"><span style=\"font-family: Roboto; font-weight: normal; color: #ea6d49;\"><b>\u201cLa Ciudad como un Bien Com\u00fan: Un pilar del Derecho a la Ciudad\u201d<\/b><\/span><\/h1>\n[\/et_pb_text][et_pb_contact_form use_spam_service=\u00bbon\u00bb recaptcha_list=\u00bbGPR2C Recaptcha-0&#8243; use_redirect=\u00bbon\u00bb redirect_url=\u00bbhttps:\/\/www.right2city.org\/es\/descarga-tp-bien-comun\/\u00bb success_message=\u00bbGracias por su inter\u00e9s. Ser\u00e1s redirigido a la p\u00e1gina de descargas.\u00bb submit_button_text=\u00bb\u00a1Descarga aqu\u00ed!\u00bb disabled_on=\u00bboff|off|off\u00bb admin_label=\u00bbContact Form\u00bb _builder_version=\u00bb4.3.2&#8243; title_text_color=\u00bb#ffde02&#8243; background_color=\u00bbrgba(0,0,0,0)\u00bb custom_button=\u00bbon\u00bb button_text_size=\u00bb30px\u00bb button_text_color=\u00bb#ea6d49&#8243; button_bg_color=\u00bb#448180&#8243; button_border_width=\u00bb3px\u00bb button_border_color=\u00bb#ea6d49&#8243; button_border_radius=\u00bb8px\u00bb button_letter_spacing=\u00bb0px\u00bb button_font=\u00bb|700|||||||\u00bb button_icon_color=\u00bb#ea6d49&#8243; button_custom_margin=\u00bb28px|202px|||false|false\u00bb text_orientation=\u00bbleft\u00bb width=\u00bb100%\u00bb link_option_url=\u00bbhttps:\/\/www.right2city.org\/es\/descarga-tp-bien-comun\/\u00bb link_option_url_new_window=\u00bbon\u00bb button_text_shadow_style=\u00bbpreset2&#8243;][et_pb_contact_field field_id=\u00bbName\u00bb field_title=\u00bbNombre\u00bb _builder_version=\u00bb4.3.2&#8243; button_text_size__hover_enabled=\u00bboff\u00bb button_one_text_size__hover_enabled=\u00bboff\u00bb button_two_text_size__hover_enabled=\u00bboff\u00bb button_text_color__hover_enabled=\u00bboff\u00bb button_one_text_color__hover_enabled=\u00bboff\u00bb button_two_text_color__hover_enabled=\u00bboff\u00bb button_border_width__hover_enabled=\u00bboff\u00bb button_one_border_width__hover_enabled=\u00bboff\u00bb button_two_border_width__hover_enabled=\u00bboff\u00bb button_border_color__hover_enabled=\u00bboff\u00bb button_one_border_color__hover_enabled=\u00bboff\u00bb button_two_border_color__hover_enabled=\u00bboff\u00bb button_border_radius__hover_enabled=\u00bboff\u00bb button_one_border_radius__hover_enabled=\u00bboff\u00bb button_two_border_radius__hover_enabled=\u00bboff\u00bb button_letter_spacing__hover_enabled=\u00bboff\u00bb button_one_letter_spacing__hover_enabled=\u00bboff\u00bb button_two_letter_spacing__hover_enabled=\u00bboff\u00bb button_bg_color__hover_enabled=\u00bboff\u00bb button_one_bg_color__hover_enabled=\u00bboff\u00bb button_two_bg_color__hover_enabled=\u00bboff\u00bb][\/et_pb_contact_field][et_pb_contact_field field_id=\u00bbEmail\u00bb field_title=\u00bbEmail Address\u00bb field_type=\u00bbemail\u00bb _builder_version=\u00bb4.3.2&#8243; button_text_size__hover_enabled=\u00bboff\u00bb button_one_text_size__hover_enabled=\u00bboff\u00bb button_two_text_size__hover_enabled=\u00bboff\u00bb button_text_color__hover_enabled=\u00bboff\u00bb button_one_text_color__hover_enabled=\u00bboff\u00bb button_two_text_color__hover_enabled=\u00bboff\u00bb button_border_width__hover_enabled=\u00bboff\u00bb button_one_border_width__hover_enabled=\u00bboff\u00bb button_two_border_width__hover_enabled=\u00bboff\u00bb button_border_color__hover_enabled=\u00bboff\u00bb button_one_border_color__hover_enabled=\u00bboff\u00bb button_two_border_color__hover_enabled=\u00bboff\u00bb button_border_radius__hover_enabled=\u00bboff\u00bb button_one_border_radius__hover_enabled=\u00bboff\u00bb button_two_border_radius__hover_enabled=\u00bboff\u00bb button_letter_spacing__hover_enabled=\u00bboff\u00bb button_one_letter_spacing__hover_enabled=\u00bboff\u00bb button_two_letter_spacing__hover_enabled=\u00bboff\u00bb button_bg_color__hover_enabled=\u00bboff\u00bb button_one_bg_color__hover_enabled=\u00bboff\u00bb button_two_bg_color__hover_enabled=\u00bboff\u00bb][\/et_pb_contact_field][\/et_pb_contact_form][et_pb_text admin_label=\u00bbText\u00bb _builder_version=\u00bb4.3.2&#8243; text_text_color=\u00bb#ea6d49&#8243; text_font_size=\u00bb12px\u00bb text_line_height=\u00bb1em\u00bb header_text_color=\u00bb#ea6d49&#8243; header_2_font=\u00bbAsap|700|||||||\u00bb header_2_text_color=\u00bb#FFEDD3&#8243; header_2_font_size=\u00bb56px\u00bb header_2_line_height=\u00bb1.2em\u00bb background_color=\u00bb#474747&#8243; text_orientation=\u00bbcenter\u00bb custom_margin=\u00bb|208px|10px|208px|false|false\u00bb header_2_font_size_tablet=\u00bb32px\u00bb header_2_font_size_phone=\u00bb20px\u00bb header_2_font_size_last_edited=\u00bbon|phone\u00bb text_text_shadow_style=\u00bbpreset2&#8243;]<span style=\"font-size: x-small; color: #ea6d49;\">All data recorded will only be used to monitor our Thematic Paper circulation and never for commercial purposes.<\/span>[\/et_pb_text][\/et_pb_column][\/et_pb_row][\/et_pb_section][et_pb_section fb_built=\u00bb1&#8243; _builder_version=\u00bb4.3.2&#8243; min_height=\u00bb241px\u00bb][et_pb_row _builder_version=\u00bb4.3.2&#8243;][et_pb_column type=\u00bb4_4&#8243; _builder_version=\u00bb4.3.2&#8243;][et_pb_text _builder_version=\u00bb4.3.2&#8243;]\n<h2 style=\"text-align: center;\">Una campa\u00f1a de<\/h2>\n[\/et_pb_text][et_pb_image src=\u00bbhttps:\/\/www.right2city.org\/wp-content\/uploads\/2021\/11\/Logo-GPR2R-2018-300dpi-grande-20cm.png\u00bb _builder_version=\u00bb4.3.2&#8243; width=\u00bb40%\u00bb module_alignment=\u00bbcenter\u00bb custom_margin=\u00bb-27px|||||\u00bb][\/et_pb_image][\/et_pb_column][\/et_pb_row][\/et_pb_section][et_pb_section fb_built=\u00bb1&#8243; _builder_version=\u00bb4.3.2&#8243;][et_pb_row _builder_version=\u00bb4.3.2&#8243; min_height=\u00bb62px\u00bb custom_padding=\u00bb2px|||||\u00bb][et_pb_column type=\u00bb4_4&#8243; _builder_version=\u00bb4.3.2&#8243;][et_pb_text _builder_version=\u00bb4.3.2&#8243; min_height=\u00bb27px\u00bb]\n<h2 style=\"text-align: center;\">Follow us!<\/h2>\n[\/et_pb_text][\/et_pb_column][\/et_pb_row][\/et_pb_section][et_pb_section fb_built=\u00bb1&#8243; _builder_version=\u00bb4.3.2&#8243;][et_pb_row _builder_version=\u00bb4.3.2&#8243; custom_margin=\u00bb-40px|auto||auto||\u00bb][et_pb_column type=\u00bb4_4&#8243; _builder_version=\u00bb4.3.2&#8243;][et_pb_social_media_follow _builder_version=\u00bb4.3.2&#8243; background_color=\u00bb#29c4a9&#8243; custom_button=\u00bbon\u00bb button_text_color=\u00bb#29c4a9&#8243; button_border_color=\u00bb#29c4a9&#8243; text_orientation=\u00bbcenter\u00bb min_height=\u00bb192px\u00bb custom_padding=\u00bb40px|0px|40px|0px\u00bb z_index_tablet=\u00bb500&#8243; custom_css_main_element=\u00bbbackground-color: #808080;\u00bb border_color_all=\u00bb#29c4a9&#8243; button_text_shadow_horizontal_length_tablet=\u00bb0px\u00bb button_text_shadow_vertical_length_tablet=\u00bb0px\u00bb button_text_shadow_blur_strength_tablet=\u00bb1px\u00bb box_shadow_horizontal_tablet=\u00bb0px\u00bb box_shadow_vertical_tablet=\u00bb0px\u00bb box_shadow_blur_tablet=\u00bb40px\u00bb box_shadow_spread_tablet=\u00bb0px\u00bb box_shadow_horizontal_button_tablet=\u00bb0px\u00bb box_shadow_vertical_button_tablet=\u00bb0px\u00bb box_shadow_blur_button_tablet=\u00bb40px\u00bb box_shadow_spread_button_tablet=\u00bb0px\u00bb text_shadow_horizontal_length_tablet=\u00bb0px\u00bb text_shadow_vertical_length_tablet=\u00bb0px\u00bb text_shadow_blur_strength_tablet=\u00bb1px\u00bb saved_tabs=\u00bball\u00bb][et_pb_social_media_follow_network social_network=\u00bbfacebook\u00bb url=\u00bbhttp:\/\/www.facebook.com\/pages\/Global-Platform-for-the-Right-to-the-City\/532314866881073?fref=ts\u00bb icon_color=\u00bb#808080&#8243; use_icon_font_size=\u00bbon\u00bb icon_font_size=\u00bb40px\u00bb _builder_version=\u00bb3.24.1&#8243; background_color=\u00bb#ffffff\u00bb border_radii=\u00bb|40px|40px|40px|40px\u00bb follow_button=\u00bboff\u00bb url_new_window=\u00bbon\u00bb]facebook[\/et_pb_social_media_follow_network][et_pb_social_media_follow_network social_network=\u00bbtwitter\u00bb url=\u00bbhttp:\/\/twitter.com\/Right2CityGP\u00bb icon_color=\u00bb#808080&#8243; use_icon_font_size=\u00bbon\u00bb icon_font_size=\u00bb40px\u00bb _builder_version=\u00bb4.3.2&#8243; background_color=\u00bb#ffffff\u00bb border_radii=\u00bb|40px|40px|40px|40px\u00bb follow_button=\u00bboff\u00bb url_new_window=\u00bbon\u00bb]twitter[\/et_pb_social_media_follow_network][et_pb_social_media_follow_network social_network=\u00bbyoutube\u00bb url=\u00bbhttp:\/\/www.youtube.com\/channel\/UCtbvts5JZt7eKhUph2N7vNA\u00bb icon_color=\u00bb#808080&#8243; use_icon_font_size=\u00bbon\u00bb icon_font_size=\u00bb40px\u00bb _builder_version=\u00bb3.24.1&#8243; background_color=\u00bb#ffffff\u00bb border_radii=\u00bb|40px|40px|40px|40px\u00bb follow_button=\u00bboff\u00bb url_new_window=\u00bbon\u00bb]youtube[\/et_pb_social_media_follow_network][\/et_pb_social_media_follow][\/et_pb_column][\/et_pb_row][\/et_pb_section]\n","protected":false},"excerpt":{"rendered":"<p>Existe una necesidad urgente de que los gobiernos y la sociedad en todos los niveles reconsideren profundamente el modelo de desarrollo urbano dominante y la naturaleza de las ciudades que ha engendrado para corregir la emergencia clim\u00e1tica en curso. Dicho cambio de paradigma deber\u00eda avanzar hacia modelos m\u00e1s colectivos y equitativos para la gesti\u00f3n y [&hellip;]<\/p>\n","protected":false},"author":4,"featured_media":62054,"comment_status":"closed","ping_status":"closed","sticky":false,"template":"","format":"standard","meta":{"_acf_changed":false,"_et_pb_use_builder":"on","_et_pb_old_content":"[et_pb_section fb_built=\"1\" fullwidth=\"on\" admin_label=\"Hero Section\" _builder_version=\"3.22\" background_color=\"#233b4e\" parallax=\"on\" custom_padding=\"0px|0px|0px|0px\"][et_pb_fullwidth_header text_orientation=\"center\" header_fullscreen=\"on\" header_scroll_down=\"on\" background_overlay_color=\"rgba(0,0,0,0)\" content_max_width=\"700px\" admin_label=\"Hero\" _builder_version=\"4.3.2\" title_font=\"Oswald|on||on|\" title_font_size=\"80px\" title_line_height=\"1.3em\" content_font=\"Roboto||||\" content_font_size=\"20px\" content_line_height=\"1.7em\" background_color=\"rgba(255,255,255,0)\" background_enable_image=\"off\" parallax=\"on\" parallax_method=\"on\" background_video_mp4=\"https:\/\/www.right2city.org\/wp-content\/uploads\/2021\/11\/Banner_Download-TP_R2C-as-a-Common-Good3.mp4\" custom_button_one=\"on\" button_one_border_radius=\"0px\" button_one_letter_spacing=\"4px\" button_one_font=\"Oswald|on||on|\" button_one_icon=\"%%3%%\" button_one_icon_color=\"#ffffff\" custom_button_two=\"on\" button_two_custom_margin=\"||-137px||false|false\" min_height=\"682px\" custom_margin=\"0px||||false|false\" animation_style=\"zoom\" animation_direction=\"bottom\" animation_intensity_zoom=\"4%\" button_one_text_color_hover=\"#ffffff\" button_one_border_color_hover=\"#ffffff\" button_one_border_radius_hover=\"0px\" button_one_letter_spacing_hover=\"4px\" button_one_bg_color_hover=\"rgba(0,0,0,0)\" button_one_text_size__hover_enabled=\"off\" button_two_text_size__hover_enabled=\"off\" button_one_text_color__hover_enabled=\"on|desktop\" button_one_text_color__hover=\"#ffffff\" button_two_text_color__hover_enabled=\"off\" button_one_border_width__hover_enabled=\"off\" button_two_border_width__hover_enabled=\"off\" button_one_border_color__hover_enabled=\"on\" button_one_border_color__hover=\"#ffffff\" button_two_border_color__hover_enabled=\"off\" button_one_border_radius__hover_enabled=\"on\" button_one_border_radius__hover=\"0px\" button_two_border_radius__hover_enabled=\"off\" button_one_letter_spacing__hover_enabled=\"on\" button_one_letter_spacing__hover=\"4px\" button_two_letter_spacing__hover_enabled=\"off\" button_one_bg_color__hover_enabled=\"on\" button_one_bg_color__hover=\"rgba(0,0,0,0)\" button_two_bg_color__hover_enabled=\"off\" button_one_text__hover_enabled=\"on|desktop\"][\/et_pb_fullwidth_header][\/et_pb_section][et_pb_section fb_built=\"1\" _builder_version=\"4.3.2\"][et_pb_row _builder_version=\"4.3.2\"][et_pb_column type=\"4_4\" _builder_version=\"4.3.2\"][et_pb_cta title=\"On the ocassion of COP26, the Global Platform for the Right to the City claims:\" _builder_version=\"4.3.2\" header_font=\"Roboto||||||||\" body_font=\"Roboto Condensed||||||||\" body_font_size=\"20px\" background_color=\"#448180\" background_image=\"https:\/\/www.right2city.org\/wp-content\/uploads\/2021\/11\/FDOSr4HXMAQMpC9-e1636022110903.jpg\"]<p>There is<span style=\"font-weight: 400;\"> an urgent need for governments and society at all levels to profoundly rethink the dominant urban development model and the nature of the cities it has engendered in order to redress the ongoing climate emergency. Such a paradigm shift should move towards more collective and equitable models for the management and distribution of resources, parting from the singular focus on private property towards a larger emphasis on collective access to common goods.<\/span><\/p>[\/et_pb_cta][\/et_pb_column][\/et_pb_row][\/et_pb_section][et_pb_section fb_built=\"1\" _builder_version=\"4.3.2\"][et_pb_row column_structure=\"1_3,1_3,1_3\" _builder_version=\"4.3.2\"][et_pb_column type=\"1_3\" _builder_version=\"4.3.2\"][et_pb_button button_url=\"https:\/\/www.dezeen.com\/2021\/07\/19\/cop26-climate-conference-cities-built-environment-day\/\" url_new_window=\"on\" button_text=\"Cities, Regions & Built Environment Day\" button_alignment=\"center\" _builder_version=\"4.3.2\" custom_button=\"on\" button_text_size=\"22px\" button_text_color=\"#ffffff\" button_bg_color=\"#448180\"][\/et_pb_button][\/et_pb_column][et_pb_column type=\"1_3\" _builder_version=\"4.3.2\"][et_pb_button button_url=\"#form\" button_text=\"Download it now!\" button_alignment=\"center\" _builder_version=\"4.3.2\" custom_button=\"on\" button_text_size=\"27px\" button_text_color=\"#ffffff\" button_bg_color=\"#ea6d49\"][\/et_pb_button][\/et_pb_column][et_pb_column type=\"1_3\" _builder_version=\"4.3.2\"][et_pb_button button_url=\"https:\/\/ukcop26.org\/uk-presidency\/what-is-a-cop\/\" url_new_window=\"on\" button_text=\"What is a COP?\" button_alignment=\"center\" _builder_version=\"4.3.2\" custom_button=\"on\" button_text_size=\"27px\" button_text_color=\"#ffffff\" button_bg_color=\"#32277c\"][\/et_pb_button][\/et_pb_column][\/et_pb_row][\/et_pb_section][et_pb_section fb_built=\"1\" _builder_version=\"3.22\" custom_padding=\"110px||110px|\"][et_pb_row column_structure=\"1_2,1_2\" _builder_version=\"3.25\"][et_pb_column type=\"1_2\" _builder_version=\"3.25\" custom_padding=\"|||\" custom_padding__hover=\"|||\"][et_pb_text admin_label=\"Discover Beatuty Sub Title\" _builder_version=\"4.3.2\" text_font=\"Roboto||||\" text_text_color=\"#1a1a1a\" text_font_size=\"24px\" text_line_height=\"1.4em\" custom_padding=\"1px||0px|||\" animation_style=\"slide\" animation_direction=\"top\" animation_intensity_slide=\"10%\"]<p><span style=\"font-weight: 400;\"><\/span><span style=\"font-weight: 400;\">On November 11th, as the UN Climate Change Conference (COP26) holds, for the first time ever, <strong>a day dedicated to the built environment<\/strong>, we insist that in order to address the effects of climate change in a just and equitable way, our cities and territories must <span style=\"color: #000000;\"><span style=\"box-sizing: border-box; margin: 0px; padding: 0px; border: 0px; outline: 0px; vertical-align: baseline; background: transparent;\"><span color=\"#ff0000\">look beyond the physical and material components of our cities\u00a0 and understand them as common goods<\/span><\/span>. <\/span><\/span><\/p>[\/et_pb_text][et_pb_text admin_label=\"Discover Beatuty Sub Title\" _builder_version=\"4.3.2\" text_font=\"Roboto||||\" text_text_color=\"#1a1a1a\" text_font_size=\"24px\" text_line_height=\"1.4em\" animation_style=\"slide\" animation_direction=\"top\" animation_intensity_slide=\"10%\"]<p><span style=\"font-weight: 400;\"><\/span>In this sense, <b>the Global Platform for the Right to the City (GPR2C) releases today the Thematic Paper \u201cThe City as a Common Good: A pillar of the Right to the City\u201d<\/b><span style=\"font-weight: 400;\">, which seeks to dialogue with the notion of commons from the perspective of the Right to the City, highlighting pathways and experiences to advance on legal, governance and community frameworks that allow for more just and democratic communities.<\/span><\/p>[\/et_pb_text][et_pb_button button_url=\"#form\" button_text=\"Get the Thematic paper today!\" button_alignment=\"center\" _builder_version=\"4.3.2\" custom_button=\"on\" button_text_size=\"27px\" button_text_color=\"#ffffff\" button_bg_color=\"#ea6d49\"][\/et_pb_button][et_pb_text admin_label=\"Discover Beatuty Sub Title\" _builder_version=\"4.3.2\" text_font=\"Roboto||||\" text_text_color=\"#1a1a1a\" text_font_size=\"24px\" text_line_height=\"1.4em\" animation_style=\"slide\" animation_direction=\"top\" animation_intensity_slide=\"10%\"]<p><span style=\"font-weight: 400;\">Claiming the city as a common good, implicates in developing <strong>a new paradigm<\/strong> that affects the material, politic and symbolic dimension of our communities, touching the distribution of resources, governance models and relations between inhabitants.<\/span><\/p>[\/et_pb_text][\/et_pb_column][et_pb_column type=\"1_2\" _builder_version=\"3.25\" custom_padding=\"|||\" custom_padding__hover=\"|||\"][et_pb_text admin_label=\"Discover Beatuty Title\" _builder_version=\"4.3.2\" text_font=\"||||\" text_text_color=\"#1a1a1a\" header_font=\"Oswald|on||on|\" header_text_align=\"right\" header_font_size=\"60px\" header_line_height=\"1.3em\" animation_style=\"slide\" animation_direction=\"top\" animation_intensity_slide=\"10%\"]<h1 style=\"text-align: left;\">download now our latest thematic paper!<\/h1>[\/et_pb_text][et_pb_divider color=\"#ea6d49\" divider_position=\"center\" divider_weight=\"3px\" disabled_on=\"off|off|off\" _builder_version=\"4.3.2\" max_width=\"150px\" height=\"false\" animation_style=\"slide\" animation_direction=\"top\" animation_delay=\"100ms\" animation_intensity_slide=\"10%\"][\/et_pb_divider][et_pb_image src=\"https:\/\/www.right2city.org\/wp-content\/uploads\/2021\/11\/Right-to-the-City-Bien-Comun_EN_OK_alta-1_page-0001.jpg\" url=\"#form\" force_fullwidth=\"on\" align_tablet=\"center\" align_phone=\"\" align_last_edited=\"on|desktop\" _builder_version=\"4.3.2\" min_height=\"740px\" custom_margin=\"-3px|||||\" animation_style=\"fold\" animation_direction=\"right\" animation_intensity_fold=\"20%\" animation=\"fade_in\"][\/et_pb_image][\/et_pb_column][\/et_pb_row][\/et_pb_section][et_pb_section fb_built=\"1\" _builder_version=\"4.3.2\"][et_pb_row _builder_version=\"4.3.2\"][et_pb_column type=\"4_4\" _builder_version=\"4.3.2\"][et_pb_image src=\"https:\/\/www.right2city.org\/wp-content\/uploads\/2021\/11\/Banner_Download-TP_R2C-as-a-Common-Good2-1.png\" _builder_version=\"4.3.2\"][\/et_pb_image][\/et_pb_column][\/et_pb_row][\/et_pb_section][et_pb_section fb_built=\"1\" admin_label=\"Look Inside Section\" _builder_version=\"3.22\" background_image=\"https:\/\/www.right2city.org\/wp-content\/uploads\/2021\/11\/travel-landscape-03.jpg\" parallax=\"on\" custom_padding=\"0px||0px|\"][et_pb_row column_structure=\"1_2,1_2\" use_custom_gutter=\"on\" gutter_width=\"1\" make_equal=\"on\" module_class=\" et_pb_row_fullwidth\" _builder_version=\"4.3.2\" background_image=\"https:\/\/www.right2city.org\/wp-content\/uploads\/2021\/11\/travel-landscape-13.png\" width=\"100%\" width_tablet=\"100%\" width_phone=\"\" width_last_edited=\"on|desktop\" max_width=\"100%\" max_width_tablet=\"100%\" max_width_phone=\"\" max_width_last_edited=\"on|desktop\" custom_padding=\"0px||0px|\" make_fullwidth=\"on\"][et_pb_column type=\"1_2\" _builder_version=\"3.25\" parallax=\"on\" custom_padding=\"|||\" custom_padding__hover=\"|||\"][et_pb_image align_tablet=\"center\" align_phone=\"\" align_last_edited=\"on|desktop\" _builder_version=\"3.23\" animation_style=\"slide\" animation_direction=\"left\" animation_duration=\"500ms\" animation_intensity_slide=\"10%\"][\/et_pb_image][\/et_pb_column][et_pb_column type=\"1_2\" _builder_version=\"3.25\" use_background_color_gradient=\"on\" background_color_gradient_start=\"#ffffff\" background_color_gradient_end=\"rgba(255,255,255,0.85)\" background_color_gradient_end_position=\"50%\" custom_padding=\"8%|6%|6%|6%\" custom_padding__hover=\"|||\"][et_pb_text admin_label=\"Look Inside Title\" _builder_version=\"3.27.4\" text_font=\"||||\" text_text_color=\"#1a1a1a\" header_font=\"Oswald|on||on|\" header_text_align=\"left\" header_font_size=\"60px\" header_line_height=\"1.3em\" max_width=\"450px\" custom_margin=\"|||\" custom_padding=\"|||\" animation_style=\"slide\" animation_direction=\"top\" animation_intensity_slide=\"10%\" locked=\"off\"]<h1>this is about recognized human rights<\/h1>[\/et_pb_text][et_pb_divider color=\"#ea6d49\" divider_position=\"center\" divider_weight=\"3px\" disabled_on=\"off|off|off\" _builder_version=\"4.3.2\" max_width=\"150px\" height=\"false\" custom_margin=\"30px|||\" animation_style=\"slide\" animation_direction=\"top\" animation_delay=\"100ms\" animation_intensity_slide=\"10%\" locked=\"off\"][\/et_pb_divider][et_pb_text admin_label=\"Look Inside Sub Title\" _builder_version=\"3.27.4\" text_font=\"Roboto||||\" text_text_color=\"#1a1a1a\" text_font_size=\"24px\" text_line_height=\"1.4em\" max_width=\"450px\" custom_padding=\"30px|||\" animation_style=\"slide\" animation_direction=\"top\" animation_delay=\"200ms\" animation_intensity_slide=\"10%\" locked=\"off\"]<p><b>On October 8th, the United Nations Human Rights Council declared the access to a healthy environment as a Human Right<\/b><\/p>[\/et_pb_text][et_pb_text admin_label=\"Look Inside Text\" _builder_version=\"3.27.4\" text_font=\"Roboto||||\" text_line_height=\"1.9em\" max_width=\"450px\" custom_margin=\"60|||\" custom_padding=\"||60px|\" animation_style=\"slide\" animation_direction=\"top\" animation_delay=\"400ms\" animation_intensity_slide=\"4%\" locked=\"off\"]<p><span style=\"font-weight: 400;\">Such recognition is fundamental and goes in the direction of what social movements and communities have been claiming for a long time: <strong>climate action should be rooted in the notion of Climate justice<\/strong>, oriented towards addressing inequality and committed to Human Rights. Moreover, such understanding is rooted in the notion of equality and the shared access and responsibility that we have towards the environment, seen as a common good.<\/span><\/p>[\/et_pb_text][et_pb_button button_url=\"https:\/\/news.un.org\/en\/story\/2021\/10\/1102582\" url_new_window=\"on\" button_text=\"KNOW MORE\" button_alignment=\"left\" admin_label=\"Gallery Button\" _builder_version=\"4.3.2\" custom_button=\"on\" button_text_color=\"#1a1a1a\" button_border_radius=\"0px\" button_letter_spacing=\"4px\" button_font=\"Oswald|on||on|\" button_icon=\"%%3%%\" button_icon_color=\"#1a1a1a\" button_border_color_hover=\"#1a1a1a\" button_border_radius_hover=\"0px\" button_letter_spacing_hover=\"4px\" button_bg_color_hover=\"rgba(0,0,0,0)\" locked=\"off\" button_text_size__hover_enabled=\"off\" button_one_text_size__hover_enabled=\"off\" button_two_text_size__hover_enabled=\"off\" button_text_color__hover_enabled=\"off\" button_one_text_color__hover_enabled=\"off\" button_two_text_color__hover_enabled=\"off\" button_border_width__hover_enabled=\"off\" button_one_border_width__hover_enabled=\"off\" button_two_border_width__hover_enabled=\"off\" button_border_color__hover_enabled=\"on\" button_border_color__hover=\"#1a1a1a\" button_one_border_color__hover_enabled=\"off\" button_two_border_color__hover_enabled=\"off\" button_border_radius__hover_enabled=\"on\" button_border_radius__hover=\"0px\" button_one_border_radius__hover_enabled=\"off\" button_two_border_radius__hover_enabled=\"off\" button_letter_spacing__hover_enabled=\"on\" button_letter_spacing__hover=\"4px\" button_one_letter_spacing__hover_enabled=\"off\" button_two_letter_spacing__hover_enabled=\"off\" button_bg_color__hover_enabled=\"on\" button_bg_color__hover=\"rgba(0,0,0,0)\" button_one_bg_color__hover_enabled=\"off\" button_two_bg_color__hover_enabled=\"off\"][\/et_pb_button][\/et_pb_column][\/et_pb_row][\/et_pb_section][et_pb_section fb_built=\"1\" admin_label=\"How It Works\" module_id=\"test\" _builder_version=\"4.3.2\" background_color=\"#448180\" background_enable_image=\"off\" parallax=\"on\" custom_padding=\"||0px||false|false\"][et_pb_row admin_label=\"Download\" module_id=\"form\" _builder_version=\"4.3.2\" background_color=\"rgba(0,0,0,0)\" max_width=\"760px\" min_height=\"634px\" custom_margin=\"35px|auto|-80px|auto|false|false\" custom_padding=\"36px|30px|36px|30px|true|true\" link_option_url_new_window=\"on\" border_radii=\"off|20px|20px||\"][et_pb_column type=\"4_4\" admin_label=\"Download\" _builder_version=\"4.3.2\" link_option_url_new_window=\"on\"][et_pb_text admin_label=\"Text\" _builder_version=\"4.3.2\" text_font=\"Roboto||||||||\" header_2_font=\"Asap|700|||||||\" header_2_text_color=\"#FFEDD3\" header_2_font_size=\"56px\" header_2_line_height=\"1.2em\" text_orientation=\"center\" custom_margin=\"||0px||false|false\" custom_padding=\"||0px|||\" header_2_font_size_tablet=\"32px\" header_2_font_size_phone=\"20px\" header_2_font_size_last_edited=\"on|phone\" text_text_shadow_style=\"preset2\" inline_fonts=\"Roboto\"]<h2><span style=\"font-size: xx-large; font-family: Roboto; font-weight: normal; color: #ea6d49;\"><strong>Download the Thematic Paper!<\/strong><\/span><\/h2>[\/et_pb_text][et_pb_text admin_label=\"Text\" _builder_version=\"4.3.2\" text_text_color=\"#448180\" text_line_height=\"1.2em\" header_text_color=\"#448180\" header_2_font=\"Asap|700|||||||\" header_2_text_color=\"#FFEDD3\" header_2_font_size=\"56px\" header_2_line_height=\"1.2em\" text_orientation=\"center\" custom_margin=\"||10px||false|false\" header_2_font_size_tablet=\"32px\" header_2_font_size_phone=\"20px\" header_2_font_size_last_edited=\"on|phone\" text_text_shadow_style=\"preset2\" inline_fonts=\"Roboto\"]<h1 class=\"entry-title\" style=\"text-align: center;\"><span style=\"font-family: Roboto; font-weight: normal; color: #ea6d49;\"><b>\u201cThe City as a Common Good: a pillar of the Right to the City\u201d<\/b><\/span><\/h1>[\/et_pb_text][et_pb_contact_form use_spam_service=\"on\" recaptcha_list=\"GPR2C Recaptcha-0\" use_redirect=\"on\" redirect_url=\"https:\/\/www.right2city.org\/download-tp-cc-ej\/\" success_message=\"Thank you for your interest. You'll be redirected to the paper\" submit_button_text=\"Download here!\" disabled_on=\"off|off|off\" admin_label=\"Contact Form\" _builder_version=\"4.3.2\" title_text_color=\"#ffde02\" background_color=\"rgba(0,0,0,0)\" custom_button=\"on\" button_text_size=\"30px\" button_text_color=\"#ea6d49\" button_bg_color=\"#448180\" button_border_width=\"3px\" button_border_color=\"#ea6d49\" button_border_radius=\"8px\" button_letter_spacing=\"0px\" button_font=\"|700|||||||\" button_icon_color=\"#ea6d49\" button_custom_margin=\"28px|202px|||false|false\" text_orientation=\"left\" width=\"100%\" link_option_url_new_window=\"on\" button_text_shadow_style=\"preset2\"][et_pb_contact_field field_id=\"Name\" field_title=\"Name\" _builder_version=\"4.3.2\" button_text_size__hover_enabled=\"off\" button_one_text_size__hover_enabled=\"off\" button_two_text_size__hover_enabled=\"off\" button_text_color__hover_enabled=\"off\" button_one_text_color__hover_enabled=\"off\" button_two_text_color__hover_enabled=\"off\" button_border_width__hover_enabled=\"off\" button_one_border_width__hover_enabled=\"off\" button_two_border_width__hover_enabled=\"off\" button_border_color__hover_enabled=\"off\" button_one_border_color__hover_enabled=\"off\" button_two_border_color__hover_enabled=\"off\" button_border_radius__hover_enabled=\"off\" button_one_border_radius__hover_enabled=\"off\" button_two_border_radius__hover_enabled=\"off\" button_letter_spacing__hover_enabled=\"off\" button_one_letter_spacing__hover_enabled=\"off\" button_two_letter_spacing__hover_enabled=\"off\" button_bg_color__hover_enabled=\"off\" button_one_bg_color__hover_enabled=\"off\" button_two_bg_color__hover_enabled=\"off\"][\/et_pb_contact_field][et_pb_contact_field field_id=\"Email\" field_title=\"Email Address\" field_type=\"email\" _builder_version=\"4.3.2\" button_text_size__hover_enabled=\"off\" button_one_text_size__hover_enabled=\"off\" button_two_text_size__hover_enabled=\"off\" button_text_color__hover_enabled=\"off\" button_one_text_color__hover_enabled=\"off\" button_two_text_color__hover_enabled=\"off\" button_border_width__hover_enabled=\"off\" button_one_border_width__hover_enabled=\"off\" button_two_border_width__hover_enabled=\"off\" button_border_color__hover_enabled=\"off\" button_one_border_color__hover_enabled=\"off\" button_two_border_color__hover_enabled=\"off\" button_border_radius__hover_enabled=\"off\" button_one_border_radius__hover_enabled=\"off\" button_two_border_radius__hover_enabled=\"off\" button_letter_spacing__hover_enabled=\"off\" button_one_letter_spacing__hover_enabled=\"off\" button_two_letter_spacing__hover_enabled=\"off\" button_bg_color__hover_enabled=\"off\" button_one_bg_color__hover_enabled=\"off\" button_two_bg_color__hover_enabled=\"off\"][\/et_pb_contact_field][\/et_pb_contact_form][et_pb_text admin_label=\"Text\" _builder_version=\"4.3.2\" text_text_color=\"#ea6d49\" text_font_size=\"12px\" text_line_height=\"1em\" header_text_color=\"#ea6d49\" header_2_font=\"Asap|700|||||||\" header_2_text_color=\"#FFEDD3\" header_2_font_size=\"56px\" header_2_line_height=\"1.2em\" background_color=\"#474747\" text_orientation=\"center\" custom_margin=\"|208px|10px|208px|false|false\" header_2_font_size_tablet=\"32px\" header_2_font_size_phone=\"20px\" header_2_font_size_last_edited=\"on|phone\" text_text_shadow_style=\"preset2\"]<span style=\"font-size: x-small; color: #ea6d49;\">All data recorded will only be used to monitor our Thematic Paper circulation and never for commercial purposes.<\/span>[\/et_pb_text][\/et_pb_column][\/et_pb_row][\/et_pb_section][et_pb_section fb_built=\"1\" _builder_version=\"4.3.2\" min_height=\"241px\"][et_pb_row _builder_version=\"4.3.2\"][et_pb_column type=\"4_4\" _builder_version=\"4.3.2\"][et_pb_text _builder_version=\"4.3.2\"]<h2 style=\"text-align: center;\">A campaign by<\/h2>[\/et_pb_text][et_pb_image src=\"https:\/\/www.right2city.org\/wp-content\/uploads\/2021\/11\/Logo-GPR2R-2018-300dpi-grande-20cm.png\" _builder_version=\"4.3.2\" width=\"40%\" module_alignment=\"center\" custom_margin=\"-27px|||||\"][\/et_pb_image][\/et_pb_column][\/et_pb_row][\/et_pb_section][et_pb_section fb_built=\"1\" _builder_version=\"4.3.2\"][et_pb_row _builder_version=\"4.3.2\" min_height=\"62px\" custom_padding=\"2px|||||\"][et_pb_column type=\"4_4\" _builder_version=\"4.3.2\"][et_pb_text _builder_version=\"4.3.2\" min_height=\"27px\"]<h2 style=\"text-align: center;\">Follow us!<\/h2>[\/et_pb_text][\/et_pb_column][\/et_pb_row][\/et_pb_section][et_pb_section fb_built=\"1\" _builder_version=\"4.3.2\"][et_pb_row _builder_version=\"4.3.2\" custom_margin=\"-40px|auto||auto||\"][et_pb_column type=\"4_4\" _builder_version=\"4.3.2\"][et_pb_social_media_follow _builder_version=\"4.3.2\" background_color=\"#29c4a9\" custom_button=\"on\" button_text_color=\"#29c4a9\" button_border_color=\"#29c4a9\" text_orientation=\"center\" min_height=\"192px\" custom_padding=\"40px|0px|40px|0px\" z_index_tablet=\"500\" custom_css_main_element=\"background-color: #808080;\" border_color_all=\"#29c4a9\" button_text_shadow_horizontal_length_tablet=\"0px\" button_text_shadow_vertical_length_tablet=\"0px\" button_text_shadow_blur_strength_tablet=\"1px\" box_shadow_horizontal_tablet=\"0px\" box_shadow_vertical_tablet=\"0px\" box_shadow_blur_tablet=\"40px\" box_shadow_spread_tablet=\"0px\" box_shadow_horizontal_button_tablet=\"0px\" box_shadow_vertical_button_tablet=\"0px\" box_shadow_blur_button_tablet=\"40px\" box_shadow_spread_button_tablet=\"0px\" text_shadow_horizontal_length_tablet=\"0px\" text_shadow_vertical_length_tablet=\"0px\" text_shadow_blur_strength_tablet=\"1px\" saved_tabs=\"all\"][et_pb_social_media_follow_network social_network=\"facebook\" url=\"http:\/\/www.facebook.com\/pages\/Global-Platform-for-the-Right-to-the-City\/532314866881073?fref=ts\" icon_color=\"#808080\" use_icon_font_size=\"on\" icon_font_size=\"40px\" _builder_version=\"3.24.1\" background_color=\"#ffffff\" border_radii=\"|40px|40px|40px|40px\" follow_button=\"off\" url_new_window=\"on\"]facebook[\/et_pb_social_media_follow_network][et_pb_social_media_follow_network social_network=\"twitter\" url=\"http:\/\/twitter.com\/Right2CityGP\" icon_color=\"#808080\" use_icon_font_size=\"on\" icon_font_size=\"40px\" _builder_version=\"4.3.2\" background_color=\"#ffffff\" border_radii=\"|40px|40px|40px|40px\" follow_button=\"off\" url_new_window=\"on\"]twitter[\/et_pb_social_media_follow_network][et_pb_social_media_follow_network social_network=\"youtube\" url=\"http:\/\/www.youtube.com\/channel\/UCtbvts5JZt7eKhUph2N7vNA\" icon_color=\"#808080\" use_icon_font_size=\"on\" icon_font_size=\"40px\" _builder_version=\"3.24.1\" background_color=\"#ffffff\" border_radii=\"|40px|40px|40px|40px\" follow_button=\"off\" url_new_window=\"on\"]youtube[\/et_pb_social_media_follow_network][\/et_pb_social_media_follow][\/et_pb_column][\/et_pb_row][\/et_pb_section]","_et_gb_content_width":"","cybocfi_hide_featured_image":"yes","footnotes":""},"categories":[137,98],"tags":[],"themes":[125,121,126,114],"agendas_globales":[254],"class_list":["post-62115","post","type-post","status-publish","format-standard","has-post-thumbnail","hentry","category-campaigns","category-sin-categorizar","themes-ciudadania-inclusiva","themes-economias-diversas-e-inclusivas","themes-funcion-social","themes-mayor-participacion-politica","agendas_globales-cop-es"],"acf":[],"yoast_head":"<!-- This site is optimized with the Yoast SEO plugin v27.4 - https:\/\/yoast.com\/product\/yoast-seo-wordpress\/ -->\n<title>La Ciudad como un Bien Com\u00fan: Un pilar del Derecho a la Ciudad - Right to the city<\/title>\n<meta name=\"robots\" content=\"index, follow, max-snippet:-1, max-image-preview:large, max-video-preview:-1\" \/>\n<link rel=\"canonical\" href=\"https:\/\/www.right2city.org\/es\/la-ciudad-como-un-bien-comun-un-pilar-del-derecho-a-la-ciudad\/\" \/>\n<meta property=\"og:locale\" content=\"es_ES\" \/>\n<meta property=\"og:type\" content=\"article\" \/>\n<meta property=\"og:title\" content=\"La Ciudad como un Bien Com\u00fan: Un pilar del Derecho a la Ciudad - Right to the city\" \/>\n<meta property=\"og:description\" content=\"Existe una necesidad urgente de que los gobiernos y la sociedad en todos los niveles reconsideren profundamente el modelo de desarrollo urbano dominante y la naturaleza de las ciudades que ha engendrado para corregir la emergencia clim\u00e1tica en curso. Dicho cambio de paradigma deber\u00eda avanzar hacia modelos m\u00e1s colectivos y equitativos para la gesti\u00f3n y [&hellip;]\" \/>\n<meta property=\"og:url\" content=\"https:\/\/www.right2city.org\/es\/la-ciudad-como-un-bien-comun-un-pilar-del-derecho-a-la-ciudad\/\" \/>\n<meta property=\"og:site_name\" content=\"Right to the city\" \/>\n<meta property=\"article:published_time\" content=\"2021-11-05T13:13:26+00:00\" \/>\n<meta property=\"article:modified_time\" content=\"2021-12-16T11:50:10+00:00\" \/>\n<meta property=\"og:image\" content=\"https:\/\/www.right2city.org\/wp-content\/uploads\/2021\/11\/my-life-through-a-lens-bq31L0jQAjU-unsplash.jpg\" \/>\n\t<meta property=\"og:image:width\" content=\"2560\" \/>\n\t<meta property=\"og:image:height\" content=\"1440\" \/>\n\t<meta property=\"og:image:type\" content=\"image\/jpeg\" \/>\n<meta name=\"author\" content=\"Isabel\" \/>\n<meta name=\"twitter:card\" content=\"summary_large_image\" \/>\n<meta name=\"twitter:label1\" content=\"Escrito por\" \/>\n\t<meta name=\"twitter:data1\" content=\"Isabel\" \/>\n\t<meta name=\"twitter:label2\" content=\"Tiempo de lectura\" \/>\n\t<meta name=\"twitter:data2\" content=\"16 minutos\" \/>\n<script type=\"application\/ld+json\" class=\"yoast-schema-graph\">{\"@context\":\"https:\\\/\\\/schema.org\",\"@graph\":[{\"@type\":\"Article\",\"@id\":\"https:\\\/\\\/www.right2city.org\\\/es\\\/la-ciudad-como-un-bien-comun-un-pilar-del-derecho-a-la-ciudad\\\/#article\",\"isPartOf\":{\"@id\":\"https:\\\/\\\/www.right2city.org\\\/es\\\/la-ciudad-como-un-bien-comun-un-pilar-del-derecho-a-la-ciudad\\\/\"},\"author\":{\"name\":\"Isabel\",\"@id\":\"https:\\\/\\\/www.right2city.org\\\/es\\\/#\\\/schema\\\/person\\\/ca06ee30b7a0bc74f0b5c66a6e1c1a62\"},\"headline\":\"La Ciudad como un Bien Com\u00fan: Un pilar del Derecho a la Ciudad\",\"datePublished\":\"2021-11-05T13:13:26+00:00\",\"dateModified\":\"2021-12-16T11:50:10+00:00\",\"mainEntityOfPage\":{\"@id\":\"https:\\\/\\\/www.right2city.org\\\/es\\\/la-ciudad-como-un-bien-comun-un-pilar-del-derecho-a-la-ciudad\\\/\"},\"wordCount\":3260,\"image\":{\"@id\":\"https:\\\/\\\/www.right2city.org\\\/es\\\/la-ciudad-como-un-bien-comun-un-pilar-del-derecho-a-la-ciudad\\\/#primaryimage\"},\"thumbnailUrl\":\"https:\\\/\\\/www.right2city.org\\\/wp-content\\\/uploads\\\/2021\\\/11\\\/my-life-through-a-lens-bq31L0jQAjU-unsplash.jpg\",\"articleSection\":[\"Campa\u00f1as\",\"General\"],\"inLanguage\":\"es\"},{\"@type\":\"WebPage\",\"@id\":\"https:\\\/\\\/www.right2city.org\\\/es\\\/la-ciudad-como-un-bien-comun-un-pilar-del-derecho-a-la-ciudad\\\/\",\"url\":\"https:\\\/\\\/www.right2city.org\\\/es\\\/la-ciudad-como-un-bien-comun-un-pilar-del-derecho-a-la-ciudad\\\/\",\"name\":\"La Ciudad como un Bien Com\u00fan: Un pilar del Derecho a la Ciudad - Right to the city\",\"isPartOf\":{\"@id\":\"https:\\\/\\\/www.right2city.org\\\/es\\\/#website\"},\"primaryImageOfPage\":{\"@id\":\"https:\\\/\\\/www.right2city.org\\\/es\\\/la-ciudad-como-un-bien-comun-un-pilar-del-derecho-a-la-ciudad\\\/#primaryimage\"},\"image\":{\"@id\":\"https:\\\/\\\/www.right2city.org\\\/es\\\/la-ciudad-como-un-bien-comun-un-pilar-del-derecho-a-la-ciudad\\\/#primaryimage\"},\"thumbnailUrl\":\"https:\\\/\\\/www.right2city.org\\\/wp-content\\\/uploads\\\/2021\\\/11\\\/my-life-through-a-lens-bq31L0jQAjU-unsplash.jpg\",\"datePublished\":\"2021-11-05T13:13:26+00:00\",\"dateModified\":\"2021-12-16T11:50:10+00:00\",\"author\":{\"@id\":\"https:\\\/\\\/www.right2city.org\\\/es\\\/#\\\/schema\\\/person\\\/ca06ee30b7a0bc74f0b5c66a6e1c1a62\"},\"breadcrumb\":{\"@id\":\"https:\\\/\\\/www.right2city.org\\\/es\\\/la-ciudad-como-un-bien-comun-un-pilar-del-derecho-a-la-ciudad\\\/#breadcrumb\"},\"inLanguage\":\"es\",\"potentialAction\":[{\"@type\":\"ReadAction\",\"target\":[\"https:\\\/\\\/www.right2city.org\\\/es\\\/la-ciudad-como-un-bien-comun-un-pilar-del-derecho-a-la-ciudad\\\/\"]}]},{\"@type\":\"BreadcrumbList\",\"@id\":\"https:\\\/\\\/www.right2city.org\\\/es\\\/la-ciudad-como-un-bien-comun-un-pilar-del-derecho-a-la-ciudad\\\/#breadcrumb\",\"itemListElement\":[{\"@type\":\"ListItem\",\"position\":1,\"name\":\"Home\",\"item\":\"https:\\\/\\\/www.right2city.org\\\/es\\\/\"},{\"@type\":\"ListItem\",\"position\":2,\"name\":\"General\",\"item\":\"https:\\\/\\\/www.right2city.org\\\/es\\\/category\\\/sin-categorizar\\\/\"},{\"@type\":\"ListItem\",\"position\":3,\"name\":\"La Ciudad como un Bien Com\u00fan: Un pilar del Derecho a la Ciudad\"}]},{\"@type\":\"WebSite\",\"@id\":\"https:\\\/\\\/www.right2city.org\\\/es\\\/#website\",\"url\":\"https:\\\/\\\/www.right2city.org\\\/es\\\/\",\"name\":\"Right to the city\",\"description\":\"Global Platform for the Right to the City\",\"potentialAction\":[{\"@type\":\"SearchAction\",\"target\":{\"@type\":\"EntryPoint\",\"urlTemplate\":\"https:\\\/\\\/www.right2city.org\\\/es\\\/?s={search_term_string}\"},\"query-input\":{\"@type\":\"PropertyValueSpecification\",\"valueRequired\":true,\"valueName\":\"search_term_string\"}}],\"inLanguage\":\"es\"},{\"@type\":\"Person\",\"@id\":\"https:\\\/\\\/www.right2city.org\\\/es\\\/#\\\/schema\\\/person\\\/ca06ee30b7a0bc74f0b5c66a6e1c1a62\",\"name\":\"Isabel\",\"image\":{\"@type\":\"ImageObject\",\"inLanguage\":\"es\",\"@id\":\"https:\\\/\\\/secure.gravatar.com\\\/avatar\\\/65592f2710b6683f3e86280c6039713b6fd75859d29253aed30fb3fc82036e4b?s=96&d=mm&r=g\",\"url\":\"https:\\\/\\\/secure.gravatar.com\\\/avatar\\\/65592f2710b6683f3e86280c6039713b6fd75859d29253aed30fb3fc82036e4b?s=96&d=mm&r=g\",\"contentUrl\":\"https:\\\/\\\/secure.gravatar.com\\\/avatar\\\/65592f2710b6683f3e86280c6039713b6fd75859d29253aed30fb3fc82036e4b?s=96&d=mm&r=g\",\"caption\":\"Isabel\"},\"url\":\"https:\\\/\\\/www.right2city.org\\\/es\\\/author\\\/isabel-hic\\\/\"}]}<\/script>\n<!-- \/ Yoast SEO plugin. -->","yoast_head_json":{"title":"La Ciudad como un Bien Com\u00fan: Un pilar del Derecho a la Ciudad - Right to the city","robots":{"index":"index","follow":"follow","max-snippet":"max-snippet:-1","max-image-preview":"max-image-preview:large","max-video-preview":"max-video-preview:-1"},"canonical":"https:\/\/www.right2city.org\/es\/la-ciudad-como-un-bien-comun-un-pilar-del-derecho-a-la-ciudad\/","og_locale":"es_ES","og_type":"article","og_title":"La Ciudad como un Bien Com\u00fan: Un pilar del Derecho a la Ciudad - Right to the city","og_description":"Existe una necesidad urgente de que los gobiernos y la sociedad en todos los niveles reconsideren profundamente el modelo de desarrollo urbano dominante y la naturaleza de las ciudades que ha engendrado para corregir la emergencia clim\u00e1tica en curso. Dicho cambio de paradigma deber\u00eda avanzar hacia modelos m\u00e1s colectivos y equitativos para la gesti\u00f3n y [&hellip;]","og_url":"https:\/\/www.right2city.org\/es\/la-ciudad-como-un-bien-comun-un-pilar-del-derecho-a-la-ciudad\/","og_site_name":"Right to the city","article_published_time":"2021-11-05T13:13:26+00:00","article_modified_time":"2021-12-16T11:50:10+00:00","og_image":[{"width":2560,"height":1440,"url":"https:\/\/www.right2city.org\/wp-content\/uploads\/2021\/11\/my-life-through-a-lens-bq31L0jQAjU-unsplash.jpg","type":"image\/jpeg"}],"author":"Isabel","twitter_card":"summary_large_image","twitter_misc":{"Escrito por":"Isabel","Tiempo de lectura":"16 minutos"},"schema":{"@context":"https:\/\/schema.org","@graph":[{"@type":"Article","@id":"https:\/\/www.right2city.org\/es\/la-ciudad-como-un-bien-comun-un-pilar-del-derecho-a-la-ciudad\/#article","isPartOf":{"@id":"https:\/\/www.right2city.org\/es\/la-ciudad-como-un-bien-comun-un-pilar-del-derecho-a-la-ciudad\/"},"author":{"name":"Isabel","@id":"https:\/\/www.right2city.org\/es\/#\/schema\/person\/ca06ee30b7a0bc74f0b5c66a6e1c1a62"},"headline":"La Ciudad como un Bien Com\u00fan: Un pilar del Derecho a la Ciudad","datePublished":"2021-11-05T13:13:26+00:00","dateModified":"2021-12-16T11:50:10+00:00","mainEntityOfPage":{"@id":"https:\/\/www.right2city.org\/es\/la-ciudad-como-un-bien-comun-un-pilar-del-derecho-a-la-ciudad\/"},"wordCount":3260,"image":{"@id":"https:\/\/www.right2city.org\/es\/la-ciudad-como-un-bien-comun-un-pilar-del-derecho-a-la-ciudad\/#primaryimage"},"thumbnailUrl":"https:\/\/www.right2city.org\/wp-content\/uploads\/2021\/11\/my-life-through-a-lens-bq31L0jQAjU-unsplash.jpg","articleSection":["Campa\u00f1as","General"],"inLanguage":"es"},{"@type":"WebPage","@id":"https:\/\/www.right2city.org\/es\/la-ciudad-como-un-bien-comun-un-pilar-del-derecho-a-la-ciudad\/","url":"https:\/\/www.right2city.org\/es\/la-ciudad-como-un-bien-comun-un-pilar-del-derecho-a-la-ciudad\/","name":"La Ciudad como un Bien Com\u00fan: Un pilar del Derecho a la Ciudad - Right to the city","isPartOf":{"@id":"https:\/\/www.right2city.org\/es\/#website"},"primaryImageOfPage":{"@id":"https:\/\/www.right2city.org\/es\/la-ciudad-como-un-bien-comun-un-pilar-del-derecho-a-la-ciudad\/#primaryimage"},"image":{"@id":"https:\/\/www.right2city.org\/es\/la-ciudad-como-un-bien-comun-un-pilar-del-derecho-a-la-ciudad\/#primaryimage"},"thumbnailUrl":"https:\/\/www.right2city.org\/wp-content\/uploads\/2021\/11\/my-life-through-a-lens-bq31L0jQAjU-unsplash.jpg","datePublished":"2021-11-05T13:13:26+00:00","dateModified":"2021-12-16T11:50:10+00:00","author":{"@id":"https:\/\/www.right2city.org\/es\/#\/schema\/person\/ca06ee30b7a0bc74f0b5c66a6e1c1a62"},"breadcrumb":{"@id":"https:\/\/www.right2city.org\/es\/la-ciudad-como-un-bien-comun-un-pilar-del-derecho-a-la-ciudad\/#breadcrumb"},"inLanguage":"es","potentialAction":[{"@type":"ReadAction","target":["https:\/\/www.right2city.org\/es\/la-ciudad-como-un-bien-comun-un-pilar-del-derecho-a-la-ciudad\/"]}]},{"@type":"BreadcrumbList","@id":"https:\/\/www.right2city.org\/es\/la-ciudad-como-un-bien-comun-un-pilar-del-derecho-a-la-ciudad\/#breadcrumb","itemListElement":[{"@type":"ListItem","position":1,"name":"Home","item":"https:\/\/www.right2city.org\/es\/"},{"@type":"ListItem","position":2,"name":"General","item":"https:\/\/www.right2city.org\/es\/category\/sin-categorizar\/"},{"@type":"ListItem","position":3,"name":"La Ciudad como un Bien Com\u00fan: Un pilar del Derecho a la Ciudad"}]},{"@type":"WebSite","@id":"https:\/\/www.right2city.org\/es\/#website","url":"https:\/\/www.right2city.org\/es\/","name":"Right to the city","description":"Global Platform for the Right to the City","potentialAction":[{"@type":"SearchAction","target":{"@type":"EntryPoint","urlTemplate":"https:\/\/www.right2city.org\/es\/?s={search_term_string}"},"query-input":{"@type":"PropertyValueSpecification","valueRequired":true,"valueName":"search_term_string"}}],"inLanguage":"es"},{"@type":"Person","@id":"https:\/\/www.right2city.org\/es\/#\/schema\/person\/ca06ee30b7a0bc74f0b5c66a6e1c1a62","name":"Isabel","image":{"@type":"ImageObject","inLanguage":"es","@id":"https:\/\/secure.gravatar.com\/avatar\/65592f2710b6683f3e86280c6039713b6fd75859d29253aed30fb3fc82036e4b?s=96&d=mm&r=g","url":"https:\/\/secure.gravatar.com\/avatar\/65592f2710b6683f3e86280c6039713b6fd75859d29253aed30fb3fc82036e4b?s=96&d=mm&r=g","contentUrl":"https:\/\/secure.gravatar.com\/avatar\/65592f2710b6683f3e86280c6039713b6fd75859d29253aed30fb3fc82036e4b?s=96&d=mm&r=g","caption":"Isabel"},"url":"https:\/\/www.right2city.org\/es\/author\/isabel-hic\/"}]}},"_links":{"self":[{"href":"https:\/\/www.right2city.org\/es\/wp-json\/wp\/v2\/posts\/62115","targetHints":{"allow":["GET"]}}],"collection":[{"href":"https:\/\/www.right2city.org\/es\/wp-json\/wp\/v2\/posts"}],"about":[{"href":"https:\/\/www.right2city.org\/es\/wp-json\/wp\/v2\/types\/post"}],"author":[{"embeddable":true,"href":"https:\/\/www.right2city.org\/es\/wp-json\/wp\/v2\/users\/4"}],"replies":[{"embeddable":true,"href":"https:\/\/www.right2city.org\/es\/wp-json\/wp\/v2\/comments?post=62115"}],"version-history":[{"count":14,"href":"https:\/\/www.right2city.org\/es\/wp-json\/wp\/v2\/posts\/62115\/revisions"}],"predecessor-version":[{"id":63386,"href":"https:\/\/www.right2city.org\/es\/wp-json\/wp\/v2\/posts\/62115\/revisions\/63386"}],"wp:featuredmedia":[{"embeddable":true,"href":"https:\/\/www.right2city.org\/es\/wp-json\/wp\/v2\/media\/62054"}],"wp:attachment":[{"href":"https:\/\/www.right2city.org\/es\/wp-json\/wp\/v2\/media?parent=62115"}],"wp:term":[{"taxonomy":"category","embeddable":true,"href":"https:\/\/www.right2city.org\/es\/wp-json\/wp\/v2\/categories?post=62115"},{"taxonomy":"post_tag","embeddable":true,"href":"https:\/\/www.right2city.org\/es\/wp-json\/wp\/v2\/tags?post=62115"},{"taxonomy":"themes","embeddable":true,"href":"https:\/\/www.right2city.org\/es\/wp-json\/wp\/v2\/themes?post=62115"},{"taxonomy":"agendas_globales","embeddable":true,"href":"https:\/\/www.right2city.org\/es\/wp-json\/wp\/v2\/agendas_globales?post=62115"}],"curies":[{"name":"wp","href":"https:\/\/api.w.org\/{rel}","templated":true}]}}