{"id":66132,"date":"2022-10-03T12:03:07","date_gmt":"2022-10-03T10:03:07","guid":{"rendered":"https:\/\/www.right2city.org\/?p=66132"},"modified":"2022-10-26T18:14:21","modified_gmt":"2022-10-26T16:14:21","slug":"2022-urban-october-reclaiming-the-right-to-the-city-through-commoning","status":"publish","type":"post","link":"https:\/\/www.right2city.org\/es\/2022-urban-october-reclaiming-the-right-to-the-city-through-commoning\/","title":{"rendered":"Octubre Urbano 2022: Comunalizaci\u00f3n para Reclamar el Derecho a la Ciudad"},"content":{"rendered":"[et_pb_section fb_built=\u00bb1&#8243; _builder_version=\u00bb4.3.2&#8243;][et_pb_row _builder_version=\u00bb4.3.2&#8243;][et_pb_column type=\u00bb4_4&#8243; _builder_version=\u00bb4.3.2&#8243;][et_pb_image src=\u00bbhttps:\/\/www.right2city.org\/wp-content\/uploads\/2022\/10\/comunalizacion-para-reclamar-el-dac.png\u00bb _builder_version=\u00bb4.3.2&#8243;][\/et_pb_image][\/et_pb_column][\/et_pb_row][\/et_pb_section][et_pb_section fb_built=\u00bb1&#8243; admin_label=\u00bbMarket Information Section\u00bb _builder_version=\u00bb3.22&#8243; custom_padding=\u00bb100px||100px|\u00bb][et_pb_row column_structure=\u00bb1_2,1_2&#8243; _builder_version=\u00bb4.3.2&#8243; min_height=\u00bb100px\u00bb][et_pb_column type=\u00bb1_2&#8243; _builder_version=\u00bb4.3.2&#8243;][et_pb_text admin_label=\u00bbText\u00bb _builder_version=\u00bb4.3.2&#8243; background_color=\u00bb#050000&#8243; custom_padding=\u00bb15px|15px|15px|15px\u00bb link_option_url=\u00bbhttps:\/\/www.right2city.org\/wp-content\/uploads\/2022\/10\/Declaracion-DMDC-2022_ES.pdf\u00bb link_option_url_new_window=\u00bbon\u00bb z_index_tablet=\u00bb500&#8243; text_text_shadow_horizontal_length_tablet=\u00bb0px\u00bb text_text_shadow_vertical_length_tablet=\u00bb0px\u00bb text_text_shadow_blur_strength_tablet=\u00bb1px\u00bb link_text_shadow_horizontal_length_tablet=\u00bb0px\u00bb link_text_shadow_vertical_length_tablet=\u00bb0px\u00bb link_text_shadow_blur_strength_tablet=\u00bb1px\u00bb ul_text_shadow_horizontal_length_tablet=\u00bb0px\u00bb ul_text_shadow_vertical_length_tablet=\u00bb0px\u00bb ul_text_shadow_blur_strength_tablet=\u00bb1px\u00bb ol_text_shadow_horizontal_length_tablet=\u00bb0px\u00bb ol_text_shadow_vertical_length_tablet=\u00bb0px\u00bb ol_text_shadow_blur_strength_tablet=\u00bb1px\u00bb quote_text_shadow_horizontal_length_tablet=\u00bb0px\u00bb quote_text_shadow_vertical_length_tablet=\u00bb0px\u00bb quote_text_shadow_blur_strength_tablet=\u00bb1px\u00bb header_text_shadow_horizontal_length_tablet=\u00bb0px\u00bb header_text_shadow_vertical_length_tablet=\u00bb0px\u00bb header_text_shadow_blur_strength_tablet=\u00bb1px\u00bb header_2_text_shadow_horizontal_length_tablet=\u00bb0px\u00bb header_2_text_shadow_vertical_length_tablet=\u00bb0px\u00bb header_2_text_shadow_blur_strength_tablet=\u00bb1px\u00bb header_3_text_shadow_horizontal_length_tablet=\u00bb0px\u00bb header_3_text_shadow_vertical_length_tablet=\u00bb0px\u00bb header_3_text_shadow_blur_strength_tablet=\u00bb1px\u00bb header_4_text_shadow_horizontal_length_tablet=\u00bb0px\u00bb header_4_text_shadow_vertical_length_tablet=\u00bb0px\u00bb header_4_text_shadow_blur_strength_tablet=\u00bb1px\u00bb header_5_text_shadow_horizontal_length_tablet=\u00bb0px\u00bb header_5_text_shadow_vertical_length_tablet=\u00bb0px\u00bb header_5_text_shadow_blur_strength_tablet=\u00bb1px\u00bb header_6_text_shadow_horizontal_length_tablet=\u00bb0px\u00bb header_6_text_shadow_vertical_length_tablet=\u00bb0px\u00bb header_6_text_shadow_blur_strength_tablet=\u00bb1px\u00bb border_radii=\u00bbon|6px|6px|6px|6px\u00bb border_width_all=\u00bb4px\u00bb border_color_all=\u00bb#fdb933&#8243; box_shadow_horizontal_tablet=\u00bb0px\u00bb box_shadow_vertical_tablet=\u00bb0px\u00bb box_shadow_blur_tablet=\u00bb40px\u00bb box_shadow_spread_tablet=\u00bb0px\u00bb]\n<p style=\"text-align: center;\"><span style=\"color: #fdb933; font-size: 14pt;\"><b>Nuestra Declaraci\u00f3n<\/b><\/span><\/p>\n[\/et_pb_text][\/et_pb_column][et_pb_column type=\u00bb1_2&#8243; _builder_version=\u00bb4.3.2&#8243;][et_pb_text admin_label=\u00bbText\u00bb _builder_version=\u00bb4.3.2&#8243; background_color=\u00bb#050000&#8243; custom_padding=\u00bb15px|15px|15px|15px\u00bb link_option_url=\u00bbhttps:\/\/www.right2city.org\/events\/gpr2c-members-and-allies-initiatives-for-urban-october-2022\/\u00bb link_option_url_new_window=\u00bbon\u00bb z_index_tablet=\u00bb500&#8243; text_text_shadow_horizontal_length_tablet=\u00bb0px\u00bb text_text_shadow_vertical_length_tablet=\u00bb0px\u00bb text_text_shadow_blur_strength_tablet=\u00bb1px\u00bb link_text_shadow_horizontal_length_tablet=\u00bb0px\u00bb link_text_shadow_vertical_length_tablet=\u00bb0px\u00bb link_text_shadow_blur_strength_tablet=\u00bb1px\u00bb ul_text_shadow_horizontal_length_tablet=\u00bb0px\u00bb ul_text_shadow_vertical_length_tablet=\u00bb0px\u00bb ul_text_shadow_blur_strength_tablet=\u00bb1px\u00bb ol_text_shadow_horizontal_length_tablet=\u00bb0px\u00bb ol_text_shadow_vertical_length_tablet=\u00bb0px\u00bb ol_text_shadow_blur_strength_tablet=\u00bb1px\u00bb quote_text_shadow_horizontal_length_tablet=\u00bb0px\u00bb quote_text_shadow_vertical_length_tablet=\u00bb0px\u00bb quote_text_shadow_blur_strength_tablet=\u00bb1px\u00bb header_text_shadow_horizontal_length_tablet=\u00bb0px\u00bb header_text_shadow_vertical_length_tablet=\u00bb0px\u00bb header_text_shadow_blur_strength_tablet=\u00bb1px\u00bb header_2_text_shadow_horizontal_length_tablet=\u00bb0px\u00bb header_2_text_shadow_vertical_length_tablet=\u00bb0px\u00bb header_2_text_shadow_blur_strength_tablet=\u00bb1px\u00bb header_3_text_shadow_horizontal_length_tablet=\u00bb0px\u00bb header_3_text_shadow_vertical_length_tablet=\u00bb0px\u00bb header_3_text_shadow_blur_strength_tablet=\u00bb1px\u00bb header_4_text_shadow_horizontal_length_tablet=\u00bb0px\u00bb header_4_text_shadow_vertical_length_tablet=\u00bb0px\u00bb header_4_text_shadow_blur_strength_tablet=\u00bb1px\u00bb header_5_text_shadow_horizontal_length_tablet=\u00bb0px\u00bb header_5_text_shadow_vertical_length_tablet=\u00bb0px\u00bb header_5_text_shadow_blur_strength_tablet=\u00bb1px\u00bb header_6_text_shadow_horizontal_length_tablet=\u00bb0px\u00bb header_6_text_shadow_vertical_length_tablet=\u00bb0px\u00bb header_6_text_shadow_blur_strength_tablet=\u00bb1px\u00bb border_radii=\u00bbon|6px|6px|6px|6px\u00bb border_width_all=\u00bb4px\u00bb border_color_all=\u00bb#fdb933&#8243; box_shadow_horizontal_tablet=\u00bb0px\u00bb box_shadow_vertical_tablet=\u00bb0px\u00bb box_shadow_blur_tablet=\u00bb40px\u00bb box_shadow_spread_tablet=\u00bb0px\u00bb]\n<p style=\"text-align: center;\"><a href=\"https:\/\/www.right2city.org\/es\/events\/gpr2c-members-and-allies-initiatives-for-urban-october-2022\/\"><span style=\"color: #fdb933; font-size: 14pt;\"><b>Iniciativas de Miembros y Aliados<\/b><\/span><\/a><\/p>\n[\/et_pb_text][\/et_pb_column][\/et_pb_row][et_pb_row admin_label=\u00bbMarket Information Title Area\u00bb _builder_version=\u00bb3.25&#8243; custom_padding=\u00bb40px|0px|40px|0px\u00bb][et_pb_column type=\u00bb4_4&#8243; _builder_version=\u00bb3.25&#8243; custom_padding=\u00bb|||\u00bb custom_padding__hover=\u00bb|||\u00bb][et_pb_text admin_label=\u00bbText\u00bb _builder_version=\u00bb4.3.2&#8243; text_font=\u00bb||||||||\u00bb text_line_height=\u00bb1.8em\u00bb header_font=\u00bb||||||||\u00bb animation_direction=\u00bbleft\u00bb inline_fonts=\u00bbABeeZee\u00bb]\n<h2><span style=\"font-weight: 400;\">Con motivo del D\u00eda Mundial del Derecho a la Ciudad (31 de octubre), la Plataforma Global por el Derecho a la Ciudad hace un llamado a la realizaci\u00f3n del Derecho a la Ciudad, mediante la de implementaci\u00f3n\u00a0 de iniciativas de gesti\u00f3n compartida de bienes comunes.<\/span><\/h2>\n<p style=\"text-align: justify;\"><span style=\"font-weight: 400;\">Como se destac\u00f3 durante el D\u00eda Mundial del H\u00e1bitat, el aumento de las desigualdades supone un impedimento evidente para la realizaci\u00f3n de los Derechos Humanos y para lograr ciudades y asentamientos humanos justos, diversos y que puedan ser disfrutados plenamente por todos los habitantes. La lucha contra estas desigualdades debe ser una de las principales prioridades de todas las agendas gubernamentales, abordando c\u00f3mo se expresan de manera interseccional y espacial.\u00a0<\/span><\/p>\n<p style=\"text-align: justify;\"><span style=\"font-weight: 400;\">Cualquier acci\u00f3n concreta y contundente para abordar las desigualdades tiene que basarse en una revisi\u00f3n importante de los modelos actuales que impulsan el desarrollo econ\u00f3mico, pasando de una l\u00f3gica basada en la maximizaci\u00f3n de los beneficios y la mercantilizaci\u00f3n de los recursos clave, a modelos que impulsen la puesta en com\u00fan para el bienestar de la colectividad.<\/span><\/p>\n<h2 style=\"text-align: justify;\"><strong>Por ello, en este D\u00eda Mundial del Derecho a la Ciudad, las organizaciones de la sociedad civil y los gobiernos locales reclaman la comunalizaci\u00f3n, un cambio de paradigma y un avance para hacer realidad el Derecho a la Ciudad.<\/strong><\/h2>\n[\/et_pb_text][et_pb_image src=\u00bbhttps:\/\/www.right2city.org\/wp-content\/uploads\/2022\/10\/que-es-comunalizacion.png\u00bb _builder_version=\u00bb4.3.2&#8243;][\/et_pb_image][\/et_pb_column][\/et_pb_row][\/et_pb_section][et_pb_section fb_built=\u00bb1&#8243; _builder_version=\u00bb4.3.2&#8243;][et_pb_row _builder_version=\u00bb4.3.2&#8243;][et_pb_column type=\u00bb4_4&#8243; _builder_version=\u00bb4.3.2&#8243;][et_pb_text _builder_version=\u00bb4.3.2&#8243;]\n<h4><span style=\"font-weight: 400;\">Comprometidos con un debate vivo y en constante evoluci\u00f3n, los bienes comunes pueden entenderse como bienes materiales e inmateriales, recursos, servicios y pr\u00e1cticas sociales consideradas fundamentales para la reproducci\u00f3n de la vida, que por lo tanto no pueden ser mercantilizados sino que tienen que ser cuidados y gestionados de forma colectiva, bajo principios democr\u00e1ticos de participaci\u00f3n directa, inclusi\u00f3n radical y equidad y justicia interseccional dentro de un continuo de administraci\u00f3n y compromiso con las generaciones pasadas y futuras y con todas las formas de vida de la Madre Tierra.<\/span><\/h4>\n<h4><span style=\"font-weight: 400;\">A pesar de su gran diversidad, las experiencias de gesti\u00f3n colectiva de los bienes comunes suelen presentar <strong>tres caracter\u00edsticas principales:<\/strong><\/span><\/h4>\n<ul>\n<li style=\"font-weight: 400;\" aria-level=\"1\">\n<h4><span style=\"font-weight: 400;\"><strong>una comunidad de comuneros comprometida con la superaci\u00f3n de las divisiones y desigualdades sociales<\/strong>, y en la que se pueden desarrollar habilidades para el autogobierno<\/span><\/h4>\n<\/li>\n<li style=\"font-weight: 400;\" aria-level=\"1\">\n<h4><span style=\"font-weight: 400;\"><strong>recursos comunes, que no se mercantilizan<\/strong> y se utilizan para satisfacer las necesidades de la comunidad<\/span><\/h4>\n<\/li>\n<li style=\"font-weight: 400;\" aria-level=\"1\">\n<h4><span style=\"font-weight: 400;\"><strong>un conjunto de principios, acuerdos y pr\u00e1cticas compartidas<\/strong>, que incluyan medios de comunicaci\u00f3n eficaces para crear, mantener, gobernar, proteger y reproducir los bienes comunes mediante una gobernanza democr\u00e1tica no autoritaria, inclusiva y horizontal.<\/span><\/h4>\n<\/li>\n<\/ul>\n[\/et_pb_text][\/et_pb_column][\/et_pb_row][\/et_pb_section][et_pb_section fb_built=\u00bb1&#8243; admin_label=\u00bbFeature Section\u00bb _builder_version=\u00bb4.3.2&#8243; custom_margin=\u00bb||-20px||false|false\u00bb custom_padding=\u00bb100px||0px||false|false\u00bb][et_pb_row _builder_version=\u00bb4.3.2&#8243;][et_pb_column type=\u00bb4_4&#8243; _builder_version=\u00bb4.3.2&#8243;][et_pb_text _builder_version=\u00bb4.3.2&#8243; background_color=\u00bb#fdb933&#8243; custom_margin=\u00bb15px|15px|15px|15px|false|false\u00bb custom_padding=\u00bb15px||15px||false|false\u00bb border_radii=\u00bbon|4px|4px|4px|4px\u00bb border_width_all=\u00bb2px\u00bb border_color_all=\u00bb#000000&#8243;]\n<h1 style=\"text-align: center;\"><strong><span style=\"color: #000000;\">Documento Pol\u00edtico sobre Bienes Comunes<\/span><\/strong><\/h1>\n[\/et_pb_text][\/et_pb_column][\/et_pb_row][et_pb_row column_structure=\u00bb3_5,2_5&#8243; _builder_version=\u00bb4.3.2&#8243;][et_pb_column type=\u00bb3_5&#8243; _builder_version=\u00bb4.3.2&#8243;][et_pb_text _builder_version=\u00bb4.3.2&#8243;]\n<p><span style=\"font-weight: 400;\">El documento sobre los Comunes es una contribuci\u00f3n clave para el proceso de Cabildo P\u00fablico que Ciudades y Gobiernos Locales Unidos promueve como parte de su VII Congreso Mundial, que tendr\u00e1 lugar en Daejeon, Corea del Sur del 10 al 14 de octubre de 2022. El contenido de \u00e9ste es el resultado de un esfuerzo colaborativo de las organizaciones de la sociedad civil, la academia y las agencias de las Naciones Unidas, en colaboraci\u00f3n con los gobiernos locales y regionales. Las siguientes propuestas y recomendaciones prospectivas se realizaron con base en las lecciones aprendidas y en las reflexiones cr\u00edticas de iniciativas continuas en las regiones de todo el mundo.<\/span><\/p>\n<p><span style=\"font-weight: 400;\">Este documento incluye una serie de recomendaciones espec\u00edficas cuyo objetivo es crear las condiciones para proteger y promover a los comunes. La acci\u00f3n local o global se concibe como necesariamente interconectada y multisectorial, mientras que el apoyo p\u00fablico a lacomunalizaci\u00f3n debe siempre estar en consonancia con las obligaciones de derechos humanos y con el objetivo de promover mayor equidad, justicia social e inclusi\u00f3n radical. Organizado en t\u00e9rminos de, tanto iniciativas inmediatas como de transformaciones de mediano plazo, las sugerencias cubren \u00e1reas cr\u00edticas de articulaci\u00f3n y mejora, como: ejercicios de planificaci\u00f3n participativos y aprendizaje entre pares; di\u00e1logos a nivel local entre las autoridades municipales\/regionales y los grupos de la base, el establecimiento de marcos regulatorios: pol\u00edticas p\u00fablicas de apoyo, programas y presupuestos; campa\u00f1as p\u00fablicas y participaci\u00f3n en debates internacionales.\u00a0<\/span><\/p>\n[\/et_pb_text][\/et_pb_column][et_pb_column type=\u00bb2_5&#8243; _builder_version=\u00bb4.3.2&#8243;][et_pb_image src=\u00bbhttps:\/\/www.right2city.org\/wp-content\/uploads\/2022\/10\/TH_PP_GlobalCommons_ES_PORTADA-scaled.jpg\u00bb _builder_version=\u00bb4.3.2&#8243;][\/et_pb_image][\/et_pb_column][\/et_pb_row][\/et_pb_section][et_pb_section fb_built=\u00bb1&#8243; _builder_version=\u00bb4.3.2&#8243;][et_pb_row column_structure=\u00bb1_2,1_2&#8243; _builder_version=\u00bb4.3.2&#8243;][et_pb_column type=\u00bb1_2&#8243; _builder_version=\u00bb4.3.2&#8243;][\/et_pb_column][et_pb_column type=\u00bb1_2&#8243; _builder_version=\u00bb4.3.2&#8243;][et_pb_button button_text=\u00bbDescarga el documento aqu\u00ed (disponible pronto)\u00bb button_alignment=\u00bbright\u00bb _builder_version=\u00bb4.3.2&#8243; custom_button=\u00bbon\u00bb button_text_color=\u00bb#fdb933&#8243; button_bg_color=\u00bb#0c0c0c\u00bb][\/et_pb_button][\/et_pb_column][\/et_pb_row][\/et_pb_section][et_pb_section fb_built=\u00bb1&#8243; admin_label=\u00bbSponsors Section\u00bb _builder_version=\u00bb3.22&#8243; custom_padding=\u00bb90px||90px|\u00bb][et_pb_row _builder_version=\u00bb4.3.2&#8243; custom_padding=\u00bb0px|||||\u00bb][et_pb_column type=\u00bb4_4&#8243; _builder_version=\u00bb4.3.2&#8243;][et_pb_text _builder_version=\u00bb4.3.2&#8243; background_color=\u00bb#fdb933&#8243; custom_margin=\u00bb15px|15px|15px|15px|false|false\u00bb custom_padding=\u00bb15px||15px||false|false\u00bb border_radii=\u00bbon|4px|4px|4px|4px\u00bb border_width_all=\u00bb2px\u00bb border_color_all=\u00bb#000000&#8243;]\n<h1 style=\"text-align: center;\"><strong><span style=\"color: #000000;\">Pr\u00e1cticas de Comunalizaci\u00f3n<\/span><\/strong><\/h1>\n[\/et_pb_text][\/et_pb_column][\/et_pb_row][et_pb_row _builder_version=\u00bb4.3.2&#8243;][et_pb_column type=\u00bb4_4&#8243; _builder_version=\u00bb4.3.2&#8243;][et_pb_text _builder_version=\u00bb4.3.2&#8243;]\n<h2 style=\"text-align: center;\"><span style=\"font-size: large;\"><b>Las pr\u00e1cticas de comunalizaci\u00f3n se basan en mecanismos de democracia directa y autogesti\u00f3n que fortalecen a la comunidad.<\/b><\/span><\/h2>\n<h2 style=\"text-align: center;\"><span style=\"font-size: large;\"><span style=\"font-weight: 400;\">Apuestan por la no mercantilizaci\u00f3n (privatizaci\u00f3n) de los recursos y servicios comunes.<\/span><\/span><\/h2>\n[\/et_pb_text][\/et_pb_column][\/et_pb_row][\/et_pb_section][et_pb_section fb_built=\u00bb1&#8243; _builder_version=\u00bb4.3.2&#8243;][et_pb_row column_structure=\u00bb1_3,1_3,1_3&#8243; make_equal=\u00bbon\u00bb _builder_version=\u00bb4.3.2&#8243; background_color=\u00bbrgba(0,0,0,0)\u00bb][et_pb_column type=\u00bb1_3&#8243; _builder_version=\u00bb4.3.2&#8243;][et_pb_image src=\u00bbhttps:\/\/www.right2city.org\/wp-content\/uploads\/2022\/10\/Residents-of-Can\u0303o-Marti\u0301n-Pen\u0303a-Puerto-Rico_x.jpg\u00bb url=\u00bbhttp:\/\/cano3punto7.org\/index-english.html\u00bb url_new_window=\u00bbon\u00bb show_bottom_space=\u00bboff\u00bb align=\u00bbcenter\u00bb force_fullwidth=\u00bbon\u00bb _builder_version=\u00bb4.3.2&#8243; custom_margin=\u00bb|||10px|false|false\u00bb][\/et_pb_image][\/et_pb_column][et_pb_column type=\u00bb1_3&#8243; _builder_version=\u00bb4.3.2&#8243;][et_pb_image src=\u00bbhttps:\/\/www.right2city.org\/wp-content\/uploads\/2022\/10\/Baan-Mankong-Urban-12-x.jpg\u00bb url=\u00bbhttps:\/\/en.codi.or.th\/baan-mankong-housing\/baan-mankong-rural\/\u00bb url_new_window=\u00bbon\u00bb align=\u00bbcenter\u00bb _builder_version=\u00bb4.3.2&#8243;][\/et_pb_image][\/et_pb_column][et_pb_column type=\u00bb1_3&#8243; _builder_version=\u00bb4.3.2&#8243;][et_pb_image src=\u00bbhttps:\/\/www.right2city.org\/wp-content\/uploads\/2022\/10\/canbatllo2x.jpg\u00bb url=\u00bbhttps:\/\/www.meet.barcelona\/en\/visit-and-love-it\/points-interest-city\/antiga-fabrica-can-batllo-99400343700&#8243; url_new_window=\u00bbon\u00bb align=\u00bbcenter\u00bb force_fullwidth=\u00bbon\u00bb _builder_version=\u00bb4.3.2&#8243; custom_margin=\u00bb|10px|||false|false\u00bb][\/et_pb_image][\/et_pb_column][\/et_pb_row][\/et_pb_section][et_pb_section fb_built=\u00bb1&#8243; _builder_version=\u00bb4.3.2&#8243; custom_padding=\u00bb||0px|||\u00bb][et_pb_row column_structure=\u00bb1_3,1_3,1_3&#8243; _builder_version=\u00bb4.3.2&#8243; min_height=\u00bb420.4px\u00bb custom_padding=\u00bb||1px|||\u00bb][et_pb_column type=\u00bb1_3&#8243; _builder_version=\u00bb4.3.2&#8243;][et_pb_text _builder_version=\u00bb4.3.2&#8243;]\n<p><strong><a href=\"http:\/\/fideicomisomartinpena.org\/\">Fideicomiso de la Tierra Ca\u00f1o Mart\u00edn Pe\u00f1a<\/a><\/strong><\/p>\n<p><span style=\"font-weight: 400;\">San Juan\u00a0 (Puerto Rico)<\/span><\/p>\n<p><span style=\"font-weight: 400;\">Fideicomiso de la Tierra del Ca\u00f1o Mart\u00edn Pe\u00f1a<\/span><\/p>\n<p style=\"text-align: justify;\"><span style=\"font-weight: 400;\">El Fideicomiso de Tierras Comunitarias (FTC) gestiona los aproximadamente 200 acres de tierras p\u00fablicas transferidas por el gobierno y que ahora son propiedad colectiva de las ocho comunidades de la zona. El FTC ha permitido legalizar la relaci\u00f3n entre m\u00e1s de 2.000 familias y la tierra en la que se asientan sus hogares, al tiempo que ha posibilitado el reasentamiento de personas que viv\u00edan en zonas de alto riesgo.<\/span><\/p>\n<p><span style=\"font-weight: 400;\"><\/span><\/p>\n<p><span style=\"font-weight: 400;\"><\/span><\/p>\n[\/et_pb_text][\/et_pb_column][et_pb_column type=\u00bb1_3&#8243; _builder_version=\u00bb4.3.2&#8243;][et_pb_text _builder_version=\u00bb4.3.2&#8243;]\n<p><a href=\"https:\/\/en.codi.or.th\/baan-mankong-housing\/baan-mankong-rural\/\"><b>Programa de Vivienda egura Baan Mankong<\/b><\/a><\/p>\n<p>\u00a0<span style=\"font-weight: 400;\">Tailandia<\/span><\/p>\n<p><span style=\"font-weight: 400;\">Por: CODI<\/span><\/p>\n<p>\u00a0<span style=\"font-weight: 400;\">El programa nacional Baan Mankong de \u00abviviendas seguras\u00bb es una iniciativa financiada por el gobierno, bajo los auspicios del Instituto de Desarrollo de Organizaciones Comunitarias (CODI), lanzada en 2003. Ha proporcionado pr\u00e9stamos blandos a trav\u00e9s de cooperativas de ahorro de las personas empobrecidas urbanas y subsidios de infraestructura que permiten la mejora de los barrios a escala en todo el pa\u00eds.<\/span><\/p>\n<p>&nbsp;<\/p>\n<p>&nbsp;<\/p>\n[\/et_pb_text][\/et_pb_column][et_pb_column type=\u00bb1_3&#8243; _builder_version=\u00bb4.3.2&#8243;][et_pb_text _builder_version=\u00bb4.3.2&#8243;]\n<p><a href=\"https:\/\/canbatllo.org\/\"><b>Can Battl\u00f3<\/b><\/a><\/p>\n<p><span style=\"font-weight: 400;\">Barcelona (Espa\u00f1a)<\/span><\/p>\n<p><span style=\"font-weight: 400;\">Can Batll\u00f3 association + Ciudad de Barcelona<\/span><\/p>\n<p style=\"text-align: justify;\"><span style=\"font-size: 16px;\">Tras d\u00e9cadas de inacci\u00f3n, un movimiento vecinal ha conseguido hacerse con el control de un gran espacio comunitario en el emplazamiento de una f\u00e1brica desactivada. La asociaci\u00f3n tiene actualmente el derecho a gestionar el espacio durante 50 a\u00f1os en virtud de un novedoso contrato de colaboraci\u00f3n con el ayuntamiento.<\/span><\/p>\n[\/et_pb_text][\/et_pb_column][\/et_pb_row][\/et_pb_section][et_pb_section fb_built=\u00bb1&#8243; _builder_version=\u00bb4.3.2&#8243;][et_pb_row column_structure=\u00bb1_3,1_3,1_3&#8243; make_equal=\u00bbon\u00bb _builder_version=\u00bb4.3.2&#8243; background_color=\u00bbrgba(0,0,0,0)\u00bb][et_pb_column type=\u00bb1_3&#8243; _builder_version=\u00bb4.3.2&#8243;][et_pb_image src=\u00bbhttps:\/\/www.right2city.org\/wp-content\/uploads\/2022\/10\/streetvendingx.jpg\u00bb url=\u00bbhttps:\/\/www.wiego.org\/sites\/default\/files\/resources\/file\/Bangkok_Report.pdf\u00bb url_new_window=\u00bbon\u00bb show_bottom_space=\u00bboff\u00bb align=\u00bbcenter\u00bb force_fullwidth=\u00bbon\u00bb _builder_version=\u00bb4.3.2&#8243; custom_margin=\u00bb|||10px|false|false\u00bb][\/et_pb_image][\/et_pb_column][et_pb_column type=\u00bb1_3&#8243; _builder_version=\u00bb4.3.2&#8243;][et_pb_image src=\u00bbhttps:\/\/www.right2city.org\/wp-content\/uploads\/2022\/10\/Presentazione_Collaborare_Sindaco.026-340&#215;230-2.jpg\u00bb url=\u00bbhttps:\/\/gold.uclg.org\/sites\/default\/files\/2022-06\/ch9_democratizing_63.pdf\u00bb url_new_window=\u00bbon\u00bb align=\u00bbcenter\u00bb force_fullwidth=\u00bbon\u00bb _builder_version=\u00bb4.3.2&#8243;][\/et_pb_image][\/et_pb_column][et_pb_column type=\u00bb1_3&#8243; _builder_version=\u00bb4.3.2&#8243;][et_pb_image src=\u00bbhttps:\/\/www.right2city.org\/wp-content\/uploads\/2022\/10\/ch4_commoning_2_0-3-1.jpg\u00bb url=\u00bbhttps:\/\/gold.uclg.org\/sites\/default\/files\/2022-06\/ch7_renaturing_38.pdf\u00bb url_new_window=\u00bbon\u00bb align=\u00bbcenter\u00bb force_fullwidth=\u00bbon\u00bb _builder_version=\u00bb4.3.2&#8243; custom_margin=\u00bb|10px|||false|false\u00bb][\/et_pb_image][\/et_pb_column][\/et_pb_row][\/et_pb_section][et_pb_section fb_built=\u00bb1&#8243; _builder_version=\u00bb4.3.2&#8243;][et_pb_row column_structure=\u00bb1_3,1_3,1_3&#8243; _builder_version=\u00bb4.3.2&#8243;][et_pb_column type=\u00bb1_3&#8243; _builder_version=\u00bb4.3.2&#8243;][et_pb_text _builder_version=\u00bb4.3.2&#8243;]\n<p><a href=\"https:\/\/www.wiego.org\/sites\/default\/files\/resources\/file\/Bangkok_Report.pdf\"><b>Acceso a la vacuna accine por trabajadores Informales<\/b><\/a><\/p>\n<p><span style=\"font-weight: 400;\">Thailand<\/span><\/p>\n<p><span style=\"font-weight: 400;\">HomeNet \/ Fed. Trabajadores Informales<\/span><\/p>\n<p style=\"text-align: justify;\"><span style=\"font-size: 16px;\">HomeNet Tailandia y la Federaci\u00f3n de Trabajadores Informales (FIT) intervinieron para facilitar el acceso de les trabajadores informales a las vacunas COVID-19, negociando con el Ministerio de Trabajo el acceso a las vacunas para 300 miembros de la FIT, incluidos los trabajadores dom\u00e9sticos migrantes. El caso puede ayudar a ejemplificar la noci\u00f3n de comunalizaci\u00f3n como estrategia colectiva para acceder a bienes (vacunas) y servicios (atenci\u00f3n sanitaria) p\u00fablicos.<\/span><\/p>\n[\/et_pb_text][\/et_pb_column][et_pb_column type=\u00bb1_3&#8243; _builder_version=\u00bb4.3.2&#8243;][et_pb_text _builder_version=\u00bb4.3.2&#8243;]\n<p><strong style=\"font-size: 16px;\"><a href=\"https:\/\/labgov.city\/explore-by-lab\/bolognalab\/\">Reglamento de Bolonia sobre la colaboraci\u00f3n ciudadana para los bienes comunes urbanos<\/a><\/strong><\/p>\n<p>\u00a0<span style=\"font-size: 16px;\">Bolonia (Italia)<\/span><\/p>\n<p><span style=\"font-weight: 400;\">Por: Ciudad de Bolonia<\/span><\/p>\n<p style=\"text-align: justify;\"><span style=\"font-size: 16px; text-align: justify;\">Desde 2014, han florecido m\u00e1s de 280 iniciativas de comunalizaci\u00f3n en Bolonia gracias al apoyo del municipio y a una normativa que permite a las organizaciones comunitarias desarrollar planes de gesti\u00f3n colectiva de los recursos urbanos reconocidos como bienes comunes. Se firma un acuerdo con la ciudad para conceder los derechos de gesti\u00f3n y dedicar apoyo y recursos a la iniciativa en el marco de una asociaci\u00f3n \u00abp\u00fablico-com\u00fan\u00bb.<\/span><\/p>\n[\/et_pb_text][\/et_pb_column][et_pb_column type=\u00bb1_3&#8243; _builder_version=\u00bb4.3.2&#8243;][et_pb_text _builder_version=\u00bb4.3.2&#8243;]\n<p><a href=\"https:\/\/gold.uclg.org\/sites\/default\/files\/2022-06\/ch4_commoning_2_0.pdf\"><b>Mejora de los asentamientos informales impulsada por la comunidad<\/b><\/a><span style=\"font-weight: 400;\"><\/span><\/p>\n<p><span style=\"font-weight: 400;\">Gobabis (Namibia) y <\/span><span style=\"font-weight: 400;\">Harare (Zimbabue)<\/span><\/p>\n<p><span style=\"font-weight: 400;\">Por: Comunidades locales, ONG, Slum Dwellers International y gobiernos locales<\/span><\/p>\n<p style=\"text-align: justify;\"><span style=\"font-weight: 400;\">En Namibia y Zimbabue, las comunidades locales y las ONG se han asociado con la SDI y los gobiernos locales en el marco de iniciativas de mejora de los asentamientos informales impulsadas por la comunidad. El desarrollo de la iniciativa ha sido impulsado por la comunidad desde su inicio hasta su implementaci\u00f3n y se basa en estrategias graduales.<\/span><\/p>\n[\/et_pb_text][\/et_pb_column][\/et_pb_row][\/et_pb_section][et_pb_section fb_built=\u00bb1&#8243; _builder_version=\u00bb4.3.2&#8243; custom_margin=\u00bb||72px|||\u00bb][et_pb_row column_structure=\u00bb1_3,1_3,1_3&#8243; make_equal=\u00bbon\u00bb _builder_version=\u00bb4.3.2&#8243; background_color=\u00bbrgba(0,0,0,0)\u00bb custom_margin=\u00bb|auto|-37px|auto||\u00bb][et_pb_column type=\u00bb1_3&#8243; _builder_version=\u00bb4.3.2&#8243;][et_pb_image src=\u00bbhttps:\/\/www.right2city.org\/wp-content\/uploads\/2022\/10\/tc_atlas_2019_imgurl-e1666793006841.png\u00bb url=\u00bbhttps:\/\/www.unicef.org\/srilanka\/press-releases\/mayor-batticaloa-and-unicef-sign-agreement-establish-sri-lankas-first-child-friendly\u00bb url_new_window=\u00bbon\u00bb show_bottom_space=\u00bboff\u00bb align=\u00bbcenter\u00bb force_fullwidth=\u00bbon\u00bb _builder_version=\u00bb4.3.2&#8243; custom_margin=\u00bb|||10px|false|false\u00bb][\/et_pb_image][\/et_pb_column][et_pb_column type=\u00bb1_3&#8243; _builder_version=\u00bb4.3.2&#8243;][et_pb_image url=\u00bbhttps:\/\/labgov.city\/explore-by-lab\/bolognalab\/\u00bb url_new_window=\u00bbon\u00bb align=\u00bbcenter\u00bb _builder_version=\u00bb4.3.2&#8243;][\/et_pb_image][et_pb_image src=\u00bbhttps:\/\/www.right2city.org\/wp-content\/uploads\/2022\/10\/Captura-de-Tela-2022-10-26-a\u0300s-16.08.22-e1666793568907.png\u00bb url=\u00bbhttps:\/\/gold.uclg.org\/sites\/default\/files\/2022-06\/ch4_commoning_2_0.pdf\u00bb url_new_window=\u00bbon\u00bb align=\u00bbcenter\u00bb force_fullwidth=\u00bbon\u00bb _builder_version=\u00bb4.3.2&#8243; min_height=\u00bb222.4px\u00bb custom_margin=\u00bb-31px|10px|-13px||false|false\u00bb custom_padding=\u00bb||2px|||\u00bb][\/et_pb_image][\/et_pb_column][et_pb_column type=\u00bb1_3&#8243; _builder_version=\u00bb4.3.2&#8243;][et_pb_image src=\u00bbhttps:\/\/www.right2city.org\/wp-content\/uploads\/2022\/10\/Captura-de-Tela-2022-10-26-a\u0300s-16.11.25-e1666793867909.png\u00bb url=\u00bbhttps:\/\/gold.uclg.org\/sites\/default\/files\/2022-06\/ch4_commoning_2_0.pdf\u00bb url_new_window=\u00bbon\u00bb align=\u00bbcenter\u00bb force_fullwidth=\u00bbon\u00bb _builder_version=\u00bb4.3.2&#8243; min_height=\u00bb148px\u00bb custom_margin=\u00bb|10px|||false|false\u00bb custom_padding=\u00bb||1px|||\u00bb][\/et_pb_image][\/et_pb_column][\/et_pb_row][\/et_pb_section][et_pb_section fb_built=\u00bb1&#8243; _builder_version=\u00bb4.3.2&#8243;][et_pb_row column_structure=\u00bb1_3,1_3,1_3&#8243; _builder_version=\u00bb4.3.2&#8243;][et_pb_column type=\u00bb1_3&#8243; _builder_version=\u00bb4.3.2&#8243;][et_pb_text _builder_version=\u00bb4.3.2&#8243;]\n<p><strong><a href=\"https:\/\/transformativecities.org\/es\/\">Atlas de Utop\u00edas<\/a><\/strong><\/p>\n<p>Global<\/p>\n<p>Por: Amigos de la Tierra, ECOLISE, RIPESS, Habitat International Coalition, Transnational Institute, GPR2C<\/p>\n<p style=\"text-align: justify;\">El Atlas de las Utop\u00edas re\u00fane a los finalistas de las tres ediciones del Premio Popular Ciudades Transformadoras, que busca destacar a las ciudades y colectivos que trabajan en soluciones para garantizar el acceso al agua, la alimentaci\u00f3n, la energ\u00eda y la vivienda.<\/p>\n[\/et_pb_text][\/et_pb_column][et_pb_column type=\u00bb1_3&#8243; _builder_version=\u00bb4.3.2&#8243;][et_pb_text _builder_version=\u00bb4.3.2&#8243;]\n<p><a href=\"https:\/\/www.cohabitat.io\/en\"><b>Cohabitat.io\u00a0<\/b><\/a><\/p>\n<p><span style=\"font-weight: 400;\">Global<\/span><\/p>\n<p><span style=\"font-weight: 400;\">Por: Red Cohabitat<\/span><\/p>\n<p><span style=\"font-weight: 400;\"><\/span><\/p>\n<p><span style=\"font-weight: 400;\"><\/span><\/p>\n<p><span style=\"font-weight: 400;\"><\/span><\/p>\n<p style=\"text-align: justify;\"><span style=\"font-weight: 400;\">La ambici\u00f3n de CoHabitat.io es agregar datos e historias de todo el mundo para mostrar la diversidad de soluciones e iniciativas existentes, proporcionar datos cuantitativos y cualitativos sobre la vivienda dirigida por la comunidad y conectar el ecosistema de organizaciones, personas y aliadas que contribuyen a su expansi\u00f3n.<\/span><\/p>\n[\/et_pb_text][\/et_pb_column][et_pb_column type=\u00bb1_3&#8243; _builder_version=\u00bb4.3.2&#8243;][et_pb_text _builder_version=\u00bb4.3.2&#8243;]\n<p><a href=\"https:\/\/www.common-wealth.co.uk\/interactive-digital-projects\/a-new-model\"><b>Iniciativa \u00abcommon wealth\u00bb<\/b><\/a><\/p>\n<p><span style=\"font-weight: 400;\">UK<\/span><\/p>\n<p><span style=\"font-weight: 400;\"><\/span><\/p>\n<p><span style=\"font-weight: 400;\"><\/span><\/p>\n<p><span style=\"font-weight: 400;\"><\/span><\/p>\n<p><span style=\"font-weight: 400;\"><\/span><\/p>\n<p><span style=\"font-weight: 400;\"><\/span><\/p>\n<p style=\"text-align: justify;\"><span style=\"font-weight: 400;\">Common Wealth dise\u00f1a instituciones de propiedad para la nueva econom\u00eda, instituciones que son democr\u00e1ticas por dise\u00f1o, inclusivas en la acci\u00f3n y sociales en el prop\u00f3sito. El cambio sist\u00e9mico requerir\u00e1 una nueva arquitectura de la propiedad, desde enfoques basados en el lugar hasta estrategias para democratizar el capital a escala, desde los bienes comunes hasta las cooperativas. \u00a0<\/span><\/p>\n[\/et_pb_text][\/et_pb_column][\/et_pb_row][\/et_pb_section][et_pb_section fb_built=\u00bb1&#8243; _builder_version=\u00bb4.3.2&#8243; min_height=\u00bb156.4px\u00bb][et_pb_row _builder_version=\u00bb4.3.2&#8243; min_height=\u00bb99px\u00bb][et_pb_column type=\u00bb4_4&#8243; _builder_version=\u00bb4.3.2&#8243;][et_pb_text _builder_version=\u00bb4.3.2&#8243;]\n<h4 style=\"text-align: center;\"><span style=\"font-size: x-large;\"><b>Iniciativas que promueven un espacio pol\u00edtico para que florezcan los bienes comunes<\/b><\/span><\/h4>\n<h4 style=\"text-align: center;\"><span style=\"font-weight: 400;\"><span>M\u00e1s all\u00e1 de las pr\u00e1cticas de comunalizaci\u00f3n, una serie de organizaciones est\u00e1n trabajando y luchando por programas y pol\u00edticas que protejan los bienes comunes y a les comuneres, avanzando hacia un cambio de paradigma que anteponga el bien com\u00fan a los beneficios individuales.<\/span>\u00a0<\/span><\/h4>\n[\/et_pb_text][\/et_pb_column][\/et_pb_row][\/et_pb_section][et_pb_section fb_built=\u00bb1&#8243; _builder_version=\u00bb4.3.2&#8243;][et_pb_row column_structure=\u00bb1_3,1_3,1_3&#8243; make_equal=\u00bbon\u00bb _builder_version=\u00bb4.3.2&#8243; background_color=\u00bbrgba(0,0,0,0)\u00bb][et_pb_column type=\u00bb1_3&#8243; _builder_version=\u00bb4.3.2&#8243;][et_pb_image src=\u00bbhttps:\/\/www.right2city.org\/wp-content\/uploads\/2022\/10\/theshift_x.png\u00bb url=\u00bbhttps:\/\/make-the-shift.org\/\u00bb url_new_window=\u00bbon\u00bb show_bottom_space=\u00bboff\u00bb align=\u00bbcenter\u00bb force_fullwidth=\u00bbon\u00bb _builder_version=\u00bb4.3.2&#8243; min_height=\u00bb86px\u00bb custom_margin=\u00bb-20px||-28px|10px|false|false\u00bb custom_padding=\u00bb||3px|||\u00bb][\/et_pb_image][\/et_pb_column][et_pb_column type=\u00bb1_3&#8243; _builder_version=\u00bb4.3.2&#8243;][et_pb_image src=\u00bbhttps:\/\/www.right2city.org\/wp-content\/uploads\/2022\/10\/bindingtreaty_x.jpg\u00bb url=\u00bbhttps:\/\/bindingtreaty.org\/why-do-we-need-a-treaty\/\u00bb url_new_window=\u00bbon\u00bb align=\u00bbcenter\u00bb _builder_version=\u00bb4.3.2&#8243;][\/et_pb_image][\/et_pb_column][et_pb_column type=\u00bb1_3&#8243; _builder_version=\u00bb4.3.2&#8243;][et_pb_image src=\u00bbhttps:\/\/www.right2city.org\/wp-content\/uploads\/2022\/10\/Captura-de-Tela-2022-10-26-a\u0300s-16.32.52-e1666794722632.png\u00bb url=\u00bbhttps:\/\/transformativecities.org\/\u00bb url_new_window=\u00bbon\u00bb align=\u00bbcenter\u00bb force_fullwidth=\u00bbon\u00bb _builder_version=\u00bb4.3.2&#8243; custom_margin=\u00bb|10px|||false|false\u00bb][\/et_pb_image][\/et_pb_column][\/et_pb_row][\/et_pb_section][et_pb_section fb_built=\u00bb1&#8243; _builder_version=\u00bb4.3.2&#8243;][et_pb_row column_structure=\u00bb1_3,1_3,1_3&#8243; _builder_version=\u00bb4.3.2&#8243;][et_pb_column type=\u00bb1_3&#8243; _builder_version=\u00bb4.3.2&#8243;][et_pb_text _builder_version=\u00bb4.3.2&#8243;]\n<p><a href=\"https:\/\/make-the-shift.org\/\"><b>Las Directrices del Cambio<\/b><\/a><\/p>\n<p style=\"text-align: justify;\"><span style=\"font-weight: 400;\">Un marco exhaustivo que proporciona orientaciones a los gobiernos y a les inversores para abordar eficazmente la financiarizaci\u00f3n de la vivienda de acuerdo con la normativa de derechos humanos, incluyendo orientaciones sobre c\u00f3mo regular la inversi\u00f3n institucional en vivienda y promulgar protecciones legislativas para les inquilines.<\/span><\/p>\n[\/et_pb_text][\/et_pb_column][et_pb_column type=\u00bb1_3&#8243; _builder_version=\u00bb4.3.2&#8243;][et_pb_text _builder_version=\u00bb4.3.2&#8243;]\n<p><a href=\"https:\/\/bindingtreaty.org\/por-que-necesitamos-un-tratado\/\"><b>Tratado vinculante sobre las corporaciones transnacionales y los derechos humanos<\/b><\/a><\/p>\n<p style=\"text-align: justify;\"><span style=\"font-weight: 400;\">El objetivo es acabar con los vac\u00edos globales de la legislaci\u00f3n internacional sobre derechos humanos y garantizar que las empresas sean legalmente responsables de las violaciones de los derechos humanos y los delitos medioambientales.<\/span><\/p>\n[\/et_pb_text][\/et_pb_column][et_pb_column type=\u00bb1_3&#8243; _builder_version=\u00bb4.3.2&#8243;][et_pb_text _builder_version=\u00bb4.3.2&#8243;]\n<p><strong><a href=\"https:\/\/www.goldvi.uclg.org\/en\">Caminos hacia la igualdad urbana y territorial &#8211; Informe GOLD VI<\/a><\/strong><\/p>\n<p style=\"text-align: justify;\"><span style=\"font-weight: 400;\">Sexto informe emblem\u00e1tico de CGLU del Observatorio Global de la Democracia Local y la Descentralizaci\u00f3n (GOLD). El objetivo del informe GOLD VI es comprender el estado de las desigualdades urbanas y territoriales en todo el mundo y hacer un llamado para que los gobiernos locales y regionales ocupen un lugar m\u00e1s importante a la hora de abordar este desaf\u00edo global.<\/span><\/p>\n[\/et_pb_text][\/et_pb_column][\/et_pb_row][\/et_pb_section][et_pb_section fb_built=\u00bb1&#8243; _builder_version=\u00bb4.3.2&#8243;][et_pb_row column_structure=\u00bb1_3,1_3,1_3&#8243; make_equal=\u00bbon\u00bb _builder_version=\u00bb4.3.2&#8243; background_color=\u00bbrgba(0,0,0,0)\u00bb][et_pb_column type=\u00bb1_3&#8243; _builder_version=\u00bb4.3.2&#8243;][et_pb_image src=\u00bbhttps:\/\/www.right2city.org\/wp-content\/uploads\/2022\/10\/commonspoly_X-e1666794455757.jpg\u00bb url=\u00bbhttps:\/\/commonspoly.cc\/\u00bb url_new_window=\u00bbon\u00bb show_bottom_space=\u00bboff\u00bb align=\u00bbcenter\u00bb force_fullwidth=\u00bbon\u00bb _builder_version=\u00bb4.3.2&#8243; custom_margin=\u00bb|||10px|false|false\u00bb][\/et_pb_image][\/et_pb_column][et_pb_column type=\u00bb1_3&#8243; _builder_version=\u00bb4.3.2&#8243;][et_pb_image src=\u00bbhttps:\/\/www.right2city.org\/wp-content\/uploads\/2022\/10\/Captura-de-Tela-2022-10-26-a\u0300s-16.48.15-e1666795791818.png\u00bb url=\u00bbhttps:\/\/commonspoly.cc\/\u00bb url_new_window=\u00bbon\u00bb show_bottom_space=\u00bboff\u00bb align=\u00bbcenter\u00bb force_fullwidth=\u00bbon\u00bb _builder_version=\u00bb4.3.2&#8243; custom_margin=\u00bb|||10px|false|false\u00bb][\/et_pb_image][\/et_pb_column][et_pb_column type=\u00bb1_3&#8243; _builder_version=\u00bb4.3.2&#8243;][et_pb_image src=\u00bbhttps:\/\/www.right2city.org\/wp-content\/uploads\/2022\/10\/futureispublic_online_def_cover-e1666795773283.png\u00bb url=\u00bbhttps:\/\/commonspoly.cc\/\u00bb url_new_window=\u00bbon\u00bb show_bottom_space=\u00bboff\u00bb align=\u00bbcenter\u00bb force_fullwidth=\u00bbon\u00bb _builder_version=\u00bb4.3.2&#8243; custom_margin=\u00bb|||10px|false|false\u00bb][\/et_pb_image][\/et_pb_column][\/et_pb_row][\/et_pb_section][et_pb_section fb_built=\u00bb1&#8243; _builder_version=\u00bb4.3.2&#8243;][et_pb_row column_structure=\u00bb1_3,1_3,1_3&#8243; _builder_version=\u00bb4.3.2&#8243;][et_pb_column type=\u00bb1_3&#8243; _builder_version=\u00bb4.3.2&#8243;][et_pb_text _builder_version=\u00bb4.3.2&#8243;]\n<p><a href=\"https:\/\/commonspoly.cc\/es\"><b>Commonspoly<\/b><\/a><\/p>\n<p><span style=\"font-weight: 400;\"><\/span><\/p>\n<p><span style=\"font-weight: 400;\"><\/span><\/p>\n<p><span style=\"font-weight: 400;\"><\/span><\/p>\n<p><span style=\"font-weight: 400;\">Un juego de mesa sin \u00e1nimo de lucro y de c\u00f3digo abierto que fomenta la cultura de la cooperaci\u00f3n y cuestiona el violento modelo de privatizaci\u00f3n neoliberal.<\/span><\/p>\n[\/et_pb_text][\/et_pb_column][et_pb_column type=\u00bb1_3&#8243; _builder_version=\u00bb4.3.2&#8243;][et_pb_text _builder_version=\u00bb4.3.2&#8243;]\n<p><a href=\"https:\/\/www.tni.org\/en\/node\/25159\"><b>\u00abEl capitalismo clandestino\u00bb<\/b><\/a><\/p>\n<p><span style=\"font-size: 16px;\">FIAN, TNI y Focus on the Global South<\/span><\/p>\n<p style=\"text-align: justify;\"><span style=\"font-size: 16px;\">Este documento de debate pretende proporcionar una base para que los movimientos populares, activistas de base y otras organizaciones de la sociedad civil construyan\/fortalezcan sus conocimientos sobre el proceso llamado \u00abfinanciarizaci\u00f3n\u00bb y desarrollen estrategias para resistirlo, revertirlo y prevenirlo.<\/span><\/p>\n[\/et_pb_text][\/et_pb_column][et_pb_column type=\u00bb1_3&#8243; _builder_version=\u00bb4.3.2&#8243;][et_pb_text _builder_version=\u00bb4.3.2&#8243;]\n<p><strong><a href=\"https:\/\/www.tni.org\/es\/el-futuro-es-publico\">\u00abEl futuro es p\u00fablico\u00bb<\/a><\/strong><\/p>\n<p><span>Por TNI y aliados<\/span><\/p>\n<p style=\"text-align: justify;\"><span>Esta investigaci\u00f3n colectiva ha mapeado m\u00e1s de 1.400 casos de (re)municipalizaci\u00f3n con \u00e9xito en m\u00e1s de 2.400 ciudades de 58 pa\u00edses de todo el mundo. La (re)municipalizaci\u00f3n se refiere a la recuperaci\u00f3n de la propiedad p\u00fablica de los servicios, as\u00ed como a la creaci\u00f3n de nuevos servicios p\u00fablicos.<\/span><\/p>\n[\/et_pb_text][\/et_pb_column][\/et_pb_row][\/et_pb_section][et_pb_section fb_built=\u00bb1&#8243; admin_label=\u00bbSponsors Section\u00bb _builder_version=\u00bb3.22&#8243; custom_padding=\u00bb90px||90px|\u00bb][et_pb_row _builder_version=\u00bb4.3.2&#8243; custom_padding=\u00bb0px|||||\u00bb][et_pb_column type=\u00bb4_4&#8243; _builder_version=\u00bb4.3.2&#8243;][et_pb_text _builder_version=\u00bb4.3.2&#8243; background_color=\u00bb#fdb933&#8243; custom_margin=\u00bb15px|15px|15px|15px|false|false\u00bb custom_padding=\u00bb15px||15px||false|false\u00bb border_radii=\u00bbon|4px|4px|4px|4px\u00bb border_width_all=\u00bb2px\u00bb border_color_all=\u00bb#000000&#8243;]\n<h1 style=\"text-align: center;\"><strong><span style=\"color: #000000;\">\u00bfQu\u00e9 es Octubre Urbano?<\/span><\/strong><\/h1>\n[\/et_pb_text][\/et_pb_column][\/et_pb_row][et_pb_row column_structure=\u00bb1_3,1_3,1_3&#8243; _builder_version=\u00bb3.26.6&#8243; z_index_tablet=\u00bb500&#8243; border_color_all=\u00bb#0c71c3&#8243; box_shadow_horizontal_tablet=\u00bb0px\u00bb box_shadow_vertical_tablet=\u00bb0px\u00bb box_shadow_blur_tablet=\u00bb40px\u00bb box_shadow_spread_tablet=\u00bb0px\u00bb][et_pb_column type=\u00bb1_3&#8243; _builder_version=\u00bb3.0.47&#8243; custom_padding=\u00bb|||\u00bb custom_padding__hover=\u00bb|||\u00bb][et_pb_image src=\u00bbhttps:\/\/www.right2city.org\/wp-content\/uploads\/2020\/09\/UO-Logo-S-01-300&#215;300.jpg\u00bb show_bottom_space=\u00bboff\u00bb align=\u00bbcenter\u00bb _builder_version=\u00bb4.3.2&#8243; custom_margin=\u00bb-6px|-1px|-6px|-1px|true|true\u00bb custom_padding=\u00bb7px||7px||true|true\u00bb z_index_tablet=\u00bb500&#8243; box_shadow_horizontal_tablet=\u00bb0px\u00bb box_shadow_vertical_tablet=\u00bb0px\u00bb box_shadow_blur_tablet=\u00bb40px\u00bb box_shadow_spread_tablet=\u00bb0px\u00bb][\/et_pb_image][et_pb_text _builder_version=\u00bb4.3.2&#8243;]\n<p><span class=\"VIiyi\" lang=\"es\"><span class=\"JLqJ4b ChMk0b\" data-language-for-alternatives=\"es\" data-language-to-translate-into=\"en\" data-phrase-index=\"0\"><strong>Octubre Urbano<\/strong>\u00a0es un mes de emocionantes reuniones, debates y eventos que centran la atenci\u00f3n del mundo en los problemas urbanos y el desarrollo sostenible.<\/span><\/span><\/p>\n<p><span class=\"VIiyi\" lang=\"es\"><span class=\"JLqJ4b ChMk0b\" data-language-for-alternatives=\"es\" data-language-to-translate-into=\"en\" data-phrase-index=\"2\">Se anima a las personas, organizaciones, ciudades, comunidades y gobiernos de todos los niveles a participar en actividades que destaquen los desaf\u00edos y las soluciones relacionados con las ciudades, los pueblos y las comunidades.<\/span><\/span><\/p>\n<p><span class=\"VIiyi\" lang=\"es\"><span class=\"JLqJ4b ChMk0b\" data-language-for-alternatives=\"es\" data-language-to-translate-into=\"en\" data-phrase-index=\"4\">Cada a\u00f1o, el mes comienza con el\u00a0<strong>D\u00eda Mundial del H\u00e1bitat<\/strong>\u00a0y termina con el\u00a0<strong>D\u00eda Mundial por el Derecho a la Ciudad<\/strong>.<\/span><\/span><\/p>\n[\/et_pb_text][\/et_pb_column][et_pb_column type=\u00bb1_3&#8243; _builder_version=\u00bb3.0.47&#8243; custom_padding=\u00bb|||\u00bb custom_padding__hover=\u00bb|||\u00bb][et_pb_image src=\u00bbhttps:\/\/www.right2city.org\/wp-content\/uploads\/2021\/09\/WHD-Logo.png\u00bb _builder_version=\u00bb4.3.2&#8243; custom_margin=\u00bb||97px|||\u00bb z_index_tablet=\u00bb500&#8243; box_shadow_horizontal_tablet=\u00bb0px\u00bb box_shadow_vertical_tablet=\u00bb0px\u00bb box_shadow_blur_tablet=\u00bb40px\u00bb box_shadow_spread_tablet=\u00bb0px\u00bb][\/et_pb_image][et_pb_text _builder_version=\u00bb4.3.2&#8243; text_orientation=\u00bbjustify\u00bb z_index_tablet=\u00bb500&#8243; text_text_shadow_horizontal_length_tablet=\u00bb0px\u00bb text_text_shadow_vertical_length_tablet=\u00bb0px\u00bb text_text_shadow_blur_strength_tablet=\u00bb1px\u00bb link_text_shadow_horizontal_length_tablet=\u00bb0px\u00bb link_text_shadow_vertical_length_tablet=\u00bb0px\u00bb link_text_shadow_blur_strength_tablet=\u00bb1px\u00bb ul_text_shadow_horizontal_length_tablet=\u00bb0px\u00bb ul_text_shadow_vertical_length_tablet=\u00bb0px\u00bb ul_text_shadow_blur_strength_tablet=\u00bb1px\u00bb ol_text_shadow_horizontal_length_tablet=\u00bb0px\u00bb ol_text_shadow_vertical_length_tablet=\u00bb0px\u00bb ol_text_shadow_blur_strength_tablet=\u00bb1px\u00bb quote_text_shadow_horizontal_length_tablet=\u00bb0px\u00bb quote_text_shadow_vertical_length_tablet=\u00bb0px\u00bb quote_text_shadow_blur_strength_tablet=\u00bb1px\u00bb header_text_shadow_horizontal_length_tablet=\u00bb0px\u00bb header_text_shadow_vertical_length_tablet=\u00bb0px\u00bb header_text_shadow_blur_strength_tablet=\u00bb1px\u00bb header_2_text_shadow_horizontal_length_tablet=\u00bb0px\u00bb header_2_text_shadow_vertical_length_tablet=\u00bb0px\u00bb header_2_text_shadow_blur_strength_tablet=\u00bb1px\u00bb header_3_text_shadow_horizontal_length_tablet=\u00bb0px\u00bb header_3_text_shadow_vertical_length_tablet=\u00bb0px\u00bb header_3_text_shadow_blur_strength_tablet=\u00bb1px\u00bb header_4_text_shadow_horizontal_length_tablet=\u00bb0px\u00bb header_4_text_shadow_vertical_length_tablet=\u00bb0px\u00bb header_4_text_shadow_blur_strength_tablet=\u00bb1px\u00bb header_5_text_shadow_horizontal_length_tablet=\u00bb0px\u00bb header_5_text_shadow_vertical_length_tablet=\u00bb0px\u00bb header_5_text_shadow_blur_strength_tablet=\u00bb1px\u00bb header_6_text_shadow_horizontal_length_tablet=\u00bb0px\u00bb header_6_text_shadow_vertical_length_tablet=\u00bb0px\u00bb header_6_text_shadow_blur_strength_tablet=\u00bb1px\u00bb box_shadow_horizontal_tablet=\u00bb0px\u00bb box_shadow_vertical_tablet=\u00bb0px\u00bb box_shadow_blur_tablet=\u00bb40px\u00bb box_shadow_spread_tablet=\u00bb0px\u00bb text_text_align=\u00bbjustify\u00bb]\n<p><span class=\"VIiyi\" lang=\"es\"><span class=\"JLqJ4b ChMk0b\" data-language-for-alternatives=\"es\" data-language-to-translate-into=\"en\" data-phrase-index=\"0\">Las Naciones Unidas designaron el primer lunes de octubre, este a\u00f1o ser\u00e1 el 3 de octubre, como el <strong>D\u00eda Mundial del H\u00e1bitat (DMH)<\/strong>.<\/span><\/span><\/p>\n<p><span class=\"VIiyi\" lang=\"es\"><span class=\"JLqJ4b ChMk0b\" data-language-for-alternatives=\"es\" data-language-to-translate-into=\"en\" data-phrase-index=\"1\">Este d\u00eda destaca el estado de nuestros pueblos y ciudades, as\u00ed como el derecho b\u00e1sico a una vivienda adecuada para todos.<\/span><span class=\"JLqJ4b\" data-language-for-alternatives=\"es\" data-language-to-translate-into=\"en\" data-phrase-index=\"2\">\u00a0<\/span><span class=\"JLqJ4b ChMk0b\" data-language-for-alternatives=\"es\" data-language-to-translate-into=\"en\" data-phrase-index=\"3\">DMH tambi\u00e9n nos recuerda que todos tenemos el poder y la responsabilidad de dar forma al futuro de nuestras ciudades, pueblos y comunidades.<\/span><\/span><\/p>\n<p><span class=\"VIiyi\" lang=\"es\"><span class=\"JLqJ4b ChMk0b\" data-language-for-alternatives=\"es\" data-language-to-translate-into=\"en\" data-phrase-index=\"5\">El tema de este a\u00f1o es\u00a0<strong>\u00abMind the Gap. No dejes a nadie ni a ning\u00fan lugar atr\u00e1s\u00bb, examinar\u00e1 el problema de la creciente desigualdad y los retos en las ciudades y los asentamientos humanos<\/strong><em><strong>\u00bb<\/strong><\/em>.<\/span><\/span><\/p>\n[\/et_pb_text][\/et_pb_column][et_pb_column type=\u00bb1_3&#8243; _builder_version=\u00bb3.0.47&#8243; custom_padding=\u00bb|||\u00bb custom_padding__hover=\u00bb|||\u00bb][et_pb_image src=\u00bbhttps:\/\/www.right2city.org\/wp-content\/uploads\/2019\/10\/World-cities-day-300&#215;228.jpeg\u00bb _builder_version=\u00bb4.3.2&#8243; min_height=\u00bb226px\u00bb z_index_tablet=\u00bb500&#8243; box_shadow_horizontal_tablet=\u00bb0px\u00bb box_shadow_vertical_tablet=\u00bb0px\u00bb box_shadow_blur_tablet=\u00bb40px\u00bb box_shadow_spread_tablet=\u00bb0px\u00bb][\/et_pb_image][et_pb_text _builder_version=\u00bb4.3.2&#8243; text_orientation=\u00bbjustify\u00bb min_height=\u00bb233px\u00bb z_index_tablet=\u00bb500&#8243; text_text_shadow_horizontal_length_tablet=\u00bb0px\u00bb text_text_shadow_vertical_length_tablet=\u00bb0px\u00bb text_text_shadow_blur_strength_tablet=\u00bb1px\u00bb link_text_shadow_horizontal_length_tablet=\u00bb0px\u00bb link_text_shadow_vertical_length_tablet=\u00bb0px\u00bb link_text_shadow_blur_strength_tablet=\u00bb1px\u00bb ul_text_shadow_horizontal_length_tablet=\u00bb0px\u00bb ul_text_shadow_vertical_length_tablet=\u00bb0px\u00bb ul_text_shadow_blur_strength_tablet=\u00bb1px\u00bb ol_text_shadow_horizontal_length_tablet=\u00bb0px\u00bb ol_text_shadow_vertical_length_tablet=\u00bb0px\u00bb ol_text_shadow_blur_strength_tablet=\u00bb1px\u00bb quote_text_shadow_horizontal_length_tablet=\u00bb0px\u00bb quote_text_shadow_vertical_length_tablet=\u00bb0px\u00bb quote_text_shadow_blur_strength_tablet=\u00bb1px\u00bb header_text_shadow_horizontal_length_tablet=\u00bb0px\u00bb header_text_shadow_vertical_length_tablet=\u00bb0px\u00bb header_text_shadow_blur_strength_tablet=\u00bb1px\u00bb header_2_text_shadow_horizontal_length_tablet=\u00bb0px\u00bb header_2_text_shadow_vertical_length_tablet=\u00bb0px\u00bb header_2_text_shadow_blur_strength_tablet=\u00bb1px\u00bb header_3_text_shadow_horizontal_length_tablet=\u00bb0px\u00bb header_3_text_shadow_vertical_length_tablet=\u00bb0px\u00bb header_3_text_shadow_blur_strength_tablet=\u00bb1px\u00bb header_4_text_shadow_horizontal_length_tablet=\u00bb0px\u00bb header_4_text_shadow_vertical_length_tablet=\u00bb0px\u00bb header_4_text_shadow_blur_strength_tablet=\u00bb1px\u00bb header_5_text_shadow_horizontal_length_tablet=\u00bb0px\u00bb header_5_text_shadow_vertical_length_tablet=\u00bb0px\u00bb header_5_text_shadow_blur_strength_tablet=\u00bb1px\u00bb header_6_text_shadow_horizontal_length_tablet=\u00bb0px\u00bb header_6_text_shadow_vertical_length_tablet=\u00bb0px\u00bb header_6_text_shadow_blur_strength_tablet=\u00bb1px\u00bb box_shadow_horizontal_tablet=\u00bb0px\u00bb box_shadow_vertical_tablet=\u00bb0px\u00bb box_shadow_blur_tablet=\u00bb40px\u00bb box_shadow_spread_tablet=\u00bb0px\u00bb text_text_align=\u00bbjustify\u00bb inline_fonts=\u00bbTrebuchet\u00bb]\n<p><span style=\"font-family: 'trebuchet ms', geneva, sans-serif; font-size: 12pt;\">\u00a0<\/span><\/p>\n<p><span class=\"VIiyi\" lang=\"es\"><span class=\"JLqJ4b ChMk0b\" data-language-for-alternatives=\"es\" data-language-to-translate-into=\"en\" data-phrase-index=\"0\">El 31 de octubre celebramos el\u00a0<strong>D\u00eda Mundial por el Derecho a la Ciudad<\/strong>, reinterpretando la designaci\u00f3n de Naciones Unidas del\u00a0<strong>D\u00eda Mundial de las Ciudades<\/strong>.<\/span><\/span><\/p>\n<p><span class=\"VIiyi\" lang=\"es\"><span class=\"JLqJ4b ChMk0b\" data-language-for-alternatives=\"es\" data-language-to-translate-into=\"en\" data-phrase-index=\"2\">Entendemos el Derecho a la Ciudad como: \u00ab<em>El derecho de todos los habitantes, presentes y futuros, permanentes y temporales, a habitar, usar, ocupar, producir, transformar, gobernar y disfrutar de ciudades, pueblos y asentamientos humanos que sean justos, inclusivos, seguros<\/em><\/span><em><span class=\"JLqJ4b ChMk0b\" data-language-for-alternatives=\"es\" data-language-to-translate-into=\"en\" data-phrase-index=\"3\">, sustentables y democr\u00e1ticos, definidos como bienes comunes para disfrutar la vida con dignidad y paz\u00bb.<\/span><\/em><\/span><\/p>\n<p><span style=\"font-family: 'trebuchet ms', geneva, sans-serif; font-size: 12pt;\">\u00a0<\/span><\/p>\n[\/et_pb_text][\/et_pb_column][\/et_pb_row][et_pb_row admin_label=\u00bbVideo Area\u00bb _builder_version=\u00bb3.25&#8243; max_width=\u00bb1440px\u00bb min_height=\u00bb780px\u00bb custom_margin=\u00bb|auto|-308px|auto||\u00bb custom_padding=\u00bb|||\u00bb use_custom_width=\u00bbon\u00bb custom_width_px=\u00bb1440px\u00bb][et_pb_column type=\u00bb4_4&#8243; _builder_version=\u00bb3.25&#8243; custom_padding=\u00bb|||\u00bb custom_padding__hover=\u00bb|||\u00bb][et_pb_text _builder_version=\u00bb4.3.2&#8243; background_color=\u00bb#fdb933&#8243; custom_margin=\u00bb15px|15px|15px|15px|false|false\u00bb custom_padding=\u00bb15px||15px||false|false\u00bb border_radii=\u00bbon|4px|4px|4px|4px\u00bb border_width_all=\u00bb2px\u00bb border_color_all=\u00bb#000000&#8243;]\n<h1 style=\"text-align: center;\"><strong><span style=\"color: #000000;\">Sobre la Platforma Global por el Derecho a la Ciudad<\/span><\/strong><\/h1>\n[\/et_pb_text][et_pb_text _builder_version=\u00bb4.3.2&#8243; custom_margin=\u00bb||62px|||\u00bb custom_padding=\u00bb29px|||||\u00bb inline_fonts=\u00bbABeeZee\u00bb]\n<p>La\u00a0<strong>Plataforma Global por el Derecho a la Ciudad (PGDC)<\/strong>\u00a0tiene como objetivo inspirar un futuro mejor para todos los asentamientos humanos. El PGDC es una red abierta, flexible y diversa de organizaciones de la sociedad civil y gobiernos locales comprometidas con la acci\u00f3n pol\u00edtica y el cambio social a trav\u00e9s de la\u00a0<strong>promoci\u00f3n, defensa y cumplimiento del Derecho a la Ciudad en todos los niveles<\/strong>, con especial atenci\u00f3n a las personas y comunidades afectadas por exclusi\u00f3n y marginaci\u00f3n.<\/p>\n<p>El PGDC re\u00fane a movimientos y organizaciones sociales, acad\u00e9micos, redes internacionales, defensores de derechos humanos, ONG, gobiernos locales y otros para colaborar en el surgimiento de nuevas utop\u00edas emancipatorias y lazos sociales en nuestras sociedades. Juntos, damos visibilidad y construimos di\u00e1logo con esas cosmovisiones ya existentes para crear nuevos imaginarios colectivos posibles.<\/p>\n<p>Los valores que gu\u00edan al PGDC en la formaci\u00f3n de nuevas comunidades de emoci\u00f3n y acci\u00f3n son:<strong>\u00a0cooperaci\u00f3n, colaboraci\u00f3n, horizontalidad, transparencia, rendici\u00f3n de cuentas, equidad, participaci\u00f3n, empoderamiento de las personas y solidaridad<\/strong>.<\/p>\n[\/et_pb_text][\/et_pb_column][\/et_pb_row][\/et_pb_section]\n","protected":false},"excerpt":{"rendered":"<p>Nuestra Declaraci\u00f3nIniciativas de Miembros y AliadosCon motivo del D\u00eda Mundial del Derecho a la Ciudad (31 de octubre), la Plataforma Global por el Derecho a la Ciudad hace un llamado a la realizaci\u00f3n del Derecho a la Ciudad, mediante la de implementaci\u00f3n\u00a0 de iniciativas de gesti\u00f3n compartida de bienes comunes. Como se destac\u00f3 durante el [&hellip;]<\/p>\n","protected":false},"author":4,"featured_media":66331,"comment_status":"closed","ping_status":"closed","sticky":false,"template":"","format":"standard","meta":{"_acf_changed":false,"_et_pb_use_builder":"on","_et_pb_old_content":"","_et_gb_content_width":"","cybocfi_hide_featured_image":"yes","footnotes":""},"categories":[137,98],"tags":[],"themes":[],"agendas_globales":[],"class_list":["post-66132","post","type-post","status-publish","format-standard","has-post-thumbnail","hentry","category-campaigns","category-sin-categorizar"],"acf":[],"yoast_head":"<!-- This site is optimized with the Yoast SEO plugin v27.5 - https:\/\/yoast.com\/product\/yoast-seo-wordpress\/ -->\n<title>Octubre Urbano 2022: Comunalizaci\u00f3n para Reclamar el Derecho a la Ciudad - Right to the city<\/title>\n<meta name=\"robots\" content=\"index, follow, max-snippet:-1, max-image-preview:large, max-video-preview:-1\" \/>\n<link rel=\"canonical\" href=\"https:\/\/www.right2city.org\/es\/2022-urban-october-reclaiming-the-right-to-the-city-through-commoning\/\" \/>\n<meta property=\"og:locale\" content=\"es_ES\" \/>\n<meta property=\"og:type\" content=\"article\" \/>\n<meta property=\"og:title\" content=\"Octubre Urbano 2022: Comunalizaci\u00f3n para Reclamar el Derecho a la Ciudad - Right to the city\" \/>\n<meta property=\"og:description\" content=\"Nuestra Declaraci\u00f3nIniciativas de Miembros y AliadosCon motivo del D\u00eda Mundial del Derecho a la Ciudad (31 de octubre), la Plataforma Global por el Derecho a la Ciudad hace un llamado a la realizaci\u00f3n del Derecho a la Ciudad, mediante la de implementaci\u00f3n\u00a0 de iniciativas de gesti\u00f3n compartida de bienes comunes. Como se destac\u00f3 durante el [&hellip;]\" \/>\n<meta property=\"og:url\" content=\"https:\/\/www.right2city.org\/es\/2022-urban-october-reclaiming-the-right-to-the-city-through-commoning\/\" \/>\n<meta property=\"og:site_name\" content=\"Right to the city\" \/>\n<meta property=\"article:published_time\" content=\"2022-10-03T10:03:07+00:00\" \/>\n<meta property=\"article:modified_time\" content=\"2022-10-26T16:14:21+00:00\" \/>\n<meta property=\"og:image\" content=\"https:\/\/www.right2city.org\/wp-content\/uploads\/2022\/10\/Residents-of-Can\u0303o-Marti\u0301n-Pen\u0303a-Puerto-Rico_2.png\" \/>\n\t<meta property=\"og:image:width\" content=\"1587\" \/>\n\t<meta property=\"og:image:height\" content=\"916\" \/>\n\t<meta property=\"og:image:type\" content=\"image\/png\" \/>\n<meta name=\"author\" content=\"Isabel\" \/>\n<meta name=\"twitter:card\" content=\"summary_large_image\" \/>\n<meta name=\"twitter:label1\" content=\"Escrito por\" \/>\n\t<meta name=\"twitter:data1\" content=\"Isabel\" \/>\n\t<meta name=\"twitter:label2\" content=\"Tiempo de lectura\" \/>\n\t<meta name=\"twitter:data2\" content=\"29 minutos\" \/>\n<script type=\"application\/ld+json\" class=\"yoast-schema-graph\">{\"@context\":\"https:\\\/\\\/schema.org\",\"@graph\":[{\"@type\":\"Article\",\"@id\":\"https:\\\/\\\/www.right2city.org\\\/es\\\/2022-urban-october-reclaiming-the-right-to-the-city-through-commoning\\\/#article\",\"isPartOf\":{\"@id\":\"https:\\\/\\\/www.right2city.org\\\/es\\\/2022-urban-october-reclaiming-the-right-to-the-city-through-commoning\\\/\"},\"author\":{\"name\":\"Isabel\",\"@id\":\"https:\\\/\\\/www.right2city.org\\\/es\\\/#\\\/schema\\\/person\\\/ca06ee30b7a0bc74f0b5c66a6e1c1a62\"},\"headline\":\"Octubre Urbano 2022: Comunalizaci\u00f3n para Reclamar el Derecho a la Ciudad\",\"datePublished\":\"2022-10-03T10:03:07+00:00\",\"dateModified\":\"2022-10-26T16:14:21+00:00\",\"mainEntityOfPage\":{\"@id\":\"https:\\\/\\\/www.right2city.org\\\/es\\\/2022-urban-october-reclaiming-the-right-to-the-city-through-commoning\\\/\"},\"wordCount\":5761,\"image\":{\"@id\":\"https:\\\/\\\/www.right2city.org\\\/es\\\/2022-urban-october-reclaiming-the-right-to-the-city-through-commoning\\\/#primaryimage\"},\"thumbnailUrl\":\"https:\\\/\\\/www.right2city.org\\\/wp-content\\\/uploads\\\/2022\\\/10\\\/Residents-of-Can\u0303o-Marti\u0301n-Pen\u0303a-Puerto-Rico_2.png\",\"articleSection\":[\"Campa\u00f1as\",\"General\"],\"inLanguage\":\"es\"},{\"@type\":\"WebPage\",\"@id\":\"https:\\\/\\\/www.right2city.org\\\/es\\\/2022-urban-october-reclaiming-the-right-to-the-city-through-commoning\\\/\",\"url\":\"https:\\\/\\\/www.right2city.org\\\/es\\\/2022-urban-october-reclaiming-the-right-to-the-city-through-commoning\\\/\",\"name\":\"Octubre Urbano 2022: Comunalizaci\u00f3n para Reclamar el Derecho a la Ciudad - Right to the city\",\"isPartOf\":{\"@id\":\"https:\\\/\\\/www.right2city.org\\\/es\\\/#website\"},\"primaryImageOfPage\":{\"@id\":\"https:\\\/\\\/www.right2city.org\\\/es\\\/2022-urban-october-reclaiming-the-right-to-the-city-through-commoning\\\/#primaryimage\"},\"image\":{\"@id\":\"https:\\\/\\\/www.right2city.org\\\/es\\\/2022-urban-october-reclaiming-the-right-to-the-city-through-commoning\\\/#primaryimage\"},\"thumbnailUrl\":\"https:\\\/\\\/www.right2city.org\\\/wp-content\\\/uploads\\\/2022\\\/10\\\/Residents-of-Can\u0303o-Marti\u0301n-Pen\u0303a-Puerto-Rico_2.png\",\"datePublished\":\"2022-10-03T10:03:07+00:00\",\"dateModified\":\"2022-10-26T16:14:21+00:00\",\"author\":{\"@id\":\"https:\\\/\\\/www.right2city.org\\\/es\\\/#\\\/schema\\\/person\\\/ca06ee30b7a0bc74f0b5c66a6e1c1a62\"},\"breadcrumb\":{\"@id\":\"https:\\\/\\\/www.right2city.org\\\/es\\\/2022-urban-october-reclaiming-the-right-to-the-city-through-commoning\\\/#breadcrumb\"},\"inLanguage\":\"es\",\"potentialAction\":[{\"@type\":\"ReadAction\",\"target\":[\"https:\\\/\\\/www.right2city.org\\\/es\\\/2022-urban-october-reclaiming-the-right-to-the-city-through-commoning\\\/\"]}]},{\"@type\":\"BreadcrumbList\",\"@id\":\"https:\\\/\\\/www.right2city.org\\\/es\\\/2022-urban-october-reclaiming-the-right-to-the-city-through-commoning\\\/#breadcrumb\",\"itemListElement\":[{\"@type\":\"ListItem\",\"position\":1,\"name\":\"Home\",\"item\":\"https:\\\/\\\/www.right2city.org\\\/es\\\/\"},{\"@type\":\"ListItem\",\"position\":2,\"name\":\"Campa\u00f1as\",\"item\":\"https:\\\/\\\/www.right2city.org\\\/es\\\/category\\\/campaigns\\\/\"},{\"@type\":\"ListItem\",\"position\":3,\"name\":\"Octubre Urbano 2022: Comunalizaci\u00f3n para Reclamar el Derecho a la Ciudad\"}]},{\"@type\":\"WebSite\",\"@id\":\"https:\\\/\\\/www.right2city.org\\\/es\\\/#website\",\"url\":\"https:\\\/\\\/www.right2city.org\\\/es\\\/\",\"name\":\"Right to the city\",\"description\":\"Global Platform for the Right to the City\",\"potentialAction\":[{\"@type\":\"SearchAction\",\"target\":{\"@type\":\"EntryPoint\",\"urlTemplate\":\"https:\\\/\\\/www.right2city.org\\\/es\\\/?s={search_term_string}\"},\"query-input\":{\"@type\":\"PropertyValueSpecification\",\"valueRequired\":true,\"valueName\":\"search_term_string\"}}],\"inLanguage\":\"es\"},{\"@type\":\"Person\",\"@id\":\"https:\\\/\\\/www.right2city.org\\\/es\\\/#\\\/schema\\\/person\\\/ca06ee30b7a0bc74f0b5c66a6e1c1a62\",\"name\":\"Isabel\",\"image\":{\"@type\":\"ImageObject\",\"inLanguage\":\"es\",\"@id\":\"https:\\\/\\\/secure.gravatar.com\\\/avatar\\\/65592f2710b6683f3e86280c6039713b6fd75859d29253aed30fb3fc82036e4b?s=96&d=mm&r=g\",\"url\":\"https:\\\/\\\/secure.gravatar.com\\\/avatar\\\/65592f2710b6683f3e86280c6039713b6fd75859d29253aed30fb3fc82036e4b?s=96&d=mm&r=g\",\"contentUrl\":\"https:\\\/\\\/secure.gravatar.com\\\/avatar\\\/65592f2710b6683f3e86280c6039713b6fd75859d29253aed30fb3fc82036e4b?s=96&d=mm&r=g\",\"caption\":\"Isabel\"},\"url\":\"https:\\\/\\\/www.right2city.org\\\/es\\\/author\\\/isabel-hic\\\/\"}]}<\/script>\n<!-- \/ Yoast SEO plugin. -->","yoast_head_json":{"title":"Octubre Urbano 2022: Comunalizaci\u00f3n para Reclamar el Derecho a la Ciudad - Right to the city","robots":{"index":"index","follow":"follow","max-snippet":"max-snippet:-1","max-image-preview":"max-image-preview:large","max-video-preview":"max-video-preview:-1"},"canonical":"https:\/\/www.right2city.org\/es\/2022-urban-october-reclaiming-the-right-to-the-city-through-commoning\/","og_locale":"es_ES","og_type":"article","og_title":"Octubre Urbano 2022: Comunalizaci\u00f3n para Reclamar el Derecho a la Ciudad - Right to the city","og_description":"Nuestra Declaraci\u00f3nIniciativas de Miembros y AliadosCon motivo del D\u00eda Mundial del Derecho a la Ciudad (31 de octubre), la Plataforma Global por el Derecho a la Ciudad hace un llamado a la realizaci\u00f3n del Derecho a la Ciudad, mediante la de implementaci\u00f3n\u00a0 de iniciativas de gesti\u00f3n compartida de bienes comunes. Como se destac\u00f3 durante el [&hellip;]","og_url":"https:\/\/www.right2city.org\/es\/2022-urban-october-reclaiming-the-right-to-the-city-through-commoning\/","og_site_name":"Right to the city","article_published_time":"2022-10-03T10:03:07+00:00","article_modified_time":"2022-10-26T16:14:21+00:00","og_image":[{"width":1587,"height":916,"url":"https:\/\/www.right2city.org\/wp-content\/uploads\/2022\/10\/Residents-of-Can\u0303o-Marti\u0301n-Pen\u0303a-Puerto-Rico_2.png","type":"image\/png"}],"author":"Isabel","twitter_card":"summary_large_image","twitter_misc":{"Escrito por":"Isabel","Tiempo de lectura":"29 minutos"},"schema":{"@context":"https:\/\/schema.org","@graph":[{"@type":"Article","@id":"https:\/\/www.right2city.org\/es\/2022-urban-october-reclaiming-the-right-to-the-city-through-commoning\/#article","isPartOf":{"@id":"https:\/\/www.right2city.org\/es\/2022-urban-october-reclaiming-the-right-to-the-city-through-commoning\/"},"author":{"name":"Isabel","@id":"https:\/\/www.right2city.org\/es\/#\/schema\/person\/ca06ee30b7a0bc74f0b5c66a6e1c1a62"},"headline":"Octubre Urbano 2022: Comunalizaci\u00f3n para Reclamar el Derecho a la Ciudad","datePublished":"2022-10-03T10:03:07+00:00","dateModified":"2022-10-26T16:14:21+00:00","mainEntityOfPage":{"@id":"https:\/\/www.right2city.org\/es\/2022-urban-october-reclaiming-the-right-to-the-city-through-commoning\/"},"wordCount":5761,"image":{"@id":"https:\/\/www.right2city.org\/es\/2022-urban-october-reclaiming-the-right-to-the-city-through-commoning\/#primaryimage"},"thumbnailUrl":"https:\/\/www.right2city.org\/wp-content\/uploads\/2022\/10\/Residents-of-Can\u0303o-Marti\u0301n-Pen\u0303a-Puerto-Rico_2.png","articleSection":["Campa\u00f1as","General"],"inLanguage":"es"},{"@type":"WebPage","@id":"https:\/\/www.right2city.org\/es\/2022-urban-october-reclaiming-the-right-to-the-city-through-commoning\/","url":"https:\/\/www.right2city.org\/es\/2022-urban-october-reclaiming-the-right-to-the-city-through-commoning\/","name":"Octubre Urbano 2022: Comunalizaci\u00f3n para Reclamar el Derecho a la Ciudad - Right to the city","isPartOf":{"@id":"https:\/\/www.right2city.org\/es\/#website"},"primaryImageOfPage":{"@id":"https:\/\/www.right2city.org\/es\/2022-urban-october-reclaiming-the-right-to-the-city-through-commoning\/#primaryimage"},"image":{"@id":"https:\/\/www.right2city.org\/es\/2022-urban-october-reclaiming-the-right-to-the-city-through-commoning\/#primaryimage"},"thumbnailUrl":"https:\/\/www.right2city.org\/wp-content\/uploads\/2022\/10\/Residents-of-Can\u0303o-Marti\u0301n-Pen\u0303a-Puerto-Rico_2.png","datePublished":"2022-10-03T10:03:07+00:00","dateModified":"2022-10-26T16:14:21+00:00","author":{"@id":"https:\/\/www.right2city.org\/es\/#\/schema\/person\/ca06ee30b7a0bc74f0b5c66a6e1c1a62"},"breadcrumb":{"@id":"https:\/\/www.right2city.org\/es\/2022-urban-october-reclaiming-the-right-to-the-city-through-commoning\/#breadcrumb"},"inLanguage":"es","potentialAction":[{"@type":"ReadAction","target":["https:\/\/www.right2city.org\/es\/2022-urban-october-reclaiming-the-right-to-the-city-through-commoning\/"]}]},{"@type":"BreadcrumbList","@id":"https:\/\/www.right2city.org\/es\/2022-urban-october-reclaiming-the-right-to-the-city-through-commoning\/#breadcrumb","itemListElement":[{"@type":"ListItem","position":1,"name":"Home","item":"https:\/\/www.right2city.org\/es\/"},{"@type":"ListItem","position":2,"name":"Campa\u00f1as","item":"https:\/\/www.right2city.org\/es\/category\/campaigns\/"},{"@type":"ListItem","position":3,"name":"Octubre Urbano 2022: Comunalizaci\u00f3n para Reclamar el Derecho a la Ciudad"}]},{"@type":"WebSite","@id":"https:\/\/www.right2city.org\/es\/#website","url":"https:\/\/www.right2city.org\/es\/","name":"Right to the city","description":"Global Platform for the Right to the City","potentialAction":[{"@type":"SearchAction","target":{"@type":"EntryPoint","urlTemplate":"https:\/\/www.right2city.org\/es\/?s={search_term_string}"},"query-input":{"@type":"PropertyValueSpecification","valueRequired":true,"valueName":"search_term_string"}}],"inLanguage":"es"},{"@type":"Person","@id":"https:\/\/www.right2city.org\/es\/#\/schema\/person\/ca06ee30b7a0bc74f0b5c66a6e1c1a62","name":"Isabel","image":{"@type":"ImageObject","inLanguage":"es","@id":"https:\/\/secure.gravatar.com\/avatar\/65592f2710b6683f3e86280c6039713b6fd75859d29253aed30fb3fc82036e4b?s=96&d=mm&r=g","url":"https:\/\/secure.gravatar.com\/avatar\/65592f2710b6683f3e86280c6039713b6fd75859d29253aed30fb3fc82036e4b?s=96&d=mm&r=g","contentUrl":"https:\/\/secure.gravatar.com\/avatar\/65592f2710b6683f3e86280c6039713b6fd75859d29253aed30fb3fc82036e4b?s=96&d=mm&r=g","caption":"Isabel"},"url":"https:\/\/www.right2city.org\/es\/author\/isabel-hic\/"}]}},"_links":{"self":[{"href":"https:\/\/www.right2city.org\/es\/wp-json\/wp\/v2\/posts\/66132","targetHints":{"allow":["GET"]}}],"collection":[{"href":"https:\/\/www.right2city.org\/es\/wp-json\/wp\/v2\/posts"}],"about":[{"href":"https:\/\/www.right2city.org\/es\/wp-json\/wp\/v2\/types\/post"}],"author":[{"embeddable":true,"href":"https:\/\/www.right2city.org\/es\/wp-json\/wp\/v2\/users\/4"}],"replies":[{"embeddable":true,"href":"https:\/\/www.right2city.org\/es\/wp-json\/wp\/v2\/comments?post=66132"}],"version-history":[{"count":49,"href":"https:\/\/www.right2city.org\/es\/wp-json\/wp\/v2\/posts\/66132\/revisions"}],"predecessor-version":[{"id":66593,"href":"https:\/\/www.right2city.org\/es\/wp-json\/wp\/v2\/posts\/66132\/revisions\/66593"}],"wp:featuredmedia":[{"embeddable":true,"href":"https:\/\/www.right2city.org\/es\/wp-json\/wp\/v2\/media\/66331"}],"wp:attachment":[{"href":"https:\/\/www.right2city.org\/es\/wp-json\/wp\/v2\/media?parent=66132"}],"wp:term":[{"taxonomy":"category","embeddable":true,"href":"https:\/\/www.right2city.org\/es\/wp-json\/wp\/v2\/categories?post=66132"},{"taxonomy":"post_tag","embeddable":true,"href":"https:\/\/www.right2city.org\/es\/wp-json\/wp\/v2\/tags?post=66132"},{"taxonomy":"themes","embeddable":true,"href":"https:\/\/www.right2city.org\/es\/wp-json\/wp\/v2\/themes?post=66132"},{"taxonomy":"agendas_globales","embeddable":true,"href":"https:\/\/www.right2city.org\/es\/wp-json\/wp\/v2\/agendas_globales?post=66132"}],"curies":[{"name":"wp","href":"https:\/\/api.w.org\/{rel}","templated":true}]}}