{"id":68823,"date":"2023-09-12T09:43:40","date_gmt":"2023-09-12T07:43:40","guid":{"rendered":"https:\/\/www.right2city.org\/the-gpr2c-at-the-sdg-summit-2023\/"},"modified":"2023-09-18T13:59:16","modified_gmt":"2023-09-18T11:59:16","slug":"the-gpr2c-at-the-sdg-summit-2023","status":"publish","type":"post","link":"https:\/\/www.right2city.org\/es\/the-gpr2c-at-the-sdg-summit-2023\/","title":{"rendered":"La PGDC en la Cumbre de los ODS 2023"},"content":{"rendered":"[et_pb_section fb_built=\u00bb1&#8243; fullwidth=\u00bbon\u00bb _builder_version=\u00bb4.16&#8243; animation_style=\u00bbslide\u00bb animation_direction=\u00bbtop\u00bb animation_intensity_slide=\u00bb2%\u00bb animation_starting_opacity=\u00bb100%\u00bb global_colors_info=\u00bb{}\u00bb][et_pb_fullwidth_image src=\u00bbhttps:\/\/www.right2city.org\/wp-content\/uploads\/2023\/09\/ES-SDGSummit-mainmessage.png\u00bb title_text=\u00bbES-SDGSummit-mainmessage\u00bb _builder_version=\u00bb4.21.0&#8243; global_colors_info=\u00bb{}\u00bb][\/et_pb_fullwidth_image][\/et_pb_section][et_pb_section fb_built=\u00bb1&#8243; _builder_version=\u00bb4.16&#8243; custom_margin=\u00bb15px||||false|false\u00bb border_radii=\u00bbon|3px|3px|3px|3px\u00bb border_color_all=\u00bb#691950&#8243; global_colors_info=\u00bb{}\u00bb][et_pb_row _builder_version=\u00bb4.16&#8243; global_colors_info=\u00bb{}\u00bb][et_pb_column type=\u00bb4_4&#8243; _builder_version=\u00bb4.16&#8243; global_colors_info=\u00bb{}\u00bb][et_pb_text admin_label=\u00bbText\u00bb _builder_version=\u00bb4.21.0&#8243; text_font=\u00bb||||||||\u00bb text_line_height=\u00bb1.8em\u00bb header_font=\u00bb||||||||\u00bb animation_direction=\u00bbleft\u00bb inline_fonts=\u00bbABeeZee\u00bb global_colors_info=\u00bb{}\u00bb]\n<p><span style=\"font-size: 14pt;\"><strong>Los miembros y aliados de la Plataforma Global por el Derecho a la Ciudad (PGDC) estar\u00e1n en Nueva York para participar activamente en la <a href=\"https:\/\/www.un.org\/en\/conferences\/SDGSummit2023\">Cumbre de ODS<\/a>\u00a0 ( 18 a 19 septiembre 2023), para instar a los Estados Miembro y las Agencias de las Naciones Unidas a comprometerse con acciones concretas guiadas por un enfoque basado en los derechos humanos y mediante la inclusi\u00f3n de actores de la sociedad civil y de los gobiernos locales e involucrarse con las iniciativas locales, como la producci\u00f3n social del h\u00e1bitat, el derecho a la ciudad, la econom\u00eda social y solidaria, la transici\u00f3n a un modelo energ\u00e9tico y econ\u00f3mico m\u00e1s limpio y justo, la agenda de los cuidados y la protecci\u00f3n colectiva de los bienes comunes naturales, sociales y culturales.<\/strong><\/span><\/p>\n[\/et_pb_text][\/et_pb_column][\/et_pb_row][et_pb_row _builder_version=\u00bb4.16&#8243; global_colors_info=\u00bb{}\u00bb][et_pb_column type=\u00bb4_4&#8243; _builder_version=\u00bb4.16&#8243; global_colors_info=\u00bb{}\u00bb][\/et_pb_column][\/et_pb_row][et_pb_row column_structure=\u00bb1_3,1_3,1_3&#8243; admin_label=\u00bbMarket Openning Schedule\u00bb _builder_version=\u00bb4.20.2&#8243; min_height=\u00bb49px\u00bb custom_padding=\u00bb10px|0px|10px|0px|false|false\u00bb global_colors_info=\u00bb{}\u00bb][et_pb_column type=\u00bb1_3&#8243; _builder_version=\u00bb4.16&#8243; custom_padding=\u00bb|||\u00bb global_colors_info=\u00bb{}\u00bb custom_padding__hover=\u00bb|||\u00bb][et_pb_text _builder_version=\u00bb4.21.0&#8243; text_text_color=\u00bb#FFFFFF\u00bb background_color=\u00bb#004aad\u00bb min_height=\u00bb86px\u00bb custom_padding=\u00bb10px|0px|10px|0px|false|false\u00bb link_option_url=\u00bb#Statement\u00bb border_radii=\u00bbon|6px|6px|6px|6px\u00bb border_width_all=\u00bb3px\u00bb border_color_all=\u00bb#004aad\u00bb global_colors_info=\u00bb{}\u00bb]\n<p style=\"text-align: center;\"><span style=\"font-size: 18pt; color: #ffffff;\">Declaraci\u00f3n<\/span><\/p>\n<p style=\"text-align: center;\"><span style=\"font-size: 18pt; color: #ffffff;\">Colectiva<\/span><\/p>\n[\/et_pb_text][\/et_pb_column][et_pb_column type=\u00bb1_3&#8243; _builder_version=\u00bb4.16&#8243; custom_padding=\u00bb|||\u00bb global_colors_info=\u00bb{}\u00bb custom_padding__hover=\u00bb|||\u00bb][et_pb_text _builder_version=\u00bb4.21.0&#8243; text_text_color=\u00bb#FFFFFF\u00bb background_color=\u00bb#004aad\u00bb min_height=\u00bb86px\u00bb custom_padding=\u00bb10px|0px|10px|0px|false|false\u00bb link_option_url=\u00bb#Principles\u00bb border_radii=\u00bbon|6px|6px|6px|6px\u00bb border_width_all=\u00bb3px\u00bb border_color_all=\u00bb#004aad\u00bb global_colors_info=\u00bb{}\u00bb]\n<p style=\"text-align: center;\"><span style=\"font-size: 18pt; color: #ffffff;\">C\u00f3mo avanzar\u00a0<\/span><\/p>\n<p style=\"text-align: center;\"><span style=\"font-size: 18pt; color: #ffffff;\">ODS y NAU<\/span><\/p>\n<p style=\"text-align: center;\">[\/et_pb_text][\/et_pb_column][et_pb_column type=\u00bb1_3&#8243; _builder_version=\u00bb4.16&#8243; custom_padding=\u00bb|||\u00bb global_colors_info=\u00bb{}\u00bb custom_padding__hover=\u00bb|||\u00bb][et_pb_text _builder_version=\u00bb4.21.0&#8243; text_text_color=\u00bb#FFFFFF\u00bb background_color=\u00bb#004aad\u00bb min_height=\u00bb86px\u00bb custom_padding=\u00bb10px|0px|10px|0px|false|false\u00bb link_option_url=\u00bb#About\u00bb border_radii=\u00bbon|6px|6px|6px|6px\u00bb border_width_all=\u00bb3px\u00bb border_color_all=\u00bb#004aad\u00bb global_colors_info=\u00bb{}\u00bb]\n<p style=\"text-align: center;\"><span style=\"font-size: 18pt; color: #ffffff;\">Sobre la<\/span><\/p>\n<p style=\"text-align: center;\"><span style=\"font-size: 18pt; color: #ffffff;\">Cumbre de ODS<\/span><\/p>\n[\/et_pb_text][\/et_pb_column][\/et_pb_row][et_pb_row module_id=\u00bbStatement\u00bb _builder_version=\u00bb4.20.2&#8243; border_radii=\u00bbon|6px|6px|6px|6px\u00bb border_width_all=\u00bb3px\u00bb border_color_all=\u00bb#004aad\u00bb global_colors_info=\u00bb{}\u00bb][et_pb_column type=\u00bb4_4&#8243; _builder_version=\u00bb4.16&#8243; global_colors_info=\u00bb{}\u00bb][et_pb_text _builder_version=\u00bb4.21.0&#8243; link_option_url=\u00bbhttps:\/\/www.right2city.org\/wp-content\/uploads\/2023\/06\/UN-Habitat-Assembly-collective-statement.pdf\u00bb global_colors_info=\u00bb{}\u00bb]\n<p class=\"entry-title\" style=\"text-align: center;\"><span style=\"color: #004aad; font-size: 24pt;\"><strong>Desbloquear el poder de la gente para lograr los <br \/>Objetivos de Desarrollo Sostenible y la Nueva Agenda Urbana<\/strong><\/span><\/p>\n[\/et_pb_text][\/et_pb_column][\/et_pb_row][et_pb_row module_id=\u00bbStatement\u00bb _builder_version=\u00bb4.16&#8243; global_colors_info=\u00bb{}\u00bb][et_pb_column type=\u00bb4_4&#8243; _builder_version=\u00bb4.16&#8243; global_colors_info=\u00bb{}\u00bb][\/et_pb_column][\/et_pb_row][\/et_pb_section][et_pb_section fb_built=\u00bb1&#8243; admin_label=\u00bbMarket Information Section\u00bb _builder_version=\u00bb4.16&#8243; custom_padding=\u00bb100px||100px|\u00bb global_colors_info=\u00bb{}\u00bb][et_pb_row admin_label=\u00bbMarket Information Title Area\u00bb _builder_version=\u00bb4.16&#8243; custom_padding=\u00bb40px|0px|40px|0px\u00bb global_colors_info=\u00bb{}\u00bb][et_pb_column type=\u00bb4_4&#8243; _builder_version=\u00bb4.16&#8243; custom_padding=\u00bb|||\u00bb global_colors_info=\u00bb{}\u00bb custom_padding__hover=\u00bb|||\u00bb][et_pb_text admin_label=\u00bbText\u00bb _builder_version=\u00bb4.21.0&#8243; text_font=\u00bb||||||||\u00bb text_line_height=\u00bb1.8em\u00bb header_font=\u00bb||||||||\u00bb animation_direction=\u00bbleft\u00bb inline_fonts=\u00bbABeeZee\u00bb global_colors_info=\u00bb{}\u00bb]\n<p style=\"text-align: center;\"><span style=\"font-size: 18pt; color: #000000;\"><b>Declaraci\u00f3n colectiva para la Cumbre de los ODS<br \/><\/b>Nueva York, Septiembre 2023ons SDGs Summit<br \/><b><\/b><\/span><\/p>\n<p>&nbsp;<\/p>\n<p>&nbsp;<\/p>\n<p style=\"text-align: left;\">[\/et_pb_text][et_pb_text admin_label=\u00bbText\u00bb _builder_version=\u00bb4.21.0&#8243; text_font=\u00bb||||||||\u00bb text_line_height=\u00bb1.8em\u00bb header_font=\u00bb||||||||\u00bb animation_direction=\u00bbleft\u00bb inline_fonts=\u00bbABeeZee\u00bb global_colors_info=\u00bb{}\u00bb]\n<p><span style=\"font-weight: 400;\">Las organizaciones arriba suscritas coinciden en la importancia de la Agenda 2030 y en la necesidad de acelerar la acci\u00f3n liderada por m\u00faltiples partes interesadas para su implementaci\u00f3n efectiva. <\/span><b>Sin embargo, mientras los Estados Miembro y las Agencias de las Naciones Unidas se re\u00fanen para la Cumbre de los ODS de 2023, les instamos a comprometerse con acciones concretas guiadas por un enfoque basado en los derechos humanos y mediante la inclusi\u00f3n de actores de la sociedad civil y de los gobiernos locales. Exigimos un compromiso activo y un apoyo sostenido a las iniciativas comunitarias y municipales, como la producci\u00f3n social del h\u00e1bitat, el derecho a la ciudad, la econom\u00eda social y solidaria, la transici\u00f3n a un modelo energ\u00e9tico y econ\u00f3mico m\u00e1s limpio y justo, la agenda de los cuidados y la protecci\u00f3n colectiva de los bienes comunes naturales, sociales y culturales.<\/b><\/p>\n<p><span style=\"font-weight: 400;\">La declaraci\u00f3n de la Cumbre refleja el consenso sobre la importancia de<\/span><b> llevar a cabo transformaciones sustanciales<\/b><span style=\"font-weight: 400;\"> que respondan a los desaf\u00edos actuales aprovechando los compromisos de la Agenda 2030. Sin embargo, el discurso general y las l\u00edneas de acci\u00f3n de la declaraci\u00f3n no suponen un cambio significativo respecto a lo ya existente. <\/span><b>Emula enfoques reduccionistas, enga\u00f1osos e insuficientes, sobre todo en relaci\u00f3n con el desarrollo econ\u00f3mico como crecimiento infinito y la toma de decisiones pol\u00edticas que priorizan el \u00e1mbito nacional.<\/b><\/p>\n<p><span style=\"font-weight: 400;\">Con la participaci\u00f3n de diversas partes interesadas durante la Cumbre y sus actividades precedentes, la posici\u00f3n anterior es compartida por diversos grupos interesados. La Declaraci\u00f3n del <\/span><b><i>Global Taskforce of Local and Regional Government<\/i><\/b> <span style=\"font-weight: 400;\">(Grupo de Trabajo Global de Gobiernos Locales y Regionales) a la Cumbre, por ejemplo, se\u00f1ala la necesidad de \u00abir m\u00e1s all\u00e1 de los cambios graduales para transformar nuestras sociedades y lograr la Agenda 2030\u00bb, mientras que los <\/span><a href=\"https:\/\/womensmajorgroup.org\/wmg-position-paper-for-hlpf-2023\/\"><span style=\"font-weight: 400;\">mensajes clave<\/span><\/a><span style=\"font-weight: 400;\"> del <\/span><b><i>Women\u2019s Major Group<\/i><\/b> <span style=\"font-weight: 400;\">(Grupo Principal de Mujeres) para el Foro Pol\u00edtico de Alto Nivel 2023, celebrado en julio, piden una acci\u00f3n inmediata para la plena implementaci\u00f3n de los ODS, basada en la coherencia pol\u00edtica y en s\u00f3lidos mecanismos de rendici\u00f3n de cuentas, a partir de un \u00abconjunto de orientaciones basadas en los derechos que rara vez vemos incorporadas en los procedimientos del Foro Pol\u00edtico de Alto Nivel o en la implementaci\u00f3n a nivel nacional\u00bb. La<\/span> <a href=\"https:\/\/www.ohchr.org\/sites\/default\/files\/documents\/hrbodies\/annual-meetin\"><span style=\"font-weight: 400;\">declaraci\u00f3n conjunta<\/span><\/a><span style=\"font-weight: 400;\"> de los<\/span><b> relatores especiales, expertos independientes y presidentes de los grupos de trabajo de los procedimientos especiales del Consejo de Derechos Humanos tambi\u00e9n se hace eco de este llamado.<\/b><\/p>\n<p><span style=\"font-weight: 400;\">With a variety of stakeholders engaging during the Summit and its preceding activities, the above position is shared by diverse constituencies. The Statement of the <\/span><b>Global Taskforce of Local and Regional Governments<\/b><span style=\"font-weight: 400;\"> to the Summit, for example, points to the need to \u201cgo beyond incremental changes to transform our societies and achieve the 2030 Agenda\u201d, while the <\/span><a href=\"https:\/\/womensmajorgroup.org\/wmg-position-paper-for-hlpf-2023\/\"><span style=\"font-weight: 400;\">key messages<\/span><\/a><span style=\"font-weight: 400;\"> of the <\/span><b>Women\u2019s Major Group<\/b><span style=\"font-weight: 400;\"> for 2023 High Level Political Forum, held in July, calls for immediate action for the full implementation of the SDGs, based on policy coherence and strong accountability mechanisms, building on a \u201cbody of rights-based guidance that we too rarely see incorporated into the High-Level Political Forum (HLPF) proceedings or implementation at the national level\u201d. Such a call is also echoed in the <\/span><a href=\"https:\/\/www.ohchr.org\/sites\/default\/files\/documents\/hrbodies\/annual-meeting\/Annual-Meeting-29-Joint-Declaration-SDG-Summit.pdf\"><span style=\"font-weight: 400;\">joint declaration<\/span><\/a><span style=\"font-weight: 400;\"> of <\/span><b>Special Rapporteurs, Independent Experts, and Chairpersons of the Working Groups of the Special Procedures of the Human Rights Council<\/b><span style=\"font-weight: 400;\">.\u00a0<\/span><\/p>\n<p><b>Los ODS no est\u00e1n implementados a trav\u00e9s de una perspectiva de Derechos Humanos<\/b><span style=\"font-weight: 400;\"> y, aunque se entienden como complementarios a otros marcos m\u00e1s amplios como la <\/span><b>Nueva Agenda Urbana<\/b><span style=\"font-weight: 400;\"> (NAU), no est\u00e1n integrados en ellos. Si bien el reconocimiento de la NAU en el proyecto de declaraci\u00f3n final es bienvenido, no incluye algunos de los <\/span><b>principios clave de la NAU, como el cumplimiento de las funciones sociales y ecol\u00f3gicas de la tierra y los asentamientos humanos, el apoyo a la econom\u00eda social y solidaria, la gesti\u00f3n democr\u00e1tica de las ciudades y los territorios, y el derecho a la ciudad.<\/b><\/p>\n<p><span style=\"font-weight: 400;\">Adem\u00e1s, la declaraci\u00f3n menciona \u00ablocalizaci\u00f3n\u00bb pero no aborda las din\u00e1micas territoriales cruciales. Con ello, se pierde la oportunidad de entablar un debate significativo sobre las causas profundas de los retos m\u00e1s acuciantes de las ciudades y los asentamientos humanos. Estos est\u00e1n vinculados a <\/span><b>modelos de crecimiento urbano y desarrollo econ\u00f3mico<\/b><span style=\"font-weight: 400;\"> basados en la maximizaci\u00f3n de los beneficios, la explotaci\u00f3n de la naturaleza y el medio ambiente, y la creciente centralizaci\u00f3n del poder y la toma de decisiones. <\/span><b>Est\u00e1 claro que no se pueden lograr verdaderas acciones transformadoras sin cambiar la actual din\u00e1mica econ\u00f3mica y pol\u00edtica.<\/b><\/p>\n<p><b>Los Estados miembros y las agencias de la ONU necesitan comprometerse urgentemente con enfoques transformadores y dirigidos localmente, como la econom\u00eda social y solidaria, los liderazgos cuidadores de las organizaciones de base de mujeres, el derecho a la ciudad, la producci\u00f3n social del h\u00e1bitat, la transici\u00f3n justa y la defensa y protecci\u00f3n colectivas de los bienes comunes.<\/b><span style=\"font-weight: 400;\"> Estos enfoques introducen nuevas formas de organizaci\u00f3n social, pol\u00edtica y econ\u00f3mica centradas en el inter\u00e9s colectivo, y sit\u00faan a las personas y al planeta en el centro. Tambi\u00e9n introducen oportunidades para avanzar hacia sociedades m\u00e1s democr\u00e1ticas a trav\u00e9s de pr\u00e1cticas de innovaci\u00f3n social que buscan introducir marcos de toma de decisiones m\u00e1s horizontales, colaborativos y colectivos. <\/span><b>La declaraci\u00f3n menciona \u00abparticipaci\u00f3n\u00bb y \u00abasociaciones\u00bb pero sin reconocer los esfuerzos liderados por los actores sobre el terreno<\/b><span style=\"font-weight: 400;\">, en particular por los grupos liderados por la comunidad, la sociedad civil y los gobiernos locales, ni proporcionar marcos concretos y adecuados para apoyar estas iniciativas y, en muchos casos, socav\u00e1ndolas. Esto contribuye a un escenario de invisibilizaci\u00f3n de las contribuciones relevantes hacia los ODS por parte de los actores locales y las comunidades, que carecen de un apoyo sostenido por parte de los gobiernos nacionales y las instituciones multilaterales, que al mismo tiempo tambi\u00e9n se abstienen de sus responsabilidades de regular a los grandes actores corporativos.<\/span><\/p>\n<p><span style=\"font-weight: 400;\">Junto con las preocupantes limitaciones de la participaci\u00f3n de actores no estatales durante la Cumbre, la declaraci\u00f3n no infunde confianza en que sus resultados contribuyan realmente a lograr las transformaciones necesarias, ni en que sirva de base para un debate m\u00e1s amplio y necesario sobre la pluralizaci\u00f3n y democratizaci\u00f3n del sistema de gobernanza de las Naciones Unidas y la estructura financiera que deber\u00eda permitir el cumplimiento de los compromisos. <\/span><b>A medida que los debates se acercan a la Cumbre para el Futuro de 2024, est\u00e1 claro que si no se ampl\u00edan sustancialmente los canales de di\u00e1logo y colaboraci\u00f3n con otras partes interesadas y no se apoyan eficazmente los procesos dirigidos por las comunidades y el papel del liderazgo de las mujeres en la toma de decisiones, seguiremos por el camino de la inercia y de un retroceso considerable. <\/b><span style=\"font-weight: 400;\">Especialmente en un contexto de crisis m\u00faltiples, agudas e interconectadas, como el ataque y el debilitamiento de las instituciones y los mecanismos democr\u00e1ticos, y la criminalizaci\u00f3n de los activistas de derechos humanos y los movimientos sociales, la ONU est\u00e1 perdiendo la oportunidad de realizar las adaptaciones necesarias para garantizar una implementaci\u00f3n transformadora y acelerada de la agenda de los ODS y sus compromisos.<\/span><\/p>\n<p><span style=\"font-weight: 400;\">Por lo tanto, ante la Cumbre de los ODS de 2023, pedimos colectivamente compromisos que se involucren con la implementaci\u00f3n de la Agenda 2030 para lograr una transformaci\u00f3n sustancial hacia asentamientos humanos m\u00e1s justos, sostenibles y diversos, basados en el bienestar colectivo y la protecci\u00f3n de las personas y el planeta.<\/span><b> Para ello, tanto el discurso como la pr\u00e1ctica deben modificarse dr\u00e1sticamente en virtud de un compromiso y una implicaci\u00f3n firmes hacia alternativas sustantivas a los actuales sistemas de toma de decisiones econ\u00f3micas y pol\u00edticas vigentes. Esto comienza con el reconocimiento efectivo y la inclusi\u00f3n de los actores de la sociedad civil y de los gobiernos locales en el debate, as\u00ed como con el apoyo directo a las iniciativas transformadoras lideradas por ellos.<\/b><\/p>\n[\/et_pb_text][et_pb_image src=\u00bbhttps:\/\/www.right2city.org\/wp-content\/uploads\/2023\/09\/ES-sdgsummit-demands.png\u00bb title_text=\u00bbES-sdgsummit-demands\u00bb _builder_version=\u00bb4.21.0&#8243; _module_preset=\u00bbdefault\u00bb global_colors_info=\u00bb{}\u00bb][\/et_pb_image][\/et_pb_column][\/et_pb_row][et_pb_row _builder_version=\u00bb4.20.2&#8243; border_width_all=\u00bb0px\u00bb border_color_all=\u00bb#004aad\u00bb global_colors_info=\u00bb{}\u00bb][et_pb_column type=\u00bb4_4&#8243; _builder_version=\u00bb4.16&#8243; global_colors_info=\u00bb{}\u00bb][et_pb_text _builder_version=\u00bb4.21.0&#8243; link_option_url=\u00bbhttps:\/\/www.right2city.org\/news\/takeaways-from-the-high-level-meeting-on-the-five-years-of-implementation-of-the-new-urban-agenda\/\u00bb global_colors_info=\u00bb{}\u00bb]\n<p class=\"entry-title\" style=\"text-align: center;\"><span style=\"color: #004aad; font-size: 18pt;\"><strong>Descarga la declaraci\u00f3n en <a href=\"https:\/\/www.right2city.org\/wp-content\/uploads\/2023\/09\/Final-collective-declaration-SDG-Summit-1.pdf\">Ingl\u00e9s<\/a>, <a href=\"https:\/\/www.right2city.org\/wp-content\/uploads\/2023\/09\/ES-Final-collective-declaration-SDG-Summit.pdf\">Espa\u00f1ol<\/a> y <a href=\"https:\/\/www.right2city.org\/wp-content\/uploads\/2023\/09\/FR-Final-collective-declaration-SDG-Summit.pdf\">Franc\u00e9s<\/a><\/strong><\/span><\/p>\n<p>&nbsp;<\/p>\n[\/et_pb_text][\/et_pb_column][\/et_pb_row][et_pb_row _builder_version=\u00bb4.20.2&#8243; _module_preset=\u00bbdefault\u00bb global_colors_info=\u00bb{}\u00bb][et_pb_column type=\u00bb4_4&#8243; _builder_version=\u00bb4.20.2&#8243; _module_preset=\u00bbdefault\u00bb global_colors_info=\u00bb{}\u00bb][et_pb_text _builder_version=\u00bb4.21.0&#8243; _module_preset=\u00bbdefault\u00bb background_color=\u00bb#004aad\u00bb custom_margin=\u00bb0px||0px||false|false\u00bb link_option_url=\u00bbhttps:\/\/x.com\/Right2CityGP\/status\/1703735750410330243?s=20&#8243; link_option_url_new_window=\u00bbon\u00bb hover_enabled=\u00bb0&#8243; global_colors_info=\u00bb{}\u00bb sticky_enabled=\u00bb0&#8243;]\n<h2>\u00a0<\/h2>\n<h2 style=\"text-align: center;\"><span style=\"color: #ffffff;\"><strong>Apoya la Declaraci\u00f3n y \u00danete a la Campa\u00f1a Global<\/strong><\/span><\/h2>\n<p>&nbsp;<\/p>\n[\/et_pb_text][\/et_pb_column][\/et_pb_row][et_pb_row module_id=\u00bbPrinciples\u00bb _builder_version=\u00bb4.20.2&#8243; border_radii=\u00bbon|6px|6px|6px|6px\u00bb border_width_all=\u00bb3px\u00bb border_color_all=\u00bb#004aad\u00bb global_colors_info=\u00bb{}\u00bb][et_pb_column type=\u00bb4_4&#8243; _builder_version=\u00bb4.16&#8243; global_colors_info=\u00bb{}\u00bb][et_pb_text _builder_version=\u00bb4.21.0&#8243; link_option_url=\u00bbhttps:\/\/www.right2city.org\/news\/takeaways-from-the-high-level-meeting-on-the-five-years-of-implementation-of-the-new-urban-agenda\/\u00bb global_colors_info=\u00bb{}\u00bb]\n<p class=\"entry-title\" style=\"text-align: center;\"><span style=\"color: #004aad; font-size: 24pt;\"><strong>Principios para guiar el avance de los compromisos de la NAU<\/strong><\/span><\/p>\n[\/et_pb_text][\/et_pb_column][\/et_pb_row][et_pb_row admin_label=\u00bbMarket Information Title Area\u00bb _builder_version=\u00bb4.16&#8243; custom_padding=\u00bb0px|0px|0px|0px|false|false\u00bb global_colors_info=\u00bb{}\u00bb][et_pb_column type=\u00bb4_4&#8243; _builder_version=\u00bb4.16&#8243; custom_padding=\u00bb|||\u00bb global_colors_info=\u00bb{}\u00bb custom_padding__hover=\u00bb|||\u00bb][et_pb_text admin_label=\u00bbText\u00bb _builder_version=\u00bb4.21.0&#8243; text_font=\u00bb||||||||\u00bb text_line_height=\u00bb1.8em\u00bb header_font=\u00bb||||||||\u00bb animation_direction=\u00bbleft\u00bb inline_fonts=\u00bbABeeZee\u00bb global_colors_info=\u00bb{}\u00bb]\n<p>&nbsp;<\/p>\n<p>El proceso de H\u00e1bitat III reflej\u00f3 la deliberaci\u00f3n de diversos actores para comprometerse colectivamente con acciones que hagan que nuestras ciudades, pueblos, territorios y asentamientos humanos sean m\u00e1s justos, inclusivos, seguros y sostenibles. Surgieron cuestiones clave hacia la adopci\u00f3n de la Nueva Agenda Urbana (NAU), en particular en relaci\u00f3n con el respeto, la protecci\u00f3n y el cumplimiento de los derechos humanos bajo el paraguas del Derecho a la Ciudad, incluyendo la participaci\u00f3n plena y efectiva de las mujeres y la igualdad de derechos; el combate y prevenci\u00f3n de la especulaci\u00f3n, el desplazamiento, la falta de vivienda y los desalojos forzosos; la garant\u00eda de las funciones sociales y ecol\u00f3gicas de la vivienda, la tierra y la ciudad; la necesidad de descentralizar a\u00fan m\u00e1s la toma de decisiones y los procesos de asignaci\u00f3n de recursos; el reconocimiento de las ciudades como bienes comunes; y la gesti\u00f3n democr\u00e1tica de las ciudades y los territorios a trav\u00e9s de enfoques m\u00e1s participativos e inclusivos, como la producci\u00f3n social del h\u00e1bitat.<\/p>\n[\/et_pb_text][et_pb_text admin_label=\u00bbText\u00bb _builder_version=\u00bb4.20.2&#8243; text_font=\u00bb||||||||\u00bb text_line_height=\u00bb1.8em\u00bb header_font=\u00bb||||||||\u00bb animation_direction=\u00bbleft\u00bb inline_fonts=\u00bbABeeZee\u00bb global_colors_info=\u00bb{}\u00bb]\n<p>&nbsp;<\/p>\n<p>&nbsp;<\/p>\n[\/et_pb_text][et_pb_slider arrows_custom_color=\u00bb#000000&#8243; dot_nav_custom_color=\u00bb#000000&#8243; admin_label=\u00bbSlider\u00bb _builder_version=\u00bb4.21.0&#8243; background_color=\u00bbrgba(0,0,0,0)\u00bb transform_scale=\u00bb120%|120%\u00bb min_height=\u00bb72px\u00bb custom_margin=\u00bb10px||0px||false|false\u00bb custom_padding=\u00bb0px||0px||false|false\u00bb global_colors_info=\u00bb{}\u00bb][et_pb_slide _builder_version=\u00bb4.21.0&#8243; background_color=\u00bbrgba(0,0,0,0)\u00bb background_enable_color=\u00bbon\u00bb global_colors_info=\u00bb{}\u00bb sticky_transition=\u00bbon\u00bb]\n<p><img loading=\"lazy\" decoding=\"async\" class=\"aligncenter wp-image-68226 size-large\" src=\"https:\/\/www.right2city.org\/wp-content\/uploads\/2023\/06\/UNHA2-FuncionSocial-1024x576.png\" alt=\"\" width=\"1024\" height=\"576\" srcset=\"https:\/\/www.right2city.org\/wp-content\/uploads\/2023\/06\/UNHA2-FuncionSocial-980x551.png 980w, https:\/\/www.right2city.org\/wp-content\/uploads\/2023\/06\/UNHA2-FuncionSocial-480x270.png 480w\" sizes=\"(min-width: 0px) and (max-width: 480px) 480px, (min-width: 481px) and (max-width: 980px) 980px, (min-width: 981px) 1024px, 100vw\" \/><\/p>\n[\/et_pb_slide][et_pb_slide _builder_version=\u00bb4.21.0&#8243; background_color=\u00bbrgba(0,0,0,0)\u00bb background_enable_color=\u00bbon\u00bb global_colors_info=\u00bb{}\u00bb sticky_transition=\u00bbon\u00bb]\n<p><img loading=\"lazy\" decoding=\"async\" class=\"aligncenter wp-image-68230 size-large\" src=\"https:\/\/www.right2city.org\/wp-content\/uploads\/2023\/06\/UNHA2-ESS-1024x576.png\" alt=\"\" width=\"1024\" height=\"576\" srcset=\"https:\/\/www.right2city.org\/wp-content\/uploads\/2023\/06\/UNHA2-ESS-980x551.png 980w, https:\/\/www.right2city.org\/wp-content\/uploads\/2023\/06\/UNHA2-ESS-480x270.png 480w\" sizes=\"(min-width: 0px) and (max-width: 480px) 480px, (min-width: 481px) and (max-width: 980px) 980px, (min-width: 981px) 1024px, 100vw\" \/><\/p>\n[\/et_pb_slide][et_pb_slide _builder_version=\u00bb4.21.0&#8243; global_colors_info=\u00bb{}\u00bb sticky_transition=\u00bbon\u00bb]\n<p><img loading=\"lazy\" decoding=\"async\" class=\"aligncenter wp-image-68234 size-large\" src=\"https:\/\/www.right2city.org\/wp-content\/uploads\/2023\/06\/UNHA2-gestion-democratica-1024x576.png\" alt=\"\" width=\"1024\" height=\"576\" srcset=\"https:\/\/www.right2city.org\/wp-content\/uploads\/2023\/06\/UNHA2-gestion-democratica-980x551.png 980w, https:\/\/www.right2city.org\/wp-content\/uploads\/2023\/06\/UNHA2-gestion-democratica-480x270.png 480w\" sizes=\"(min-width: 0px) and (max-width: 480px) 480px, (min-width: 481px) and (max-width: 980px) 980px, (min-width: 981px) 1024px, 100vw\" \/><\/p>\n[\/et_pb_slide][et_pb_slide _builder_version=\u00bb4.21.0&#8243; global_colors_info=\u00bb{}\u00bb sticky_transition=\u00bbon\u00bb]\n<p><img loading=\"lazy\" decoding=\"async\" class=\"aligncenter wp-image-68238 size-large\" src=\"https:\/\/www.right2city.org\/wp-content\/uploads\/2023\/06\/UNHA2-Cero-Desalojos-1024x576.png\" alt=\"\" width=\"1024\" height=\"576\" srcset=\"https:\/\/www.right2city.org\/wp-content\/uploads\/2023\/06\/UNHA2-Cero-Desalojos-980x551.png 980w, https:\/\/www.right2city.org\/wp-content\/uploads\/2023\/06\/UNHA2-Cero-Desalojos-480x270.png 480w\" sizes=\"(min-width: 0px) and (max-width: 480px) 480px, (min-width: 481px) and (max-width: 980px) 980px, (min-width: 981px) 1024px, 100vw\" \/><\/p>\n[\/et_pb_slide][et_pb_slide _builder_version=\u00bb4.21.0&#8243; global_colors_info=\u00bb{}\u00bb sticky_transition=\u00bbon\u00bb]\n<p><img loading=\"lazy\" decoding=\"async\" class=\"aligncenter wp-image-68242 size-large\" src=\"https:\/\/www.right2city.org\/wp-content\/uploads\/2023\/06\/UNHA2-PSH-1024x576.png\" alt=\"\" width=\"1024\" height=\"576\" srcset=\"https:\/\/www.right2city.org\/wp-content\/uploads\/2023\/06\/UNHA2-PSH-980x551.png 980w, https:\/\/www.right2city.org\/wp-content\/uploads\/2023\/06\/UNHA2-PSH-480x270.png 480w\" sizes=\"(min-width: 0px) and (max-width: 480px) 480px, (min-width: 481px) and (max-width: 980px) 980px, (min-width: 981px) 1024px, 100vw\" \/><\/p>\n[\/et_pb_slide][et_pb_slide _builder_version=\u00bb4.21.0&#8243; global_colors_info=\u00bb{}\u00bb sticky_transition=\u00bbon\u00bb]\n<p><img loading=\"lazy\" decoding=\"async\" class=\"aligncenter wp-image-68246 size-large\" src=\"https:\/\/www.right2city.org\/wp-content\/uploads\/2023\/06\/UNHA2-DaC-Mujeres-1024x576.png\" alt=\"\" width=\"1024\" height=\"576\" srcset=\"https:\/\/www.right2city.org\/wp-content\/uploads\/2023\/06\/UNHA2-DaC-Mujeres-980x551.png 980w, https:\/\/www.right2city.org\/wp-content\/uploads\/2023\/06\/UNHA2-DaC-Mujeres-480x270.png 480w\" sizes=\"(min-width: 0px) and (max-width: 480px) 480px, (min-width: 481px) and (max-width: 980px) 980px, (min-width: 981px) 1024px, 100vw\" \/><\/p>\n[\/et_pb_slide][\/et_pb_slider][\/et_pb_column][\/et_pb_row][et_pb_row module_id=\u00bbSideEvent\u00bb _builder_version=\u00bb4.20.2&#8243; border_radii=\u00bbon|6px|6px|6px|6px\u00bb border_width_all=\u00bb0px\u00bb border_color_all=\u00bb#004aad\u00bb global_colors_info=\u00bb{}\u00bb][et_pb_column type=\u00bb4_4&#8243; _builder_version=\u00bb4.16&#8243; global_colors_info=\u00bb{}\u00bb][et_pb_text _builder_version=\u00bb4.20.2&#8243; link_option_url=\u00bbhttps:\/\/www.right2city.org\/news\/takeaways-from-the-high-level-meeting-on-the-five-years-of-implementation-of-the-new-urban-agenda\/\u00bb global_colors_info=\u00bb{}\u00bb]\n<p>&nbsp;<\/p>\n<p>&nbsp;<\/p>\n<p>&nbsp;<\/p>\n[\/et_pb_text][\/et_pb_column][\/et_pb_row][et_pb_row module_id=\u00bbAbout\u00bb _builder_version=\u00bb4.20.2&#8243; border_radii=\u00bbon|6px|6px|6px|6px\u00bb border_width_all=\u00bb3px\u00bb border_color_all=\u00bb#004aad\u00bb global_colors_info=\u00bb{}\u00bb][et_pb_column type=\u00bb4_4&#8243; _builder_version=\u00bb4.16&#8243; global_colors_info=\u00bb{}\u00bb][et_pb_text _builder_version=\u00bb4.21.0&#8243; link_option_url=\u00bbhttps:\/\/www.right2city.org\/news\/takeaways-from-the-high-level-meeting-on-the-five-years-of-implementation-of-the-new-urban-agenda\/\u00bb global_colors_info=\u00bb{}\u00bb]\n<p class=\"entry-title\" style=\"text-align: center;\"><span style=\"color: #004aad; font-size: 24pt;\"><strong>Sobre la Cumbre de los ODS<\/strong><\/span><\/p>\n[\/et_pb_text][\/et_pb_column][\/et_pb_row][et_pb_row admin_label=\u00bbMarket Information Title Area\u00bb module_id=\u00bbAbout-HML\u00bb _builder_version=\u00bb4.16&#8243; custom_padding=\u00bb40px|0px|40px|0px\u00bb global_colors_info=\u00bb{}\u00bb][et_pb_column type=\u00bb4_4&#8243; _builder_version=\u00bb4.16&#8243; custom_padding=\u00bb|||\u00bb global_colors_info=\u00bb{}\u00bb custom_padding__hover=\u00bb|||\u00bb][et_pb_image src=\u00bbhttps:\/\/www.right2city.org\/wp-content\/uploads\/2023\/09\/sdgsummitlogo.jpg\u00bb title_text=\u00bbsdgsummitlogo\u00bb _builder_version=\u00bb4.21.0&#8243; global_colors_info=\u00bb{}\u00bb][\/et_pb_image][et_pb_text admin_label=\u00bbText\u00bb _builder_version=\u00bb4.21.0&#8243; text_font=\u00bb||||||||\u00bb text_line_height=\u00bb1.8em\u00bb header_font=\u00bb||||||||\u00bb animation_direction=\u00bbleft\u00bb inline_fonts=\u00bbABeeZee\u00bb global_colors_info=\u00bb{}\u00bb]\n<p><span style=\"font-weight: 400;\">El Foro Pol\u00edtico de Alto Nivel (HLPF, por sus siglas en ingl\u00e9s) se organiza cada a\u00f1o en julio bajo los auspicios del <\/span><a href=\"https:\/\/www.un.org\/ecosoc\/es\/home\"><span style=\"font-weight: 400;\">Consejo Econ\u00f3mico y <\/span><\/a><a href=\"https:\/\/www.un.org\/ecosoc\/en\/home\"><span style=\"font-weight: 400;\">Social<\/span><\/a><span style=\"font-weight: 400;\">, reuniendo representantes de gobierno de alto nivel y actores interesados para revisar el progreso, examinar los obst\u00e1culos, intercambiar buenas pr\u00e1cticas, y recomendar nuevas accinoes para realizar la Agenda 2030 y los ODS. Los p\u00e1ises acordaron que cada cuatro a\u00f1os, el HLPF se reuna bajo los auspicios de la Asamblea General al nivel de jefes de Estado y Gobierno. (Resoluciones de la Asamblea General <\/span><a href=\"https:\/\/undocs.org\/en\/A\/RES\/67\/290\"><span style=\"font-weight: 400;\">67\/290<\/span><\/a><span style=\"font-weight: 400;\"> y <\/span><a href=\"https:\/\/undocs.org\/en\/A\/RES\/70\/299\"><span style=\"font-weight: 400;\">70\/299<\/span><\/a><span style=\"font-weight: 400;\">)<\/span><\/p>\n<p><span style=\"font-weight: 400;\">En septiembre 2023, es la segunda vez que se lleva a cabo la <\/span><a href=\"https:\/\/www.un.org\/en\/conferences\/SDGSummit2023\"><span style=\"font-weight: 400;\">Cumbre de los ODS.<\/span><\/a><span style=\"font-weight: 400;\"> Estar\u00e1 presidido por el Presidente de la Asamblea General. El resultado de la Cumbre ser\u00e1 una declaraci\u00f3n pol\u00edtica negociada.<\/span><\/p>\n<p><b>Fechas clave:<\/b><\/p>\n<ul>\n<li aria-level=\"1\"><a href=\"https:\/\/www.wwf.es\/nuestro_trabajo\/clima_y_energia\/?65181\/Descarbonizacion-Ya-Rapida-justa-y-definitiva-El-15-de-septiembre-nos-manifestamos-por-el-fin-de-los-combustibles-fosiles\">Marcha para acabar con los combustibles f\u00f3siles<\/a> &#8211; 17 de septiembre &#8211; 13h<\/li>\n<li aria-level=\"1\"><span style=\"font-weight: 400;\"><a href=\"https:\/\/hlpf.un.org\/sites\/default\/files\/2023-07\/SDG%20Summit%20Programme.pdf?_gl=1*1xapoob*_ga*OTMwODg1NTY3LjE2ODg0ODc3MzQ.*_ga_TK9BQL5X7Z*MTY5MjY5NzI2Ny40OC4xLjE2OTI2OTc1MDMuMC4wLjA.\">Cumbre<\/a> &#8211; 18 y 19 septiembre<\/span><\/li>\n<\/ul>\n<ul>\n<li aria-level=\"1\"><a href=\"https:\/\/www.un.org\/en\/conferences\/SDGSummit2023\/SDG-Action-Weekend\"><span style=\"font-weight: 400;\">Fin de semana de acci\u00f3n sobre los ODS<\/span><\/a><span style=\"font-weight: 400;\">\u00a0&#8211; 16-17 septiembre<\/span><\/li>\n<\/ul>\n<ul>\n<li style=\"font-weight: 400;\" aria-level=\"1\"><a href=\"https:\/\/www.climateweeknyc.org\/\"><span style=\"font-weight: 400;\">Semana del Clima en NY<\/span><\/a><span style=\"font-weight: 400;\">\u00a0 &#8211; 17-24 septiembre<\/span><\/li>\n<li style=\"font-weight: 400;\" aria-level=\"1\"><a href=\"https:\/\/www.peoplesassembly.global\/en\/\"><span style=\"font-weight: 400;\">Asamblea Global de la Gente<\/span><\/a><span style=\"font-weight: 400;\">\u00a0&#8211; 17-18 septiembre<\/span><\/li>\n<li style=\"font-weight: 400;\" aria-level=\"1\"><a href=\"https:\/\/www.un.org\/en\/climatechange\/climate-ambition-summit\"><span style=\"font-weight: 400;\">Cumbre\u00a0sobre la Ambici\u00f3n Clim\u00e1tica (UN<\/span><\/a><span style=\"font-weight: 400;\">) &#8211; 20 septiembre<\/span><\/li>\n<\/ul>\n<p><span style=\"font-weight: 400;\">M\u00e1s informaci\u00f3n y otros documentos, como las resoluciones presentadas por los Estados puede encontrarse en <\/span><a href=\"https:\/\/www.un.org\/en\/conferences\/SDGSummit2023\">la p\u00e1gina oficial de la Cumbre de los ODS.<\/a><\/p>\n<p>&nbsp;<\/p>\n<p>&nbsp;<\/p>\n<p>&nbsp;<\/p>\n[\/et_pb_text][\/et_pb_column][\/et_pb_row][\/et_pb_section][et_pb_section fb_built=\u00bb1&#8243; _builder_version=\u00bb4.16&#8243; global_colors_info=\u00bb{}\u00bb][et_pb_row _builder_version=\u00bb4.16&#8243; global_colors_info=\u00bb{}\u00bb][et_pb_column type=\u00bb4_4&#8243; _builder_version=\u00bb4.16&#8243; global_colors_info=\u00bb{}\u00bb][\/et_pb_column][\/et_pb_row][\/et_pb_section]\n","protected":false},"excerpt":{"rendered":"<p>Los miembros y aliados de la Plataforma Global por el Derecho a la Ciudad (PGDC) estar\u00e1n en Nueva York para participar activamente en la Cumbre de ODS\u00a0 ( 18 a 19 septiembre 2023), para instar a los Estados Miembro y las Agencias de las Naciones Unidas a comprometerse con acciones concretas guiadas por un enfoque [&hellip;]<\/p>\n","protected":false},"author":4,"featured_media":68848,"comment_status":"closed","ping_status":"closed","sticky":false,"template":"","format":"standard","meta":{"_acf_changed":false,"_et_pb_use_builder":"on","_et_pb_old_content":"","_et_gb_content_width":"","cybocfi_hide_featured_image":"yes","footnotes":""},"categories":[137,98],"tags":[],"themes":[],"agendas_globales":[1054,256],"class_list":["post-68823","post","type-post","status-publish","format-standard","has-post-thumbnail","hentry","category-campaigns","category-sin-categorizar","agendas_globales-cumbre-de-los-ods","agendas_globales-hlpf-sdgs-es"],"acf":[],"yoast_head":"<!-- This site is optimized with the Yoast SEO plugin v27.5 - https:\/\/yoast.com\/product\/yoast-seo-wordpress\/ -->\n<title>La PGDC en la Cumbre de los ODS 2023 - Right to the city<\/title>\n<meta name=\"robots\" content=\"index, follow, max-snippet:-1, max-image-preview:large, max-video-preview:-1\" \/>\n<link rel=\"canonical\" href=\"https:\/\/www.right2city.org\/es\/the-gpr2c-at-the-sdg-summit-2023\/\" \/>\n<meta property=\"og:locale\" content=\"es_ES\" \/>\n<meta property=\"og:type\" content=\"article\" \/>\n<meta property=\"og:title\" content=\"La PGDC en la Cumbre de los ODS 2023 - Right to the city\" \/>\n<meta property=\"og:description\" content=\"Los miembros y aliados de la Plataforma Global por el Derecho a la Ciudad (PGDC) estar\u00e1n en Nueva York para participar activamente en la Cumbre de ODS\u00a0 ( 18 a 19 septiembre 2023), para instar a los Estados Miembro y las Agencias de las Naciones Unidas a comprometerse con acciones concretas guiadas por un enfoque [&hellip;]\" \/>\n<meta property=\"og:url\" content=\"https:\/\/www.right2city.org\/es\/the-gpr2c-at-the-sdg-summit-2023\/\" \/>\n<meta property=\"og:site_name\" content=\"Right to the city\" \/>\n<meta property=\"article:published_time\" content=\"2023-09-12T07:43:40+00:00\" \/>\n<meta property=\"article:modified_time\" content=\"2023-09-18T11:59:16+00:00\" \/>\n<meta property=\"og:image\" content=\"https:\/\/www.right2city.org\/wp-content\/uploads\/2023\/09\/un7951473web-1.jpg\" \/>\n\t<meta property=\"og:image:width\" content=\"1300\" \/>\n\t<meta property=\"og:image:height\" content=\"629\" \/>\n\t<meta property=\"og:image:type\" content=\"image\/jpeg\" \/>\n<meta name=\"author\" content=\"Isabel\" \/>\n<meta name=\"twitter:card\" content=\"summary_large_image\" \/>\n<meta name=\"twitter:label1\" content=\"Escrito por\" \/>\n\t<meta name=\"twitter:data1\" content=\"Isabel\" \/>\n\t<meta name=\"twitter:label2\" content=\"Tiempo de lectura\" \/>\n\t<meta name=\"twitter:data2\" content=\"11 minutos\" \/>\n<script type=\"application\/ld+json\" class=\"yoast-schema-graph\">{\"@context\":\"https:\\\/\\\/schema.org\",\"@graph\":[{\"@type\":\"Article\",\"@id\":\"https:\\\/\\\/www.right2city.org\\\/es\\\/the-gpr2c-at-the-sdg-summit-2023\\\/#article\",\"isPartOf\":{\"@id\":\"https:\\\/\\\/www.right2city.org\\\/es\\\/the-gpr2c-at-the-sdg-summit-2023\\\/\"},\"author\":{\"name\":\"Isabel\",\"@id\":\"https:\\\/\\\/www.right2city.org\\\/es\\\/#\\\/schema\\\/person\\\/ca06ee30b7a0bc74f0b5c66a6e1c1a62\"},\"headline\":\"La PGDC en la Cumbre de los ODS 2023\",\"datePublished\":\"2023-09-12T07:43:40+00:00\",\"dateModified\":\"2023-09-18T11:59:16+00:00\",\"mainEntityOfPage\":{\"@id\":\"https:\\\/\\\/www.right2city.org\\\/es\\\/the-gpr2c-at-the-sdg-summit-2023\\\/\"},\"wordCount\":3317,\"image\":{\"@id\":\"https:\\\/\\\/www.right2city.org\\\/es\\\/the-gpr2c-at-the-sdg-summit-2023\\\/#primaryimage\"},\"thumbnailUrl\":\"https:\\\/\\\/www.right2city.org\\\/wp-content\\\/uploads\\\/2023\\\/09\\\/un7951473web-1.jpg\",\"articleSection\":[\"Campa\u00f1as\",\"General\"],\"inLanguage\":\"es\"},{\"@type\":\"WebPage\",\"@id\":\"https:\\\/\\\/www.right2city.org\\\/es\\\/the-gpr2c-at-the-sdg-summit-2023\\\/\",\"url\":\"https:\\\/\\\/www.right2city.org\\\/es\\\/the-gpr2c-at-the-sdg-summit-2023\\\/\",\"name\":\"La PGDC en la Cumbre de los ODS 2023 - Right to the city\",\"isPartOf\":{\"@id\":\"https:\\\/\\\/www.right2city.org\\\/es\\\/#website\"},\"primaryImageOfPage\":{\"@id\":\"https:\\\/\\\/www.right2city.org\\\/es\\\/the-gpr2c-at-the-sdg-summit-2023\\\/#primaryimage\"},\"image\":{\"@id\":\"https:\\\/\\\/www.right2city.org\\\/es\\\/the-gpr2c-at-the-sdg-summit-2023\\\/#primaryimage\"},\"thumbnailUrl\":\"https:\\\/\\\/www.right2city.org\\\/wp-content\\\/uploads\\\/2023\\\/09\\\/un7951473web-1.jpg\",\"datePublished\":\"2023-09-12T07:43:40+00:00\",\"dateModified\":\"2023-09-18T11:59:16+00:00\",\"author\":{\"@id\":\"https:\\\/\\\/www.right2city.org\\\/es\\\/#\\\/schema\\\/person\\\/ca06ee30b7a0bc74f0b5c66a6e1c1a62\"},\"breadcrumb\":{\"@id\":\"https:\\\/\\\/www.right2city.org\\\/es\\\/the-gpr2c-at-the-sdg-summit-2023\\\/#breadcrumb\"},\"inLanguage\":\"es\",\"potentialAction\":[{\"@type\":\"ReadAction\",\"target\":[\"https:\\\/\\\/www.right2city.org\\\/es\\\/the-gpr2c-at-the-sdg-summit-2023\\\/\"]}]},{\"@type\":\"BreadcrumbList\",\"@id\":\"https:\\\/\\\/www.right2city.org\\\/es\\\/the-gpr2c-at-the-sdg-summit-2023\\\/#breadcrumb\",\"itemListElement\":[{\"@type\":\"ListItem\",\"position\":1,\"name\":\"Home\",\"item\":\"https:\\\/\\\/www.right2city.org\\\/es\\\/\"},{\"@type\":\"ListItem\",\"position\":2,\"name\":\"Campa\u00f1as\",\"item\":\"https:\\\/\\\/www.right2city.org\\\/es\\\/category\\\/campaigns\\\/\"},{\"@type\":\"ListItem\",\"position\":3,\"name\":\"La PGDC en la Cumbre de los ODS 2023\"}]},{\"@type\":\"WebSite\",\"@id\":\"https:\\\/\\\/www.right2city.org\\\/es\\\/#website\",\"url\":\"https:\\\/\\\/www.right2city.org\\\/es\\\/\",\"name\":\"Right to the city\",\"description\":\"Global Platform for the Right to the City\",\"potentialAction\":[{\"@type\":\"SearchAction\",\"target\":{\"@type\":\"EntryPoint\",\"urlTemplate\":\"https:\\\/\\\/www.right2city.org\\\/es\\\/?s={search_term_string}\"},\"query-input\":{\"@type\":\"PropertyValueSpecification\",\"valueRequired\":true,\"valueName\":\"search_term_string\"}}],\"inLanguage\":\"es\"},{\"@type\":\"Person\",\"@id\":\"https:\\\/\\\/www.right2city.org\\\/es\\\/#\\\/schema\\\/person\\\/ca06ee30b7a0bc74f0b5c66a6e1c1a62\",\"name\":\"Isabel\",\"image\":{\"@type\":\"ImageObject\",\"inLanguage\":\"es\",\"@id\":\"https:\\\/\\\/secure.gravatar.com\\\/avatar\\\/65592f2710b6683f3e86280c6039713b6fd75859d29253aed30fb3fc82036e4b?s=96&d=mm&r=g\",\"url\":\"https:\\\/\\\/secure.gravatar.com\\\/avatar\\\/65592f2710b6683f3e86280c6039713b6fd75859d29253aed30fb3fc82036e4b?s=96&d=mm&r=g\",\"contentUrl\":\"https:\\\/\\\/secure.gravatar.com\\\/avatar\\\/65592f2710b6683f3e86280c6039713b6fd75859d29253aed30fb3fc82036e4b?s=96&d=mm&r=g\",\"caption\":\"Isabel\"},\"url\":\"https:\\\/\\\/www.right2city.org\\\/es\\\/author\\\/isabel-hic\\\/\"}]}<\/script>\n<!-- \/ Yoast SEO plugin. -->","yoast_head_json":{"title":"La PGDC en la Cumbre de los ODS 2023 - Right to the city","robots":{"index":"index","follow":"follow","max-snippet":"max-snippet:-1","max-image-preview":"max-image-preview:large","max-video-preview":"max-video-preview:-1"},"canonical":"https:\/\/www.right2city.org\/es\/the-gpr2c-at-the-sdg-summit-2023\/","og_locale":"es_ES","og_type":"article","og_title":"La PGDC en la Cumbre de los ODS 2023 - Right to the city","og_description":"Los miembros y aliados de la Plataforma Global por el Derecho a la Ciudad (PGDC) estar\u00e1n en Nueva York para participar activamente en la Cumbre de ODS\u00a0 ( 18 a 19 septiembre 2023), para instar a los Estados Miembro y las Agencias de las Naciones Unidas a comprometerse con acciones concretas guiadas por un enfoque [&hellip;]","og_url":"https:\/\/www.right2city.org\/es\/the-gpr2c-at-the-sdg-summit-2023\/","og_site_name":"Right to the city","article_published_time":"2023-09-12T07:43:40+00:00","article_modified_time":"2023-09-18T11:59:16+00:00","og_image":[{"width":1300,"height":629,"url":"https:\/\/www.right2city.org\/wp-content\/uploads\/2023\/09\/un7951473web-1.jpg","type":"image\/jpeg"}],"author":"Isabel","twitter_card":"summary_large_image","twitter_misc":{"Escrito por":"Isabel","Tiempo de lectura":"11 minutos"},"schema":{"@context":"https:\/\/schema.org","@graph":[{"@type":"Article","@id":"https:\/\/www.right2city.org\/es\/the-gpr2c-at-the-sdg-summit-2023\/#article","isPartOf":{"@id":"https:\/\/www.right2city.org\/es\/the-gpr2c-at-the-sdg-summit-2023\/"},"author":{"name":"Isabel","@id":"https:\/\/www.right2city.org\/es\/#\/schema\/person\/ca06ee30b7a0bc74f0b5c66a6e1c1a62"},"headline":"La PGDC en la Cumbre de los ODS 2023","datePublished":"2023-09-12T07:43:40+00:00","dateModified":"2023-09-18T11:59:16+00:00","mainEntityOfPage":{"@id":"https:\/\/www.right2city.org\/es\/the-gpr2c-at-the-sdg-summit-2023\/"},"wordCount":3317,"image":{"@id":"https:\/\/www.right2city.org\/es\/the-gpr2c-at-the-sdg-summit-2023\/#primaryimage"},"thumbnailUrl":"https:\/\/www.right2city.org\/wp-content\/uploads\/2023\/09\/un7951473web-1.jpg","articleSection":["Campa\u00f1as","General"],"inLanguage":"es"},{"@type":"WebPage","@id":"https:\/\/www.right2city.org\/es\/the-gpr2c-at-the-sdg-summit-2023\/","url":"https:\/\/www.right2city.org\/es\/the-gpr2c-at-the-sdg-summit-2023\/","name":"La PGDC en la Cumbre de los ODS 2023 - Right to the city","isPartOf":{"@id":"https:\/\/www.right2city.org\/es\/#website"},"primaryImageOfPage":{"@id":"https:\/\/www.right2city.org\/es\/the-gpr2c-at-the-sdg-summit-2023\/#primaryimage"},"image":{"@id":"https:\/\/www.right2city.org\/es\/the-gpr2c-at-the-sdg-summit-2023\/#primaryimage"},"thumbnailUrl":"https:\/\/www.right2city.org\/wp-content\/uploads\/2023\/09\/un7951473web-1.jpg","datePublished":"2023-09-12T07:43:40+00:00","dateModified":"2023-09-18T11:59:16+00:00","author":{"@id":"https:\/\/www.right2city.org\/es\/#\/schema\/person\/ca06ee30b7a0bc74f0b5c66a6e1c1a62"},"breadcrumb":{"@id":"https:\/\/www.right2city.org\/es\/the-gpr2c-at-the-sdg-summit-2023\/#breadcrumb"},"inLanguage":"es","potentialAction":[{"@type":"ReadAction","target":["https:\/\/www.right2city.org\/es\/the-gpr2c-at-the-sdg-summit-2023\/"]}]},{"@type":"BreadcrumbList","@id":"https:\/\/www.right2city.org\/es\/the-gpr2c-at-the-sdg-summit-2023\/#breadcrumb","itemListElement":[{"@type":"ListItem","position":1,"name":"Home","item":"https:\/\/www.right2city.org\/es\/"},{"@type":"ListItem","position":2,"name":"Campa\u00f1as","item":"https:\/\/www.right2city.org\/es\/category\/campaigns\/"},{"@type":"ListItem","position":3,"name":"La PGDC en la Cumbre de los ODS 2023"}]},{"@type":"WebSite","@id":"https:\/\/www.right2city.org\/es\/#website","url":"https:\/\/www.right2city.org\/es\/","name":"Right to the city","description":"Global Platform for the Right to the City","potentialAction":[{"@type":"SearchAction","target":{"@type":"EntryPoint","urlTemplate":"https:\/\/www.right2city.org\/es\/?s={search_term_string}"},"query-input":{"@type":"PropertyValueSpecification","valueRequired":true,"valueName":"search_term_string"}}],"inLanguage":"es"},{"@type":"Person","@id":"https:\/\/www.right2city.org\/es\/#\/schema\/person\/ca06ee30b7a0bc74f0b5c66a6e1c1a62","name":"Isabel","image":{"@type":"ImageObject","inLanguage":"es","@id":"https:\/\/secure.gravatar.com\/avatar\/65592f2710b6683f3e86280c6039713b6fd75859d29253aed30fb3fc82036e4b?s=96&d=mm&r=g","url":"https:\/\/secure.gravatar.com\/avatar\/65592f2710b6683f3e86280c6039713b6fd75859d29253aed30fb3fc82036e4b?s=96&d=mm&r=g","contentUrl":"https:\/\/secure.gravatar.com\/avatar\/65592f2710b6683f3e86280c6039713b6fd75859d29253aed30fb3fc82036e4b?s=96&d=mm&r=g","caption":"Isabel"},"url":"https:\/\/www.right2city.org\/es\/author\/isabel-hic\/"}]}},"_links":{"self":[{"href":"https:\/\/www.right2city.org\/es\/wp-json\/wp\/v2\/posts\/68823","targetHints":{"allow":["GET"]}}],"collection":[{"href":"https:\/\/www.right2city.org\/es\/wp-json\/wp\/v2\/posts"}],"about":[{"href":"https:\/\/www.right2city.org\/es\/wp-json\/wp\/v2\/types\/post"}],"author":[{"embeddable":true,"href":"https:\/\/www.right2city.org\/es\/wp-json\/wp\/v2\/users\/4"}],"replies":[{"embeddable":true,"href":"https:\/\/www.right2city.org\/es\/wp-json\/wp\/v2\/comments?post=68823"}],"version-history":[{"count":10,"href":"https:\/\/www.right2city.org\/es\/wp-json\/wp\/v2\/posts\/68823\/revisions"}],"predecessor-version":[{"id":68925,"href":"https:\/\/www.right2city.org\/es\/wp-json\/wp\/v2\/posts\/68823\/revisions\/68925"}],"wp:featuredmedia":[{"embeddable":true,"href":"https:\/\/www.right2city.org\/es\/wp-json\/wp\/v2\/media\/68848"}],"wp:attachment":[{"href":"https:\/\/www.right2city.org\/es\/wp-json\/wp\/v2\/media?parent=68823"}],"wp:term":[{"taxonomy":"category","embeddable":true,"href":"https:\/\/www.right2city.org\/es\/wp-json\/wp\/v2\/categories?post=68823"},{"taxonomy":"post_tag","embeddable":true,"href":"https:\/\/www.right2city.org\/es\/wp-json\/wp\/v2\/tags?post=68823"},{"taxonomy":"themes","embeddable":true,"href":"https:\/\/www.right2city.org\/es\/wp-json\/wp\/v2\/themes?post=68823"},{"taxonomy":"agendas_globales","embeddable":true,"href":"https:\/\/www.right2city.org\/es\/wp-json\/wp\/v2\/agendas_globales?post=68823"}],"curies":[{"name":"wp","href":"https:\/\/api.w.org\/{rel}","templated":true}]}}