{"id":52992,"date":"2014-12-19T15:26:13","date_gmt":"2014-12-19T13:26:13","guid":{"rendered":"https:\/\/www.right2city.org\/news\/comunicado-encontro-internacional-sobre-o-direito-a-cidade\/"},"modified":"2020-03-18T13:42:00","modified_gmt":"2020-03-18T11:42:00","slug":"comunicado-encontro-internacional-sobre-o-direito-a-cidade","status":"publish","type":"news","link":"https:\/\/www.right2city.org\/fr\/news\/comunicado-encontro-internacional-sobre-o-direito-a-cidade\/","title":{"rendered":"Comunicado Encontro Internacional sobre o Direito \u00e0 Cidade"},"content":{"rendered":"<p style=\"text-align: center;\"><a href=\"https:\/\/www.right2city.org\/wp-content\/uploads\/2020\/01\/Logo-600h.png\"><img loading=\"lazy\" decoding=\"async\" class=\"alignnone size-full wp-image-1036\" alt=\"Logo 600h\" src=\"https:\/\/www.right2city.org\/wp-content\/uploads\/2020\/01\/Logo-600h.png\" width=\"600\" height=\"174\" \/><\/a><\/p>\n<p style=\"text-align: center; font-size: 14pt;\" align=\"center\"><b>Comunicado Resultados do Encontro Internacional do Direito \u00e0 Cidade<\/b><\/p>\n<p style=\"text-align: center;\" align=\"center\">S\u00e3o Paulo 12-14 de Novembro de 2014<\/p>\n<p style=\"text-align: justify;\">O<i> <\/i><b>Encontro Internacional sobre Direito \u00e0 Cidade<\/b> (<a href=\"http:\/\/www.righttothecityplatform.org.br\/\">www.righttothecityplatform.org.br<\/a>), realizado nos dias 12, 13 e 14 de Novembro de 2014, contou com a presen\u00e7a de 158 participantes de pa\u00edses da Am\u00e9rica Latina, \u00c1frica, \u00c1sia e Europa representando organiza\u00e7\u00f5es n\u00e3o-governamentais, redes e f\u00f3runs, institui\u00e7\u00f5es acad\u00eamicas, setor p\u00fablico, movimentos populares, funda\u00e7\u00f5es e organiza\u00e7\u00f5es internacionais, somando 104 institui\u00e7\u00f5es de car\u00e1ter internacional, regional, nacional e local.<\/p>\n<div style=\"border: 3px solid grey; padding: 12px 12px 0px 12px; margin: 10px 0px 10px 0px; -webkit-border-radius: 10px;\">\n<p style=\"text-align: justify;\">A iniciativa da Plataforma Global do Direito \u00e0 Cidade foi discutida anteriormente no <b>Workshop Internacional \u201cAvan\u00e7ando na Implementa\u00e7\u00e3o do direito \u00e0 cidade na Am\u00e9rica Latina e no Plano Internacional\u201d<\/b>, realizado na Cidade do M\u00e9xico (17-18 de outubro de 2013), e que teve por objetivo avaliar os resultados parciais da pesquisa internacional sobre a implementa\u00e7\u00e3o desse direito em pa\u00edses e cidades da Am\u00e9rica Latina (Brasil, Col\u00f4mbia; S\u00e3o Paulo e Bogot\u00e1) da Europa (It\u00e1lia e Espanha; Londres, Hamburgo e Istambul) e da \u00c1frica (\u00c1frica do Sul, Qu\u00eania; Jerusal\u00e9m e Cairo. Um pouco mais tarde, como parte desse processo, foram organizadas reuni\u00f5es durante o VII F\u00f3rum Mundial Urbano, realizado em abril, em Medell\u00edn, na Col\u00f4mbia, para discutir a proposta da Plataforma Global e atividades de capacita\u00e7\u00e3o sobre formas de implementa\u00e7\u00e3o do direito \u00e0 cidade.<\/p>\n<\/div>\n<p style=\"text-align: justify;\">O Encontro fomentou a constru\u00e7\u00e3o de uma <b>Plataforma Global do Direito \u00e0 Cidade<\/b>, contendo princ\u00edpios, conceitos, temas, compromissos, metas e planos de a\u00e7\u00e3o para a constru\u00e7\u00e3o de cidades justas, democr\u00e1ticas e sustent\u00e1veis. Dentre as tem\u00e1ticas tratadas destacam-se: as perspectivas de implementa\u00e7\u00e3o do direito \u00e0 cidade, a seguran\u00e7a das mulheres nas cidades, os atuais conflitos urbanos bem como os temas contidos no balan\u00e7o realizado da pesquisa internacional sobre formas de implementa\u00e7\u00e3o do direito \u00e0 cidade em cidades de diversas regi\u00f5es do mundo.<\/p>\n<p style=\"text-align: justify;\">O Encontro Internacional promoveu, atrav\u00e9s de oficinas e pain\u00e9is, o debate em torno dos <b>Eixos Tem\u00e1ticos Estruturantes<\/b> da Plataforma Global, a saber: I. Direitos Humanos nas Cidades; II. Governan\u00e7a Democr\u00e1tica e Participativa das Cidades; III. Urbaniza\u00e7\u00e3o e Uso Sustent\u00e1vel do Territ\u00f3rio e Inclus\u00e3o Social; IV. Desenvolvimento Econ\u00f4mico e Inclus\u00e3o Social nas Cidades.<\/p>\n<p style=\"text-align: justify;\">O Encontro Internacional serviu tamb\u00e9m para estruturar as <b>linhas gerais do Plano de A\u00e7\u00e3o<\/b> da Plataforma Global que cont\u00e9m os seguintes componentes: I. Formas de Incid\u00eancia da Plataforma Global do Direito \u00e0 Cidade; II. Pesquisa e Forma\u00e7\u00e3o sobre o Direito \u00e0 Cidade; III. Comunica\u00e7\u00e3o, Sensibiliza\u00e7\u00e3o e Dimens\u00e3o Cultural da Plataforma Global do Direito \u00e0 Cidade; IV. Articula\u00e7\u00e3o e Alian\u00e7as da Plataforma Global do Direito \u00e0 Cidade. Para a elabora\u00e7\u00e3o desse Plano de A\u00e7\u00e3o foram constitu\u00eddos Grupos de Trabalhos para cada um dos quatros componentes acima. A participa\u00e7\u00e3o nestes grupos \u00e9 aberta a institui\u00e7\u00f5es, organiza\u00e7\u00f5es, f\u00f3runs e redes que estejam interessados em juntar-se e colaborar com o desenvolvimento da Plataforma Global do Direito \u00e0 Cidade.<\/p>\n<div style=\"border: 3px solid grey; padding: 12px 12px 0px 12px; margin: 10px 0px; text-align: center; -webkit-border-radius: 10px;\">\n<p style=\"text-align: justify;\" align=\"center\">No encerramento do Encontro, foi aprovada a <b>Declara\u00e7\u00e3o de Solidariedade ao Abahlali baseMjondolo<\/b> expressando profunda preocupa\u00e7\u00e3o com os atos recorrentes de intimida\u00e7\u00e3o, amea\u00e7as, pris\u00f5es arbitr\u00e1rias, assassinatos e outros atos de viol\u00eancia perpetrados contra Abahlali baseMjondolo, organiza\u00e7\u00e3o de moradores de favelas na \u00c1frica do Sul que trabalham para avan\u00e7ar na luta pelo direito das pessoas \u00e0 moradia digna, direito \u00e0 cidade e pela constru\u00e7\u00e3o de uma sociedade baseada no respeito, igualdade, justi\u00e7a e dignidade humana para todos e todas.<\/p>\n<p align=\"center\"><a href=\"https:\/\/www.right2city.org\/wp-content\/uploads\/2020\/01\/Foto-comunicado.jpg\"><img loading=\"lazy\" decoding=\"async\" class=\"size-large wp-image-1038\" alt=\"Foto comunicado\" src=\"https:\/\/www.right2city.org\/wp-content\/uploads\/2020\/01\/Foto-comunicado.jpg\" width=\"604\" height=\"402\" \/><\/a><\/p>\n<\/div>\n<p style=\"text-align: justify;\">Cabe destacar a contribui\u00e7\u00e3o das organiza\u00e7\u00f5es proponentes na elabora\u00e7\u00e3o dos documentos e na coordena\u00e7\u00e3o das atividades do encontro que propiciaram espa\u00e7os de di\u00e1logos entre todos os participantes do encontro para a constru\u00e7\u00e3o da Plataforma Global do Direito \u00e0 Cidade.<\/p>\n<p style=\"text-align: justify;\">O Encontro Internacional foi um espa\u00e7o e momento estrat\u00e9gico para a constru\u00e7\u00e3o da Plataforma Global do Direito \u00e0 Cidade e de um movimento internacional pelo direito \u00e0 cidade, bem como para contribuir para a ado\u00e7\u00e3o de compromissos, pol\u00edticas p\u00fablicas, projetos e a\u00e7\u00f5es voltadas ao desenvolvimento de cidades justas, democr\u00e1ticas, sustent\u00e1veis e inclusivas pelas inst\u00e2ncias das Na\u00e7\u00f5es Unidas e pelos governos nacionais e locais.<\/p>\n<p style=\"text-align: justify;\">Nesse sentido, a constru\u00e7\u00e3o de uma Plataforma Global do Direito \u00e0 Cidade<i> <\/i>neste momento \u00e9 de extrema import\u00e2ncia para o fortalecimento de lutas sociais urbanas locais e nacionais e para a articula\u00e7\u00e3o e mobiliza\u00e7\u00e3o internacional, para incidir em especial nos processos de defini\u00e7\u00e3o da Agenda de Desenvolvimento\/Objetivos de Desenvolvimento Sustent\u00e1vel P\u00f3s-2015 assim como a Confer\u00eancia das Na\u00e7\u00f5es Unidas sobre Assentamentos Humanos (Habitat III), em 2016 e os F\u00f3runs Sociais Mundiais e F\u00f3runs Urbanos Sociais Mundiais, de 2017.<\/p>\n<p style=\"text-align: justify;\">H\u00e1 muitos desafios a serem enfrentados na obten\u00e7\u00e3o de avan\u00e7os nos pr\u00f3ximos anos para a constru\u00e7\u00e3o de cidades justas, democr\u00e1ticas, sustent\u00e1veis e inclusivas, tendo como refer\u00eancia uma Plataforma Global do Direito \u00e0 Cidade.<\/p>\n<div style=\"border: 3px solid grey; padding: 2px 2px 2px 2px; margin: 10px 0px 25px 0px; text-align: center; -webkit-border-radius: 10px;\"><strong>Pr\u00f3ximos Passos<\/strong><\/div>\n<p style=\"text-align: justify;\"><b style=\"line-height: 1.5;\">1. Ades\u00e3o a Plataforma Global do Direito \u00e0 Cidades<\/b><\/p>\n<p style=\"text-align: justify;\">At\u00e9 o in\u00edcio do ano de 2015, teremos uma Carta de Princ\u00edpios sobre a Plataforma Global do Direito \u00e0 Cidade para fins de ades\u00e3o de institui\u00e7\u00f5es, organiza\u00e7\u00f5es, f\u00f3runs e redes com os objetivos dessa Plataforma. Esta Carta ser\u00e1 enviada para todos os participantes do encontro e suas redes de contatos e estar\u00e1 dispon\u00edvel no site da Plataforma (<a href=\"http:\/\/www.righttothecityplatform.org.br\/\">www.righttothecityplatform.org.br<\/a>).<\/p>\n<p style=\"text-align: justify;\"><b>2. <\/b><b>Espa\u00e7os de Constru\u00e7\u00e3o da Plataforma Global do Direito \u00e0 Cidade<\/b><\/p>\n<p style=\"text-align: justify;\">A continuidade do processo de discuss\u00e3o sobre a elabora\u00e7\u00e3o da Plataforma Global do Direito \u00e0 Cidade ser\u00e1 feita com base no documento revisado do Encontro Internacional sobre os Eixos Tem\u00e1ticos Estruturantes da Plataforma Global e ter\u00e1 como espa\u00e7os internacionais estrat\u00e9gicos no primeiro semestre de 2015 o F\u00f3rum Social Mundial em Tunis (24-28 de mar\u00e7o) e a Segunda Reuni\u00e3o Preparat\u00f3ria do Habitat III (PrepCom) em Nairobi, Qu\u00eania (14-16 de abril).<\/p>\n<p style=\"text-align: justify;\">Ao mesmo tempo, ser\u00e1 essencial para a constru\u00e7\u00e3o e divulga\u00e7\u00e3o da iniciativa da Plataforma Global a realiza\u00e7\u00e3o de reuni\u00f5es regionais e nacionais que contribuam para fortalecer os movimentos, f\u00f3runs e redes que estejam promovendo a\u00e7\u00f5es locais e nacionais relacionadas ao direito \u00e0 cidade, como o II F\u00f3rum Latino-americano e do Caribe sobre moradia adequada e cidade em Monterrey, M\u00e9xico (5-8 de maio) e o VI F\u00f3rum Mundial de Cidades pelos Direitos Humanos em Gwangju, Cor\u00e9ia do Sul (14- 18 de maio).<\/p>\n<p style=\"text-align: justify;\"><b>3. <\/b><b>Da forma de Participa\u00e7\u00e3o da Plataforma Global do Direito \u00e0 Cidade<\/b><\/p>\n<p style=\"text-align: justify;\">A participa\u00e7\u00e3o pode ser concretizada por meio de participa\u00e7\u00e3o nos grupos de trabalho j\u00e1 mencionados para o desenvolvimento e implementa\u00e7\u00e3o do Plano de A\u00e7\u00e3o, desenvolvido durante o Encontro Internacional, pelas institui\u00e7\u00f5es e organiza\u00e7\u00f5es que estejam interessados em aderir e contribuir.<\/p>\n<p style=\"text-align: justify;\">Tamb\u00e9m se promover\u00e1 a organiza\u00e7\u00e3o de f\u00f3runs ou grupos regionais da Plataforma Global (\u00c1frica, \u00c1sia, Europa, Am\u00e9rica Latina e Am\u00e9rica do Norte) formado por institui\u00e7\u00f5es e organiza\u00e7\u00f5es em cada uma destas regi\u00f5es que tenham interesse em participar e realizar a\u00e7\u00f5es conjuntas. Ao mesmo tempo, poder\u00e3o ser organizados f\u00f3runs ou grupos nacionais da Plataforma Global semelhante ao F\u00f3rum Nacional de Reforma Urbana existente no Brasil.<\/p>\n<p style=\"text-align: justify;\">A Plataforma Global do Direito \u00e0 Cidade ter\u00e1 uma coordena\u00e7\u00e3o global composta por organiza\u00e7\u00f5es e redes internacionais que manifestaram o seu interesse e compromisso para assumir tal responsabilidade e lideran\u00e7a. Considera-se como n\u00facleo embrion\u00e1rio da coordena\u00e7\u00e3o da Plataforma as organiza\u00e7\u00f5es internacionais que co-organizaram o Encontro Internacional.<\/p>\n<p style=\"text-align: justify;\"><b>4. <\/b><b>Da publica\u00e7\u00e3o e divulga\u00e7\u00e3o dos Resultados do Encontro Internacional do Direito \u00e0 Cidade<\/b><\/p>\n<p style=\"text-align: justify;\">A equipe organizadora do encontro (Instituto P\u00f3lis , Instituto Brasileiro de Direito Urban\u00edstico e Habitat International Coalition) s\u00e3o respons\u00e1veis pela elabora\u00e7\u00e3o e divulga\u00e7\u00e3o dos documentos resultantes do Encontro Internacional do Direito \u00e0 Cidade, at\u00e9 o final de janeiro de 2015, que ser\u00e3o enviados para todos os participantes e estar\u00e3o dispon\u00edveis no site da plataforma (<a href=\"http:\/\/www.righttothecityplatform.org.br\/\">www.righttothecityplatform.org.br<\/a>):<\/p>\n<p style=\"text-align: justify;\">&#8211; Carta de Princ\u00edpios de Ades\u00e3o a Plataforma Global do Direito \u00e0 Cidade;<\/p>\n<p style=\"text-align: justify;\">&#8211; Eixos Tem\u00e1ticos Estruturadores da Plataforma Global do Direito \u00e0 Cidade;<\/p>\n<p style=\"text-align: justify;\">&#8211; Plano de A\u00e7\u00e3o &#8211; Organiza\u00e7\u00e3o e Mobiliza\u00e7\u00e3o da Plataforma Global do Direito \u00e0 Cidade;<\/p>\n<p style=\"text-align: justify;\">&#8211; Anais do Encontro Internacional do Direito \u00e0 Cidade;<\/p>\n<p style=\"text-align: justify;\">&#8211; Grava\u00e7\u00f5es das sess\u00f5es do encontro que foram transmitidas online e que ser\u00e3o inclu\u00eddas no site da Plataforma e no you tube;<\/p>\n<p style=\"text-align: justify;\">&#8211; Lista dos Participantes e um Balan\u00e7o sobre o perfil dos participantes do Encontro<\/p>\n<p style=\"text-align: justify;\">&#8211; Lista dos contatos para ades\u00e3o e participa\u00e7\u00e3o da Plataforma Global do Direito \u00e0 cidade.<\/p>\n<p style=\"text-align: center;\" align=\"center\">A cidade \u00e9 um direito e n\u00e3o uma mercadoria!<\/p>\n<p align=\"center\">\u00a0<a href=\"https:\/\/www.right2city.org\/wp-content\/uploads\/2020\/01\/Logo-Simples-EIDC-e1420739830344.png\"><img loading=\"lazy\" decoding=\"async\" class=\"alignnone size-full wp-image-1033 aligncenter\" alt=\"Logo Simples EIDC\" src=\"https:\/\/www.right2city.org\/wp-content\/uploads\/2020\/01\/Logo-Simples-EIDC-e1420739830344.png\" width=\"170\" height=\"171\" \/><\/a><\/p>\n<p style=\"text-align: center; font-size: 10pt;\" align=\"center\"><b>Organiza\u00e7\u00f5es Proponentes do Encontro Internacional Direito \u00e0 Cidade<\/b><\/p>\n<p style=\"text-align: justify; font-size: 10pt;\">ActionAid &#8211; Alian\u00e7a de Cidades &#8211; Alian\u00e7a Internacional dos Habitantes (AIH) &#8211; Associa\u00e7\u00e3o Brasileira dos Munic\u00edpios &#8211; Coalici\u00f3n Internacional para el H\u00e1bitat \/ Habitat International Coalition (HIC) &#8211; Comiss\u00e3o de Direitos Humanos e Inclus\u00e3o Social da CGLU &#8211; Fundo Mundial para o Desenvolvimento das Cidades (FMDV) &#8211; F\u00f3rum Nacional de Reforma Urbana (FNRU) &#8211; Frente Nacional de Prefeitos, Brasil &#8211; Funda\u00e7\u00e3o Avina &#8211; Funda\u00e7\u00e3o Ford &#8211; Habitat para a Humanidade &#8211; Instituto Brasileiro de Direito Urban\u00edstico &#8211; Minist\u00e9rio das Cidades, Brasil &#8211; P\u00f3lis: Instituto de Estudos, Forma\u00e7\u00e3o e Assessoria em Pol\u00edticas Sociais &#8211; Secretaria de Rela\u00e7\u00f5es Internacionais e Federativa e Secretaria de Direitos Humanos e Cidadania, Prefeitura do Munic\u00edpio de S\u00e3o Paulo, Brasil &#8211; Shack\/Slum Dwellers International (SDI) &#8211; Mulheres no Emprego Informal: Globalizando e Organizando (WIEGO)<\/p>\n","protected":false},"featured_media":0,"template":"","meta":{"_acf_changed":false,"_et_pb_use_builder":"","_et_pb_old_content":"","_et_gb_content_width":"","cybocfi_hide_featured_image":""},"categories":[],"themes":[],"agendas_globales":[],"class_list":["post-52992","news","type-news","status-publish","hentry"],"acf":[],"yoast_head":"<!-- This site is optimized with the Yoast SEO plugin v27.5 - https:\/\/yoast.com\/product\/yoast-seo-wordpress\/ -->\n<title>Comunicado Encontro Internacional sobre o Direito \u00e0 Cidade - Right to the city<\/title>\n<meta name=\"robots\" content=\"index, follow, max-snippet:-1, max-image-preview:large, max-video-preview:-1\" \/>\n<link rel=\"canonical\" href=\"https:\/\/www.right2city.org\/fr\/news\/comunicado-encontro-internacional-sobre-o-direito-a-cidade\/\" \/>\n<meta property=\"og:locale\" content=\"fr_FR\" \/>\n<meta property=\"og:type\" content=\"article\" \/>\n<meta property=\"og:title\" content=\"Comunicado Encontro Internacional sobre o Direito \u00e0 Cidade - Right to the city\" \/>\n<meta property=\"og:description\" content=\"Comunicado Resultados do Encontro Internacional do Direito \u00e0 Cidade S\u00e3o Paulo 12-14 de Novembro de 2014 O Encontro Internacional sobre Direito \u00e0 Cidade (www.righttothecityplatform.org.br), realizado nos dias 12, 13 e 14 de Novembro de 2014, contou com a presen\u00e7a de 158 participantes de pa\u00edses da Am\u00e9rica Latina, \u00c1frica, \u00c1sia e Europa representando organiza\u00e7\u00f5es n\u00e3o-governamentais, redes [&hellip;]\" \/>\n<meta property=\"og:url\" content=\"https:\/\/www.right2city.org\/fr\/news\/comunicado-encontro-internacional-sobre-o-direito-a-cidade\/\" \/>\n<meta property=\"og:site_name\" content=\"Right to the city\" \/>\n<meta property=\"article:modified_time\" content=\"2020-03-18T11:42:00+00:00\" \/>\n<meta property=\"og:image\" content=\"https:\/\/www.right2city.org\/wp-content\/uploads\/2020\/01\/Logo-600h.png\" \/>\n<meta name=\"twitter:card\" content=\"summary_large_image\" \/>\n<meta name=\"twitter:label1\" content=\"Dur\u00e9e de lecture estim\u00e9e\" \/>\n\t<meta name=\"twitter:data1\" content=\"8 minutes\" \/>\n<script type=\"application\/ld+json\" class=\"yoast-schema-graph\">{\"@context\":\"https:\\\/\\\/schema.org\",\"@graph\":[{\"@type\":\"WebPage\",\"@id\":\"https:\\\/\\\/www.right2city.org\\\/fr\\\/news\\\/comunicado-encontro-internacional-sobre-o-direito-a-cidade\\\/\",\"url\":\"https:\\\/\\\/www.right2city.org\\\/fr\\\/news\\\/comunicado-encontro-internacional-sobre-o-direito-a-cidade\\\/\",\"name\":\"Comunicado Encontro Internacional sobre o Direito \u00e0 Cidade - Right to the city\",\"isPartOf\":{\"@id\":\"https:\\\/\\\/www.right2city.org\\\/fr\\\/#website\"},\"primaryImageOfPage\":{\"@id\":\"https:\\\/\\\/www.right2city.org\\\/fr\\\/news\\\/comunicado-encontro-internacional-sobre-o-direito-a-cidade\\\/#primaryimage\"},\"image\":{\"@id\":\"https:\\\/\\\/www.right2city.org\\\/fr\\\/news\\\/comunicado-encontro-internacional-sobre-o-direito-a-cidade\\\/#primaryimage\"},\"thumbnailUrl\":\"https:\\\/\\\/www.right2city.org\\\/wp-content\\\/uploads\\\/2020\\\/01\\\/Logo-600h.png\",\"datePublished\":\"2014-12-19T13:26:13+00:00\",\"dateModified\":\"2020-03-18T11:42:00+00:00\",\"breadcrumb\":{\"@id\":\"https:\\\/\\\/www.right2city.org\\\/fr\\\/news\\\/comunicado-encontro-internacional-sobre-o-direito-a-cidade\\\/#breadcrumb\"},\"inLanguage\":\"fr-FR\",\"potentialAction\":[{\"@type\":\"ReadAction\",\"target\":[\"https:\\\/\\\/www.right2city.org\\\/fr\\\/news\\\/comunicado-encontro-internacional-sobre-o-direito-a-cidade\\\/\"]}]},{\"@type\":\"ImageObject\",\"inLanguage\":\"fr-FR\",\"@id\":\"https:\\\/\\\/www.right2city.org\\\/fr\\\/news\\\/comunicado-encontro-internacional-sobre-o-direito-a-cidade\\\/#primaryimage\",\"url\":\"https:\\\/\\\/www.right2city.org\\\/wp-content\\\/uploads\\\/2020\\\/01\\\/Logo-600h.png\",\"contentUrl\":\"https:\\\/\\\/www.right2city.org\\\/wp-content\\\/uploads\\\/2020\\\/01\\\/Logo-600h.png\"},{\"@type\":\"BreadcrumbList\",\"@id\":\"https:\\\/\\\/www.right2city.org\\\/fr\\\/news\\\/comunicado-encontro-internacional-sobre-o-direito-a-cidade\\\/#breadcrumb\",\"itemListElement\":[{\"@type\":\"ListItem\",\"position\":1,\"name\":\"Home\",\"item\":\"https:\\\/\\\/www.right2city.org\\\/fr\\\/\"},{\"@type\":\"ListItem\",\"position\":2,\"name\":\"Nouvelles\",\"item\":\"https:\\\/\\\/www.right2city.org\\\/fr\\\/news\\\/\"},{\"@type\":\"ListItem\",\"position\":3,\"name\":\"Comunicado Encontro Internacional sobre o Direito \u00e0 Cidade\"}]},{\"@type\":\"WebSite\",\"@id\":\"https:\\\/\\\/www.right2city.org\\\/fr\\\/#website\",\"url\":\"https:\\\/\\\/www.right2city.org\\\/fr\\\/\",\"name\":\"Right to the city\",\"description\":\"Global Platform for the Right to the City\",\"potentialAction\":[{\"@type\":\"SearchAction\",\"target\":{\"@type\":\"EntryPoint\",\"urlTemplate\":\"https:\\\/\\\/www.right2city.org\\\/fr\\\/?s={search_term_string}\"},\"query-input\":{\"@type\":\"PropertyValueSpecification\",\"valueRequired\":true,\"valueName\":\"search_term_string\"}}],\"inLanguage\":\"fr-FR\"}]}<\/script>\n<!-- \/ Yoast SEO plugin. -->","yoast_head_json":{"title":"Comunicado Encontro Internacional sobre o Direito \u00e0 Cidade - Right to the city","robots":{"index":"index","follow":"follow","max-snippet":"max-snippet:-1","max-image-preview":"max-image-preview:large","max-video-preview":"max-video-preview:-1"},"canonical":"https:\/\/www.right2city.org\/fr\/news\/comunicado-encontro-internacional-sobre-o-direito-a-cidade\/","og_locale":"fr_FR","og_type":"article","og_title":"Comunicado Encontro Internacional sobre o Direito \u00e0 Cidade - Right to the city","og_description":"Comunicado Resultados do Encontro Internacional do Direito \u00e0 Cidade S\u00e3o Paulo 12-14 de Novembro de 2014 O Encontro Internacional sobre Direito \u00e0 Cidade (www.righttothecityplatform.org.br), realizado nos dias 12, 13 e 14 de Novembro de 2014, contou com a presen\u00e7a de 158 participantes de pa\u00edses da Am\u00e9rica Latina, \u00c1frica, \u00c1sia e Europa representando organiza\u00e7\u00f5es n\u00e3o-governamentais, redes [&hellip;]","og_url":"https:\/\/www.right2city.org\/fr\/news\/comunicado-encontro-internacional-sobre-o-direito-a-cidade\/","og_site_name":"Right to the city","article_modified_time":"2020-03-18T11:42:00+00:00","og_image":[{"url":"https:\/\/www.right2city.org\/wp-content\/uploads\/2020\/01\/Logo-600h.png","type":"","width":"","height":""}],"twitter_card":"summary_large_image","twitter_misc":{"Dur\u00e9e de lecture estim\u00e9e":"8 minutes"},"schema":{"@context":"https:\/\/schema.org","@graph":[{"@type":"WebPage","@id":"https:\/\/www.right2city.org\/fr\/news\/comunicado-encontro-internacional-sobre-o-direito-a-cidade\/","url":"https:\/\/www.right2city.org\/fr\/news\/comunicado-encontro-internacional-sobre-o-direito-a-cidade\/","name":"Comunicado Encontro Internacional sobre o Direito \u00e0 Cidade - Right to the city","isPartOf":{"@id":"https:\/\/www.right2city.org\/fr\/#website"},"primaryImageOfPage":{"@id":"https:\/\/www.right2city.org\/fr\/news\/comunicado-encontro-internacional-sobre-o-direito-a-cidade\/#primaryimage"},"image":{"@id":"https:\/\/www.right2city.org\/fr\/news\/comunicado-encontro-internacional-sobre-o-direito-a-cidade\/#primaryimage"},"thumbnailUrl":"https:\/\/www.right2city.org\/wp-content\/uploads\/2020\/01\/Logo-600h.png","datePublished":"2014-12-19T13:26:13+00:00","dateModified":"2020-03-18T11:42:00+00:00","breadcrumb":{"@id":"https:\/\/www.right2city.org\/fr\/news\/comunicado-encontro-internacional-sobre-o-direito-a-cidade\/#breadcrumb"},"inLanguage":"fr-FR","potentialAction":[{"@type":"ReadAction","target":["https:\/\/www.right2city.org\/fr\/news\/comunicado-encontro-internacional-sobre-o-direito-a-cidade\/"]}]},{"@type":"ImageObject","inLanguage":"fr-FR","@id":"https:\/\/www.right2city.org\/fr\/news\/comunicado-encontro-internacional-sobre-o-direito-a-cidade\/#primaryimage","url":"https:\/\/www.right2city.org\/wp-content\/uploads\/2020\/01\/Logo-600h.png","contentUrl":"https:\/\/www.right2city.org\/wp-content\/uploads\/2020\/01\/Logo-600h.png"},{"@type":"BreadcrumbList","@id":"https:\/\/www.right2city.org\/fr\/news\/comunicado-encontro-internacional-sobre-o-direito-a-cidade\/#breadcrumb","itemListElement":[{"@type":"ListItem","position":1,"name":"Home","item":"https:\/\/www.right2city.org\/fr\/"},{"@type":"ListItem","position":2,"name":"Nouvelles","item":"https:\/\/www.right2city.org\/fr\/news\/"},{"@type":"ListItem","position":3,"name":"Comunicado Encontro Internacional sobre o Direito \u00e0 Cidade"}]},{"@type":"WebSite","@id":"https:\/\/www.right2city.org\/fr\/#website","url":"https:\/\/www.right2city.org\/fr\/","name":"Right to the city","description":"Global Platform for the Right to the City","potentialAction":[{"@type":"SearchAction","target":{"@type":"EntryPoint","urlTemplate":"https:\/\/www.right2city.org\/fr\/?s={search_term_string}"},"query-input":{"@type":"PropertyValueSpecification","valueRequired":true,"valueName":"search_term_string"}}],"inLanguage":"fr-FR"}]}},"_links":{"self":[{"href":"https:\/\/www.right2city.org\/fr\/wp-json\/wp\/v2\/news\/52992","targetHints":{"allow":["GET"]}}],"collection":[{"href":"https:\/\/www.right2city.org\/fr\/wp-json\/wp\/v2\/news"}],"about":[{"href":"https:\/\/www.right2city.org\/fr\/wp-json\/wp\/v2\/types\/news"}],"wp:attachment":[{"href":"https:\/\/www.right2city.org\/fr\/wp-json\/wp\/v2\/media?parent=52992"}],"wp:term":[{"taxonomy":"category","embeddable":true,"href":"https:\/\/www.right2city.org\/fr\/wp-json\/wp\/v2\/categories?post=52992"},{"taxonomy":"themes","embeddable":true,"href":"https:\/\/www.right2city.org\/fr\/wp-json\/wp\/v2\/themes?post=52992"},{"taxonomy":"agendas_globales","embeddable":true,"href":"https:\/\/www.right2city.org\/fr\/wp-json\/wp\/v2\/agendas_globales?post=52992"}],"curies":[{"name":"wp","href":"https:\/\/api.w.org\/{rel}","templated":true}]}}