{"id":53036,"date":"2016-06-24T20:16:58","date_gmt":"2016-06-24T18:16:58","guid":{"rendered":"https:\/\/www.right2city.org\/news\/event-in-nyc-discusses-differences-between-right-to-the-city-and-cities-for-all-in-the-new-urban-agenda\/"},"modified":"2020-03-18T13:44:48","modified_gmt":"2020-03-18T11:44:48","slug":"event-in-nyc-discusses-differences-between-right-to-the-city-and-cities-for-all-in-the-new-urban-agenda","status":"publish","type":"news","link":"https:\/\/www.right2city.org\/fr\/news\/event-in-nyc-discusses-differences-between-right-to-the-city-and-cities-for-all-in-the-new-urban-agenda\/","title":{"rendered":"Evento em Nova Iorque discute diferen\u00e7as entre Direito \u00e0 Cidade e Cidades para Todos na Nova Agenda Urbana"},"content":{"rendered":"<p>A Plataforma Global pelo Direito \u00e0 Cidade, junto \u00e0 Funda\u00e7\u00e3o Ford e UCLG (United Cities and Local Governments), est\u00e3o promovendo um evento para discutir as diferen\u00e7as entre Direito \u00e0 Cidade e Cidades para Todos na Nova Agenda Urbana.<\/p>\n<p>O evento vai acontecer na Funda\u00e7\u00e3o Ford, em New York City, quarta-feira, dia 29 de Junho de 2016, das 8am &#8211; 10am.<\/p>\n<p>O \u00ab\u00a0Direito \u00e0 Cidade\u00a0\u00bb \u00e9 o direito de todos os habitantes, presentes e futuros, permanentes e tempor\u00e1rios de usar, ocupar e produzir cidades justas, inclusivas e sustent\u00e1veis, definido como um bem essencial comum a uma vida plena e decente. Este conceito tem sido constru\u00eddo atrav\u00e9s de d\u00e9cadas, a partir de movimentos de base, e reafirma o sentido da cidade como bem comum, articulando todas as diferentes dimens\u00f5es da cidades e da vida urbana (espa\u00e7os p\u00fablicos, habita\u00e7\u00e3o, servi\u00e7os, etc). Por outro lado, o conceito \u00ab\u00a0Cidades para Todos\u00a0\u00bb surgiu apenas recentemente e se refere principalmente \u00e0 dimens\u00e3o da igualdade e da n\u00e3o discrimina\u00e7\u00e3o nas cidades.<\/p>\n<p>O Zero Draft da Nova Agenda Urbana (ambos, a primeira e a vers\u00e3o revista) incluiu estes conceitos na Declara\u00e7\u00e3o de Quito, ancorando que a vis\u00e3o de \u00ab\u00a0cidades para todos\u00a0\u00bb seria em alguns pa\u00edses entendido como o direito \u00e0 Cidade. Embora a sua inclus\u00e3o na NAU \u00e9 extremamente importante, esta formula\u00e7\u00e3o deixa muitas quest\u00f5es em aberto para debate.<\/p>\n<p>O evento pretende reunir representantes de governos e diversos grupos interessados \u200b\u200bda sociedade civil para discutir o significado de ambos os conceitos e tamb\u00e9m para debater a melhor forma de enquadrar esta quest\u00e3o na Nova Agenda Urbana.<\/p>\n<p>Para a Plataforma Global Direito \u00e0 Cidade \u00e9 importante esta iniciativa de reunir representantes de governos e diversos grupos interessados \u200b\u200bda sociedade civil para discutir a melhor maneira de incluir o direito \u00e0 cidade na Nova Agenda Urbana.<\/p>\n<p>Onde: Funda\u00e7\u00e3o Ford, 320 E 43rd St, New York, NY 10017, Estados Unidos<br \/>\nQuando: Quarta-feira, junho 29, 2016, no 8-10am.<br \/>\nParticipe: RSVP a Jo.Cook.ContingentWkr@fordfoundation.org<\/p>\n<p>Atendimento Virtual<br \/>\nOs participantes incapazes de participar poder\u00e3o acompanhar via telefone e \/ ou WebEx.<a href=\"http:\/\/www.righttothecityplatform.org.br\/slideshow\/event-in-nyc-discusses-differences-between-right-to-the-city-and-cities-for-all-in-the-new-urban-agenda\/convitea-2\/\" rel=\"attachment wp-att-1808\"><img loading=\"lazy\" decoding=\"async\" class=\"aligncenter size-full wp-image-1808\" src=\"https:\/\/www.right2city.org\/wp-content\/uploads\/2020\/01\/conviteA-1.jpg\" alt=\"conviteA\" width=\"686\" height=\"960\" \/><\/a><a href=\"http:\/\/www.righttothecityplatform.org.br\/slideshow\/event-in-nyc-discusses-differences-between-right-to-the-city-and-cities-for-all-in-the-new-urban-agenda\/convitea-2\/\" rel=\"attachment wp-att-1808\"><br \/>\n<\/a><\/p>\n","protected":false},"featured_media":0,"template":"","meta":{"_acf_changed":false,"_et_pb_use_builder":"","_et_pb_old_content":"","_et_gb_content_width":"","cybocfi_hide_featured_image":""},"categories":[],"themes":[],"agendas_globales":[],"class_list":["post-53036","news","type-news","status-publish","hentry"],"acf":[],"yoast_head":"<!-- This site is optimized with the Yoast SEO plugin v27.5 - https:\/\/yoast.com\/product\/yoast-seo-wordpress\/ -->\n<title>Evento em Nova Iorque discute diferen\u00e7as entre Direito \u00e0 Cidade e Cidades para Todos na Nova Agenda Urbana - Right to the city<\/title>\n<meta name=\"robots\" content=\"index, follow, max-snippet:-1, max-image-preview:large, max-video-preview:-1\" \/>\n<link rel=\"canonical\" href=\"https:\/\/www.right2city.org\/fr\/news\/event-in-nyc-discusses-differences-between-right-to-the-city-and-cities-for-all-in-the-new-urban-agenda\/\" \/>\n<meta property=\"og:locale\" content=\"fr_FR\" \/>\n<meta property=\"og:type\" content=\"article\" \/>\n<meta property=\"og:title\" content=\"Evento em Nova Iorque discute diferen\u00e7as entre Direito \u00e0 Cidade e Cidades para Todos na Nova Agenda Urbana - Right to the city\" \/>\n<meta property=\"og:description\" content=\"A Plataforma Global pelo Direito \u00e0 Cidade, junto \u00e0 Funda\u00e7\u00e3o Ford e UCLG (United Cities and Local Governments), est\u00e3o promovendo um evento para discutir as diferen\u00e7as entre Direito \u00e0 Cidade e Cidades para Todos na Nova Agenda Urbana. O evento vai acontecer na Funda\u00e7\u00e3o Ford, em New York City, quarta-feira, dia 29 de Junho de [&hellip;]\" \/>\n<meta property=\"og:url\" content=\"https:\/\/www.right2city.org\/fr\/news\/event-in-nyc-discusses-differences-between-right-to-the-city-and-cities-for-all-in-the-new-urban-agenda\/\" \/>\n<meta property=\"og:site_name\" content=\"Right to the city\" \/>\n<meta property=\"article:modified_time\" content=\"2020-03-18T11:44:48+00:00\" \/>\n<meta property=\"og:image\" content=\"https:\/\/www.right2city.org\/wp-content\/uploads\/2020\/01\/conviteA-1.jpg\" \/>\n<meta name=\"twitter:card\" content=\"summary_large_image\" \/>\n<meta name=\"twitter:label1\" content=\"Dur\u00e9e de lecture estim\u00e9e\" \/>\n\t<meta name=\"twitter:data1\" content=\"2 minutes\" \/>\n<script type=\"application\/ld+json\" class=\"yoast-schema-graph\">{\"@context\":\"https:\\\/\\\/schema.org\",\"@graph\":[{\"@type\":\"WebPage\",\"@id\":\"https:\\\/\\\/www.right2city.org\\\/fr\\\/news\\\/event-in-nyc-discusses-differences-between-right-to-the-city-and-cities-for-all-in-the-new-urban-agenda\\\/\",\"url\":\"https:\\\/\\\/www.right2city.org\\\/fr\\\/news\\\/event-in-nyc-discusses-differences-between-right-to-the-city-and-cities-for-all-in-the-new-urban-agenda\\\/\",\"name\":\"Evento em Nova Iorque discute diferen\u00e7as entre Direito \u00e0 Cidade e Cidades para Todos na Nova Agenda Urbana - Right to the city\",\"isPartOf\":{\"@id\":\"https:\\\/\\\/www.right2city.org\\\/fr\\\/#website\"},\"primaryImageOfPage\":{\"@id\":\"https:\\\/\\\/www.right2city.org\\\/fr\\\/news\\\/event-in-nyc-discusses-differences-between-right-to-the-city-and-cities-for-all-in-the-new-urban-agenda\\\/#primaryimage\"},\"image\":{\"@id\":\"https:\\\/\\\/www.right2city.org\\\/fr\\\/news\\\/event-in-nyc-discusses-differences-between-right-to-the-city-and-cities-for-all-in-the-new-urban-agenda\\\/#primaryimage\"},\"thumbnailUrl\":\"https:\\\/\\\/www.right2city.org\\\/wp-content\\\/uploads\\\/2020\\\/01\\\/conviteA-1.jpg\",\"datePublished\":\"2016-06-24T18:16:58+00:00\",\"dateModified\":\"2020-03-18T11:44:48+00:00\",\"breadcrumb\":{\"@id\":\"https:\\\/\\\/www.right2city.org\\\/fr\\\/news\\\/event-in-nyc-discusses-differences-between-right-to-the-city-and-cities-for-all-in-the-new-urban-agenda\\\/#breadcrumb\"},\"inLanguage\":\"fr-FR\",\"potentialAction\":[{\"@type\":\"ReadAction\",\"target\":[\"https:\\\/\\\/www.right2city.org\\\/fr\\\/news\\\/event-in-nyc-discusses-differences-between-right-to-the-city-and-cities-for-all-in-the-new-urban-agenda\\\/\"]}]},{\"@type\":\"ImageObject\",\"inLanguage\":\"fr-FR\",\"@id\":\"https:\\\/\\\/www.right2city.org\\\/fr\\\/news\\\/event-in-nyc-discusses-differences-between-right-to-the-city-and-cities-for-all-in-the-new-urban-agenda\\\/#primaryimage\",\"url\":\"https:\\\/\\\/www.right2city.org\\\/wp-content\\\/uploads\\\/2020\\\/01\\\/conviteA-1.jpg\",\"contentUrl\":\"https:\\\/\\\/www.right2city.org\\\/wp-content\\\/uploads\\\/2020\\\/01\\\/conviteA-1.jpg\"},{\"@type\":\"BreadcrumbList\",\"@id\":\"https:\\\/\\\/www.right2city.org\\\/fr\\\/news\\\/event-in-nyc-discusses-differences-between-right-to-the-city-and-cities-for-all-in-the-new-urban-agenda\\\/#breadcrumb\",\"itemListElement\":[{\"@type\":\"ListItem\",\"position\":1,\"name\":\"Home\",\"item\":\"https:\\\/\\\/www.right2city.org\\\/fr\\\/\"},{\"@type\":\"ListItem\",\"position\":2,\"name\":\"Nouvelles\",\"item\":\"https:\\\/\\\/www.right2city.org\\\/fr\\\/news\\\/\"},{\"@type\":\"ListItem\",\"position\":3,\"name\":\"Evento em Nova Iorque discute diferen\u00e7as entre Direito \u00e0 Cidade e Cidades para Todos na Nova Agenda Urbana\"}]},{\"@type\":\"WebSite\",\"@id\":\"https:\\\/\\\/www.right2city.org\\\/fr\\\/#website\",\"url\":\"https:\\\/\\\/www.right2city.org\\\/fr\\\/\",\"name\":\"Right to the city\",\"description\":\"Global Platform for the Right to the City\",\"potentialAction\":[{\"@type\":\"SearchAction\",\"target\":{\"@type\":\"EntryPoint\",\"urlTemplate\":\"https:\\\/\\\/www.right2city.org\\\/fr\\\/?s={search_term_string}\"},\"query-input\":{\"@type\":\"PropertyValueSpecification\",\"valueRequired\":true,\"valueName\":\"search_term_string\"}}],\"inLanguage\":\"fr-FR\"}]}<\/script>\n<!-- \/ Yoast SEO plugin. -->","yoast_head_json":{"title":"Evento em Nova Iorque discute diferen\u00e7as entre Direito \u00e0 Cidade e Cidades para Todos na Nova Agenda Urbana - Right to the city","robots":{"index":"index","follow":"follow","max-snippet":"max-snippet:-1","max-image-preview":"max-image-preview:large","max-video-preview":"max-video-preview:-1"},"canonical":"https:\/\/www.right2city.org\/fr\/news\/event-in-nyc-discusses-differences-between-right-to-the-city-and-cities-for-all-in-the-new-urban-agenda\/","og_locale":"fr_FR","og_type":"article","og_title":"Evento em Nova Iorque discute diferen\u00e7as entre Direito \u00e0 Cidade e Cidades para Todos na Nova Agenda Urbana - Right to the city","og_description":"A Plataforma Global pelo Direito \u00e0 Cidade, junto \u00e0 Funda\u00e7\u00e3o Ford e UCLG (United Cities and Local Governments), est\u00e3o promovendo um evento para discutir as diferen\u00e7as entre Direito \u00e0 Cidade e Cidades para Todos na Nova Agenda Urbana. O evento vai acontecer na Funda\u00e7\u00e3o Ford, em New York City, quarta-feira, dia 29 de Junho de [&hellip;]","og_url":"https:\/\/www.right2city.org\/fr\/news\/event-in-nyc-discusses-differences-between-right-to-the-city-and-cities-for-all-in-the-new-urban-agenda\/","og_site_name":"Right to the city","article_modified_time":"2020-03-18T11:44:48+00:00","og_image":[{"url":"https:\/\/www.right2city.org\/wp-content\/uploads\/2020\/01\/conviteA-1.jpg","type":"","width":"","height":""}],"twitter_card":"summary_large_image","twitter_misc":{"Dur\u00e9e de lecture estim\u00e9e":"2 minutes"},"schema":{"@context":"https:\/\/schema.org","@graph":[{"@type":"WebPage","@id":"https:\/\/www.right2city.org\/fr\/news\/event-in-nyc-discusses-differences-between-right-to-the-city-and-cities-for-all-in-the-new-urban-agenda\/","url":"https:\/\/www.right2city.org\/fr\/news\/event-in-nyc-discusses-differences-between-right-to-the-city-and-cities-for-all-in-the-new-urban-agenda\/","name":"Evento em Nova Iorque discute diferen\u00e7as entre Direito \u00e0 Cidade e Cidades para Todos na Nova Agenda Urbana - Right to the city","isPartOf":{"@id":"https:\/\/www.right2city.org\/fr\/#website"},"primaryImageOfPage":{"@id":"https:\/\/www.right2city.org\/fr\/news\/event-in-nyc-discusses-differences-between-right-to-the-city-and-cities-for-all-in-the-new-urban-agenda\/#primaryimage"},"image":{"@id":"https:\/\/www.right2city.org\/fr\/news\/event-in-nyc-discusses-differences-between-right-to-the-city-and-cities-for-all-in-the-new-urban-agenda\/#primaryimage"},"thumbnailUrl":"https:\/\/www.right2city.org\/wp-content\/uploads\/2020\/01\/conviteA-1.jpg","datePublished":"2016-06-24T18:16:58+00:00","dateModified":"2020-03-18T11:44:48+00:00","breadcrumb":{"@id":"https:\/\/www.right2city.org\/fr\/news\/event-in-nyc-discusses-differences-between-right-to-the-city-and-cities-for-all-in-the-new-urban-agenda\/#breadcrumb"},"inLanguage":"fr-FR","potentialAction":[{"@type":"ReadAction","target":["https:\/\/www.right2city.org\/fr\/news\/event-in-nyc-discusses-differences-between-right-to-the-city-and-cities-for-all-in-the-new-urban-agenda\/"]}]},{"@type":"ImageObject","inLanguage":"fr-FR","@id":"https:\/\/www.right2city.org\/fr\/news\/event-in-nyc-discusses-differences-between-right-to-the-city-and-cities-for-all-in-the-new-urban-agenda\/#primaryimage","url":"https:\/\/www.right2city.org\/wp-content\/uploads\/2020\/01\/conviteA-1.jpg","contentUrl":"https:\/\/www.right2city.org\/wp-content\/uploads\/2020\/01\/conviteA-1.jpg"},{"@type":"BreadcrumbList","@id":"https:\/\/www.right2city.org\/fr\/news\/event-in-nyc-discusses-differences-between-right-to-the-city-and-cities-for-all-in-the-new-urban-agenda\/#breadcrumb","itemListElement":[{"@type":"ListItem","position":1,"name":"Home","item":"https:\/\/www.right2city.org\/fr\/"},{"@type":"ListItem","position":2,"name":"Nouvelles","item":"https:\/\/www.right2city.org\/fr\/news\/"},{"@type":"ListItem","position":3,"name":"Evento em Nova Iorque discute diferen\u00e7as entre Direito \u00e0 Cidade e Cidades para Todos na Nova Agenda Urbana"}]},{"@type":"WebSite","@id":"https:\/\/www.right2city.org\/fr\/#website","url":"https:\/\/www.right2city.org\/fr\/","name":"Right to the city","description":"Global Platform for the Right to the City","potentialAction":[{"@type":"SearchAction","target":{"@type":"EntryPoint","urlTemplate":"https:\/\/www.right2city.org\/fr\/?s={search_term_string}"},"query-input":{"@type":"PropertyValueSpecification","valueRequired":true,"valueName":"search_term_string"}}],"inLanguage":"fr-FR"}]}},"_links":{"self":[{"href":"https:\/\/www.right2city.org\/fr\/wp-json\/wp\/v2\/news\/53036","targetHints":{"allow":["GET"]}}],"collection":[{"href":"https:\/\/www.right2city.org\/fr\/wp-json\/wp\/v2\/news"}],"about":[{"href":"https:\/\/www.right2city.org\/fr\/wp-json\/wp\/v2\/types\/news"}],"wp:attachment":[{"href":"https:\/\/www.right2city.org\/fr\/wp-json\/wp\/v2\/media?parent=53036"}],"wp:term":[{"taxonomy":"category","embeddable":true,"href":"https:\/\/www.right2city.org\/fr\/wp-json\/wp\/v2\/categories?post=53036"},{"taxonomy":"themes","embeddable":true,"href":"https:\/\/www.right2city.org\/fr\/wp-json\/wp\/v2\/themes?post=53036"},{"taxonomy":"agendas_globales","embeddable":true,"href":"https:\/\/www.right2city.org\/fr\/wp-json\/wp\/v2\/agendas_globales?post=53036"}],"curies":[{"name":"wp","href":"https:\/\/api.w.org\/{rel}","templated":true}]}}