{"id":53040,"date":"2016-11-29T01:59:51","date_gmt":"2016-11-28T23:59:51","guid":{"rendered":"https:\/\/www.right2city.org\/news\/global-platform-for-the-right-to-the-city-exhibition-stand-and-street-activities\/"},"modified":"2020-03-18T13:45:01","modified_gmt":"2020-03-18T11:45:01","slug":"global-platform-for-the-right-to-the-city-exhibition-stand-and-street-activities","status":"publish","type":"news","link":"https:\/\/www.right2city.org\/fr\/news\/global-platform-for-the-right-to-the-city-exhibition-stand-and-street-activities\/","title":{"rendered":"Habitat III Stand de Exibi\u00e7\u00e3o da Plataforma Global pelo Direito \u00e0 Cidade"},"content":{"rendered":"<p style=\"text-align: justify;\"><span id=\"result_box\" class=\"\" lang=\"pt\">As atividades do stand GPR2C na exposi\u00e7\u00e3o oficial da Habitat III foram realizadas na Assembleia Nacional do Equador e foram poss\u00edveis ap\u00f3s v\u00e1rios dias de montagem e prepara\u00e7\u00e3o pela\u00a0equipe do Instituto Polis, coordenada por Rodrigo Faria e Tama Savaget. Posteriormente, com o apoio da Habitat International Coalition (HIC), hospedamos atividades por 4 dias das 9h \u00e0s 6h.<\/span><\/p>\n<p><span class=\"\">O Stand realizou pelo menos 7 apresenta\u00e7\u00f5es com lan\u00e7amento de publica\u00e7\u00f5es e 5 palestras p\u00fablicas sobre diferentes temas, com 800 pessoas aproximadamente participando dessas atividades.<\/span><\/p>\n<p><span class=\"\">Confira abaixo as atividades di\u00e1rias do Stand.<\/span><\/p>\n<pre style=\"text-align: justify;\"><a href=\"http:\/\/www.righttothecityplatform.org.br\/global-platform-for-the-right-to-the-city-exhibition-stand-and-street-activities\/stand47\/\" rel=\"attachment wp-att-2295\"><img loading=\"lazy\" decoding=\"async\" class=\"wp-image-2295 alignleft\" src=\"https:\/\/www.right2city.org\/wp-content\/uploads\/2020\/01\/Stand47.jpeg\" alt=\"Stand47\" width=\"412\" height=\"412\" \/><\/a><span id=\"result_box\" class=\"\" lang=\"pt\">No<strong> domingo, 16 de outubro<\/strong>\n<span class=\"\">Pessoas do IBDU e do Instituto P\u00f3lis encontraram-se no Stand GPR2C para falar sobre a programa\u00e7\u00e3o da semana.<\/span><\/span>\n\n<\/pre>\n<pre style=\"text-align: justify;\"><a href=\"http:\/\/www.righttothecityplatform.org.br\/global-platform-for-the-right-to-the-city-exhibition-stand-and-street-activities\/stand47a\/\" rel=\"attachment wp-att-2277\"><img loading=\"lazy\" decoding=\"async\" class=\"wp-image-2277 alignleft\" src=\"https:\/\/www.right2city.org\/wp-content\/uploads\/2020\/01\/Stand47a.png\" alt=\"Stand47a\" width=\"352\" height=\"204\" \/><\/a><span style=\"color: #ff6600;\"><span style=\"color: #000000;\"><span id=\"result_box\" class=\"\" lang=\"pt\"><span class=\"\">Na <strong>segunda-feira 17 de outubro<\/strong> foi o dia de abertura do Stand que abrigou duas apresenta\u00e7\u00f5es: <span style=\"color: #ff6600;\"><em><strong>\"Regulamento Social dos Mercados Imobili\u00e1rios e Alternativas de Mercado\"<\/strong><\/em><\/span> (Grupo de Trabalho Internacional para a Promo\u00e7\u00e3o da Regula\u00e7\u00e3o do Mercado e alternativas de mercado) e a palestra<span style=\"color: #ff6600;\"><em> <strong>\"Nenhuma constru\u00e7\u00e3o,<\/strong><\/em><\/span><\/span> <span class=\"\"><span style=\"color: #ff6600;\"><strong>Reutiliza\u00e7\u00e3o e desmantelamento\"<\/strong><\/span>(n'UNDO).<\/span><\/span><\/span><\/span><\/pre>\n<pre><a href=\"http:\/\/www.righttothecityplatform.org.br\/global-platform-for-the-right-to-the-city-exhibition-stand-and-street-activities\/bolivia\/\" rel=\"attachment wp-att-2279\"><img loading=\"lazy\" decoding=\"async\" class=\"wp-image-2279 alignleft\" src=\"https:\/\/www.right2city.org\/wp-content\/uploads\/2020\/01\/Bolivia.png\" alt=\"Bolivia\" width=\"430\" height=\"231\" \/><\/a><span id=\"result_box\" class=\"\" lang=\"pt\"><span class=\"\"><strong>Ter\u00e7a-feira, 18 de outubro<\/strong> O Stand teve v\u00e1rias atividades: <span style=\"color: #ff6600;\"><em><strong>Experi\u00eancias da Bol\u00edvia pelo Direito \u00e0 Moradia e pelo Direito \u00e0 Cidade<\/strong><\/em><\/span> - exposi\u00e7\u00e3o gr\u00e1fica (RENASEH Bol\u00edvia)<\/span><\/span><\/pre>\n<pre><a href=\"http:\/\/www.righttothecityplatform.org.br\/global-platform-for-the-right-to-the-city-exhibition-stand-and-street-activities\/alvaro\/\" rel=\"attachment wp-att-2280\"><img loading=\"lazy\" decoding=\"async\" class=\"wp-image-2280 alignleft\" src=\"https:\/\/www.right2city.org\/wp-content\/uploads\/2020\/01\/Alvaro.png\" alt=\"Alvaro\" width=\"336\" height=\"188\" \/><\/a><span id=\"result_box\" class=\"\" lang=\"pt\"><span class=\"\">Alvaro Puertas na Apresenta\u00e7\u00e3o da publica\u00e7\u00e3o <span style=\"color: #ff6600;\"><em><strong>Ponte para o Direito \u00e0 Cidade<\/strong><\/em><\/span> (HIC e Charlotte Mathivet)<\/span><\/span><\/pre>\n<pre style=\"text-align: left;\"><a href=\"http:\/\/www.righttothecityplatform.org.br\/global-platform-for-the-right-to-the-city-exhibition-stand-and-street-activities\/henrique_ortiz\/\" rel=\"attachment wp-att-2281\"><img loading=\"lazy\" decoding=\"async\" class=\"wp-image-2281 alignleft\" src=\"https:\/\/www.right2city.org\/wp-content\/uploads\/2020\/01\/Henrique_Ortiz.png\" alt=\"Henrique_Ortiz\" width=\"339\" height=\"191\" \/><\/a><span id=\"result_box\" class=\"\" lang=\"pt\">Enrique Ortiz na apresenta\u00e7\u00e3o do livro <span style=\"color: #ff6600;\"><strong><em>Da Habitat I \u00e0 Habitat III<\/em> <\/strong><\/span>(TRIALOG).\n\n<span class=\"\">A nova edi\u00e7\u00e3o do TRIALOG inclui artigos de pessoas que participaram do Habitat I e do Habitat II, bem como declara\u00e7\u00f5es de redes e bases sobre a Habitat III.<\/span><\/span><\/pre>\n<pre style=\"text-align: left;\"><a href=\"http:\/\/www.righttothecityplatform.org.br\/global-platform-for-the-right-to-the-city-exhibition-stand-and-street-activities\/eva\/\" rel=\"attachment wp-att-2282\"><img loading=\"lazy\" decoding=\"async\" class=\"wp-image-2282 alignleft\" src=\"https:\/\/www.right2city.org\/wp-content\/uploads\/2020\/01\/Eva.png\" alt=\"Eva\" width=\"429\" height=\"261\" \/><\/a><span id=\"result_box\" class=\"\" lang=\"pt\"><span class=\"\">EvaEva Garcia Chueca apresenta o lan\u00e7amento do livro <a href=\"http:\/\/www.righttothecityplatform.org.br\/guide-right-to-the-city-guide-for-training-events\/?lang=pt\"><em><strong><span style=\"color: #ff6600;\">\"O Direito \u00e0 Cidade - construindo outro mundo poss\u00edvel: Diretrizes de para a compreens\u00e3o e operacionaliza\u00e7\u00e3o<\/span><\/strong><\/em><\/a>\" (GPR2C)<\/span>\n\n<span class=\"\">O livro seria uma reivindica\u00e7\u00e3o pol\u00edtica que transmite a chamada ut\u00f3pica de alguns grupos urbanos que esperam por outra cidade poss\u00edvel?<\/span> <span class=\"\">Ou \u00e9 um instrumento pr\u00e1tico que permite transforma\u00e7\u00f5es chaves para mudar o modelo urbano atual?<\/span> <span class=\"\">Este livro tenta responder essas e outras quest\u00f5es explorando o conte\u00fado do direito \u00e0 cidade, a partir das lutas, experi\u00eancias e mobiliza\u00e7\u00f5es que t\u00eam ocorrido nas \u00faltimas d\u00e9cadas.<\/span><\/span><\/pre>\n<pre style=\"text-align: left;\"><a href=\"http:\/\/www.righttothecityplatform.org.br\/global-platform-for-the-right-to-the-city-exhibition-stand-and-street-activities\/book2\/\" rel=\"attachment wp-att-2410\"><img loading=\"lazy\" decoding=\"async\" class=\"wp-image-2410 alignleft\" src=\"https:\/\/www.right2city.org\/wp-content\/uploads\/2020\/01\/book2.jpg\" alt=\"book2\" width=\"386\" height=\"231\" \/><\/a><span id=\"result_box\" class=\"\" lang=\"pt\">Jo\u00e3o Sette Whitaker (Secret\u00e1rio Municipal de Habita\u00e7\u00e3o - SP, Brasil) no lan\u00e7amento do livro e fala: <strong><em><span style=\"color: #ff6600;\"><a href=\"http:\/\/repositorio.ipea.gov.br\/bitstream\/11058\/7192\/1\/The%20geopolitics%20of%20cities_old%20challenges_new%20issues.pdf\">Geopol\u00edtica das Cidades.<\/a> <\/span><\/em><\/strong><span class=\"\"><strong><em><span style=\"color: #ff6600;\">Velhos desafios, novas quest\u00f5es<\/span> <\/em><\/strong>(IPEA - Instituto de Pesquisa Econ\u00f4mica Aplicada, Brasil)<\/span><\/span><\/pre>\n<pre style=\"text-align: left;\"><a href=\"http:\/\/www.righttothecityplatform.org.br\/global-platform-for-the-right-to-the-city-exhibition-stand-and-street-activities\/daniela\/\" rel=\"attachment wp-att-2283\"><img loading=\"lazy\" decoding=\"async\" class=\"wp-image-2283 alignleft\" src=\"https:\/\/www.right2city.org\/wp-content\/uploads\/2020\/01\/Daniela.png\" alt=\"Daniela\" width=\"284\" height=\"283\" \/><\/a><a href=\"http:\/\/www.righttothecityplatform.org.br\/global-platform-for-the-right-to-the-city-exhibition-stand-and-street-activities\/betania_short\/\" rel=\"attachment wp-att-2285\"><img loading=\"lazy\" decoding=\"async\" class=\"aligncenter wp-image-2285\" src=\"https:\/\/www.right2city.org\/wp-content\/uploads\/2020\/01\/betania_short.png\" alt=\"betania_short\" width=\"217\" height=\"283\" \/><\/a><span id=\"result_box\" class=\"\" lang=\"pt\"><span class=\"\">Daniela Liborio e Bet\u00e2nia Alfons\u00edn (IBDU) apresentam o e-book <a href=\"https:\/\/www.facebook.com\/InstitutoBrasileiroDireitoUrbanistico\/photos\/a.422369947906484.1073741827.422363717907107\/943775609099246\/?type=3&amp;theater\"><span style=\"color: #ff6600;\"><em><strong>\"A Constru\u00e7\u00e3o do Direito Urbano na Am\u00e9rica Latina\"<\/strong><\/em><\/span><\/a> (organizado por Ed\u00e9sio Fernandes e Bet\u00e2nia Alfonsin) na Rede Internacional de Direito Urban\u00edstico: Direito \u00e0 Cidade e Implementa\u00e7\u00e3o da Nova Agenda Urbana.<\/span><\/span><\/pre>\n<hr \/>\n<pre style=\"text-align: justify;\"><a href=\"http:\/\/www.righttothecityplatform.org.br\/global-platform-for-the-right-to-the-city-exhibition-stand-and-street-activities\/pascuale\/\" rel=\"attachment wp-att-2286\"><img loading=\"lazy\" decoding=\"async\" class=\"wp-image-2286 alignleft\" src=\"https:\/\/www.right2city.org\/wp-content\/uploads\/2020\/01\/pascuale.png\" alt=\"pascuale\" width=\"324\" height=\"187\" \/><\/a><span id=\"result_box\" class=\"\" lang=\"pt\">Na <strong>quarta-feira, 19 de outubro<\/strong>, tivemos a apresenta\u00e7\u00e3o e conversa sobre<em><strong><span style=\"color: #ff6600;\"> \"Quanto custa um despejo\"<\/span> <\/strong><\/em>(Housing and Land Rights Network HLRN - HIC)\n\n<span class=\"\">Tamb\u00e9m aconteceu a apresenta\u00e7\u00e3o do Worldmap Habitat (Pascale Thys, de Habitat et Participation, na foto): <span style=\"color: #ff6600;\"><em><strong>Funda\u00e7\u00e3o de Habita\u00e7\u00e3o e Habita\u00e7\u00e3o Social<\/strong> <\/em><\/span>(UrbaMonde)<\/span><\/span><\/pre>\n<pre style=\"text-align: justify;\"><a href=\"http:\/\/www.righttothecityplatform.org.br\/global-platform-for-the-right-to-the-city-exhibition-stand-and-street-activities\/bah\/\" rel=\"attachment wp-att-2293\"><img loading=\"lazy\" decoding=\"async\" class=\"wp-image-2293 alignleft\" src=\"https:\/\/www.right2city.org\/wp-content\/uploads\/2020\/01\/Bah.png\" alt=\"Bah\" width=\"374\" height=\"209\" \/><\/a><span id=\"result_box\" class=\"\" lang=\"pt\">Na <strong>quinta-feira 20 de outubro<\/strong>: <span style=\"color: #ff6600;\"><em><strong>Apresenta\u00e7\u00e3o de experi\u00eancias Funda\u00e7\u00e3o Pro Habitat<\/strong><\/em><\/span> (Bol\u00edvia)\n\n<span class=\"\">E apresenta\u00e7\u00e3o dos dois livros <span style=\"color: #ff6600;\"><em><strong>\"Habitat\"<\/strong><\/em><\/span> e <strong><span style=\"color: #ff6600;\"><em>\"Produ\u00e7\u00e3o Social de Habitat\"<\/em><\/span> <\/strong>(de Rub\u00e9n Pascolini e Paola Bagnera da organiza\u00e7\u00e3o \"Seamos Libres Lo Demas N\u00e3o Importa Nada\").<\/span><\/span><\/pre>\n<pre style=\"text-align: justify;\"><a href=\"http:\/\/www.righttothecityplatform.org.br\/global-platform-for-the-right-to-the-city-exhibition-stand-and-street-activities\/papel2\/\" rel=\"attachment wp-att-2296\"><img loading=\"lazy\" decoding=\"async\" class=\"aligncenter size-full wp-image-2296\" src=\"https:\/\/www.right2city.org\/wp-content\/uploads\/2020\/01\/papel2.png\" alt=\"papel2\" width=\"1448\" height=\"812\" \/><\/a><a href=\"http:\/\/www.righttothecityplatform.org.br\/global-platform-for-the-right-to-the-city-exhibition-stand-and-street-activities\/papel1\/\" rel=\"attachment wp-att-2297\"><img loading=\"lazy\" decoding=\"async\" class=\"wp-image-2297 alignleft\" src=\"https:\/\/www.right2city.org\/wp-content\/uploads\/2020\/01\/papel1.png\" alt=\"papel1\" width=\"303\" height=\"506\" \/><\/a>\n<span id=\"result_box\" class=\"\" lang=\"pt\"><span class=\"\">O Stand GPR2C tamb\u00e9m contou com um painel participativo onde o p\u00fablico e os participantes podiam responder em uma das paredes do estande: <em><strong><span style=\"color: #ff6600;\">\"O que \u00e9 e o que n\u00e3o \u00e9 o Direito \u00e0 Cidade?\"<\/span><\/strong><\/em><\/span> <\/span><\/pre>\n","protected":false},"featured_media":0,"template":"","meta":{"_acf_changed":false,"_et_pb_use_builder":"","_et_pb_old_content":"","_et_gb_content_width":"","cybocfi_hide_featured_image":""},"categories":[],"themes":[],"agendas_globales":[],"class_list":["post-53040","news","type-news","status-publish","hentry"],"acf":[],"yoast_head":"<!-- This site is optimized with the Yoast SEO plugin v27.4 - https:\/\/yoast.com\/product\/yoast-seo-wordpress\/ -->\n<title>Habitat III Stand de Exibi\u00e7\u00e3o da Plataforma Global pelo Direito \u00e0 Cidade - Right to the city<\/title>\n<meta name=\"robots\" content=\"index, follow, max-snippet:-1, max-image-preview:large, max-video-preview:-1\" \/>\n<link rel=\"canonical\" href=\"https:\/\/www.right2city.org\/fr\/news\/global-platform-for-the-right-to-the-city-exhibition-stand-and-street-activities\/\" \/>\n<meta property=\"og:locale\" content=\"fr_FR\" \/>\n<meta property=\"og:type\" content=\"article\" \/>\n<meta property=\"og:title\" content=\"Habitat III Stand de Exibi\u00e7\u00e3o da Plataforma Global pelo Direito \u00e0 Cidade - Right to the city\" \/>\n<meta property=\"og:description\" content=\"As atividades do stand GPR2C na exposi\u00e7\u00e3o oficial da Habitat III foram realizadas na Assembleia Nacional do Equador e foram poss\u00edveis ap\u00f3s v\u00e1rios dias de montagem e prepara\u00e7\u00e3o pela\u00a0equipe do Instituto Polis, coordenada por Rodrigo Faria e Tama Savaget. Posteriormente, com o apoio da Habitat International Coalition (HIC), hospedamos atividades por 4 dias das 9h [&hellip;]\" \/>\n<meta property=\"og:url\" content=\"https:\/\/www.right2city.org\/fr\/news\/global-platform-for-the-right-to-the-city-exhibition-stand-and-street-activities\/\" \/>\n<meta property=\"og:site_name\" content=\"Right to the city\" \/>\n<meta property=\"article:modified_time\" content=\"2020-03-18T11:45:01+00:00\" \/>\n<meta property=\"og:image\" content=\"https:\/\/www.right2city.org\/wp-content\/uploads\/2020\/01\/Stand47.jpeg\" \/>\n<meta name=\"twitter:card\" content=\"summary_large_image\" \/>\n<meta name=\"twitter:label1\" content=\"Dur\u00e9e de lecture estim\u00e9e\" \/>\n\t<meta name=\"twitter:data1\" content=\"3 minutes\" \/>\n<script type=\"application\/ld+json\" class=\"yoast-schema-graph\">{\"@context\":\"https:\\\/\\\/schema.org\",\"@graph\":[{\"@type\":\"WebPage\",\"@id\":\"https:\\\/\\\/www.right2city.org\\\/fr\\\/news\\\/global-platform-for-the-right-to-the-city-exhibition-stand-and-street-activities\\\/\",\"url\":\"https:\\\/\\\/www.right2city.org\\\/fr\\\/news\\\/global-platform-for-the-right-to-the-city-exhibition-stand-and-street-activities\\\/\",\"name\":\"Habitat III Stand de Exibi\u00e7\u00e3o da Plataforma Global pelo Direito \u00e0 Cidade - Right to the city\",\"isPartOf\":{\"@id\":\"https:\\\/\\\/www.right2city.org\\\/fr\\\/#website\"},\"primaryImageOfPage\":{\"@id\":\"https:\\\/\\\/www.right2city.org\\\/fr\\\/news\\\/global-platform-for-the-right-to-the-city-exhibition-stand-and-street-activities\\\/#primaryimage\"},\"image\":{\"@id\":\"https:\\\/\\\/www.right2city.org\\\/fr\\\/news\\\/global-platform-for-the-right-to-the-city-exhibition-stand-and-street-activities\\\/#primaryimage\"},\"thumbnailUrl\":\"https:\\\/\\\/www.right2city.org\\\/wp-content\\\/uploads\\\/2020\\\/01\\\/Stand47.jpeg\",\"datePublished\":\"2016-11-28T23:59:51+00:00\",\"dateModified\":\"2020-03-18T11:45:01+00:00\",\"breadcrumb\":{\"@id\":\"https:\\\/\\\/www.right2city.org\\\/fr\\\/news\\\/global-platform-for-the-right-to-the-city-exhibition-stand-and-street-activities\\\/#breadcrumb\"},\"inLanguage\":\"fr-FR\",\"potentialAction\":[{\"@type\":\"ReadAction\",\"target\":[\"https:\\\/\\\/www.right2city.org\\\/fr\\\/news\\\/global-platform-for-the-right-to-the-city-exhibition-stand-and-street-activities\\\/\"]}]},{\"@type\":\"ImageObject\",\"inLanguage\":\"fr-FR\",\"@id\":\"https:\\\/\\\/www.right2city.org\\\/fr\\\/news\\\/global-platform-for-the-right-to-the-city-exhibition-stand-and-street-activities\\\/#primaryimage\",\"url\":\"https:\\\/\\\/www.right2city.org\\\/wp-content\\\/uploads\\\/2020\\\/01\\\/Stand47.jpeg\",\"contentUrl\":\"https:\\\/\\\/www.right2city.org\\\/wp-content\\\/uploads\\\/2020\\\/01\\\/Stand47.jpeg\"},{\"@type\":\"BreadcrumbList\",\"@id\":\"https:\\\/\\\/www.right2city.org\\\/fr\\\/news\\\/global-platform-for-the-right-to-the-city-exhibition-stand-and-street-activities\\\/#breadcrumb\",\"itemListElement\":[{\"@type\":\"ListItem\",\"position\":1,\"name\":\"Home\",\"item\":\"https:\\\/\\\/www.right2city.org\\\/fr\\\/\"},{\"@type\":\"ListItem\",\"position\":2,\"name\":\"Nouvelles\",\"item\":\"https:\\\/\\\/www.right2city.org\\\/fr\\\/news\\\/\"},{\"@type\":\"ListItem\",\"position\":3,\"name\":\"Habitat III Stand de Exibi\u00e7\u00e3o da Plataforma Global pelo Direito \u00e0 Cidade\"}]},{\"@type\":\"WebSite\",\"@id\":\"https:\\\/\\\/www.right2city.org\\\/fr\\\/#website\",\"url\":\"https:\\\/\\\/www.right2city.org\\\/fr\\\/\",\"name\":\"Right to the city\",\"description\":\"Global Platform for the Right to the City\",\"potentialAction\":[{\"@type\":\"SearchAction\",\"target\":{\"@type\":\"EntryPoint\",\"urlTemplate\":\"https:\\\/\\\/www.right2city.org\\\/fr\\\/?s={search_term_string}\"},\"query-input\":{\"@type\":\"PropertyValueSpecification\",\"valueRequired\":true,\"valueName\":\"search_term_string\"}}],\"inLanguage\":\"fr-FR\"}]}<\/script>\n<!-- \/ Yoast SEO plugin. -->","yoast_head_json":{"title":"Habitat III Stand de Exibi\u00e7\u00e3o da Plataforma Global pelo Direito \u00e0 Cidade - Right to the city","robots":{"index":"index","follow":"follow","max-snippet":"max-snippet:-1","max-image-preview":"max-image-preview:large","max-video-preview":"max-video-preview:-1"},"canonical":"https:\/\/www.right2city.org\/fr\/news\/global-platform-for-the-right-to-the-city-exhibition-stand-and-street-activities\/","og_locale":"fr_FR","og_type":"article","og_title":"Habitat III Stand de Exibi\u00e7\u00e3o da Plataforma Global pelo Direito \u00e0 Cidade - Right to the city","og_description":"As atividades do stand GPR2C na exposi\u00e7\u00e3o oficial da Habitat III foram realizadas na Assembleia Nacional do Equador e foram poss\u00edveis ap\u00f3s v\u00e1rios dias de montagem e prepara\u00e7\u00e3o pela\u00a0equipe do Instituto Polis, coordenada por Rodrigo Faria e Tama Savaget. Posteriormente, com o apoio da Habitat International Coalition (HIC), hospedamos atividades por 4 dias das 9h [&hellip;]","og_url":"https:\/\/www.right2city.org\/fr\/news\/global-platform-for-the-right-to-the-city-exhibition-stand-and-street-activities\/","og_site_name":"Right to the city","article_modified_time":"2020-03-18T11:45:01+00:00","og_image":[{"url":"https:\/\/www.right2city.org\/wp-content\/uploads\/2020\/01\/Stand47.jpeg","type":"","width":"","height":""}],"twitter_card":"summary_large_image","twitter_misc":{"Dur\u00e9e de lecture estim\u00e9e":"3 minutes"},"schema":{"@context":"https:\/\/schema.org","@graph":[{"@type":"WebPage","@id":"https:\/\/www.right2city.org\/fr\/news\/global-platform-for-the-right-to-the-city-exhibition-stand-and-street-activities\/","url":"https:\/\/www.right2city.org\/fr\/news\/global-platform-for-the-right-to-the-city-exhibition-stand-and-street-activities\/","name":"Habitat III Stand de Exibi\u00e7\u00e3o da Plataforma Global pelo Direito \u00e0 Cidade - Right to the city","isPartOf":{"@id":"https:\/\/www.right2city.org\/fr\/#website"},"primaryImageOfPage":{"@id":"https:\/\/www.right2city.org\/fr\/news\/global-platform-for-the-right-to-the-city-exhibition-stand-and-street-activities\/#primaryimage"},"image":{"@id":"https:\/\/www.right2city.org\/fr\/news\/global-platform-for-the-right-to-the-city-exhibition-stand-and-street-activities\/#primaryimage"},"thumbnailUrl":"https:\/\/www.right2city.org\/wp-content\/uploads\/2020\/01\/Stand47.jpeg","datePublished":"2016-11-28T23:59:51+00:00","dateModified":"2020-03-18T11:45:01+00:00","breadcrumb":{"@id":"https:\/\/www.right2city.org\/fr\/news\/global-platform-for-the-right-to-the-city-exhibition-stand-and-street-activities\/#breadcrumb"},"inLanguage":"fr-FR","potentialAction":[{"@type":"ReadAction","target":["https:\/\/www.right2city.org\/fr\/news\/global-platform-for-the-right-to-the-city-exhibition-stand-and-street-activities\/"]}]},{"@type":"ImageObject","inLanguage":"fr-FR","@id":"https:\/\/www.right2city.org\/fr\/news\/global-platform-for-the-right-to-the-city-exhibition-stand-and-street-activities\/#primaryimage","url":"https:\/\/www.right2city.org\/wp-content\/uploads\/2020\/01\/Stand47.jpeg","contentUrl":"https:\/\/www.right2city.org\/wp-content\/uploads\/2020\/01\/Stand47.jpeg"},{"@type":"BreadcrumbList","@id":"https:\/\/www.right2city.org\/fr\/news\/global-platform-for-the-right-to-the-city-exhibition-stand-and-street-activities\/#breadcrumb","itemListElement":[{"@type":"ListItem","position":1,"name":"Home","item":"https:\/\/www.right2city.org\/fr\/"},{"@type":"ListItem","position":2,"name":"Nouvelles","item":"https:\/\/www.right2city.org\/fr\/news\/"},{"@type":"ListItem","position":3,"name":"Habitat III Stand de Exibi\u00e7\u00e3o da Plataforma Global pelo Direito \u00e0 Cidade"}]},{"@type":"WebSite","@id":"https:\/\/www.right2city.org\/fr\/#website","url":"https:\/\/www.right2city.org\/fr\/","name":"Right to the city","description":"Global Platform for the Right to the City","potentialAction":[{"@type":"SearchAction","target":{"@type":"EntryPoint","urlTemplate":"https:\/\/www.right2city.org\/fr\/?s={search_term_string}"},"query-input":{"@type":"PropertyValueSpecification","valueRequired":true,"valueName":"search_term_string"}}],"inLanguage":"fr-FR"}]}},"_links":{"self":[{"href":"https:\/\/www.right2city.org\/fr\/wp-json\/wp\/v2\/news\/53040","targetHints":{"allow":["GET"]}}],"collection":[{"href":"https:\/\/www.right2city.org\/fr\/wp-json\/wp\/v2\/news"}],"about":[{"href":"https:\/\/www.right2city.org\/fr\/wp-json\/wp\/v2\/types\/news"}],"wp:attachment":[{"href":"https:\/\/www.right2city.org\/fr\/wp-json\/wp\/v2\/media?parent=53040"}],"wp:term":[{"taxonomy":"category","embeddable":true,"href":"https:\/\/www.right2city.org\/fr\/wp-json\/wp\/v2\/categories?post=53040"},{"taxonomy":"themes","embeddable":true,"href":"https:\/\/www.right2city.org\/fr\/wp-json\/wp\/v2\/themes?post=53040"},{"taxonomy":"agendas_globales","embeddable":true,"href":"https:\/\/www.right2city.org\/fr\/wp-json\/wp\/v2\/agendas_globales?post=53040"}],"curies":[{"name":"wp","href":"https:\/\/api.w.org\/{rel}","templated":true}]}}