{"id":53041,"date":"2016-11-29T19:42:59","date_gmt":"2016-11-29T17:42:59","guid":{"rendered":"https:\/\/www.right2city.org\/news\/habitat-iii-training-event-implementing-the-right-to-the-city\/"},"modified":"2020-03-18T13:45:06","modified_gmt":"2020-03-18T11:45:06","slug":"habitat-iii-training-event-implementing-the-right-to-the-city","status":"publish","type":"news","link":"https:\/\/www.right2city.org\/fr\/news\/habitat-iii-training-event-implementing-the-right-to-the-city\/","title":{"rendered":"Habitat III Evento de Capacita\u00e7\u00e3o: Implementando o Direito \u00e0 Cidade"},"content":{"rendered":"<p style=\"text-align: justify;\"><span id=\"result_box\" class=\"\" lang=\"pt\"><span class=\"\">O evento de capacita\u00e7\u00e3o \u00ab\u00a0Implementando o Direito \u00e0 Cidade &#8211; Construindo Cidades Justas, Inclusivas, Democr\u00e1ticas e Sustent\u00e1veis\u00a0\u00bb aconteceu nos dias 19 e 20 de outubro na PUCE, Pontif\u00edcia Universidade Cat\u00f3lica do Equador. Seu objetivo foi desenvolver uma melhor compreens\u00e3o dos elementos conceituais do Direito \u00e0 Cidade e dos instrumentos jur\u00eddicos, administrativos e judiciais que podem ser utilizados para a sua implanta\u00e7\u00e3o nas cidades. Os facilitadores exploraram iniciativas e experi\u00eancias nas quais o Direito \u00e0 Cidade \u00e9 usado como refer\u00eancia para pol\u00edticas, programas e projetos de desenvolvimento urbano, a fim de construir cidades inclusivas, democr\u00e1ticas e sustent\u00e1veis.<\/span><\/span><\/p>\n<p style=\"text-align: justify;\"><a href=\"http:\/\/www.righttothecityplatform.org.br\/global-platform-for-the-right-to-the-city-during-habitat-iii-pics-quotes\/training_event\/\" rel=\"attachment wp-att-2219\"><img loading=\"lazy\" decoding=\"async\" class=\"aligncenter size-full wp-image-2219\" src=\"https:\/\/www.right2city.org\/wp-content\/uploads\/2020\/01\/Training_Event.jpeg\" alt=\"Training_Event\" width=\"1080\" height=\"607\" \/><\/a><span id=\"result_box\" class=\"\" lang=\"pt\"><\/span><\/p>\n<p style=\"text-align: justify;\"><span id=\"result_box\" class=\"\" lang=\"pt\"><span title=\"October 19th \"><strong>19 de outubro<\/strong><\/span><\/span><\/p>\n<p><span title=\"Fifty people attended the event on the first day, many of them students from PUCE.\">Cinq\u00fcenta pessoas participaram do evento no primeiro dia, muitos deles alunos da PUCE. <\/span><span title=\"Each participant was given the workbook \u201cThe Right to the City: Building Another Possible World\u201d and \u201cRight to the City \u2013 guideline for training events\u201c. \">Cada participante recebeu o livro \u00ab\u00a0<a href=\"http:\/\/www.righttothecityplatform.org.br\/book-the-right-to-the-city-building-another-possible-world\/\">O Direito \u00e0 Cidade: Construindo outro Mundo Poss\u00edvel<\/a>\u00a0\u00bb e \u00ab\u00a0<a href=\"http:\/\/www.righttothecityplatform.org.br\/guide-right-to-the-city-guide-for-training-events\/\">Direito \u00e0 Cidade &#8211; diretriz para eventos de capacita\u00e7\u00e3o<\/a>\u00ab\u00a0.<\/span><\/p>\n<p><span title=\"The workshop started with an initial plenary session presented by Nelson Saule Jr (P\u00f3lis Institute) and a general introduction and background by Eva Garc\u00eda Chueca (UCLG), providing an overview of the Right to the City: \u00a0\u00a0\u00a0\u00a0\">O workshop iniciou com uma sess\u00e3o plen\u00e1ria inicial apresentada por Nelson Saule Jr (Instituto P\u00f3lis) e uma introdu\u00e7\u00e3o geral por Eva Garc\u00eda Chueca (CGLU), fornecendo uma vis\u00e3o geral do Direito \u00e0 Cidade:<\/span><\/p>\n<p>* <span title=\"Its history and foundation on existing rights, as well as its unique emphasis on territorial aspects; \u00a0\u00a0\u00a0\u00a0\">A sua hist\u00f3ria e fundamento sobre os direitos existentes, bem como a sua \u00eanfase singular nos aspectos territoriais;<br \/>\n* <\/span><span title=\"Its particular reception in Latin America, with the Brazilian City Statute, the Ecuadorian Constitution, and Columbian Constitution and laws; \u00a0\u00a0\u00a0\u00a0\">Sua particular acolhida na Am\u00e9rica Latina, com o Estatuto da Cidade (Brasil), a Constitui\u00e7\u00e3o do Equador e a Constitui\u00e7\u00e3o e leis colombianas;<br \/>\n* <\/span><span title=\"Its bottom-up and collective nature; \u00a0\u00a0\u00a0\u00a0\">Sua natureza coletiva e de base;<br \/>\n* <\/span><span title=\"Its emphasis on inclusion, social production and participation; \u00a0\u00a0\u00a0\u00a0\">Sua \u00eanfase na inclus\u00e3o, na produ\u00e7\u00e3o social e na participa\u00e7\u00e3o;<br \/>\n* <\/span><span title=\"Two key aspects: social function and public space. \">Dois aspectos fundamentais: fun\u00e7\u00e3o social e espa\u00e7o p\u00fablico.<\/span><\/p>\n<p><span title=\"In the second session, three working groups discussed the following topics for 25 minutes, with the help of the facilitators Allison Brown (WIEGO) and Marie Huchzermeyer ( CUBES \u2013 Wits University): \u00a0\u00a0\u00a0\u00a0\">Na segunda sess\u00e3o, tr\u00eas grupos de trabalho discutiram os seguintes t\u00f3picos durante 25 minutos, com a ajuda dos facilitadores Allison Brown (WIEGO) e Marie Huchzermeyer (CUBES &#8211; Wits University):<\/span><\/p>\n<p>* <span title=\"Political participation and non-discrimination; \u00a0\u00a0\u00a0\u00a0\">Participa\u00e7\u00e3o pol\u00edtica e n\u00e3o-discrimina\u00e7\u00e3o;<br \/>\n* <\/span><span title=\"Gender and social economy ; \u00a0\u00a0\u00a0\u00a0\">G\u00eanero e economia social;<br \/>\n* <\/span><span title=\"Territory, social function of land and social space. \">Territ\u00f3rio, fun\u00e7\u00e3o social da terra e espa\u00e7o social.<\/span><\/p>\n<p><span title=\"\u201cThe event was very well-attended by an enthusiastic and young audience comprised mostly by law students, but there were a few people from the Habitat 3 conference who had specific interests in the Right to the City\u201d said Alison Brown. \">\u00ab\u00a0O evento contou com um p\u00fablico entusiasmado e jovem composto principalmente por estudantes de direito, mas havia tamb\u00e9m algumas pessoas da confer\u00eancia Habitat 3 que tinham interesses espec\u00edficos no direito \u00e0 cidade\u00a0\u00bb, disse Alison Brown.<\/span><\/p>\n<p><span title=\"In the third session, Brazilian urban lawyer and scholar Betania Alfonsin spoke about the paradigm change that is needed to give meaning to constitutional principles that have long existed, for instance the definition of the term \u201csocio-ecological functions of urban land\u201d.\">Na terceira sess\u00e3o, a advogada e urbanista brasileira Betania Alfonsin falou sobre a mudan\u00e7a de paradigma necess\u00e1ria para dar sentido aos princ\u00edpios constitucionais que h\u00e1 muito tempo existem, como a defini\u00e7\u00e3o do termo \u00ab\u00a0fun\u00e7\u00f5es s\u00f3cio-ecol\u00f3gicas da terra urbana\u00a0\u00bb. <\/span><span title=\"Appropriate planning instruments and their potential for the intervention in the urban land market play a key role in elevating these rights.\">Instrumentos de planejamento adequados e seu potencial para a interven\u00e7\u00e3o no mercado de terras urbanas desempenham um papel fundamental na eleva\u00e7\u00e3o desses direitos. <\/span><span title=\"Betania engaged the participants in a discussion about key instruments that were developed and adopted in Brazil to this end, such as compulsory subdivision, progressive land taxation, zoning instruments such as the Special Zones of Social Interest, and adverse possession. \">Betania envolveu os participantes em uma discuss\u00e3o sobre os principais instrumentos que foram desenvolvidos e adotados no Brasil para esse fim, tais como a parcelamento compuls\u00f3rio, a tributa\u00e7\u00e3o progressiva da terra, os instrumentos de zoneamento como as Zonas Especiais de Interesse Social e o <span id=\"result_box\" class=\"short_text\" lang=\"pt\"><span class=\"alt-edited\">usucapi\u00e3o<\/span><\/span>.<\/span><\/p>\n<p><span title=\"20 de octubre 2016 \"><strong>20 de outubro<\/strong><\/span><\/p>\n<p><span title=\"After a welcome statement by Guillermo Edgar (HIC) and a background introduction on the Right to the City by Eva Garcia Chueca (UCLG), a single group facilitated by Magali Fricaudet (UCLG) addressed different sub topics. \">Depois da introdu\u00e7\u00e3o sobre o Direito \u00e0 Cidade por Eva Garcia Chueca (CGLU), um \u00fanico grupo coordenado por Magali Fricaudet (CGLU) abordou diferentes sub-t\u00f3picos.<\/span><\/p>\n<p><span title=\"\u201cWe had a quite diverse group of attendants, but most of them had already some knowledge on the Right to the City issue.\">\u00ab\u00a0Tivemos um grupo bastante diverso, mas a maioria deles j\u00e1 tinha algum conhecimento sobre \u00e0 quest\u00e3o do direito da cidade. <\/span><span title=\"The discussion flowed really well and debates regarding the concept, the links with women rights, among other points were quite rich\u201d affirmed Marcelo Montenegro (ActionAid). \">A discuss\u00e3o correu muito bem e os debates em torno do conceito, os v\u00ednculos com os direitos das mulheres, entre outros pontos, foram bastante ricos \u00ab\u00a0, afirmou Marcelo Montenegro (ActionAid).<\/span><\/p>\n<p><span title=\"Among the facilitators of the Training Event were Nelson Saule J\u00fanior (P\u00f3lis Institute), Eva Garcia (UCLG), Marie Huchzermeyer (Wits University), Alison Brown (WIEGO), Daniela Campos Lib\u00f3rio (IBDU),Rodrigo Faria (P\u00f3lis Institute), Magali\">Entre os facilitadores do Evento de Capacita\u00e7\u00e3o estiveram presentes Nelson Saule J\u00fanior (Instituto P\u00f3lis), Eva Garcia (UCLG), Marie Huchzermeyer (Wits University), Alison Brown (WIEGO), Daniela Campos Lib\u00f3rio (IBDU), Rodrigo Faria <\/span><span title=\"Fricaudet (UCLG), Henrique Frota (IBDU), Sonia Maria Dias (WIEGO), Marcelo Montenegro (ActionAid). \">Fricaudet (UCLG), Henrique Frota (IBDU), Sonia Maria Dias (WIEGO) e Marcelo Montenegro (ActionAid).<\/span><\/p>\n<p><span title=\"THE GLOBAL PLATFORM FOR THE RIGHT TO THE CITY \">A PLATAFORMA GLOBAL PARA O DIREITO \u00c0 CIDADE<\/span><\/p>\n<p><span title=\"The Global Platform for the Right to the City (GPR2C) emerged from the initiative of several organizations working from around the world to mobilize national and local governments, and international and regional organizations for a new development paradigm aiming at more inclusive and democratic cities.\">A Plataforma Global pelo Direito \u00e0 Cidade (GPR2C) surgiu a partir da iniciativa de v\u00e1rias organiza\u00e7\u00f5es que trabalham em todo o mundo para mobilizar governos nacionais e locais, e organiza\u00e7\u00f5es internacionais e regionais, para um novo paradigma de desenvolvimento visando cidades mais inclusivas e democr\u00e1ticas. <\/span><span title=\"The GPR2C advocates for the recognition and adoption of the Right to the City in the implementation of public policies;\">O GPR2C defende o reconhecimento e a ado\u00e7\u00e3o do Direito \u00e0 Cidade na implementa\u00e7\u00e3o de pol\u00edticas p\u00fablicas; <\/span><span title=\"therefore it participated, through its members, in different forums and events related to the Habitat III process to promote the Right to the City and to advocate for its adoption as the cornerstone of the New Urban Agenda.\">Participou, por meio de seus membros, em diferentes f\u00f3runs e eventos relacionados ao processo Habitat III para promover o Direito \u00e0 Cidade e defender sua ado\u00e7\u00e3o como pilar da Nova Agenda Urbana.<\/span><\/p>\n<p style=\"text-align: justify;\">\n","protected":false},"featured_media":0,"template":"","meta":{"_acf_changed":false,"_et_pb_use_builder":"","_et_pb_old_content":"","_et_gb_content_width":"","cybocfi_hide_featured_image":""},"categories":[],"themes":[],"agendas_globales":[],"class_list":["post-53041","news","type-news","status-publish","hentry"],"acf":[],"yoast_head":"<!-- This site is optimized with the Yoast SEO plugin v27.4 - https:\/\/yoast.com\/product\/yoast-seo-wordpress\/ -->\n<title>Habitat III Evento de Capacita\u00e7\u00e3o: Implementando o Direito \u00e0 Cidade - Right to the city<\/title>\n<meta name=\"robots\" content=\"index, follow, max-snippet:-1, max-image-preview:large, max-video-preview:-1\" \/>\n<link rel=\"canonical\" href=\"https:\/\/www.right2city.org\/fr\/news\/habitat-iii-training-event-implementing-the-right-to-the-city\/\" \/>\n<meta property=\"og:locale\" content=\"fr_FR\" \/>\n<meta property=\"og:type\" content=\"article\" \/>\n<meta property=\"og:title\" content=\"Habitat III Evento de Capacita\u00e7\u00e3o: Implementando o Direito \u00e0 Cidade - Right to the city\" \/>\n<meta property=\"og:description\" content=\"O evento de capacita\u00e7\u00e3o \u00ab\u00a0Implementando o Direito \u00e0 Cidade &#8211; Construindo Cidades Justas, Inclusivas, Democr\u00e1ticas e Sustent\u00e1veis\u00a0\u00bb aconteceu nos dias 19 e 20 de outubro na PUCE, Pontif\u00edcia Universidade Cat\u00f3lica do Equador. Seu objetivo foi desenvolver uma melhor compreens\u00e3o dos elementos conceituais do Direito \u00e0 Cidade e dos instrumentos jur\u00eddicos, administrativos e judiciais que podem [&hellip;]\" \/>\n<meta property=\"og:url\" content=\"https:\/\/www.right2city.org\/fr\/news\/habitat-iii-training-event-implementing-the-right-to-the-city\/\" \/>\n<meta property=\"og:site_name\" content=\"Right to the city\" \/>\n<meta property=\"article:modified_time\" content=\"2020-03-18T11:45:06+00:00\" \/>\n<meta property=\"og:image\" content=\"https:\/\/www.right2city.org\/wp-content\/uploads\/2020\/01\/Training_Event.jpeg\" \/>\n<meta name=\"twitter:card\" content=\"summary_large_image\" \/>\n<meta name=\"twitter:label1\" content=\"Dur\u00e9e de lecture estim\u00e9e\" \/>\n\t<meta name=\"twitter:data1\" content=\"4 minutes\" \/>\n<script type=\"application\/ld+json\" class=\"yoast-schema-graph\">{\"@context\":\"https:\\\/\\\/schema.org\",\"@graph\":[{\"@type\":\"WebPage\",\"@id\":\"https:\\\/\\\/www.right2city.org\\\/fr\\\/news\\\/habitat-iii-training-event-implementing-the-right-to-the-city\\\/\",\"url\":\"https:\\\/\\\/www.right2city.org\\\/fr\\\/news\\\/habitat-iii-training-event-implementing-the-right-to-the-city\\\/\",\"name\":\"Habitat III Evento de Capacita\u00e7\u00e3o: Implementando o Direito \u00e0 Cidade - Right to the city\",\"isPartOf\":{\"@id\":\"https:\\\/\\\/www.right2city.org\\\/fr\\\/#website\"},\"primaryImageOfPage\":{\"@id\":\"https:\\\/\\\/www.right2city.org\\\/fr\\\/news\\\/habitat-iii-training-event-implementing-the-right-to-the-city\\\/#primaryimage\"},\"image\":{\"@id\":\"https:\\\/\\\/www.right2city.org\\\/fr\\\/news\\\/habitat-iii-training-event-implementing-the-right-to-the-city\\\/#primaryimage\"},\"thumbnailUrl\":\"https:\\\/\\\/www.right2city.org\\\/wp-content\\\/uploads\\\/2020\\\/01\\\/Training_Event.jpeg\",\"datePublished\":\"2016-11-29T17:42:59+00:00\",\"dateModified\":\"2020-03-18T11:45:06+00:00\",\"breadcrumb\":{\"@id\":\"https:\\\/\\\/www.right2city.org\\\/fr\\\/news\\\/habitat-iii-training-event-implementing-the-right-to-the-city\\\/#breadcrumb\"},\"inLanguage\":\"fr-FR\",\"potentialAction\":[{\"@type\":\"ReadAction\",\"target\":[\"https:\\\/\\\/www.right2city.org\\\/fr\\\/news\\\/habitat-iii-training-event-implementing-the-right-to-the-city\\\/\"]}]},{\"@type\":\"ImageObject\",\"inLanguage\":\"fr-FR\",\"@id\":\"https:\\\/\\\/www.right2city.org\\\/fr\\\/news\\\/habitat-iii-training-event-implementing-the-right-to-the-city\\\/#primaryimage\",\"url\":\"https:\\\/\\\/www.right2city.org\\\/wp-content\\\/uploads\\\/2020\\\/01\\\/Training_Event.jpeg\",\"contentUrl\":\"https:\\\/\\\/www.right2city.org\\\/wp-content\\\/uploads\\\/2020\\\/01\\\/Training_Event.jpeg\"},{\"@type\":\"BreadcrumbList\",\"@id\":\"https:\\\/\\\/www.right2city.org\\\/fr\\\/news\\\/habitat-iii-training-event-implementing-the-right-to-the-city\\\/#breadcrumb\",\"itemListElement\":[{\"@type\":\"ListItem\",\"position\":1,\"name\":\"Home\",\"item\":\"https:\\\/\\\/www.right2city.org\\\/fr\\\/\"},{\"@type\":\"ListItem\",\"position\":2,\"name\":\"Nouvelles\",\"item\":\"https:\\\/\\\/www.right2city.org\\\/fr\\\/news\\\/\"},{\"@type\":\"ListItem\",\"position\":3,\"name\":\"Habitat III Evento de Capacita\u00e7\u00e3o: Implementando o Direito \u00e0 Cidade\"}]},{\"@type\":\"WebSite\",\"@id\":\"https:\\\/\\\/www.right2city.org\\\/fr\\\/#website\",\"url\":\"https:\\\/\\\/www.right2city.org\\\/fr\\\/\",\"name\":\"Right to the city\",\"description\":\"Global Platform for the Right to the City\",\"potentialAction\":[{\"@type\":\"SearchAction\",\"target\":{\"@type\":\"EntryPoint\",\"urlTemplate\":\"https:\\\/\\\/www.right2city.org\\\/fr\\\/?s={search_term_string}\"},\"query-input\":{\"@type\":\"PropertyValueSpecification\",\"valueRequired\":true,\"valueName\":\"search_term_string\"}}],\"inLanguage\":\"fr-FR\"}]}<\/script>\n<!-- \/ Yoast SEO plugin. -->","yoast_head_json":{"title":"Habitat III Evento de Capacita\u00e7\u00e3o: Implementando o Direito \u00e0 Cidade - Right to the city","robots":{"index":"index","follow":"follow","max-snippet":"max-snippet:-1","max-image-preview":"max-image-preview:large","max-video-preview":"max-video-preview:-1"},"canonical":"https:\/\/www.right2city.org\/fr\/news\/habitat-iii-training-event-implementing-the-right-to-the-city\/","og_locale":"fr_FR","og_type":"article","og_title":"Habitat III Evento de Capacita\u00e7\u00e3o: Implementando o Direito \u00e0 Cidade - Right to the city","og_description":"O evento de capacita\u00e7\u00e3o \u00ab\u00a0Implementando o Direito \u00e0 Cidade &#8211; Construindo Cidades Justas, Inclusivas, Democr\u00e1ticas e Sustent\u00e1veis\u00a0\u00bb aconteceu nos dias 19 e 20 de outubro na PUCE, Pontif\u00edcia Universidade Cat\u00f3lica do Equador. Seu objetivo foi desenvolver uma melhor compreens\u00e3o dos elementos conceituais do Direito \u00e0 Cidade e dos instrumentos jur\u00eddicos, administrativos e judiciais que podem [&hellip;]","og_url":"https:\/\/www.right2city.org\/fr\/news\/habitat-iii-training-event-implementing-the-right-to-the-city\/","og_site_name":"Right to the city","article_modified_time":"2020-03-18T11:45:06+00:00","og_image":[{"url":"https:\/\/www.right2city.org\/wp-content\/uploads\/2020\/01\/Training_Event.jpeg","type":"","width":"","height":""}],"twitter_card":"summary_large_image","twitter_misc":{"Dur\u00e9e de lecture estim\u00e9e":"4 minutes"},"schema":{"@context":"https:\/\/schema.org","@graph":[{"@type":"WebPage","@id":"https:\/\/www.right2city.org\/fr\/news\/habitat-iii-training-event-implementing-the-right-to-the-city\/","url":"https:\/\/www.right2city.org\/fr\/news\/habitat-iii-training-event-implementing-the-right-to-the-city\/","name":"Habitat III Evento de Capacita\u00e7\u00e3o: Implementando o Direito \u00e0 Cidade - Right to the city","isPartOf":{"@id":"https:\/\/www.right2city.org\/fr\/#website"},"primaryImageOfPage":{"@id":"https:\/\/www.right2city.org\/fr\/news\/habitat-iii-training-event-implementing-the-right-to-the-city\/#primaryimage"},"image":{"@id":"https:\/\/www.right2city.org\/fr\/news\/habitat-iii-training-event-implementing-the-right-to-the-city\/#primaryimage"},"thumbnailUrl":"https:\/\/www.right2city.org\/wp-content\/uploads\/2020\/01\/Training_Event.jpeg","datePublished":"2016-11-29T17:42:59+00:00","dateModified":"2020-03-18T11:45:06+00:00","breadcrumb":{"@id":"https:\/\/www.right2city.org\/fr\/news\/habitat-iii-training-event-implementing-the-right-to-the-city\/#breadcrumb"},"inLanguage":"fr-FR","potentialAction":[{"@type":"ReadAction","target":["https:\/\/www.right2city.org\/fr\/news\/habitat-iii-training-event-implementing-the-right-to-the-city\/"]}]},{"@type":"ImageObject","inLanguage":"fr-FR","@id":"https:\/\/www.right2city.org\/fr\/news\/habitat-iii-training-event-implementing-the-right-to-the-city\/#primaryimage","url":"https:\/\/www.right2city.org\/wp-content\/uploads\/2020\/01\/Training_Event.jpeg","contentUrl":"https:\/\/www.right2city.org\/wp-content\/uploads\/2020\/01\/Training_Event.jpeg"},{"@type":"BreadcrumbList","@id":"https:\/\/www.right2city.org\/fr\/news\/habitat-iii-training-event-implementing-the-right-to-the-city\/#breadcrumb","itemListElement":[{"@type":"ListItem","position":1,"name":"Home","item":"https:\/\/www.right2city.org\/fr\/"},{"@type":"ListItem","position":2,"name":"Nouvelles","item":"https:\/\/www.right2city.org\/fr\/news\/"},{"@type":"ListItem","position":3,"name":"Habitat III Evento de Capacita\u00e7\u00e3o: Implementando o Direito \u00e0 Cidade"}]},{"@type":"WebSite","@id":"https:\/\/www.right2city.org\/fr\/#website","url":"https:\/\/www.right2city.org\/fr\/","name":"Right to the city","description":"Global Platform for the Right to the City","potentialAction":[{"@type":"SearchAction","target":{"@type":"EntryPoint","urlTemplate":"https:\/\/www.right2city.org\/fr\/?s={search_term_string}"},"query-input":{"@type":"PropertyValueSpecification","valueRequired":true,"valueName":"search_term_string"}}],"inLanguage":"fr-FR"}]}},"_links":{"self":[{"href":"https:\/\/www.right2city.org\/fr\/wp-json\/wp\/v2\/news\/53041","targetHints":{"allow":["GET"]}}],"collection":[{"href":"https:\/\/www.right2city.org\/fr\/wp-json\/wp\/v2\/news"}],"about":[{"href":"https:\/\/www.right2city.org\/fr\/wp-json\/wp\/v2\/types\/news"}],"wp:attachment":[{"href":"https:\/\/www.right2city.org\/fr\/wp-json\/wp\/v2\/media?parent=53041"}],"wp:term":[{"taxonomy":"category","embeddable":true,"href":"https:\/\/www.right2city.org\/fr\/wp-json\/wp\/v2\/categories?post=53041"},{"taxonomy":"themes","embeddable":true,"href":"https:\/\/www.right2city.org\/fr\/wp-json\/wp\/v2\/themes?post=53041"},{"taxonomy":"agendas_globales","embeddable":true,"href":"https:\/\/www.right2city.org\/fr\/wp-json\/wp\/v2\/agendas_globales?post=53041"}],"curies":[{"name":"wp","href":"https:\/\/api.w.org\/{rel}","templated":true}]}}