{"id":53043,"date":"2016-11-30T20:28:27","date_gmt":"2016-11-30T18:28:27","guid":{"rendered":"https:\/\/www.right2city.org\/news\/habitat-iii-networking-event-moving-from-habitat3-to-implementing-the-right-to-the-city\/"},"modified":"2020-03-18T13:45:11","modified_gmt":"2020-03-18T11:45:11","slug":"habitat-iii-networking-event-moving-from-habitat3-to-implementing-the-right-to-the-city","status":"publish","type":"news","link":"https:\/\/www.right2city.org\/fr\/news\/habitat-iii-networking-event-moving-from-habitat3-to-implementing-the-right-to-the-city\/","title":{"rendered":"Habitat III Evento em Rede: Partindo da Habitat3 para a Implementa\u00e7\u00e3o do Direito \u00e0 Cidade &#8211; Fotos, V\u00eddeos e Cita\u00e7\u00f5es"},"content":{"rendered":"<p><span id=\"result_box\" class=\"\" lang=\"pt\"><span class=\"\">A Plataforma Global pelo Direito \u00e0 Cidade realizou v\u00e1rios eventos durante a HABITAT III &#8211; Confer\u00eancia das Na\u00e7\u00f5es Unidas sobre Habita\u00e7\u00e3o e Desenvolvimento Urbano Sustent\u00e1vel &#8211; que aconteceu em Quito, Equador, de 17 a 20 de outubro de 2016.<\/span><\/span><\/p>\n<p><span style=\"color: #ff6600;\"><strong>EVENTO DE REDE &#8211; \u00ab\u00a0PARTINDO DA HABITAT3 PARA A IMPLEMENTA\u00c7\u00c3O DO DIREITO \u00c0 CIDADE\u00a0\u00bb<\/strong><\/span><br \/>\nEste evento ocorreu no dia 19 de outubro na Casa da Cultura Ecuatoriana e teve como objetivo examinar o potencial do paradigma do Direito \u00e0 Cidade como ferramenta de pol\u00edtica urbana para a implementa\u00e7\u00e3o da Nova Agenda Urbana. O objetivo principal do evento foi desenvolver a proposta da Plataforma Global para o Direito \u00e0 Cidade de fortalecer um Observat\u00f3rio Global do Direito \u00e0 Cidade que trabalhe com contribui\u00e7\u00f5es de redes e organiza\u00e7\u00f5es internacionais, nacionais e de base, bem com<span id=\"result_box\" class=\"\" lang=\"pt\">o parcerias c<span class=\"\">om a academia e os governos locais e nacionais.<\/span><\/span><\/p>\n<pre><a href=\"http:\/\/www.righttothecityplatform.org.br\/global-platform-for-the-right-to-the-city-during-habitat-iii-pics-quotes\/magali_networking\/\" rel=\"attachment wp-att-2214\"><img loading=\"lazy\" decoding=\"async\" class=\"aligncenter wp-image-2214\" src=\"https:\/\/www.right2city.org\/wp-content\/uploads\/2020\/01\/Magali_Networking.jpeg\" alt=\"Magali_Networking\" width=\"340\" height=\"323\" \/><\/a>\n <strong><span id=\"result_box\" class=\"\" lang=\"pt\"><span class=\"\">\"O Direito \u00e0 Cidade n\u00e3o deve ser uma responsabilidade apenas das cidades, devemos aplicar os seus princ\u00edpios a todos os tipos de assentamentos urbanos: da menor at\u00e9 a maior \u00e1rea urbana\" Magali Fricaudet (CGLU)<\/span><\/span><\/strong><\/pre>\n<pre><a href=\"http:\/\/www.righttothecityplatform.org.br\/global-platform-for-the-right-to-the-city-during-habitat-iii-pics-quotes\/mo%cc%82nica-ramirez_habitat\/\" rel=\"attachment wp-att-2215\"><img loading=\"lazy\" decoding=\"async\" class=\"aligncenter wp-image-2215\" src=\"http:\/\/www.righttothecityplatform.org.br\/wp-content\/uploads\/2016\/11\/Mo\u0302nica-Ramirez_Habitat.jpeg\" alt=\"Mo\u0302nica Ramirez_Habitat\" width=\"413\" height=\"275\" \/><\/a>\n <strong><span class=\"\" lang=\"pt\"><span class=\"\">\"H\u00e1 uma desconex\u00e3o entre pr\u00e1ticas e pol\u00edticas, devemos conectar a sociedade civil, os governos e a academia para fazer o interc\u00e2mbio <\/span><\/span><span id=\"result_box\" class=\"\" lang=\"pt\"><span class=\"\">entre conhecimentos pr\u00e1ticos  <\/span><\/span><span id=\"result_box\" class=\"\" lang=\"pt\"><span class=\"\">te\u00f3ricos sobre a habita\u00e7\u00e3o social\".<\/span> <span class=\"\">M\u00f4nica Ram\u00edrez (Habitat para a Humanidade)<\/span><\/span><\/strong><\/pre>\n<pre><a href=\"http:\/\/www.righttothecityplatform.org.br\/global-platform-for-the-right-to-the-city-during-habitat-iii-pics-quotes\/sonia_networking\/\" rel=\"attachment wp-att-2216\"><img loading=\"lazy\" decoding=\"async\" class=\"aligncenter wp-image-2216\" src=\"https:\/\/www.right2city.org\/wp-content\/uploads\/2020\/01\/Sonia_Networking.jpeg\" alt=\"Sonia_Networking\" width=\"333\" height=\"333\" \/><\/a>\n <strong><span id=\"result_box\" class=\"\" lang=\"pt\">\"Precisamos educar as pessoas para participar, precisamos acessar \u00e0s pessoas em uma linguagem com a qual elas possam se envolver, estamos aqui para engajar o n\u00edvel local\" Sonia Dias (WIEGO, Brasil)<\/span><\/strong><\/pre>\n<pre><a href=\"http:\/\/www.righttothecityplatform.org.br\/global-platform-for-the-right-to-the-city-during-habitat-iii-pics-quotes\/marina_joseph_networking\/\" rel=\"attachment wp-att-2217\"><img loading=\"lazy\" decoding=\"async\" class=\"aligncenter wp-image-2217\" src=\"https:\/\/www.right2city.org\/wp-content\/uploads\/2020\/01\/Marina_Joseph_Networking.jpeg\" alt=\"Marina_Joseph_Networking\" width=\"298\" height=\"298\" \/><\/a>\n <strong><span id=\"result_box\" class=\"\" lang=\"pt\"><span class=\"\">\"Como podemos participar no planejamento urbano,? Queremos participar, mas os espa\u00e7os s\u00e3o muito restritos, n\u00e3o queremos apenas ser consultados, queremos espa\u00e7os de real participa\u00e7\u00e3o em todos os n\u00edveis\".<\/span> <span class=\"\">Marina Joseph (YUVA - Juventude pela Unidade e A\u00e7\u00e3o Volunt\u00e1ria, \u00cdndia)<\/span><\/span><\/strong><\/pre>\n<pre><a href=\"http:\/\/www.righttothecityplatform.org.br\/global-platform-for-the-right-to-the-city-during-habitat-iii-pics-quotes\/marcelo_networking\/\" rel=\"attachment wp-att-2218\"><img loading=\"lazy\" decoding=\"async\" class=\"aligncenter wp-image-2218\" src=\"https:\/\/www.right2city.org\/wp-content\/uploads\/2020\/01\/Marcelo_Networking.jpeg\" alt=\"Marcelo_Networking\" width=\"344\" height=\"259\" \/><\/a>\n<strong><span id=\"result_box\" class=\"\" lang=\"pt\"><span class=\"\">\"As mulheres est\u00e3o desfrutando plenamente das cidades?<\/span><\/span> <span id=\"result_box\" class=\"\" lang=\"pt\"><span class=\"\">Na maioria das vezes, as mulheres s\u00e3o invis\u00edveis nos problemas das cidades.<\/span> <span class=\"\">Precisamos abrir or\u00e7amento, planejamento e monitoramento do planejamento urbano \u00e0s mulheres \"Marcelo Montenegro (Action Aid, Brasil)<\/span><\/span><\/strong><\/pre>\n<p><strong><span id=\"result_box\" class=\"\" lang=\"pt\"><span class=\"\">V\u00eddeo do evento Networking:<\/span><br \/>\n<\/span><\/strong><span id=\"result_box\" class=\"\" lang=\"pt\"><br \/>\n<\/span><span class=\"\" lang=\"pt\">Verifique o discurso de Lorena Z\u00e1tare (HIC &#8211; Habitat International Coalition) <a href=\"https:\/\/www.facebook.com\/Right2City\/videos\/1032983653480856\/\">neste v\u00eddeo<\/a>.<\/span><\/p>\n<p><span style=\"color: #ff6600;\"><strong>PLATAFORMA GLOBAL PELO DIREITO \u00c0 CIDADE<\/strong><\/span><\/p>\n<p><span title=\"The Global Platform for the Right to the City (GPR2C) emerged from the initiative of several organizations working from around the world to mobilize national and local governments, and international and regional organizations for a new development paradigm aiming at more inclusive and democratic cities.\">A Plataforma Global pelo Direito \u00e0 Cidade (GPR2C) surgiu a partir da iniciativa de v\u00e1rias organiza\u00e7\u00f5es que trabalham em todo o mundo para mobilizar governos nacionais e locais, e organiza\u00e7\u00f5es internacionais e regionais, para um novo paradigma de desenvolvimento visando cidades mais inclusivas e democr\u00e1ticas. <\/span><span title=\"The GPR2C advocates for the recognition and adoption of the Right to the City in the implementation of public policies;\">O GPR2C defende o reconhecimento e a ado\u00e7\u00e3o do Direito \u00e0 Cidade na implementa\u00e7\u00e3o de pol\u00edticas p\u00fablicas; <\/span><span title=\"therefore it participated, through its members, in different forums and events related to the Habitat III process to promote the Right to the City and to advocate for its adoption as the cornerstone of the New Urban Agenda.\">Participou, por meio de seus membros, em diferentes f\u00f3runs e eventos relacionados ao processo Habitat III para promover o Direito \u00e0 Cidade e defender sua ado\u00e7\u00e3o como pilar da Nova Agenda Urbana.<\/span><\/p>\n<p>&nbsp;<\/p>\n","protected":false},"featured_media":0,"template":"","meta":{"_acf_changed":false,"_et_pb_use_builder":"","_et_pb_old_content":"","_et_gb_content_width":"","cybocfi_hide_featured_image":""},"categories":[],"themes":[],"agendas_globales":[],"class_list":["post-53043","news","type-news","status-publish","hentry"],"acf":[],"yoast_head":"<!-- This site is optimized with the Yoast SEO plugin v27.4 - https:\/\/yoast.com\/product\/yoast-seo-wordpress\/ -->\n<title>Habitat III Evento em Rede: Partindo da Habitat3 para a Implementa\u00e7\u00e3o do Direito \u00e0 Cidade - Fotos, V\u00eddeos e Cita\u00e7\u00f5es - Right to the city<\/title>\n<meta name=\"robots\" content=\"index, follow, max-snippet:-1, max-image-preview:large, max-video-preview:-1\" \/>\n<link rel=\"canonical\" href=\"https:\/\/www.right2city.org\/fr\/news\/habitat-iii-networking-event-moving-from-habitat3-to-implementing-the-right-to-the-city\/\" \/>\n<meta property=\"og:locale\" content=\"fr_FR\" \/>\n<meta property=\"og:type\" content=\"article\" \/>\n<meta property=\"og:title\" content=\"Habitat III Evento em Rede: Partindo da Habitat3 para a Implementa\u00e7\u00e3o do Direito \u00e0 Cidade - Fotos, V\u00eddeos e Cita\u00e7\u00f5es - Right to the city\" \/>\n<meta property=\"og:description\" content=\"A Plataforma Global pelo Direito \u00e0 Cidade realizou v\u00e1rios eventos durante a HABITAT III &#8211; Confer\u00eancia das Na\u00e7\u00f5es Unidas sobre Habita\u00e7\u00e3o e Desenvolvimento Urbano Sustent\u00e1vel &#8211; que aconteceu em Quito, Equador, de 17 a 20 de outubro de 2016. EVENTO DE REDE &#8211; \u00ab\u00a0PARTINDO DA HABITAT3 PARA A IMPLEMENTA\u00c7\u00c3O DO DIREITO \u00c0 CIDADE\u00a0\u00bb Este evento [&hellip;]\" \/>\n<meta property=\"og:url\" content=\"https:\/\/www.right2city.org\/fr\/news\/habitat-iii-networking-event-moving-from-habitat3-to-implementing-the-right-to-the-city\/\" \/>\n<meta property=\"og:site_name\" content=\"Right to the city\" \/>\n<meta property=\"article:modified_time\" content=\"2020-03-18T11:45:11+00:00\" \/>\n<meta property=\"og:image\" content=\"https:\/\/www.right2city.org\/wp-content\/uploads\/2020\/01\/Magali_Networking.jpeg\" \/>\n<meta name=\"twitter:card\" content=\"summary_large_image\" \/>\n<meta name=\"twitter:label1\" content=\"Dur\u00e9e de lecture estim\u00e9e\" \/>\n\t<meta name=\"twitter:data1\" content=\"2 minutes\" \/>\n<script type=\"application\/ld+json\" class=\"yoast-schema-graph\">{\"@context\":\"https:\\\/\\\/schema.org\",\"@graph\":[{\"@type\":\"WebPage\",\"@id\":\"https:\\\/\\\/www.right2city.org\\\/fr\\\/news\\\/habitat-iii-networking-event-moving-from-habitat3-to-implementing-the-right-to-the-city\\\/\",\"url\":\"https:\\\/\\\/www.right2city.org\\\/fr\\\/news\\\/habitat-iii-networking-event-moving-from-habitat3-to-implementing-the-right-to-the-city\\\/\",\"name\":\"Habitat III Evento em Rede: Partindo da Habitat3 para a Implementa\u00e7\u00e3o do Direito \u00e0 Cidade - Fotos, V\u00eddeos e Cita\u00e7\u00f5es - Right to the city\",\"isPartOf\":{\"@id\":\"https:\\\/\\\/www.right2city.org\\\/fr\\\/#website\"},\"primaryImageOfPage\":{\"@id\":\"https:\\\/\\\/www.right2city.org\\\/fr\\\/news\\\/habitat-iii-networking-event-moving-from-habitat3-to-implementing-the-right-to-the-city\\\/#primaryimage\"},\"image\":{\"@id\":\"https:\\\/\\\/www.right2city.org\\\/fr\\\/news\\\/habitat-iii-networking-event-moving-from-habitat3-to-implementing-the-right-to-the-city\\\/#primaryimage\"},\"thumbnailUrl\":\"https:\\\/\\\/www.right2city.org\\\/wp-content\\\/uploads\\\/2020\\\/01\\\/Magali_Networking.jpeg\",\"datePublished\":\"2016-11-30T18:28:27+00:00\",\"dateModified\":\"2020-03-18T11:45:11+00:00\",\"breadcrumb\":{\"@id\":\"https:\\\/\\\/www.right2city.org\\\/fr\\\/news\\\/habitat-iii-networking-event-moving-from-habitat3-to-implementing-the-right-to-the-city\\\/#breadcrumb\"},\"inLanguage\":\"fr-FR\",\"potentialAction\":[{\"@type\":\"ReadAction\",\"target\":[\"https:\\\/\\\/www.right2city.org\\\/fr\\\/news\\\/habitat-iii-networking-event-moving-from-habitat3-to-implementing-the-right-to-the-city\\\/\"]}]},{\"@type\":\"ImageObject\",\"inLanguage\":\"fr-FR\",\"@id\":\"https:\\\/\\\/www.right2city.org\\\/fr\\\/news\\\/habitat-iii-networking-event-moving-from-habitat3-to-implementing-the-right-to-the-city\\\/#primaryimage\",\"url\":\"https:\\\/\\\/www.right2city.org\\\/wp-content\\\/uploads\\\/2020\\\/01\\\/Magali_Networking.jpeg\",\"contentUrl\":\"https:\\\/\\\/www.right2city.org\\\/wp-content\\\/uploads\\\/2020\\\/01\\\/Magali_Networking.jpeg\"},{\"@type\":\"BreadcrumbList\",\"@id\":\"https:\\\/\\\/www.right2city.org\\\/fr\\\/news\\\/habitat-iii-networking-event-moving-from-habitat3-to-implementing-the-right-to-the-city\\\/#breadcrumb\",\"itemListElement\":[{\"@type\":\"ListItem\",\"position\":1,\"name\":\"Home\",\"item\":\"https:\\\/\\\/www.right2city.org\\\/fr\\\/\"},{\"@type\":\"ListItem\",\"position\":2,\"name\":\"Nouvelles\",\"item\":\"https:\\\/\\\/www.right2city.org\\\/fr\\\/news\\\/\"},{\"@type\":\"ListItem\",\"position\":3,\"name\":\"Habitat III Evento em Rede: Partindo da Habitat3 para a Implementa\u00e7\u00e3o do Direito \u00e0 Cidade &#8211; Fotos, V\u00eddeos e Cita\u00e7\u00f5es\"}]},{\"@type\":\"WebSite\",\"@id\":\"https:\\\/\\\/www.right2city.org\\\/fr\\\/#website\",\"url\":\"https:\\\/\\\/www.right2city.org\\\/fr\\\/\",\"name\":\"Right to the city\",\"description\":\"Global Platform for the Right to the City\",\"potentialAction\":[{\"@type\":\"SearchAction\",\"target\":{\"@type\":\"EntryPoint\",\"urlTemplate\":\"https:\\\/\\\/www.right2city.org\\\/fr\\\/?s={search_term_string}\"},\"query-input\":{\"@type\":\"PropertyValueSpecification\",\"valueRequired\":true,\"valueName\":\"search_term_string\"}}],\"inLanguage\":\"fr-FR\"}]}<\/script>\n<!-- \/ Yoast SEO plugin. -->","yoast_head_json":{"title":"Habitat III Evento em Rede: Partindo da Habitat3 para a Implementa\u00e7\u00e3o do Direito \u00e0 Cidade - Fotos, V\u00eddeos e Cita\u00e7\u00f5es - Right to the city","robots":{"index":"index","follow":"follow","max-snippet":"max-snippet:-1","max-image-preview":"max-image-preview:large","max-video-preview":"max-video-preview:-1"},"canonical":"https:\/\/www.right2city.org\/fr\/news\/habitat-iii-networking-event-moving-from-habitat3-to-implementing-the-right-to-the-city\/","og_locale":"fr_FR","og_type":"article","og_title":"Habitat III Evento em Rede: Partindo da Habitat3 para a Implementa\u00e7\u00e3o do Direito \u00e0 Cidade - Fotos, V\u00eddeos e Cita\u00e7\u00f5es - Right to the city","og_description":"A Plataforma Global pelo Direito \u00e0 Cidade realizou v\u00e1rios eventos durante a HABITAT III &#8211; Confer\u00eancia das Na\u00e7\u00f5es Unidas sobre Habita\u00e7\u00e3o e Desenvolvimento Urbano Sustent\u00e1vel &#8211; que aconteceu em Quito, Equador, de 17 a 20 de outubro de 2016. EVENTO DE REDE &#8211; \u00ab\u00a0PARTINDO DA HABITAT3 PARA A IMPLEMENTA\u00c7\u00c3O DO DIREITO \u00c0 CIDADE\u00a0\u00bb Este evento [&hellip;]","og_url":"https:\/\/www.right2city.org\/fr\/news\/habitat-iii-networking-event-moving-from-habitat3-to-implementing-the-right-to-the-city\/","og_site_name":"Right to the city","article_modified_time":"2020-03-18T11:45:11+00:00","og_image":[{"url":"https:\/\/www.right2city.org\/wp-content\/uploads\/2020\/01\/Magali_Networking.jpeg","type":"","width":"","height":""}],"twitter_card":"summary_large_image","twitter_misc":{"Dur\u00e9e de lecture estim\u00e9e":"2 minutes"},"schema":{"@context":"https:\/\/schema.org","@graph":[{"@type":"WebPage","@id":"https:\/\/www.right2city.org\/fr\/news\/habitat-iii-networking-event-moving-from-habitat3-to-implementing-the-right-to-the-city\/","url":"https:\/\/www.right2city.org\/fr\/news\/habitat-iii-networking-event-moving-from-habitat3-to-implementing-the-right-to-the-city\/","name":"Habitat III Evento em Rede: Partindo da Habitat3 para a Implementa\u00e7\u00e3o do Direito \u00e0 Cidade - Fotos, V\u00eddeos e Cita\u00e7\u00f5es - Right to the city","isPartOf":{"@id":"https:\/\/www.right2city.org\/fr\/#website"},"primaryImageOfPage":{"@id":"https:\/\/www.right2city.org\/fr\/news\/habitat-iii-networking-event-moving-from-habitat3-to-implementing-the-right-to-the-city\/#primaryimage"},"image":{"@id":"https:\/\/www.right2city.org\/fr\/news\/habitat-iii-networking-event-moving-from-habitat3-to-implementing-the-right-to-the-city\/#primaryimage"},"thumbnailUrl":"https:\/\/www.right2city.org\/wp-content\/uploads\/2020\/01\/Magali_Networking.jpeg","datePublished":"2016-11-30T18:28:27+00:00","dateModified":"2020-03-18T11:45:11+00:00","breadcrumb":{"@id":"https:\/\/www.right2city.org\/fr\/news\/habitat-iii-networking-event-moving-from-habitat3-to-implementing-the-right-to-the-city\/#breadcrumb"},"inLanguage":"fr-FR","potentialAction":[{"@type":"ReadAction","target":["https:\/\/www.right2city.org\/fr\/news\/habitat-iii-networking-event-moving-from-habitat3-to-implementing-the-right-to-the-city\/"]}]},{"@type":"ImageObject","inLanguage":"fr-FR","@id":"https:\/\/www.right2city.org\/fr\/news\/habitat-iii-networking-event-moving-from-habitat3-to-implementing-the-right-to-the-city\/#primaryimage","url":"https:\/\/www.right2city.org\/wp-content\/uploads\/2020\/01\/Magali_Networking.jpeg","contentUrl":"https:\/\/www.right2city.org\/wp-content\/uploads\/2020\/01\/Magali_Networking.jpeg"},{"@type":"BreadcrumbList","@id":"https:\/\/www.right2city.org\/fr\/news\/habitat-iii-networking-event-moving-from-habitat3-to-implementing-the-right-to-the-city\/#breadcrumb","itemListElement":[{"@type":"ListItem","position":1,"name":"Home","item":"https:\/\/www.right2city.org\/fr\/"},{"@type":"ListItem","position":2,"name":"Nouvelles","item":"https:\/\/www.right2city.org\/fr\/news\/"},{"@type":"ListItem","position":3,"name":"Habitat III Evento em Rede: Partindo da Habitat3 para a Implementa\u00e7\u00e3o do Direito \u00e0 Cidade &#8211; Fotos, V\u00eddeos e Cita\u00e7\u00f5es"}]},{"@type":"WebSite","@id":"https:\/\/www.right2city.org\/fr\/#website","url":"https:\/\/www.right2city.org\/fr\/","name":"Right to the city","description":"Global Platform for the Right to the City","potentialAction":[{"@type":"SearchAction","target":{"@type":"EntryPoint","urlTemplate":"https:\/\/www.right2city.org\/fr\/?s={search_term_string}"},"query-input":{"@type":"PropertyValueSpecification","valueRequired":true,"valueName":"search_term_string"}}],"inLanguage":"fr-FR"}]}},"_links":{"self":[{"href":"https:\/\/www.right2city.org\/fr\/wp-json\/wp\/v2\/news\/53043","targetHints":{"allow":["GET"]}}],"collection":[{"href":"https:\/\/www.right2city.org\/fr\/wp-json\/wp\/v2\/news"}],"about":[{"href":"https:\/\/www.right2city.org\/fr\/wp-json\/wp\/v2\/types\/news"}],"wp:attachment":[{"href":"https:\/\/www.right2city.org\/fr\/wp-json\/wp\/v2\/media?parent=53043"}],"wp:term":[{"taxonomy":"category","embeddable":true,"href":"https:\/\/www.right2city.org\/fr\/wp-json\/wp\/v2\/categories?post=53043"},{"taxonomy":"themes","embeddable":true,"href":"https:\/\/www.right2city.org\/fr\/wp-json\/wp\/v2\/themes?post=53043"},{"taxonomy":"agendas_globales","embeddable":true,"href":"https:\/\/www.right2city.org\/fr\/wp-json\/wp\/v2\/agendas_globales?post=53043"}],"curies":[{"name":"wp","href":"https:\/\/api.w.org\/{rel}","templated":true}]}}