{"id":53044,"date":"2016-11-30T20:31:04","date_gmt":"2016-11-30T18:31:04","guid":{"rendered":"https:\/\/www.right2city.org\/news\/2347-2\/"},"modified":"2020-03-18T13:45:15","modified_gmt":"2020-03-18T11:45:15","slug":"2347-2","status":"publish","type":"news","link":"https:\/\/www.right2city.org\/fr\/news\/2347-2\/","title":{"rendered":"Habitat III Di\u00e1logos: Direito \u00e0 Cidade e Cidade para Todos &#8211; Fotos, V\u00eddeos e Cita\u00e7\u00f5es"},"content":{"rendered":"<p><span id=\"result_box\" class=\"\" lang=\"pt\"><\/span>A Plataforma Global pelo Direito \u00e0 Cidade realizou v\u00e1rios eventos durante a HABITAT III &#8211; Confer\u00eancia das Na\u00e7\u00f5es Unidas sobre Habita\u00e7\u00e3o e Desenvolvimento Urbano Sustent\u00e1vel &#8211; que aconteceu em Quito, Equador, de 17 a 20 de outubro de 2016.<\/p>\n<p><span style=\"color: #ff6600;\"><strong>DI\u00c1LOGOS: DIREITO \u00c0 CIDADE E CIDADE PARA TODOS<\/strong><\/span><\/p>\n<p>A Sess\u00e3o de Di\u00e1logo aconteceu no dia 18 de outubro na Casa da Cultura Ecuatoriana e proporcionou um espa\u00e7o para a discuss\u00e3o de quest\u00f5es relacionadas ao \u00ab\u00a0Direito \u00e0 Cidade\u00a0\u00bb e \u00ab\u00a0Cidades para Todos\u00a0\u00bb, incorporados na Nova Agenda Urbana. <span class=\"\">Al\u00e9m disso, um dos principais objetivos da sess\u00e3o foi discutir a implementa\u00e7\u00e3o p\u00f3s-Habitat III da Nova Agenda Urbana, bem como os mecanismos de acompanhamento, os compromissos dos Estados, o papel dos governos locais e como promover a participa\u00e7\u00e3o cidad\u00e3 e a responsabilidade compartilhada<\/span> em dire\u00e7\u00e3o \u00e0<span class=\"\"> uma agenda sustent\u00e1vel e inclusiva.<\/span><\/p>\n<pre><a href=\"http:\/\/www.righttothecityplatform.org.br\/global-platform-for-the-right-to-the-city-during-habitat-iii-pics-quotes\/nelson_dialogues-2\/\" rel=\"attachment wp-att-2228\"><img loading=\"lazy\" decoding=\"async\" class=\"aligncenter wp-image-2228\" src=\"https:\/\/www.right2city.org\/wp-content\/uploads\/2020\/01\/Nelson_Dialogues-1.jpeg\" alt=\"Nelson_Dialogues\" width=\"336\" height=\"321\" \/><\/a><strong><span id=\"result_box\" class=\"\" lang=\"pt\">\"Em primeiro lugar, devemos celebrar o Direito \u00e0 Cidade na Nova Agenda Urbana! A partir de agora devemos parar de revisar o texto da NAU e iniciar a implementa\u00e7\u00e3o concreta do Direito \u00e0 Cidade. Usar os indicadores e as informa\u00e7\u00f5es que produzimos durante todos e<span class=\"\">ste processo at\u00e9 Habitat3, e mapear quem s\u00e3o as organiza\u00e7\u00f5es e institui\u00e7\u00f5es sociais (nos n\u00edveis global, nacional e local) comprometidas com o Direito \u00e0 Cidade \".<\/span> <span class=\"\">Nelson Saule (Instituto P\u00f3lis)<\/span><\/span><\/strong><\/pre>\n<pre><a href=\"http:\/\/www.righttothecityplatform.org.br\/global-platform-for-the-right-to-the-city-during-habitat-iii-pics-quotes\/augusto_dialogues2\/\" rel=\"attachment wp-att-2230\"><img loading=\"lazy\" decoding=\"async\" class=\"aligncenter wp-image-2230\" src=\"https:\/\/www.right2city.org\/wp-content\/uploads\/2020\/01\/augusto_Dialogues2.jpeg\" alt=\"augusto_Dialogues2\" width=\"349\" height=\"403\" \/><\/a><strong><span id=\"result_box\" class=\"\" lang=\"pt\"><span class=\"\">\"O direito \u00e0 cidade foi incorporado na Nova Agenda Urbana e isso \u00e9 uma conquista importante, mas sua defini\u00e7\u00e3o, como est\u00e1 na agenda, carece de um elemento fundamental: a cidade entendida como um bem comum\".<\/span> <span class=\"\">Augusto Barrera (FLACSO)<\/span><\/span><\/strong><\/pre>\n<pre><a href=\"http:\/\/www.righttothecityplatform.org.br\/global-platform-for-the-right-to-the-city-during-habitat-iii-pics-quotes\/anafalu\/\" rel=\"attachment wp-att-2231\"><img loading=\"lazy\" decoding=\"async\" class=\"aligncenter wp-image-2231\" src=\"https:\/\/www.right2city.org\/wp-content\/uploads\/2020\/01\/AnaFalu.jpeg\" alt=\"AnaFalu\" width=\"380\" height=\"375\" \/><\/a><strong><span id=\"result_box\" class=\"\" lang=\"pt\"><span class=\"\">\"N\u00e3o podemos falar de moradia se n\u00e3o falarmos da cidade, e a produ\u00e7\u00e3o social do habitat foi realizada principalmente por mulheres. H\u00e1 uma omiss\u00e3o e expuls\u00e3o das pessoas invis\u00edveis, mesmo dentro das pr\u00f3prias ONGs e movimentos sociais.<\/span> <span class=\"\">As cidades n\u00e3o s\u00e3o vistas e usadas de uma \u00fanica maneira. N\u00e3o avan\u00e7aremos na Nova Agenda Urbana se n\u00e3o enfrentarmos a enorme desigualdade de g\u00eanero. A pobreza n\u00e3o \u00e9 apenas uma quest\u00e3o econ\u00f4mica: tamb\u00e9m temos pobreza de direitos\".<\/span> <span class=\"\">Ana Fal\u00fa (Universidade Nacional de C\u00f3rdoba, Argentina)<\/span><\/span><\/strong><\/pre>\n<p style=\"text-align: justify;\"><strong><span id=\"result_box\" class=\"\" lang=\"pt\">V\u00eddeos do Evento de Di\u00e1logo:<\/p>\n<p><\/span><\/strong><span id=\"result_box\" class=\"\" lang=\"pt\">Confira o discurso de Augusto Barrera (FLACSO) <a href=\"https:\/\/www.facebook.com\/Right2City\/videos\/1032008040245084\/\">neste v\u00eddeo<\/a>.<\/span><span class=\"\" lang=\"pt\"><\/p>\n<p>Verifique o discurso de Ana Fal\u00fa (Universidade Nacional de C\u00f3rdoba, Argentina) <a href=\"https:\/\/www.facebook.com\/Right2City\/videos\/1032010110244877\/\">neste v\u00eddeo<\/a>.<\/p>\n<p>Veja o discurso de Ros\u00e1rio Robles (M\u00e9xico) <a href=\"https:\/\/www.facebook.com\/Right2City\/videos\/1032010200244868\/\">neste v\u00eddeo<\/a>.<\/p>\n<p><span class=\"\">Verifique o discurso de Nelson Saule (P\u00f3lis Institute) <a href=\"https:\/\/www.facebook.com\/Right2City\/videos\/1032010423578179\/\">neste v\u00eddeo<\/a>.<\/span><\/p>\n<p><span style=\"color: #ff6600;\"><strong><span class=\"\">A PLATAFORMA GLOBAL PELO DIREITO \u00c0 CIDADE<\/span><\/strong><\/span><br \/>\n<\/span><\/p>\n<p><span title=\"The Global Platform for the Right to the City (GPR2C) emerged from the initiative of several organizations working from around the world to mobilize national and local governments, and international and regional organizations for a new development paradigm aiming at more inclusive and democratic cities.\">A Plataforma Global pelo Direito \u00e0 Cidade (GPR2C) surgiu a partir da iniciativa de v\u00e1rias organiza\u00e7\u00f5es que trabalham em todo o mundo para mobilizar governos nacionais e locais, e organiza\u00e7\u00f5es internacionais e regionais, para um novo paradigma de desenvolvimento visando cidades mais inclusivas e democr\u00e1ticas. <\/span><span title=\"The GPR2C advocates for the recognition and adoption of the Right to the City in the implementation of public policies;\">O GPR2C defende o reconhecimento e a ado\u00e7\u00e3o do Direito \u00e0 Cidade na implementa\u00e7\u00e3o de pol\u00edticas p\u00fablicas; <\/span><span title=\"therefore it participated, through its members, in different forums and events related to the Habitat III process to promote the Right to the City and to advocate for its adoption as the cornerstone of the New Urban Agenda.\">Participou, por meio de seus membros, em diferentes f\u00f3runs e eventos relacionados ao processo Habitat III para promover o Direito \u00e0 Cidade e defender sua ado\u00e7\u00e3o como pilar da Nova Agenda Urbana.<\/span><\/p>\n","protected":false},"featured_media":55302,"template":"","meta":{"_acf_changed":false,"_et_pb_use_builder":"","_et_pb_old_content":"","_et_gb_content_width":"","cybocfi_hide_featured_image":""},"categories":[],"themes":[],"agendas_globales":[257,259],"class_list":["post-53044","news","type-news","status-publish","has-post-thumbnail","hentry","agendas_globales-habitat-iii-fr","agendas_globales-habitat-iii-nua-fr"],"acf":[],"yoast_head":"<!-- This site is optimized with the Yoast SEO plugin v27.5 - https:\/\/yoast.com\/product\/yoast-seo-wordpress\/ -->\n<title>Habitat III Di\u00e1logos: Direito \u00e0 Cidade e Cidade para Todos - Fotos, V\u00eddeos e Cita\u00e7\u00f5es - Right to the city<\/title>\n<meta name=\"robots\" content=\"index, follow, max-snippet:-1, max-image-preview:large, max-video-preview:-1\" \/>\n<link rel=\"canonical\" href=\"https:\/\/www.right2city.org\/fr\/news\/2347-2\/\" \/>\n<meta property=\"og:locale\" content=\"fr_FR\" \/>\n<meta property=\"og:type\" content=\"article\" \/>\n<meta property=\"og:title\" content=\"Habitat III Di\u00e1logos: Direito \u00e0 Cidade e Cidade para Todos - Fotos, V\u00eddeos e Cita\u00e7\u00f5es - Right to the city\" \/>\n<meta property=\"og:description\" content=\"A Plataforma Global pelo Direito \u00e0 Cidade realizou v\u00e1rios eventos durante a HABITAT III &#8211; Confer\u00eancia das Na\u00e7\u00f5es Unidas sobre Habita\u00e7\u00e3o e Desenvolvimento Urbano Sustent\u00e1vel &#8211; que aconteceu em Quito, Equador, de 17 a 20 de outubro de 2016. DI\u00c1LOGOS: DIREITO \u00c0 CIDADE E CIDADE PARA TODOS A Sess\u00e3o de Di\u00e1logo aconteceu no dia 18 [&hellip;]\" \/>\n<meta property=\"og:url\" content=\"https:\/\/www.right2city.org\/fr\/news\/2347-2\/\" \/>\n<meta property=\"og:site_name\" content=\"Right to the city\" \/>\n<meta property=\"article:modified_time\" content=\"2020-03-18T11:45:15+00:00\" \/>\n<meta property=\"og:image\" content=\"https:\/\/www.right2city.org\/wp-content\/uploads\/2016\/11\/Nelson_Dialogues-1.jpeg\" \/>\n\t<meta property=\"og:image:width\" content=\"960\" \/>\n\t<meta property=\"og:image:height\" content=\"960\" \/>\n\t<meta property=\"og:image:type\" content=\"image\/jpeg\" \/>\n<meta name=\"twitter:card\" content=\"summary_large_image\" \/>\n<meta name=\"twitter:label1\" content=\"Dur\u00e9e de lecture estim\u00e9e\" \/>\n\t<meta name=\"twitter:data1\" content=\"3 minutes\" \/>\n<script type=\"application\/ld+json\" class=\"yoast-schema-graph\">{\"@context\":\"https:\\\/\\\/schema.org\",\"@graph\":[{\"@type\":\"WebPage\",\"@id\":\"https:\\\/\\\/www.right2city.org\\\/fr\\\/news\\\/2347-2\\\/\",\"url\":\"https:\\\/\\\/www.right2city.org\\\/fr\\\/news\\\/2347-2\\\/\",\"name\":\"Habitat III Di\u00e1logos: Direito \u00e0 Cidade e Cidade para Todos - Fotos, V\u00eddeos e Cita\u00e7\u00f5es - Right to the city\",\"isPartOf\":{\"@id\":\"https:\\\/\\\/www.right2city.org\\\/fr\\\/#website\"},\"primaryImageOfPage\":{\"@id\":\"https:\\\/\\\/www.right2city.org\\\/fr\\\/news\\\/2347-2\\\/#primaryimage\"},\"image\":{\"@id\":\"https:\\\/\\\/www.right2city.org\\\/fr\\\/news\\\/2347-2\\\/#primaryimage\"},\"thumbnailUrl\":\"https:\\\/\\\/www.right2city.org\\\/wp-content\\\/uploads\\\/2016\\\/11\\\/Nelson_Dialogues-1.jpeg\",\"datePublished\":\"2016-11-30T18:31:04+00:00\",\"dateModified\":\"2020-03-18T11:45:15+00:00\",\"breadcrumb\":{\"@id\":\"https:\\\/\\\/www.right2city.org\\\/fr\\\/news\\\/2347-2\\\/#breadcrumb\"},\"inLanguage\":\"fr-FR\",\"potentialAction\":[{\"@type\":\"ReadAction\",\"target\":[\"https:\\\/\\\/www.right2city.org\\\/fr\\\/news\\\/2347-2\\\/\"]}]},{\"@type\":\"ImageObject\",\"inLanguage\":\"fr-FR\",\"@id\":\"https:\\\/\\\/www.right2city.org\\\/fr\\\/news\\\/2347-2\\\/#primaryimage\",\"url\":\"https:\\\/\\\/www.right2city.org\\\/wp-content\\\/uploads\\\/2016\\\/11\\\/Nelson_Dialogues-1.jpeg\",\"contentUrl\":\"https:\\\/\\\/www.right2city.org\\\/wp-content\\\/uploads\\\/2016\\\/11\\\/Nelson_Dialogues-1.jpeg\",\"width\":960,\"height\":960},{\"@type\":\"BreadcrumbList\",\"@id\":\"https:\\\/\\\/www.right2city.org\\\/fr\\\/news\\\/2347-2\\\/#breadcrumb\",\"itemListElement\":[{\"@type\":\"ListItem\",\"position\":1,\"name\":\"Home\",\"item\":\"https:\\\/\\\/www.right2city.org\\\/fr\\\/\"},{\"@type\":\"ListItem\",\"position\":2,\"name\":\"Nouvelles\",\"item\":\"https:\\\/\\\/www.right2city.org\\\/fr\\\/news\\\/\"},{\"@type\":\"ListItem\",\"position\":3,\"name\":\"Habitat III Di\u00e1logos: Direito \u00e0 Cidade e Cidade para Todos &#8211; Fotos, V\u00eddeos e Cita\u00e7\u00f5es\"}]},{\"@type\":\"WebSite\",\"@id\":\"https:\\\/\\\/www.right2city.org\\\/fr\\\/#website\",\"url\":\"https:\\\/\\\/www.right2city.org\\\/fr\\\/\",\"name\":\"Right to the city\",\"description\":\"Global Platform for the Right to the City\",\"potentialAction\":[{\"@type\":\"SearchAction\",\"target\":{\"@type\":\"EntryPoint\",\"urlTemplate\":\"https:\\\/\\\/www.right2city.org\\\/fr\\\/?s={search_term_string}\"},\"query-input\":{\"@type\":\"PropertyValueSpecification\",\"valueRequired\":true,\"valueName\":\"search_term_string\"}}],\"inLanguage\":\"fr-FR\"}]}<\/script>\n<!-- \/ Yoast SEO plugin. -->","yoast_head_json":{"title":"Habitat III Di\u00e1logos: Direito \u00e0 Cidade e Cidade para Todos - Fotos, V\u00eddeos e Cita\u00e7\u00f5es - Right to the city","robots":{"index":"index","follow":"follow","max-snippet":"max-snippet:-1","max-image-preview":"max-image-preview:large","max-video-preview":"max-video-preview:-1"},"canonical":"https:\/\/www.right2city.org\/fr\/news\/2347-2\/","og_locale":"fr_FR","og_type":"article","og_title":"Habitat III Di\u00e1logos: Direito \u00e0 Cidade e Cidade para Todos - Fotos, V\u00eddeos e Cita\u00e7\u00f5es - Right to the city","og_description":"A Plataforma Global pelo Direito \u00e0 Cidade realizou v\u00e1rios eventos durante a HABITAT III &#8211; Confer\u00eancia das Na\u00e7\u00f5es Unidas sobre Habita\u00e7\u00e3o e Desenvolvimento Urbano Sustent\u00e1vel &#8211; que aconteceu em Quito, Equador, de 17 a 20 de outubro de 2016. DI\u00c1LOGOS: DIREITO \u00c0 CIDADE E CIDADE PARA TODOS A Sess\u00e3o de Di\u00e1logo aconteceu no dia 18 [&hellip;]","og_url":"https:\/\/www.right2city.org\/fr\/news\/2347-2\/","og_site_name":"Right to the city","article_modified_time":"2020-03-18T11:45:15+00:00","og_image":[{"width":960,"height":960,"url":"https:\/\/www.right2city.org\/wp-content\/uploads\/2016\/11\/Nelson_Dialogues-1.jpeg","type":"image\/jpeg"}],"twitter_card":"summary_large_image","twitter_misc":{"Dur\u00e9e de lecture estim\u00e9e":"3 minutes"},"schema":{"@context":"https:\/\/schema.org","@graph":[{"@type":"WebPage","@id":"https:\/\/www.right2city.org\/fr\/news\/2347-2\/","url":"https:\/\/www.right2city.org\/fr\/news\/2347-2\/","name":"Habitat III Di\u00e1logos: Direito \u00e0 Cidade e Cidade para Todos - Fotos, V\u00eddeos e Cita\u00e7\u00f5es - Right to the city","isPartOf":{"@id":"https:\/\/www.right2city.org\/fr\/#website"},"primaryImageOfPage":{"@id":"https:\/\/www.right2city.org\/fr\/news\/2347-2\/#primaryimage"},"image":{"@id":"https:\/\/www.right2city.org\/fr\/news\/2347-2\/#primaryimage"},"thumbnailUrl":"https:\/\/www.right2city.org\/wp-content\/uploads\/2016\/11\/Nelson_Dialogues-1.jpeg","datePublished":"2016-11-30T18:31:04+00:00","dateModified":"2020-03-18T11:45:15+00:00","breadcrumb":{"@id":"https:\/\/www.right2city.org\/fr\/news\/2347-2\/#breadcrumb"},"inLanguage":"fr-FR","potentialAction":[{"@type":"ReadAction","target":["https:\/\/www.right2city.org\/fr\/news\/2347-2\/"]}]},{"@type":"ImageObject","inLanguage":"fr-FR","@id":"https:\/\/www.right2city.org\/fr\/news\/2347-2\/#primaryimage","url":"https:\/\/www.right2city.org\/wp-content\/uploads\/2016\/11\/Nelson_Dialogues-1.jpeg","contentUrl":"https:\/\/www.right2city.org\/wp-content\/uploads\/2016\/11\/Nelson_Dialogues-1.jpeg","width":960,"height":960},{"@type":"BreadcrumbList","@id":"https:\/\/www.right2city.org\/fr\/news\/2347-2\/#breadcrumb","itemListElement":[{"@type":"ListItem","position":1,"name":"Home","item":"https:\/\/www.right2city.org\/fr\/"},{"@type":"ListItem","position":2,"name":"Nouvelles","item":"https:\/\/www.right2city.org\/fr\/news\/"},{"@type":"ListItem","position":3,"name":"Habitat III Di\u00e1logos: Direito \u00e0 Cidade e Cidade para Todos &#8211; Fotos, V\u00eddeos e Cita\u00e7\u00f5es"}]},{"@type":"WebSite","@id":"https:\/\/www.right2city.org\/fr\/#website","url":"https:\/\/www.right2city.org\/fr\/","name":"Right to the city","description":"Global Platform for the Right to the City","potentialAction":[{"@type":"SearchAction","target":{"@type":"EntryPoint","urlTemplate":"https:\/\/www.right2city.org\/fr\/?s={search_term_string}"},"query-input":{"@type":"PropertyValueSpecification","valueRequired":true,"valueName":"search_term_string"}}],"inLanguage":"fr-FR"}]}},"_links":{"self":[{"href":"https:\/\/www.right2city.org\/fr\/wp-json\/wp\/v2\/news\/53044","targetHints":{"allow":["GET"]}}],"collection":[{"href":"https:\/\/www.right2city.org\/fr\/wp-json\/wp\/v2\/news"}],"about":[{"href":"https:\/\/www.right2city.org\/fr\/wp-json\/wp\/v2\/types\/news"}],"wp:featuredmedia":[{"embeddable":true,"href":"https:\/\/www.right2city.org\/fr\/wp-json\/wp\/v2\/media\/55302"}],"wp:attachment":[{"href":"https:\/\/www.right2city.org\/fr\/wp-json\/wp\/v2\/media?parent=53044"}],"wp:term":[{"taxonomy":"category","embeddable":true,"href":"https:\/\/www.right2city.org\/fr\/wp-json\/wp\/v2\/categories?post=53044"},{"taxonomy":"themes","embeddable":true,"href":"https:\/\/www.right2city.org\/fr\/wp-json\/wp\/v2\/themes?post=53044"},{"taxonomy":"agendas_globales","embeddable":true,"href":"https:\/\/www.right2city.org\/fr\/wp-json\/wp\/v2\/agendas_globales?post=53044"}],"curies":[{"name":"wp","href":"https:\/\/api.w.org\/{rel}","templated":true}]}}