{"id":53046,"date":"2016-12-01T15:16:35","date_gmt":"2016-12-01T13:16:35","guid":{"rendered":"https:\/\/www.right2city.org\/news\/habitat-iii-visual-art-by-global-platform-for-the-right-to-the-city\/"},"modified":"2020-05-14T14:12:11","modified_gmt":"2020-05-14T12:12:11","slug":"habitat-iii-visual-art-by-global-platform-for-the-right-to-the-city","status":"publish","type":"news","link":"https:\/\/www.right2city.org\/fr\/news\/habitat-iii-visual-art-by-global-platform-for-the-right-to-the-city\/","title":{"rendered":"Habitat III Artes Visuais da Plataforma Global para o Direito \u00e0 Cidade"},"content":{"rendered":"<p style=\"text-align: justify;\"><span id=\"result_box\" class=\"\" lang=\"pt\"><span class=\"\">A Plataforma Global pelo Direito \u00e0 Cidade realizou v\u00e1rios eventos durante a HABITAT III &#8211; Confer\u00eancia das Na\u00e7\u00f5es Unidas sobre Habita\u00e7\u00e3o e Desenvolvimento Urbano Sustent\u00e1vel &#8211; que aconteceu em Quito, Equador, de 17 a 20 de outubro de 2016.<\/span><\/span><\/p>\n<p style=\"text-align: justify;\"><span style=\"color: #ff6600;\"><strong><span class=\"\">ARTE VISUAL PELA PLATAFORMA GLOBAL PELO O DIREITO \u00c0 CIDADE<\/span><\/strong><\/span><\/p>\n<p style=\"text-align: justify;\"><strong><span class=\"\" style=\"color: #ff6600;\">PROYECTAZO RIGHT2CITY<\/span><\/strong><\/p>\n<p style=\"text-align: justify;\"><span class=\"\">O v\u00eddeo PROYECTAZO RIGHT2CITY foi projetado nas paredes do centro hist\u00f3rico de Quito no dia 19 de outubro asw 21:30h, na Calle Guayaquil S1-64 e Morales (La Ronda), com mensagens sobre o Direito \u00e0 Cidade no mundo inteiro.<\/span> <span class=\"\">O evento aconteceu no contexto do Festival da Luz e Habitat3 e foi uma parceria entre a Plataforma Global pelo Direito \u00e0 Cidade e a Frente Cultural de La Ronda.<\/span> O<span class=\"\"> videoarte foi produzido por Tama Savaget, Carolina Caff\u00e9 e J\u00f4natas Ribeiro de Paula, e realizado pelo colectivo Fixo com trilha sonora de Rvincenzo.<\/span><\/p>\n<p style=\"text-align: justify;\"><a href=\"http:\/\/www.righttothecityplatform.org.br\/habitat-iii-visual-art-by-global-platform-for-the-right-to-the-city\/2016-12-01-photo-00000024\/\" rel=\"attachment wp-att-2362\"><img loading=\"lazy\" decoding=\"async\" class=\"wp-image-2362 alignleft\" src=\"https:\/\/www.right2city.org\/wp-content\/uploads\/2020\/01\/2016-12-01-PHOTO-00000024.jpg\" alt=\"2016-12-01-PHOTO-00000024\" width=\"356\" height=\"180\" \/><\/a><a href=\"http:\/\/www.righttothecityplatform.org.br\/habitat-iii-visual-art-by-global-platform-for-the-right-to-the-city\/2016-12-01-photo-00000023\/\" rel=\"attachment wp-att-2363\"><img loading=\"lazy\" decoding=\"async\" class=\"wp-image-2363 alignleft\" src=\"https:\/\/www.right2city.org\/wp-content\/uploads\/2020\/01\/2016-12-01-PHOTO-00000023.jpg\" alt=\"2016-12-01-PHOTO-00000023\" width=\"355\" height=\"202\" \/><\/a><\/p>\n<pre>Whatch the complete video art projection here.<\/pre>\n<pre>Whach the live of the video art projection <a href=\"https:\/\/www.facebook.com\/Right2City\/videos\/1033217526790802\/\">here<\/a>.<\/pre>\n<h6 style=\"text-align: justify;\"><a href=\"http:\/\/www.righttothecityplatform.org.br\/habitat-iii-visual-art-by-global-platform-for-the-right-to-the-city\/tama_carol\/\" rel=\"attachment wp-att-2369\"><img loading=\"lazy\" decoding=\"async\" class=\"wp-image-2369 alignleft\" src=\"https:\/\/www.right2city.org\/wp-content\/uploads\/2020\/01\/Tama_Carol.jpg\" alt=\"Tama_Carol\" width=\"281\" height=\"362\" \/><\/a><\/h6>\n<pre class=\"gt-hl-layer\" dir=\"ltr\"><span class=\"short_text\" lang=\"en\"><span class=\"\"><span class=\"\" lang=\"pt\">Na foto: Carolina Caff\u00e9 e Tama Savaget desenham <\/span><\/span><\/span><span id=\"result_box\" class=\"short_text\" lang=\"en\"><span class=\"\"><span id=\"result_box\" class=\"\" lang=\"pt\">nas ruas <\/span><\/span><\/span><span id=\"result_box\" class=\"short_text\" lang=\"en\"><span class=\"\"><span id=\"result_box\" class=\"\" lang=\"pt\">mensagens sobre o Direito \u00e0 Cidade com metralhadoras de luz.\r\n\r\n<\/span><\/span><\/span><span id=\"result_box\" class=\"\" lang=\"pt\"><span class=\"\">\"Foi realmente incr\u00edvel interagir com pessoas fora do Habitat3 com o PROYECTAZO RIGHT2CITY. Eu realmente acredito no poder de transforma\u00e7\u00e3o da arte e comunica\u00e7\u00e3o junto \u00e0s ruas. N\u00f3s podemos educar pessoas sobre o Direito \u00e0 Cidade ao mesmo tempo em que as entretemos\", afirmou Carolina Caff\u00e9,<\/span> coordenadora de comunica\u00e7\u00e3o da Plataforma Global pelo Direito \u00e0 Cidade<span class=\"\">. <\/span><\/span><\/pre>\n<div id=\"gt-src-c\" class=\"g-unit\" style=\"text-align: justify;\"><\/div>\n<p style=\"text-align: justify;\"><strong><span style=\"color: #ff6600;\">#SUPPORTRIGHT2CITY Campanha de V\u00eddeo<br \/>\n<\/span><\/strong><\/p>\n<p style=\"text-align: justify;\"><span id=\"result_box\" class=\"\" lang=\"pt\"><span class=\"\">O primeiro epis\u00f3dio da campanha de webserie #SupportRight2City foi exibido em diversos espa\u00e7os oficiais e n\u00e3o oficiais na Habitat III, como no Networking Event, o F\u00f3rum de Resist\u00eancia, o World Stage e o Stand da Plataforma GPR2C.<\/span><\/span><\/p>\n<pre><a href=\"http:\/\/www.righttothecityplatform.org.br\/habitat-iii-visual-art-by-global-platform-for-the-right-to-the-city\/1episode\/\" rel=\"attachment wp-att-2366\"><img loading=\"lazy\" decoding=\"async\" class=\"wp-image-2366 alignleft\" src=\"https:\/\/www.right2city.org\/wp-content\/uploads\/2020\/01\/1episode.jpg\" alt=\"1episode\" width=\"386\" height=\"206\" \/><\/a>\r\n Watch the video <a href=\"https:\/\/www.facebook.com\/Right2City\/videos\/967556666690222\/\">here<\/a>.<\/pre>\n<p style=\"text-align: justify;\"><span id=\"result_box\" class=\"\" lang=\"pt\"><span class=\"\">O v\u00eddeo de 3 minutos faz atrav\u00e9s de imagens um paralelo entre o dia a dia de duas mulheres que vivem em regi\u00f5es diferentes na mesma cidade.<\/span> <span class=\"\">\u00ab\u00a0Dois mundos, uma cidade\u00a0\u00bb \u00e9 o resultado de um experimento documental dirigido por Carolina Caff\u00e9, que teve como objetivo mostrar e comparar diferentes acessos ao Direito \u00e0 Cidade.<\/span> <span class=\"\">O v\u00eddeo lan\u00e7ou o <a href=\"http:\/\/www.globalcallright2city.org\/portugues\">Chamado Global para a Inclus\u00e3o do Direito \u00e0 Cidade<\/a> como pilar da Nova Agenda Urbana.<\/span><\/span><\/p>\n<p style=\"text-align: justify;\"><span class=\"\">Assista ao segundo epis\u00f3dio do # SupportRight2City webseries <a href=\"https:\/\/www.facebook.com\/Right2City\/videos\/1009310185848203\/\">aqui<\/a>.<\/span><\/p>\n<p style=\"text-align: justify;\"><span style=\"color: #ff6600;\"><strong><span id=\"result_box\" class=\"short_text\" lang=\"pt\"><span class=\"\">A PLATAFORMA GLOBAL PARA O DIREITO \u00c0 CIDADE<\/span><\/span><\/strong> <\/span><\/p>\n<p style=\"text-align: justify;\"><span title=\"The Global Platform for the Right to the City (GPR2C) emerged from the initiative of several organizations working from around the world to mobilize national and local governments, and international and regional organizations for a new development paradigm aiming at more inclusive and democratic cities.\">A Plataforma Global pelo Direito \u00e0 Cidade (GPR2C) surgiu a partir da iniciativa de v\u00e1rias organiza\u00e7\u00f5es que trabalham em todo o mundo para mobilizar governos nacionais e locais, e organiza\u00e7\u00f5es internacionais e regionais, para um novo paradigma de desenvolvimento visando cidades mais inclusivas e democr\u00e1ticas. <\/span><span title=\"The GPR2C advocates for the recognition and adoption of the Right to the City in the implementation of public policies;\">O GPR2C defende o reconhecimento e a ado\u00e7\u00e3o do Direito \u00e0 Cidade na implementa\u00e7\u00e3o de pol\u00edticas p\u00fablicas; <\/span><span title=\"therefore it participated, through its members, in different forums and events related to the Habitat III process to promote the Right to the City and to advocate for its adoption as the cornerstone of the New Urban Agenda.\">Participou, por meio de seus membros, em diferentes f\u00f3runs e eventos relacionados ao processo Habitat III para promover o Direito \u00e0 Cidade e defender sua ado\u00e7\u00e3o como pilar da Nova Agenda Urbana.<\/span><\/p>\n<p class=\"p1\" style=\"text-align: justify;\"><span class=\"s1\">\u00a0<\/span><\/p>\n","protected":false},"featured_media":55294,"template":"","meta":{"_acf_changed":false,"_et_pb_use_builder":"","_et_pb_old_content":"","_et_gb_content_width":"","cybocfi_hide_featured_image":""},"categories":[],"themes":[],"agendas_globales":[257,259],"class_list":["post-53046","news","type-news","status-publish","has-post-thumbnail","hentry","agendas_globales-habitat-iii-fr","agendas_globales-habitat-iii-nua-fr"],"acf":[],"yoast_head":"<!-- This site is optimized with the Yoast SEO plugin v27.5 - https:\/\/yoast.com\/product\/yoast-seo-wordpress\/ -->\n<title>Habitat III Artes Visuais da Plataforma Global para o Direito \u00e0 Cidade - Right to the city<\/title>\n<meta name=\"robots\" content=\"index, follow, max-snippet:-1, max-image-preview:large, max-video-preview:-1\" \/>\n<link rel=\"canonical\" href=\"https:\/\/www.right2city.org\/fr\/news\/habitat-iii-visual-art-by-global-platform-for-the-right-to-the-city\/\" \/>\n<meta property=\"og:locale\" content=\"fr_FR\" \/>\n<meta property=\"og:type\" content=\"article\" \/>\n<meta property=\"og:title\" content=\"Habitat III Artes Visuais da Plataforma Global para o Direito \u00e0 Cidade - Right to the city\" \/>\n<meta property=\"og:description\" content=\"A Plataforma Global pelo Direito \u00e0 Cidade realizou v\u00e1rios eventos durante a HABITAT III &#8211; Confer\u00eancia das Na\u00e7\u00f5es Unidas sobre Habita\u00e7\u00e3o e Desenvolvimento Urbano Sustent\u00e1vel &#8211; que aconteceu em Quito, Equador, de 17 a 20 de outubro de 2016. ARTE VISUAL PELA PLATAFORMA GLOBAL PELO O DIREITO \u00c0 CIDADE PROYECTAZO RIGHT2CITY O v\u00eddeo PROYECTAZO RIGHT2CITY [&hellip;]\" \/>\n<meta property=\"og:url\" content=\"https:\/\/www.right2city.org\/fr\/news\/habitat-iii-visual-art-by-global-platform-for-the-right-to-the-city\/\" \/>\n<meta property=\"og:site_name\" content=\"Right to the city\" \/>\n<meta property=\"article:modified_time\" content=\"2020-05-14T12:12:11+00:00\" \/>\n<meta property=\"og:image\" content=\"https:\/\/www.right2city.org\/wp-content\/uploads\/2016\/12\/2016-12-01-PHOTO-00000023.jpg\" \/>\n\t<meta property=\"og:image:width\" content=\"1280\" \/>\n\t<meta property=\"og:image:height\" content=\"720\" \/>\n\t<meta property=\"og:image:type\" content=\"image\/jpeg\" \/>\n<meta name=\"twitter:card\" content=\"summary_large_image\" \/>\n<meta name=\"twitter:label1\" content=\"Dur\u00e9e de lecture estim\u00e9e\" \/>\n\t<meta name=\"twitter:data1\" content=\"2 minutes\" \/>\n<script type=\"application\/ld+json\" class=\"yoast-schema-graph\">{\"@context\":\"https:\\\/\\\/schema.org\",\"@graph\":[{\"@type\":\"WebPage\",\"@id\":\"https:\\\/\\\/www.right2city.org\\\/fr\\\/news\\\/habitat-iii-visual-art-by-global-platform-for-the-right-to-the-city\\\/\",\"url\":\"https:\\\/\\\/www.right2city.org\\\/fr\\\/news\\\/habitat-iii-visual-art-by-global-platform-for-the-right-to-the-city\\\/\",\"name\":\"Habitat III Artes Visuais da Plataforma Global para o Direito \u00e0 Cidade - Right to the city\",\"isPartOf\":{\"@id\":\"https:\\\/\\\/www.right2city.org\\\/fr\\\/#website\"},\"primaryImageOfPage\":{\"@id\":\"https:\\\/\\\/www.right2city.org\\\/fr\\\/news\\\/habitat-iii-visual-art-by-global-platform-for-the-right-to-the-city\\\/#primaryimage\"},\"image\":{\"@id\":\"https:\\\/\\\/www.right2city.org\\\/fr\\\/news\\\/habitat-iii-visual-art-by-global-platform-for-the-right-to-the-city\\\/#primaryimage\"},\"thumbnailUrl\":\"https:\\\/\\\/www.right2city.org\\\/wp-content\\\/uploads\\\/2016\\\/12\\\/2016-12-01-PHOTO-00000023.jpg\",\"datePublished\":\"2016-12-01T13:16:35+00:00\",\"dateModified\":\"2020-05-14T12:12:11+00:00\",\"breadcrumb\":{\"@id\":\"https:\\\/\\\/www.right2city.org\\\/fr\\\/news\\\/habitat-iii-visual-art-by-global-platform-for-the-right-to-the-city\\\/#breadcrumb\"},\"inLanguage\":\"fr-FR\",\"potentialAction\":[{\"@type\":\"ReadAction\",\"target\":[\"https:\\\/\\\/www.right2city.org\\\/fr\\\/news\\\/habitat-iii-visual-art-by-global-platform-for-the-right-to-the-city\\\/\"]}]},{\"@type\":\"ImageObject\",\"inLanguage\":\"fr-FR\",\"@id\":\"https:\\\/\\\/www.right2city.org\\\/fr\\\/news\\\/habitat-iii-visual-art-by-global-platform-for-the-right-to-the-city\\\/#primaryimage\",\"url\":\"https:\\\/\\\/www.right2city.org\\\/wp-content\\\/uploads\\\/2016\\\/12\\\/2016-12-01-PHOTO-00000023.jpg\",\"contentUrl\":\"https:\\\/\\\/www.right2city.org\\\/wp-content\\\/uploads\\\/2016\\\/12\\\/2016-12-01-PHOTO-00000023.jpg\",\"width\":1280,\"height\":720},{\"@type\":\"BreadcrumbList\",\"@id\":\"https:\\\/\\\/www.right2city.org\\\/fr\\\/news\\\/habitat-iii-visual-art-by-global-platform-for-the-right-to-the-city\\\/#breadcrumb\",\"itemListElement\":[{\"@type\":\"ListItem\",\"position\":1,\"name\":\"Home\",\"item\":\"https:\\\/\\\/www.right2city.org\\\/fr\\\/\"},{\"@type\":\"ListItem\",\"position\":2,\"name\":\"Nouvelles\",\"item\":\"https:\\\/\\\/www.right2city.org\\\/fr\\\/news\\\/\"},{\"@type\":\"ListItem\",\"position\":3,\"name\":\"Habitat III Artes Visuais da Plataforma Global para o Direito \u00e0 Cidade\"}]},{\"@type\":\"WebSite\",\"@id\":\"https:\\\/\\\/www.right2city.org\\\/fr\\\/#website\",\"url\":\"https:\\\/\\\/www.right2city.org\\\/fr\\\/\",\"name\":\"Right to the city\",\"description\":\"Global Platform for the Right to the City\",\"potentialAction\":[{\"@type\":\"SearchAction\",\"target\":{\"@type\":\"EntryPoint\",\"urlTemplate\":\"https:\\\/\\\/www.right2city.org\\\/fr\\\/?s={search_term_string}\"},\"query-input\":{\"@type\":\"PropertyValueSpecification\",\"valueRequired\":true,\"valueName\":\"search_term_string\"}}],\"inLanguage\":\"fr-FR\"}]}<\/script>\n<!-- \/ Yoast SEO plugin. -->","yoast_head_json":{"title":"Habitat III Artes Visuais da Plataforma Global para o Direito \u00e0 Cidade - Right to the city","robots":{"index":"index","follow":"follow","max-snippet":"max-snippet:-1","max-image-preview":"max-image-preview:large","max-video-preview":"max-video-preview:-1"},"canonical":"https:\/\/www.right2city.org\/fr\/news\/habitat-iii-visual-art-by-global-platform-for-the-right-to-the-city\/","og_locale":"fr_FR","og_type":"article","og_title":"Habitat III Artes Visuais da Plataforma Global para o Direito \u00e0 Cidade - Right to the city","og_description":"A Plataforma Global pelo Direito \u00e0 Cidade realizou v\u00e1rios eventos durante a HABITAT III &#8211; Confer\u00eancia das Na\u00e7\u00f5es Unidas sobre Habita\u00e7\u00e3o e Desenvolvimento Urbano Sustent\u00e1vel &#8211; que aconteceu em Quito, Equador, de 17 a 20 de outubro de 2016. ARTE VISUAL PELA PLATAFORMA GLOBAL PELO O DIREITO \u00c0 CIDADE PROYECTAZO RIGHT2CITY O v\u00eddeo PROYECTAZO RIGHT2CITY [&hellip;]","og_url":"https:\/\/www.right2city.org\/fr\/news\/habitat-iii-visual-art-by-global-platform-for-the-right-to-the-city\/","og_site_name":"Right to the city","article_modified_time":"2020-05-14T12:12:11+00:00","og_image":[{"width":1280,"height":720,"url":"https:\/\/www.right2city.org\/wp-content\/uploads\/2016\/12\/2016-12-01-PHOTO-00000023.jpg","type":"image\/jpeg"}],"twitter_card":"summary_large_image","twitter_misc":{"Dur\u00e9e de lecture estim\u00e9e":"2 minutes"},"schema":{"@context":"https:\/\/schema.org","@graph":[{"@type":"WebPage","@id":"https:\/\/www.right2city.org\/fr\/news\/habitat-iii-visual-art-by-global-platform-for-the-right-to-the-city\/","url":"https:\/\/www.right2city.org\/fr\/news\/habitat-iii-visual-art-by-global-platform-for-the-right-to-the-city\/","name":"Habitat III Artes Visuais da Plataforma Global para o Direito \u00e0 Cidade - Right to the city","isPartOf":{"@id":"https:\/\/www.right2city.org\/fr\/#website"},"primaryImageOfPage":{"@id":"https:\/\/www.right2city.org\/fr\/news\/habitat-iii-visual-art-by-global-platform-for-the-right-to-the-city\/#primaryimage"},"image":{"@id":"https:\/\/www.right2city.org\/fr\/news\/habitat-iii-visual-art-by-global-platform-for-the-right-to-the-city\/#primaryimage"},"thumbnailUrl":"https:\/\/www.right2city.org\/wp-content\/uploads\/2016\/12\/2016-12-01-PHOTO-00000023.jpg","datePublished":"2016-12-01T13:16:35+00:00","dateModified":"2020-05-14T12:12:11+00:00","breadcrumb":{"@id":"https:\/\/www.right2city.org\/fr\/news\/habitat-iii-visual-art-by-global-platform-for-the-right-to-the-city\/#breadcrumb"},"inLanguage":"fr-FR","potentialAction":[{"@type":"ReadAction","target":["https:\/\/www.right2city.org\/fr\/news\/habitat-iii-visual-art-by-global-platform-for-the-right-to-the-city\/"]}]},{"@type":"ImageObject","inLanguage":"fr-FR","@id":"https:\/\/www.right2city.org\/fr\/news\/habitat-iii-visual-art-by-global-platform-for-the-right-to-the-city\/#primaryimage","url":"https:\/\/www.right2city.org\/wp-content\/uploads\/2016\/12\/2016-12-01-PHOTO-00000023.jpg","contentUrl":"https:\/\/www.right2city.org\/wp-content\/uploads\/2016\/12\/2016-12-01-PHOTO-00000023.jpg","width":1280,"height":720},{"@type":"BreadcrumbList","@id":"https:\/\/www.right2city.org\/fr\/news\/habitat-iii-visual-art-by-global-platform-for-the-right-to-the-city\/#breadcrumb","itemListElement":[{"@type":"ListItem","position":1,"name":"Home","item":"https:\/\/www.right2city.org\/fr\/"},{"@type":"ListItem","position":2,"name":"Nouvelles","item":"https:\/\/www.right2city.org\/fr\/news\/"},{"@type":"ListItem","position":3,"name":"Habitat III Artes Visuais da Plataforma Global para o Direito \u00e0 Cidade"}]},{"@type":"WebSite","@id":"https:\/\/www.right2city.org\/fr\/#website","url":"https:\/\/www.right2city.org\/fr\/","name":"Right to the city","description":"Global Platform for the Right to the City","potentialAction":[{"@type":"SearchAction","target":{"@type":"EntryPoint","urlTemplate":"https:\/\/www.right2city.org\/fr\/?s={search_term_string}"},"query-input":{"@type":"PropertyValueSpecification","valueRequired":true,"valueName":"search_term_string"}}],"inLanguage":"fr-FR"}]}},"_links":{"self":[{"href":"https:\/\/www.right2city.org\/fr\/wp-json\/wp\/v2\/news\/53046","targetHints":{"allow":["GET"]}}],"collection":[{"href":"https:\/\/www.right2city.org\/fr\/wp-json\/wp\/v2\/news"}],"about":[{"href":"https:\/\/www.right2city.org\/fr\/wp-json\/wp\/v2\/types\/news"}],"wp:featuredmedia":[{"embeddable":true,"href":"https:\/\/www.right2city.org\/fr\/wp-json\/wp\/v2\/media\/55294"}],"wp:attachment":[{"href":"https:\/\/www.right2city.org\/fr\/wp-json\/wp\/v2\/media?parent=53046"}],"wp:term":[{"taxonomy":"category","embeddable":true,"href":"https:\/\/www.right2city.org\/fr\/wp-json\/wp\/v2\/categories?post=53046"},{"taxonomy":"themes","embeddable":true,"href":"https:\/\/www.right2city.org\/fr\/wp-json\/wp\/v2\/themes?post=53046"},{"taxonomy":"agendas_globales","embeddable":true,"href":"https:\/\/www.right2city.org\/fr\/wp-json\/wp\/v2\/agendas_globales?post=53046"}],"curies":[{"name":"wp","href":"https:\/\/api.w.org\/{rel}","templated":true}]}}