{"id":53047,"date":"2016-12-01T17:31:09","date_gmt":"2016-12-01T15:31:09","guid":{"rendered":"https:\/\/www.right2city.org\/news\/habitat-iii-world-stage-how-to-implement-the-right-to-the-city-pics-videos-quotes\/"},"modified":"2020-05-14T14:06:23","modified_gmt":"2020-05-14T12:06:23","slug":"habitat-iii-world-stage-how-to-implement-the-right-to-the-city-pics-videos-quotes","status":"publish","type":"news","link":"https:\/\/www.right2city.org\/fr\/news\/habitat-iii-world-stage-how-to-implement-the-right-to-the-city-pics-videos-quotes\/","title":{"rendered":"Habitat III World Stage: Como implementar o direito \u00e0 cidade &#8211; Fotos e Cita\u00e7\u00f5es"},"content":{"rendered":"<p><span id=\"result_box\" class=\"\" lang=\"pt\"><span class=\"\">No dia 20 de outubro, a Plataforma Global pelo Direito \u00e0 Cidade organizou a discuss\u00e3o \u00ab\u00a0Como implementar o Direito \u00e0 Cidade?\u00a0\u00bb<\/span> <span class=\"\"> no evento Next City&rsquo;s World Stage, com a participa\u00e7\u00e3o da plat\u00e9ia e coordenada por Rodrigo Faria (Instituto P\u00f3lis).<\/span><\/span><\/p>\n<p>\u00ab\u00a0O espa\u00e7o no\u00a0 <span class=\"\">World Stage<\/span> nos deu oportunidade para mostrar as possibilidades concretas de implementa\u00e7\u00e3o do Direito \u00e0 Cidade, discutindo-as a partir de uma diversa e rica gama de experi\u00eancias. Foi importante ouvir a perspectiva do p\u00fablico, que trouxe \u00e0 mesa algumas q<span class=\"\">uest\u00f5es cruciais e muito atuais que dialogam diretamente com a cidade como um bem comum, como a discrimina\u00e7\u00e3o, os espa\u00e7os p\u00fablicos e a diversidade cultural, os v\u00ednculos entre desenvolvimento urbano e seguran\u00e7a alimentar, entre outros \u00ab\u00a0, disse Rodrigo Faria, do Instituto P\u00f3lis.<\/span><\/p>\n<pre><a href=\"http:\/\/www.righttothecityplatform.org.br\/global-platform-for-the-right-to-the-city-during-habitat-iii-pics-quotes\/ro\/\" rel=\"attachment wp-att-2312\"><img loading=\"lazy\" decoding=\"async\" class=\"aligncenter wp-image-2312\" src=\"https:\/\/www.right2city.org\/wp-content\/uploads\/2020\/01\/ro.jpg\" alt=\"ro\" width=\"411\" height=\"223\" \/><\/a><strong>            Rodrigo Faria (Instituto P\u00f3lis, Brasil)<\/strong><\/pre>\n<pre style=\"text-align: justify;\"><a href=\"http:\/\/www.righttothecityplatform.org.br\/global-platform-for-the-right-to-the-city-during-habitat-iii-pics-quotes\/video_stage\/\" rel=\"attachment wp-att-2235\"><img loading=\"lazy\" decoding=\"async\" class=\"aligncenter wp-image-2235\" src=\"https:\/\/www.right2city.org\/wp-content\/uploads\/2020\/01\/Video_Stage.jpeg\" alt=\"Video_Stage\" width=\"406\" height=\"230\" \/><\/a><span class=\"\" lang=\"pt\"><span class=\"\">O primeiro epis\u00f3dio da campanha #SupportRight2City<\/span><\/span><span id=\"result_box\" class=\"\" lang=\"pt\"> <\/span><span id=\"result_box\" class=\"\" lang=\"pt\"><span class=\"\">abriu o debate no World Stage - <a href=\"https:\/\/www.facebook.com\/Right2City\/videos\/967556666690222\/\">Confira o v\u00eddeo<\/a><\/span><\/span><\/pre>\n<pre><a href=\"http:\/\/www.righttothecityplatform.org.br\/global-platform-for-the-right-to-the-city-during-habitat-iii-pics-quotes\/alison_worldstage\/\" rel=\"attachment wp-att-2236\"><img loading=\"lazy\" decoding=\"async\" class=\"aligncenter wp-image-2236\" src=\"https:\/\/www.right2city.org\/wp-content\/uploads\/2020\/01\/Alison_WorldStage.jpeg\" alt=\"Alison_WorldStage\" width=\"387\" height=\"267\" \/><\/a><strong><span id=\"result_box\" class=\"\" lang=\"pt\">\"Estamos felizes que o Direito \u00e0 Cidade esteja na Nova Agenda Urbana, mas n\u00e3o da maneira que gostar\u00edamos. A Cidade como um bem comum foi tirada do texto na NUA. Isso porque o Direito \u00e0 Cidade vai al\u00e9m das c<span class=\"\">oncep\u00e7\u00f5es convencionais de direitos humanos - n\u00e3o \u00e9 um direito individual, mas sim um direito coletivo\".<\/span> <span class=\"\">Alison Brown (WIEGO)<\/span><\/span><\/strong><\/pre>\n<pre><a href=\"http:\/\/www.righttothecityplatform.org.br\/global-platform-for-the-right-to-the-city-during-habitat-iii-pics-quotes\/sandeep_world\/\" rel=\"attachment wp-att-2237\"><img loading=\"lazy\" decoding=\"async\" class=\"aligncenter wp-image-2237\" src=\"https:\/\/www.right2city.org\/wp-content\/uploads\/2020\/01\/Sandeep_World.jpeg\" alt=\"Sandeep_World\" width=\"364\" height=\"350\" \/><\/a><strong><span id=\"result_box\" class=\"\" lang=\"pt\"><span class=\"\">\"O conceito de \"Cidades Inteligentes\" foi apropriado pela elite que transformou a ideia em uma proposta de exclus\u00e3o. Devemos investigar o verdadeiro significado de \"Cidades Bonitas\", \"Cidades Inteligentes\" e \"Cidades Competitivas\".<\/span> <span class=\"\">Sandeep Chachra (ActionAid, \u00cdndia)<\/span><\/span>\r\n<\/strong><\/pre>\n<pre><a href=\"http:\/\/www.righttothecityplatform.org.br\/global-platform-for-the-right-to-the-city-during-habitat-iii-pics-quotes\/luismiguel_worldstage\/\" rel=\"attachment wp-att-2238\"><img loading=\"lazy\" decoding=\"async\" class=\"aligncenter wp-image-2238\" src=\"https:\/\/www.right2city.org\/wp-content\/uploads\/2020\/01\/LuisMiguel_WorldStage.jpeg\" alt=\"LuisMiguel_WorldStage\" width=\"374\" height=\"403\" \/><\/a><strong><span id=\"result_box\" class=\"\" lang=\"pt\">\"N\u00f3s vemos os catadores como super-her\u00f3is urbanos, fornecendo, por exemplo, mais de 50% da mat\u00e9ria-prima utilizada pela ind\u00fastria de reciclagem, apoiando os tr\u00eas problemas de cada vez: desigualdade, pobreza e problema ambiental\". <span class=\"\">Luis Miguel Artieda (AVINA, Peru)<\/span><\/span>\r\n<\/strong><\/pre>\n<p><span style=\"color: #ff6600;\"><strong><span title=\"THE GLOBAL PLATFORM FOR THE RIGHT TO THE CITY \">A PLATAFORMA GLOBAL PARA O DIREITO \u00c0 CIDADE<\/span><\/strong><\/span><\/p>\n<p><span title=\"The Global Platform for the Right to the City (GPR2C) emerged from the initiative of several organizations working from around the world to mobilize national and local governments, and international and regional organizations for a new development paradigm aiming at more inclusive and democratic cities.\">A Plataforma Global pelo Direito \u00e0 Cidade (GPR2C) surgiu a partir da iniciativa de v\u00e1rias organiza\u00e7\u00f5es que trabalham em todo o mundo para mobilizar governos nacionais e locais, e organiza\u00e7\u00f5es internacionais e regionais, para um novo paradigma de desenvolvimento visando cidades mais inclusivas e democr\u00e1ticas. <\/span><span title=\"The GPR2C advocates for the recognition and adoption of the Right to the City in the implementation of public policies;\">O GPR2C defende o reconhecimento e a ado\u00e7\u00e3o do Direito \u00e0 Cidade na implementa\u00e7\u00e3o de pol\u00edticas p\u00fablicas; <\/span><span title=\"therefore it participated, through its members, in different forums and events related to the Habitat III process to promote the Right to the City and to advocate for its adoption as the cornerstone of the New Urban Agenda.\">Participou, por meio de seus membros, em diferentes f\u00f3runs e eventos relacionados ao processo Habitat III para promover o Direito \u00e0 Cidade e defender sua ado\u00e7\u00e3o como pilar da Nova Agenda Urbana.<\/span><\/p>\n<p>&nbsp;<\/p>\n","protected":false},"featured_media":55290,"template":"","meta":{"_acf_changed":false,"_et_pb_use_builder":"","_et_pb_old_content":"","_et_gb_content_width":"","cybocfi_hide_featured_image":""},"categories":[],"themes":[],"agendas_globales":[257,259],"class_list":["post-53047","news","type-news","status-publish","has-post-thumbnail","hentry","agendas_globales-habitat-iii-fr","agendas_globales-habitat-iii-nua-fr"],"acf":[],"yoast_head":"<!-- This site is optimized with the Yoast SEO plugin v27.4 - https:\/\/yoast.com\/product\/yoast-seo-wordpress\/ -->\n<title>Habitat III World Stage: Como implementar o direito \u00e0 cidade - Fotos e Cita\u00e7\u00f5es - Right to the city<\/title>\n<meta name=\"robots\" content=\"index, follow, max-snippet:-1, max-image-preview:large, max-video-preview:-1\" \/>\n<link rel=\"canonical\" href=\"https:\/\/www.right2city.org\/fr\/news\/habitat-iii-world-stage-how-to-implement-the-right-to-the-city-pics-videos-quotes\/\" \/>\n<meta property=\"og:locale\" content=\"fr_FR\" \/>\n<meta property=\"og:type\" content=\"article\" \/>\n<meta property=\"og:title\" content=\"Habitat III World Stage: Como implementar o direito \u00e0 cidade - Fotos e Cita\u00e7\u00f5es - Right to the city\" \/>\n<meta property=\"og:description\" content=\"No dia 20 de outubro, a Plataforma Global pelo Direito \u00e0 Cidade organizou a discuss\u00e3o \u00ab\u00a0Como implementar o Direito \u00e0 Cidade?\u00a0\u00bb no evento Next City&rsquo;s World Stage, com a participa\u00e7\u00e3o da plat\u00e9ia e coordenada por Rodrigo Faria (Instituto P\u00f3lis). \u00ab\u00a0O espa\u00e7o no\u00a0 World Stage nos deu oportunidade para mostrar as possibilidades concretas de implementa\u00e7\u00e3o do [&hellip;]\" \/>\n<meta property=\"og:url\" content=\"https:\/\/www.right2city.org\/fr\/news\/habitat-iii-world-stage-how-to-implement-the-right-to-the-city-pics-videos-quotes\/\" \/>\n<meta property=\"og:site_name\" content=\"Right to the city\" \/>\n<meta property=\"article:modified_time\" content=\"2020-05-14T12:06:23+00:00\" \/>\n<meta property=\"og:image\" content=\"https:\/\/www.right2city.org\/wp-content\/uploads\/2016\/12\/ro.jpg\" \/>\n\t<meta property=\"og:image:width\" content=\"1280\" \/>\n\t<meta property=\"og:image:height\" content=\"720\" \/>\n\t<meta property=\"og:image:type\" content=\"image\/jpeg\" \/>\n<meta name=\"twitter:card\" content=\"summary_large_image\" \/>\n<meta name=\"twitter:label1\" content=\"Dur\u00e9e de lecture estim\u00e9e\" \/>\n\t<meta name=\"twitter:data1\" content=\"2 minutes\" \/>\n<script type=\"application\/ld+json\" class=\"yoast-schema-graph\">{\"@context\":\"https:\\\/\\\/schema.org\",\"@graph\":[{\"@type\":\"WebPage\",\"@id\":\"https:\\\/\\\/www.right2city.org\\\/fr\\\/news\\\/habitat-iii-world-stage-how-to-implement-the-right-to-the-city-pics-videos-quotes\\\/\",\"url\":\"https:\\\/\\\/www.right2city.org\\\/fr\\\/news\\\/habitat-iii-world-stage-how-to-implement-the-right-to-the-city-pics-videos-quotes\\\/\",\"name\":\"Habitat III World Stage: Como implementar o direito \u00e0 cidade - Fotos e Cita\u00e7\u00f5es - Right to the city\",\"isPartOf\":{\"@id\":\"https:\\\/\\\/www.right2city.org\\\/fr\\\/#website\"},\"primaryImageOfPage\":{\"@id\":\"https:\\\/\\\/www.right2city.org\\\/fr\\\/news\\\/habitat-iii-world-stage-how-to-implement-the-right-to-the-city-pics-videos-quotes\\\/#primaryimage\"},\"image\":{\"@id\":\"https:\\\/\\\/www.right2city.org\\\/fr\\\/news\\\/habitat-iii-world-stage-how-to-implement-the-right-to-the-city-pics-videos-quotes\\\/#primaryimage\"},\"thumbnailUrl\":\"https:\\\/\\\/www.right2city.org\\\/wp-content\\\/uploads\\\/2016\\\/12\\\/ro.jpg\",\"datePublished\":\"2016-12-01T15:31:09+00:00\",\"dateModified\":\"2020-05-14T12:06:23+00:00\",\"breadcrumb\":{\"@id\":\"https:\\\/\\\/www.right2city.org\\\/fr\\\/news\\\/habitat-iii-world-stage-how-to-implement-the-right-to-the-city-pics-videos-quotes\\\/#breadcrumb\"},\"inLanguage\":\"fr-FR\",\"potentialAction\":[{\"@type\":\"ReadAction\",\"target\":[\"https:\\\/\\\/www.right2city.org\\\/fr\\\/news\\\/habitat-iii-world-stage-how-to-implement-the-right-to-the-city-pics-videos-quotes\\\/\"]}]},{\"@type\":\"ImageObject\",\"inLanguage\":\"fr-FR\",\"@id\":\"https:\\\/\\\/www.right2city.org\\\/fr\\\/news\\\/habitat-iii-world-stage-how-to-implement-the-right-to-the-city-pics-videos-quotes\\\/#primaryimage\",\"url\":\"https:\\\/\\\/www.right2city.org\\\/wp-content\\\/uploads\\\/2016\\\/12\\\/ro.jpg\",\"contentUrl\":\"https:\\\/\\\/www.right2city.org\\\/wp-content\\\/uploads\\\/2016\\\/12\\\/ro.jpg\",\"width\":1280,\"height\":720},{\"@type\":\"BreadcrumbList\",\"@id\":\"https:\\\/\\\/www.right2city.org\\\/fr\\\/news\\\/habitat-iii-world-stage-how-to-implement-the-right-to-the-city-pics-videos-quotes\\\/#breadcrumb\",\"itemListElement\":[{\"@type\":\"ListItem\",\"position\":1,\"name\":\"Home\",\"item\":\"https:\\\/\\\/www.right2city.org\\\/fr\\\/\"},{\"@type\":\"ListItem\",\"position\":2,\"name\":\"Nouvelles\",\"item\":\"https:\\\/\\\/www.right2city.org\\\/fr\\\/news\\\/\"},{\"@type\":\"ListItem\",\"position\":3,\"name\":\"Habitat III World Stage: Como implementar o direito \u00e0 cidade &#8211; Fotos e Cita\u00e7\u00f5es\"}]},{\"@type\":\"WebSite\",\"@id\":\"https:\\\/\\\/www.right2city.org\\\/fr\\\/#website\",\"url\":\"https:\\\/\\\/www.right2city.org\\\/fr\\\/\",\"name\":\"Right to the city\",\"description\":\"Global Platform for the Right to the City\",\"potentialAction\":[{\"@type\":\"SearchAction\",\"target\":{\"@type\":\"EntryPoint\",\"urlTemplate\":\"https:\\\/\\\/www.right2city.org\\\/fr\\\/?s={search_term_string}\"},\"query-input\":{\"@type\":\"PropertyValueSpecification\",\"valueRequired\":true,\"valueName\":\"search_term_string\"}}],\"inLanguage\":\"fr-FR\"}]}<\/script>\n<!-- \/ Yoast SEO plugin. -->","yoast_head_json":{"title":"Habitat III World Stage: Como implementar o direito \u00e0 cidade - Fotos e Cita\u00e7\u00f5es - Right to the city","robots":{"index":"index","follow":"follow","max-snippet":"max-snippet:-1","max-image-preview":"max-image-preview:large","max-video-preview":"max-video-preview:-1"},"canonical":"https:\/\/www.right2city.org\/fr\/news\/habitat-iii-world-stage-how-to-implement-the-right-to-the-city-pics-videos-quotes\/","og_locale":"fr_FR","og_type":"article","og_title":"Habitat III World Stage: Como implementar o direito \u00e0 cidade - Fotos e Cita\u00e7\u00f5es - Right to the city","og_description":"No dia 20 de outubro, a Plataforma Global pelo Direito \u00e0 Cidade organizou a discuss\u00e3o \u00ab\u00a0Como implementar o Direito \u00e0 Cidade?\u00a0\u00bb no evento Next City&rsquo;s World Stage, com a participa\u00e7\u00e3o da plat\u00e9ia e coordenada por Rodrigo Faria (Instituto P\u00f3lis). \u00ab\u00a0O espa\u00e7o no\u00a0 World Stage nos deu oportunidade para mostrar as possibilidades concretas de implementa\u00e7\u00e3o do [&hellip;]","og_url":"https:\/\/www.right2city.org\/fr\/news\/habitat-iii-world-stage-how-to-implement-the-right-to-the-city-pics-videos-quotes\/","og_site_name":"Right to the city","article_modified_time":"2020-05-14T12:06:23+00:00","og_image":[{"width":1280,"height":720,"url":"https:\/\/www.right2city.org\/wp-content\/uploads\/2016\/12\/ro.jpg","type":"image\/jpeg"}],"twitter_card":"summary_large_image","twitter_misc":{"Dur\u00e9e de lecture estim\u00e9e":"2 minutes"},"schema":{"@context":"https:\/\/schema.org","@graph":[{"@type":"WebPage","@id":"https:\/\/www.right2city.org\/fr\/news\/habitat-iii-world-stage-how-to-implement-the-right-to-the-city-pics-videos-quotes\/","url":"https:\/\/www.right2city.org\/fr\/news\/habitat-iii-world-stage-how-to-implement-the-right-to-the-city-pics-videos-quotes\/","name":"Habitat III World Stage: Como implementar o direito \u00e0 cidade - Fotos e Cita\u00e7\u00f5es - Right to the city","isPartOf":{"@id":"https:\/\/www.right2city.org\/fr\/#website"},"primaryImageOfPage":{"@id":"https:\/\/www.right2city.org\/fr\/news\/habitat-iii-world-stage-how-to-implement-the-right-to-the-city-pics-videos-quotes\/#primaryimage"},"image":{"@id":"https:\/\/www.right2city.org\/fr\/news\/habitat-iii-world-stage-how-to-implement-the-right-to-the-city-pics-videos-quotes\/#primaryimage"},"thumbnailUrl":"https:\/\/www.right2city.org\/wp-content\/uploads\/2016\/12\/ro.jpg","datePublished":"2016-12-01T15:31:09+00:00","dateModified":"2020-05-14T12:06:23+00:00","breadcrumb":{"@id":"https:\/\/www.right2city.org\/fr\/news\/habitat-iii-world-stage-how-to-implement-the-right-to-the-city-pics-videos-quotes\/#breadcrumb"},"inLanguage":"fr-FR","potentialAction":[{"@type":"ReadAction","target":["https:\/\/www.right2city.org\/fr\/news\/habitat-iii-world-stage-how-to-implement-the-right-to-the-city-pics-videos-quotes\/"]}]},{"@type":"ImageObject","inLanguage":"fr-FR","@id":"https:\/\/www.right2city.org\/fr\/news\/habitat-iii-world-stage-how-to-implement-the-right-to-the-city-pics-videos-quotes\/#primaryimage","url":"https:\/\/www.right2city.org\/wp-content\/uploads\/2016\/12\/ro.jpg","contentUrl":"https:\/\/www.right2city.org\/wp-content\/uploads\/2016\/12\/ro.jpg","width":1280,"height":720},{"@type":"BreadcrumbList","@id":"https:\/\/www.right2city.org\/fr\/news\/habitat-iii-world-stage-how-to-implement-the-right-to-the-city-pics-videos-quotes\/#breadcrumb","itemListElement":[{"@type":"ListItem","position":1,"name":"Home","item":"https:\/\/www.right2city.org\/fr\/"},{"@type":"ListItem","position":2,"name":"Nouvelles","item":"https:\/\/www.right2city.org\/fr\/news\/"},{"@type":"ListItem","position":3,"name":"Habitat III World Stage: Como implementar o direito \u00e0 cidade &#8211; Fotos e Cita\u00e7\u00f5es"}]},{"@type":"WebSite","@id":"https:\/\/www.right2city.org\/fr\/#website","url":"https:\/\/www.right2city.org\/fr\/","name":"Right to the city","description":"Global Platform for the Right to the City","potentialAction":[{"@type":"SearchAction","target":{"@type":"EntryPoint","urlTemplate":"https:\/\/www.right2city.org\/fr\/?s={search_term_string}"},"query-input":{"@type":"PropertyValueSpecification","valueRequired":true,"valueName":"search_term_string"}}],"inLanguage":"fr-FR"}]}},"_links":{"self":[{"href":"https:\/\/www.right2city.org\/fr\/wp-json\/wp\/v2\/news\/53047","targetHints":{"allow":["GET"]}}],"collection":[{"href":"https:\/\/www.right2city.org\/fr\/wp-json\/wp\/v2\/news"}],"about":[{"href":"https:\/\/www.right2city.org\/fr\/wp-json\/wp\/v2\/types\/news"}],"wp:featuredmedia":[{"embeddable":true,"href":"https:\/\/www.right2city.org\/fr\/wp-json\/wp\/v2\/media\/55290"}],"wp:attachment":[{"href":"https:\/\/www.right2city.org\/fr\/wp-json\/wp\/v2\/media?parent=53047"}],"wp:term":[{"taxonomy":"category","embeddable":true,"href":"https:\/\/www.right2city.org\/fr\/wp-json\/wp\/v2\/categories?post=53047"},{"taxonomy":"themes","embeddable":true,"href":"https:\/\/www.right2city.org\/fr\/wp-json\/wp\/v2\/themes?post=53047"},{"taxonomy":"agendas_globales","embeddable":true,"href":"https:\/\/www.right2city.org\/fr\/wp-json\/wp\/v2\/agendas_globales?post=53047"}],"curies":[{"name":"wp","href":"https:\/\/api.w.org\/{rel}","templated":true}]}}