{"id":53064,"date":"2018-10-30T12:53:45","date_gmt":"2018-10-30T10:53:45","guid":{"rendered":"https:\/\/www.right2city.org\/news\/marseille-and-the-right-to-the-city\/"},"modified":"2020-05-12T19:22:59","modified_gmt":"2020-05-12T17:22:59","slug":"marseille-and-the-right-to-the-city","status":"publish","type":"news","link":"https:\/\/www.right2city.org\/fr\/news\/marseille-and-the-right-to-the-city\/","title":{"rendered":"Marseille et le Droit \u00e0 la Ville"},"content":{"rendered":"[Fran\u00e7ais]\n<p><strong>Un Centre Ville Pour Tous<\/strong><\/p>\n<p>Appr\u00e9hender Marseille et ses r\u00e9centes transformations \u00e0 travers les \u00e9crits et l&rsquo;analyse percutante d&rsquo;Henri Lefebvre sur le droit \u00e0 la ville, c&rsquo;\u00e9tait l&rsquo;objectif des temps d&rsquo;\u00e9changes organis\u00e9s les 2 et 7 juin derniers.<\/p>\n<p>L&rsquo;association Un Centre Ville Pour Tous, en partenariat avec les associations Dar Lamifa, Pensons le matin, Elisabeth Dorier (Laboratoire Population et D\u00e9veloppement, AMU), et La Plateforme Globale Pour le Droit \u00e0 la Ville, ont souhait\u00e9 rendre hommage \u00e0 Henri Lefebvre en 2 temps.<\/p>\n<p><a href=\"http:\/\/www.righttothecityplatform.org.br\/marseille-and-the-right-to-the-city\/img_9271\/\" rel=\"attachment wp-att-3098\"><img loading=\"lazy\" decoding=\"async\" class=\"aligncenter size-full wp-image-3098\" src=\"https:\/\/www.right2city.org\/wp-content\/uploads\/2020\/01\/IMG_9271-scaled.jpg\" alt=\"\" width=\"4032\" height=\"3024\" \/><\/a><\/p>\n<p>Un premier temps, le 2 juin 2018, \u00e0 permis de faire le focus sur les transformations de la rue de la r\u00e9publique et des docks, lieux embl\u00e9matiques de l&#8217;emprise financi\u00e8re et capitalistique sur les mutations de la ville de Marseille.<\/p>\n<p>Le matin, une trentaine de personnes ont suivi la balade urbaine comment\u00e9e par Patrick Lacoste (Un Centre Ville Pour Tous) des docks de Roland Carta \u00e0 la rue de la R\u00e9publique. Cette balade, ponctu\u00e9e des t\u00e9moignages d&rsquo;habitants de la rue de la r\u00e9publique, a permis de mesurer le d\u00e9calage entre des op\u00e9rations urbanistiques fa\u00e7onn\u00e9es par des int\u00e9r\u00eats financiers et le besoin r\u00e9el en logement et commerces de proximit\u00e9 des habitants. Quatorze ans apr\u00e8s son rachat pour moiti\u00e9 par le fonds d&rsquo;investissement Europ\u00e9en &#8211; ANF, et pour l&rsquo;autre par le fonds sp\u00e9culatif Lone Star, la r\u00e9habilitation de l&rsquo;habitat n&rsquo;est pas termin\u00e9e et la moiti\u00e9 des espaces commerciaux sont vacants.<\/p>\n<p><a href=\"http:\/\/www.righttothecityplatform.org.br\/marseille-and-the-right-to-the-city\/img_9249\/\" rel=\"attachment wp-att-3099\"><img loading=\"lazy\" decoding=\"async\" class=\"aligncenter size-full wp-image-3099\" src=\"https:\/\/www.right2city.org\/wp-content\/uploads\/2020\/01\/IMG_9249-scaled.jpg\" alt=\"\" width=\"4032\" height=\"3024\" \/><\/a><\/p>\n<p><a href=\"http:\/\/www.righttothecityplatform.org.br\/marseille-and-the-right-to-the-city\/img_9265\/\" rel=\"attachment wp-att-3100\"><img loading=\"lazy\" decoding=\"async\" class=\"aligncenter size-full wp-image-3100\" src=\"https:\/\/www.right2city.org\/wp-content\/uploads\/2020\/01\/IMG_9265-scaled.jpg\" alt=\"\" width=\"4032\" height=\"3024\" \/><\/a><\/p>\n<p>Une soixantaine de personnes ont assist\u00e9 l&rsquo;apr\u00e8s-midi \u00e0 la restitution, par David Escobar, Vanessa Becciu et Elisabeth Dorier des travaux d&rsquo;enqu\u00eate sur la rue de la R\u00e9publique.<\/p>\n<p><a href=\"http:\/\/www.righttothecityplatform.org.br\/marseille-and-the-right-to-the-city\/img_9268\/\" rel=\"attachment wp-att-3101\"><img loading=\"lazy\" decoding=\"async\" class=\"aligncenter size-full wp-image-3101\" src=\"https:\/\/www.right2city.org\/wp-content\/uploads\/2020\/01\/IMG_9268-scaled.jpg\" alt=\"\" width=\"4032\" height=\"3024\" \/><\/a><\/p>\n<p>L&rsquo;enqu\u00eate ENCRE (Enqu\u00eate Cadre de Vie et R\u00e9sidents) est issue d&rsquo;un appel \u00e0 manifestation d&rsquo;int\u00e9r\u00eat lanc\u00e9 par Un Centre Ville Pour Tous en octobre 2015 et \u00e0 laquelle ont contribu\u00e9 des enseignants et \u00e9tudiants de l&rsquo;ENSA Marseille, ENSA Montpellier, Paris 3, LPED (Aix-Marseille), PACTE (Universit\u00e9 Grenoble Alpes) et du Centre Max Weber (Universit\u00e9 Lyon 2). Malgr\u00e9 la volont\u00e9 initale des op\u00e9rateurs et de la Mairie de chasser les 550 familles locataires pour faire place aux m\u00e9nages ais\u00e9s, la r\u00e9sistance des habitants a permis \u00e0 plusieurs centaines de familles de se reloger en location sociale. Les \u00ab\u00a0nouveaux habitants\u00a0\u00bb pour leur part, ne restent pas longtemps dans cette art\u00e8re, notamment du fait de la chert\u00e9 des loyers du parc priv\u00e9 et de la disparition du commerce de proximit\u00e9 non franchis\u00e9.<\/p>\n<p><a href=\"http:\/\/www.righttothecityplatform.org.br\/marseille-and-the-right-to-the-city\/img_9272\/\" rel=\"attachment wp-att-3102\"><img loading=\"lazy\" decoding=\"async\" class=\"aligncenter size-full wp-image-3102\" src=\"https:\/\/www.right2city.org\/wp-content\/uploads\/2020\/01\/IMG_9272-scaled.jpg\" alt=\"\" width=\"4032\" height=\"3024\" \/><\/a><\/p>\n<p>Pour donner de la perspective aux enjeux marseillais du droit \u00e0 la ville, David Bodinier a pos\u00e9 les points de jonction avec les enjeux Grenoblois trait\u00e9s par l&rsquo;Atelier Populaire d&rsquo;Urbanisme (APU) de \u00ab\u00a0La Villeneuve\u00a0\u00bb d&rsquo;une part et les enjeux internationaux port\u00e9s par La Plateforme Globale pour le droit \u00e0 la Ville. Il d\u00e9crit notamment le travail de fond de l&rsquo;APU s&rsquo;appuyant sur les habitants et les m\u00e9thodes de l&rsquo;\u00e9ducation populaire, pour contester les vell\u00e9it\u00e9s de d\u00e9molition d&rsquo;une partie de la cit\u00e9.<\/p>\n<p>Apr\u00e8s la balade urbaine, et la restitution des travaux d&rsquo;enqu\u00eate, un troisi\u00e8me format, une conf\u00e9rence gesticul\u00e9e, \u00e0 permis d&rsquo;explorer diff\u00e9remment ce sujet cher \u00e0 Lefebvre.<\/p>\n<p>Sous le titre \u00ab La Ville est \u00e0 qui, elle a moi \u00bb, la conf\u00e9rence gesticul\u00e9e de Frantz et Mathieu \u00e0 r\u00e9uni une soixantaine de personnes \u00e0 la Dar Lamifa, le 7 juin dernier. Balade urbaine militante, restitution de travaux universitaires, et conf\u00e9rence humoristique pour le \u00ab\u00a0droit \u00e0 la ville\u00a0\u00bb, ce fut un beau tryptique.<\/p>\n<p><em><span style=\"color: #808080;\">Article par Patrick Lacoste et Alima El Bajnouni,\u00a0Un Centre Ville Pour Tous<\/span><\/em><\/p>\n","protected":false},"featured_media":55138,"template":"","meta":{"_acf_changed":false,"_et_pb_use_builder":"","_et_pb_old_content":"","_et_gb_content_width":"","cybocfi_hide_featured_image":""},"categories":[],"themes":[],"agendas_globales":[252],"class_list":["post-53064","news","type-news","status-publish","has-post-thumbnail","hentry","agendas_globales-50-ans-du-droit-a-la-ville-journee-du-droit-a-la-ville"],"acf":[],"yoast_head":"<!-- This site is optimized with the Yoast SEO plugin v27.4 - https:\/\/yoast.com\/product\/yoast-seo-wordpress\/ -->\n<title>Marseille et le Droit \u00e0 la Ville - Right to the city<\/title>\n<meta name=\"robots\" content=\"index, follow, max-snippet:-1, max-image-preview:large, max-video-preview:-1\" \/>\n<link rel=\"canonical\" href=\"https:\/\/www.right2city.org\/fr\/news\/marseille-and-the-right-to-the-city\/\" \/>\n<meta property=\"og:locale\" content=\"fr_FR\" \/>\n<meta property=\"og:type\" content=\"article\" \/>\n<meta property=\"og:title\" content=\"Marseille et le Droit \u00e0 la Ville - Right to the city\" \/>\n<meta property=\"og:description\" content=\"[Fran\u00e7ais] Un Centre Ville Pour Tous Appr\u00e9hender Marseille et ses r\u00e9centes transformations \u00e0 travers les \u00e9crits et l&rsquo;analyse percutante d&rsquo;Henri Lefebvre sur le droit \u00e0 la ville, c&rsquo;\u00e9tait l&rsquo;objectif des temps d&rsquo;\u00e9changes organis\u00e9s les 2 et 7 juin derniers. L&rsquo;association Un Centre Ville Pour Tous, en partenariat avec les associations Dar Lamifa, Pensons le matin, [&hellip;]\" \/>\n<meta property=\"og:url\" content=\"https:\/\/www.right2city.org\/fr\/news\/marseille-and-the-right-to-the-city\/\" \/>\n<meta property=\"og:site_name\" content=\"Right to the city\" \/>\n<meta property=\"article:modified_time\" content=\"2020-05-12T17:22:59+00:00\" \/>\n<meta property=\"og:image\" content=\"https:\/\/www.right2city.org\/wp-content\/uploads\/2018\/10\/IMG_9271-scaled-1.jpg\" \/>\n\t<meta property=\"og:image:width\" content=\"2560\" \/>\n\t<meta property=\"og:image:height\" content=\"1920\" \/>\n\t<meta property=\"og:image:type\" content=\"image\/jpeg\" \/>\n<meta name=\"twitter:card\" content=\"summary_large_image\" \/>\n<meta name=\"twitter:label1\" content=\"Dur\u00e9e de lecture estim\u00e9e\" \/>\n\t<meta name=\"twitter:data1\" content=\"3 minutes\" \/>\n<script type=\"application\/ld+json\" class=\"yoast-schema-graph\">{\"@context\":\"https:\\\/\\\/schema.org\",\"@graph\":[{\"@type\":\"WebPage\",\"@id\":\"https:\\\/\\\/www.right2city.org\\\/fr\\\/news\\\/marseille-and-the-right-to-the-city\\\/\",\"url\":\"https:\\\/\\\/www.right2city.org\\\/fr\\\/news\\\/marseille-and-the-right-to-the-city\\\/\",\"name\":\"Marseille et le Droit \u00e0 la Ville - Right to the city\",\"isPartOf\":{\"@id\":\"https:\\\/\\\/www.right2city.org\\\/fr\\\/#website\"},\"primaryImageOfPage\":{\"@id\":\"https:\\\/\\\/www.right2city.org\\\/fr\\\/news\\\/marseille-and-the-right-to-the-city\\\/#primaryimage\"},\"image\":{\"@id\":\"https:\\\/\\\/www.right2city.org\\\/fr\\\/news\\\/marseille-and-the-right-to-the-city\\\/#primaryimage\"},\"thumbnailUrl\":\"https:\\\/\\\/www.right2city.org\\\/wp-content\\\/uploads\\\/2018\\\/10\\\/IMG_9271-scaled-1.jpg\",\"datePublished\":\"2018-10-30T10:53:45+00:00\",\"dateModified\":\"2020-05-12T17:22:59+00:00\",\"breadcrumb\":{\"@id\":\"https:\\\/\\\/www.right2city.org\\\/fr\\\/news\\\/marseille-and-the-right-to-the-city\\\/#breadcrumb\"},\"inLanguage\":\"fr-FR\",\"potentialAction\":[{\"@type\":\"ReadAction\",\"target\":[\"https:\\\/\\\/www.right2city.org\\\/fr\\\/news\\\/marseille-and-the-right-to-the-city\\\/\"]}]},{\"@type\":\"ImageObject\",\"inLanguage\":\"fr-FR\",\"@id\":\"https:\\\/\\\/www.right2city.org\\\/fr\\\/news\\\/marseille-and-the-right-to-the-city\\\/#primaryimage\",\"url\":\"https:\\\/\\\/www.right2city.org\\\/wp-content\\\/uploads\\\/2018\\\/10\\\/IMG_9271-scaled-1.jpg\",\"contentUrl\":\"https:\\\/\\\/www.right2city.org\\\/wp-content\\\/uploads\\\/2018\\\/10\\\/IMG_9271-scaled-1.jpg\",\"width\":2560,\"height\":1920},{\"@type\":\"BreadcrumbList\",\"@id\":\"https:\\\/\\\/www.right2city.org\\\/fr\\\/news\\\/marseille-and-the-right-to-the-city\\\/#breadcrumb\",\"itemListElement\":[{\"@type\":\"ListItem\",\"position\":1,\"name\":\"Home\",\"item\":\"https:\\\/\\\/www.right2city.org\\\/fr\\\/\"},{\"@type\":\"ListItem\",\"position\":2,\"name\":\"Nouvelles\",\"item\":\"https:\\\/\\\/www.right2city.org\\\/fr\\\/news\\\/\"},{\"@type\":\"ListItem\",\"position\":3,\"name\":\"Marseille et le Droit \u00e0 la Ville\"}]},{\"@type\":\"WebSite\",\"@id\":\"https:\\\/\\\/www.right2city.org\\\/fr\\\/#website\",\"url\":\"https:\\\/\\\/www.right2city.org\\\/fr\\\/\",\"name\":\"Right to the city\",\"description\":\"Global Platform for the Right to the City\",\"potentialAction\":[{\"@type\":\"SearchAction\",\"target\":{\"@type\":\"EntryPoint\",\"urlTemplate\":\"https:\\\/\\\/www.right2city.org\\\/fr\\\/?s={search_term_string}\"},\"query-input\":{\"@type\":\"PropertyValueSpecification\",\"valueRequired\":true,\"valueName\":\"search_term_string\"}}],\"inLanguage\":\"fr-FR\"}]}<\/script>\n<!-- \/ Yoast SEO plugin. -->","yoast_head_json":{"title":"Marseille et le Droit \u00e0 la Ville - Right to the city","robots":{"index":"index","follow":"follow","max-snippet":"max-snippet:-1","max-image-preview":"max-image-preview:large","max-video-preview":"max-video-preview:-1"},"canonical":"https:\/\/www.right2city.org\/fr\/news\/marseille-and-the-right-to-the-city\/","og_locale":"fr_FR","og_type":"article","og_title":"Marseille et le Droit \u00e0 la Ville - Right to the city","og_description":"[Fran\u00e7ais] Un Centre Ville Pour Tous Appr\u00e9hender Marseille et ses r\u00e9centes transformations \u00e0 travers les \u00e9crits et l&rsquo;analyse percutante d&rsquo;Henri Lefebvre sur le droit \u00e0 la ville, c&rsquo;\u00e9tait l&rsquo;objectif des temps d&rsquo;\u00e9changes organis\u00e9s les 2 et 7 juin derniers. L&rsquo;association Un Centre Ville Pour Tous, en partenariat avec les associations Dar Lamifa, Pensons le matin, [&hellip;]","og_url":"https:\/\/www.right2city.org\/fr\/news\/marseille-and-the-right-to-the-city\/","og_site_name":"Right to the city","article_modified_time":"2020-05-12T17:22:59+00:00","og_image":[{"width":2560,"height":1920,"url":"https:\/\/www.right2city.org\/wp-content\/uploads\/2018\/10\/IMG_9271-scaled-1.jpg","type":"image\/jpeg"}],"twitter_card":"summary_large_image","twitter_misc":{"Dur\u00e9e de lecture estim\u00e9e":"3 minutes"},"schema":{"@context":"https:\/\/schema.org","@graph":[{"@type":"WebPage","@id":"https:\/\/www.right2city.org\/fr\/news\/marseille-and-the-right-to-the-city\/","url":"https:\/\/www.right2city.org\/fr\/news\/marseille-and-the-right-to-the-city\/","name":"Marseille et le Droit \u00e0 la Ville - Right to the city","isPartOf":{"@id":"https:\/\/www.right2city.org\/fr\/#website"},"primaryImageOfPage":{"@id":"https:\/\/www.right2city.org\/fr\/news\/marseille-and-the-right-to-the-city\/#primaryimage"},"image":{"@id":"https:\/\/www.right2city.org\/fr\/news\/marseille-and-the-right-to-the-city\/#primaryimage"},"thumbnailUrl":"https:\/\/www.right2city.org\/wp-content\/uploads\/2018\/10\/IMG_9271-scaled-1.jpg","datePublished":"2018-10-30T10:53:45+00:00","dateModified":"2020-05-12T17:22:59+00:00","breadcrumb":{"@id":"https:\/\/www.right2city.org\/fr\/news\/marseille-and-the-right-to-the-city\/#breadcrumb"},"inLanguage":"fr-FR","potentialAction":[{"@type":"ReadAction","target":["https:\/\/www.right2city.org\/fr\/news\/marseille-and-the-right-to-the-city\/"]}]},{"@type":"ImageObject","inLanguage":"fr-FR","@id":"https:\/\/www.right2city.org\/fr\/news\/marseille-and-the-right-to-the-city\/#primaryimage","url":"https:\/\/www.right2city.org\/wp-content\/uploads\/2018\/10\/IMG_9271-scaled-1.jpg","contentUrl":"https:\/\/www.right2city.org\/wp-content\/uploads\/2018\/10\/IMG_9271-scaled-1.jpg","width":2560,"height":1920},{"@type":"BreadcrumbList","@id":"https:\/\/www.right2city.org\/fr\/news\/marseille-and-the-right-to-the-city\/#breadcrumb","itemListElement":[{"@type":"ListItem","position":1,"name":"Home","item":"https:\/\/www.right2city.org\/fr\/"},{"@type":"ListItem","position":2,"name":"Nouvelles","item":"https:\/\/www.right2city.org\/fr\/news\/"},{"@type":"ListItem","position":3,"name":"Marseille et le Droit \u00e0 la Ville"}]},{"@type":"WebSite","@id":"https:\/\/www.right2city.org\/fr\/#website","url":"https:\/\/www.right2city.org\/fr\/","name":"Right to the city","description":"Global Platform for the Right to the City","potentialAction":[{"@type":"SearchAction","target":{"@type":"EntryPoint","urlTemplate":"https:\/\/www.right2city.org\/fr\/?s={search_term_string}"},"query-input":{"@type":"PropertyValueSpecification","valueRequired":true,"valueName":"search_term_string"}}],"inLanguage":"fr-FR"}]}},"_links":{"self":[{"href":"https:\/\/www.right2city.org\/fr\/wp-json\/wp\/v2\/news\/53064","targetHints":{"allow":["GET"]}}],"collection":[{"href":"https:\/\/www.right2city.org\/fr\/wp-json\/wp\/v2\/news"}],"about":[{"href":"https:\/\/www.right2city.org\/fr\/wp-json\/wp\/v2\/types\/news"}],"wp:featuredmedia":[{"embeddable":true,"href":"https:\/\/www.right2city.org\/fr\/wp-json\/wp\/v2\/media\/55138"}],"wp:attachment":[{"href":"https:\/\/www.right2city.org\/fr\/wp-json\/wp\/v2\/media?parent=53064"}],"wp:term":[{"taxonomy":"category","embeddable":true,"href":"https:\/\/www.right2city.org\/fr\/wp-json\/wp\/v2\/categories?post=53064"},{"taxonomy":"themes","embeddable":true,"href":"https:\/\/www.right2city.org\/fr\/wp-json\/wp\/v2\/themes?post=53064"},{"taxonomy":"agendas_globales","embeddable":true,"href":"https:\/\/www.right2city.org\/fr\/wp-json\/wp\/v2\/agendas_globales?post=53064"}],"curies":[{"name":"wp","href":"https:\/\/api.w.org\/{rel}","templated":true}]}}