{"id":53070,"date":"2018-12-05T11:50:39","date_gmt":"2018-12-05T09:50:39","guid":{"rendered":"https:\/\/www.right2city.org\/news\/declaration-on-human-rights-day-and-the-right-to-the-city\/"},"modified":"2020-05-12T19:13:32","modified_gmt":"2020-05-12T17:13:32","slug":"declaration-on-human-rights-day-and-the-right-to-the-city","status":"publish","type":"news","link":"https:\/\/www.right2city.org\/fr\/news\/declaration-on-human-rights-day-and-the-right-to-the-city\/","title":{"rendered":"D\u00e9claration \u00e0 l\u2019occasion de la Journ\u00e9e des Droits de l\u2019Homme  et le Droit \u00e0 la Ville"},"content":{"rendered":"<p><a href=\"http:\/\/www.righttothecityplatform.org.br\/declaration-on-human-rights-day-and-the-right-to-the-city\/logo-70-years-2\/\" rel=\"attachment wp-att-3275\"><img loading=\"lazy\" decoding=\"async\" class=\"aligncenter size-full wp-image-3275\" src=\"https:\/\/www.right2city.org\/wp-content\/uploads\/2020\/01\/logo-70-years-1.png\" alt=\"\" width=\"395\" height=\"127\" \/><\/a><a href=\"http:\/\/www.righttothecityplatform.org.br\/declaration-on-human-rights-day-and-the-right-to-the-city\/declaracion10dic_logos\/\" rel=\"attachment wp-att-3266\">[Fran\u00e7ais]<\/a><\/p>\r\n<p>Nous, mouvements sociaux, organisations de la soci\u00e9t\u00e9 civile et des gouvernements locaux, sommes engag\u00e9-e-s aupr\u00e8s de la justice sociale par la promotion, la d\u00e9fense et la r\u00e9alisation de tous les Droits de l\u2019Homme li\u00e9s \u00e0 l&rsquo;Habitat, y compris le Droit de l\u2019Homme \u00e0 un Logement convenable, \u00e0 la Terre et le Droit \u00e0 la Ville dans toutes les r\u00e9gions du monde.<\/p>\r\n<p>Le 1<sup>er<\/sup>octobre 2018, jour d\u00e9sign\u00e9 par les Nations Unies comme \u00e9tant la <a href=\"https:\/\/unhabitat.org\/world-habitat-day\/\"><strong>Journ\u00e9e mondiale de l&rsquo;Habitat<\/strong><\/a>, nous avons r\u00e9fl\u00e9chi sur la situation de nos \u00e9tablissements humains et sur les Droits de l&rsquo;Homme li\u00e9s \u00e0 l&rsquo;Habitat. La Journ\u00e9e mondiale de l\u2019Habitat visait \u00e0 \u00abrappeler au monde que nous avons tous le pouvoir et la responsabilit\u00e9 de fa\u00e7onner l&rsquo;avenir de nos villes et villages\u00bb, mais aussi notre avenir dans l\u2019Habitat humain au sens plus large.<\/p>\r\n<p>Le 31 octobre, nous avons c\u00e9l\u00e9br\u00e9 la <a href=\"http:\/\/www.righttothecityplatform.org.br\/declaration-on-the-world-day-for-the-right-to-the-city\/\"><strong>Journ\u00e9e mondiale pour le Droit \u00e0 la Ville<\/strong><\/a>, r\u00e9interpr\u00e9tant la d\u00e9nomination par les Nations Unies en <a href=\"http:\/\/www.un.org\/fr\/events\/citiesday\/\">Journ\u00e9e mondiale des villes<\/a>. Nous comprenons le Droit \u00e0 la Ville comme le Droit de tou-te-s les habitant-e-s, pr\u00e9sent-e-s et futur-e-s, permanent-e-s et temporaires, d\u2019habiter, d\u2019utiliser, d\u2019occuper, de produire, de transformer, de gouverner et de jouir de villes, de villages et d\u2019\u00e9tablissements humains justes, inclusifs, s\u00fbrs, durables et d\u00e9mocratiques, d\u00e9finis en tant que biens communs essentiels pour jouir d\u2019une vie dans la dignit\u00e9 et la paix.<\/p>\r\n<p>Le 10 d\u00e9cembre, nous c\u00e9l\u00e9brerons la <a href=\"http:\/\/www.un.org\/fr\/events\/humanrightsday\/\"><strong>Journ\u00e9e des Droits de l&rsquo;Homme<\/strong><\/a> et saisirons cette occasion pour d\u00e9noncer les violations des Droits de l&rsquo;Homme et renforcer le lien entre les<strong> Droits \u00e0 l&rsquo;Habitat<\/strong>, le <strong>Droit \u00e0 la Ville<\/strong> et les <strong>Villes des Droits de l&rsquo;Homme<\/strong>.<\/p>\r\n<p><em>Contexte<\/em><\/p>\r\n<p>\u00c0 Paris, il y a 70 ans aujourd&rsquo;hui, les \u00c9tats membres des Nations Unies ont affirm\u00e9 que \u00abTous les \u00eatres humains naissent libres et \u00e9gaux en dignit\u00e9 et en droits\u00bb. Plus tard, en 1966, l&rsquo;Assembl\u00e9e g\u00e9n\u00e9rale des Nations Unies a adopt\u00e9 deux trait\u00e9s internationaux qui seraient le fondement permanent du d\u00e9veloppement des Droits internationaux de l&rsquo;Homme: le Pacte International relatif aux Droits Economiques, Sociaux et Culturels (PIDESC) et le Pacte International relatif aux Droits Civils et Politiques (PIDCP). Ces deux pactes, ainsi que la D\u00e9claration universelle des Droits de l&rsquo;Homme, ont form\u00e9 la Charte internationale des Droits de l&rsquo;Homme, constituant le Droit de naissance de tous les Etres Humains.<\/p>\r\n<p>En 1996, les \u00c9tats ont soutenu le <a href=\"http:\/\/undocs.org\/fr\/A\/CONF.165\/14\">Programme pour l&rsquo;Habitat<\/a>, qui promettait \u00abune approche r\u00e9gionale et intersectorielle dans laquelle l&rsquo;accent serait mis sur les liens ville\/campagne, les villages et les m\u00e9galopoles \u00e9tant consid\u00e9r\u00e9s comme les deux p\u00f4les d&rsquo;un \u00e9cosyst\u00e8me unique\u00bb<a href=\"#_edn1\" name=\"_ednref1\">[1]<\/a>. Les gouvernements se sont ensuite engag\u00e9s \u00e0 \u00abredoubler d&rsquo;efforts pour \u00e9liminer la pauvret\u00e9 et la discrimination, pour d\u00e9fendre et faire respecter tous les droits de l&rsquo;homme et les libert\u00e9s fondamentales pour tous et pour r\u00e9pondre aux besoins essentiels \u2014 \u00e9ducation, nutrition, services de sant\u00e9 pendant toute l&rsquo;existence et, en particulier, un logement convenable pour tous\u00bb<a href=\"#_edn2\" name=\"_ednref2\">[2]<\/a>.<\/p>\r\n<p>Depuis lors, d&rsquo;autres approches ont contextualis\u00e9 les Droits de l&rsquo;Homme et les obligations correspondantes des \u00c9tats, dans toutes les sph\u00e8res de gouvernement, ajoutant la dimension de justice spatiale aux Droits de l&rsquo;Homme d\u00e9j\u00e0 codifi\u00e9s.<\/p>\r\n<p>C\u2019est le cas de la <a href=\"https:\/\/www.uclg-cisdp.org\/fr\/le-droit-a-la-ville\/charte-europeenne\">Charte Europ\u00e9enne de 1998 de sauvegarde des Droits de l\u2019Homme dans la ville<\/a> (Article 1): \u00abLa ville est un espace collectif appartenant \u00e0 tous les habitants qui ont le droit d&rsquo;y trouver les conditions de leur \u00e9panouissement politique, social et environnemental tout en y assumant leurs devoirs de solidarit\u00e9\u00bb.<\/p>\r\n<p>Dans le m\u00eame ordre d&rsquo;id\u00e9es, la <a href=\"https:\/\/www.uclg-cisdp.org\/sites\/default\/files\/CISDP%20Carta-Agenda_FRA.pdf\">Charte-Agenda Mondiale des Droits de l\u2019Homme dans la Cit\u00e9<\/a> de 2011 affirmait que \u00ab\u00a0Tous les habitants de la Cit\u00e9 ont droit \u00e0 une Cit\u00e9 constitu\u00e9e en tant que communaut\u00e9 politique qui se doit d&rsquo;assurer des conditions de vie ad\u00e9quates \u00e0 toutes et \u00e0 tous, et qui garantisse le \u201cbien vivre ensemble\u201d pour tous les individus ainsi qu&rsquo;entre les dits habitants et l&rsquo;autorit\u00e9 locale\u00a0\u00bb.<\/p>\r\n<p>Dans la <a href=\"http:\/\/www.uclg-cisdp.org\/sites\/default\/files\/Gwangju_Declaration_on_HR_City_final_edited_version_110524.pdf\">D\u00e9claration de Gwangju sur la ville des Droits de l&rsquo;Homme<\/a> de 2011, les villes des droits de l&rsquo;homme sont d\u00e9finies comme \u00ab\u00e0 la fois une communaut\u00e9 locale et un processus sociopolitique \u00e0 l\u2019\u00e9chelon local dans lesquels les droits de l\u2019homme, en tant que valeurs fondamentales et principes directeurs, jouent un r\u00f4le essentiel\u00bb. \u00ab\u00a0Ville des Droits de l&rsquo;Homme\u00a0\u00bb signifie \u00e9galement, dans la pratique, que tous les habitant-e-s, sans distinction de race, de sexe, de couleur, de nationalit\u00e9, d&rsquo;ethnie ou de statut social, et en particulier les minorit\u00e9s et tout autre groupe vuln\u00e9rable, socialement fragile et marginalis\u00e9, peuvent participer pleinement dans les processus de prise de d\u00e9cision et de mise en \u0153uvre des politiques qui affectent leur vie conform\u00e9ment aux principes des Droits de l&rsquo;Homme tels que la non-discrimination, l&rsquo;\u00e9tat de droit, la participation, l&rsquo;autonomisation, la transparence et la responsabilit\u00e9.<\/p>\r\n<p>Cette d\u00e9finition des villes des Droits de l&rsquo;Homme concerne directement quatre des huit composantes du Droit \u00e0 la Ville, \u00e0 savoir une ville\/un \u00e9tablissement humain <strong>exempt de discrimination<\/strong>, fond\u00e9 sur <strong>l&rsquo;\u00e9galit\u00e9 de genre<\/strong>, la<strong> citoyennet\u00e9 inclusive<\/strong> et sur la<strong> participation politique accrue<\/strong>.<\/p>\r\n<p>En tant que Droit collectif, le Droit \u00e0 la Ville contribue \u00e0 l&rsquo;int\u00e9gration et \u00e0 la contextualisation de tous les Droits civils, politiques, \u00e9conomiques, sociaux, culturels et environnementaux, tels qu\u2019ils sont inscrits dans les trait\u00e9s et instruments internationaux relatifs aux Droits de l&rsquo;Homme.<\/p>\r\n<p>L\u2019application du Droit \u00e0 la Ville exige le respect, la protection et la r\u00e9alisation de tous les Droits de l&rsquo;Homme, sans exception, ainsi que des principes et des Droits sp\u00e9cifiques que ce Droit envisage: les <strong>fonctions sociales<\/strong> de la terre, de la propri\u00e9t\u00e9 et de la ville; la <strong>lutte contre la discrimination socio-spatiale<\/strong>; des <strong>espaces publics de haute qualit\u00e9<\/strong>; et des <strong>liens urbains-ruraux<\/strong><a href=\"#_edn3\" name=\"_ednref3\">[3]<\/a>durables et inclusifs. En ce sens, la perspective du Droit \u00e0 la Ville cherche \u00e0 <strong>op\u00e9rationnaliser les Droits de l&rsquo;Homme dans leur contexte d&rsquo;Habitat humain.<\/strong><\/p>\r\n<p><em>D\u00e9fis contemporains<\/em><\/p>\r\n<p>Les personnes et les communaut\u00e9s du monde entier sont <strong>vuln\u00e9rables aux violations du Droit de l\u2019Homme \u00e0 l&rsquo;Habitat<\/strong>, lesquelles prennent souvent la forme d&rsquo;expulsions forc\u00e9es, de n\u00e9gation d&rsquo;acc\u00e8s aux ressources naturelles, de saisie de terres ou de non-reconnaissance du Droit fondamental \u00e0 un Logement convenable, aux services de sant\u00e9, \u00e0 un travail d\u00e9cent, \u00e0 l&rsquo;\u00e9nergie, ou \u00e0 la participation publique, entre autres. Les pers\u00e9cutions id\u00e9ologiques et religieuses et la marginalisation des femmes, des populations indig\u00e8nes et des minorit\u00e9s font \u00e9galement partie des violations les plus courantes, en augmentation dans de nombreuses r\u00e9gions du monde.<\/p>\r\n<p>D\u00e9j\u00e0 lors de la Conf\u00e9rence Habitat de 1976, le <a href=\"http:\/\/www.hlrn.org\/img\/documents\/The_Vancouver_Declaration_19761.pdf\">Plan d&rsquo;Action de Vancouver<\/a> avait averti que \u00ables id\u00e9ologies des \u00c9tats se refl\u00e8tent dans leurs politiques en mati\u00e8re d&rsquo;\u00e9tablissements humains. En tant que puissants instruments de changement, cela ne doit pas \u00eatre utilis\u00e9 pour d\u00e9poss\u00e9der les gens de leur terre ni pour enraciner privil\u00e8ge et exploitation\u00bb<a href=\"#_edn4\" name=\"_ednref4\">[4]<\/a>.N\u00e9anmoins, les formes contemporaines de discrimination se sont combin\u00e9es aux tendances historiques qui ont conduit \u00e0 des violations du Droit au Logement et \u00e0 la Terre: elles peuvent \u00eatre trouv\u00e9es dans les paradigmes de d\u00e9veloppement excluant; le d\u00e9ni de s\u00e9curit\u00e9 de tenure; l\u2019absence de reconnaissance juridique des Droits collectifs \u00e0 la Terre et aux autres ressources naturelles; la diminution de l&rsquo;aide au logement social; l\u2019acc\u00e8s discriminatoire au cr\u00e9dit; la privatisation des services de base; et les pr\u00eats hypoth\u00e9caires pr\u00e9dateurs, entre autres. Une \u00ab\u00e9thique de la privatisation\u00bb soumet de fa\u00e7on de plus en plus dominante l&rsquo;acc\u00e8s \u00e0 un Logement convenable et \u00e0 la Terre \u00e0 la course aux revenus, g\u00e9n\u00e9rant de nouvelles formes de discrimination. Ceci est intol\u00e9rable, en particulier compte tenu des <strong>obligations des \u00c9tats et des villes de respecter, prot\u00e9ger et r\u00e9aliser le droit fondamental \u00e0 un Logement suffisant et \u00e0 la Terre<\/strong>. Il est de plus en plus urgent d\u2019appliquer des m\u00e9thodes de gouvernance fond\u00e9es sur les Droits de l\u2019Homme dans la gestion de l\u2019urbanisation et des migrations, en particulier dans la mesure o\u00f9 de plus en plus de personnes trouvent refuge dans les villes, fuyant la guerre, l\u2019occupation, la paup\u00e9risation rurale, la famine et les catastrophes.<\/p>\r\n<p>&nbsp;<\/p>\r\n<p>Face aux tendances actuelles des violation des Droits de l&rsquo;Homme dans le monde, nous lan\u00e7ons cet appel urgent aux Nations Unies, \u00e0 tous les \u00c9tats et \u00e0 leurs gouvernements, aux institutions internationales, r\u00e9gionales, nationales et locales, aux organisations de la soci\u00e9t\u00e9 civile et aux habitant-e-s pour qu&rsquo;ils et elles <strong>mettent en \u0153uvre les mesures pr\u00e9ventives et correctives fond\u00e9es sur l\u2019app<\/strong><strong>roche des Droits de l&rsquo;Homme<\/strong> et <strong>adoptent<\/strong> le <strong>Droit \u00e0 la Ville dans un Habitat des Droits de l&rsquo;Homme <\/strong>comme cadre commun respectant les engagements politiques globaux visant \u00e0 relever les d\u00e9fis de notre temps, avec \u00e9galit\u00e9 des droits pour les femmes et les hommes, et s\u2019efforcent \u00e0 atteindre le progr\u00e8s social et l\u2019am\u00e9lioration des normes de vie dans une plus grande libert\u00e9 pour toutes et tous.<\/p>\r\n<p>&#8212;&#8212;&#8212;&#8212;&#8212;&#8212;&#8212;&#8212;&#8212;&#8212;&#8212;&#8212;&#8212;&#8212;&#8212;&#8212;&#8212;&#8212;&#8212;&#8212;&#8212;&#8212;&#8212;&#8212;&#8212;&#8212;&#8212;&#8212;&#8212;&#8212;&#8212;&#8212;&#8212;&#8212;&#8212;&#8212;&#8212;&#8212;&#8212;&#8212;<\/p>\r\n<p><a href=\"#_ednref1\" name=\"_edn1\">[1]<\/a>Rapport de la Conf\u00e9rence des Nations Unies sur les \u00e9tablissements humains (Habitat II, par. 104, A\/CONF.165\/14, 14 Juin 1996: <a href=\"http:\/\/undocs.org\/fr\/A\/CONF.165\/14\">http:\/\/undocs.org\/fr\/A\/CONF.165\/14<\/a><br \/><a href=\"#_ednref2\" name=\"_edn2\">[2]<\/a>\u00a0 Rapport de la Conf\u00e9rence des Nations Unies sur les \u00e9tablissements humains, <em>op. cit., <\/em>Article 7.<br \/><a href=\"#_ednref3\" name=\"_edn3\">[3]<\/a>\u00a0 Les liens entre zones rurales et urbaines doivent \u00eatre compris comme un processus dum\u00e9tabolisme de l\u2019habitat, une vision qui aborde et traite les \u00e9tablissements humains et les territoires en tant qu\u2019organisme vivant en cherchant \u00e0 les soutenir.<br \/><a href=\"#_ednref4\" name=\"_edn4\">[4]<\/a>\u00a0 Plan d\u2019Action de Vancouver, A\/CONF.70\/15, 11 Juin 1976, Pr\u00e9ambule, par. 3: <a href=\"http:\/\/www.hlrn.org\/img\/documents\/The_Vancouver_Declaration_19761.pdf\">http:\/\/www.hlrn.org\/img\/documents\/The_Vancouver_Declaration_19761.pdf<\/a><\/p>\r\n<p>&nbsp;<\/p>\r\n<p>&nbsp;<\/p>\r\n\r\n<figure class=\"wp-block-image\"><img decoding=\"async\" class=\"wp-image-3276\" src=\"https:\/\/www.right2city.org\/wp-content\/uploads\/2020\/01\/imagen-con-logos.jpg\" alt=\"\" \/><\/figure>\r\n","protected":false},"featured_media":55118,"template":"","meta":{"_acf_changed":false,"_et_pb_use_builder":"","_et_pb_old_content":"","_et_gb_content_width":"","cybocfi_hide_featured_image":""},"categories":[],"themes":[],"agendas_globales":[261],"class_list":["post-53070","news","type-news","status-publish","has-post-thumbnail","hentry","agendas_globales-journee-des-droits-de-lhomme"],"acf":[],"yoast_head":"<!-- This site is optimized with the Yoast SEO plugin v27.4 - https:\/\/yoast.com\/product\/yoast-seo-wordpress\/ -->\n<title>D\u00e9claration \u00e0 l\u2019occasion de la Journ\u00e9e des Droits de l\u2019Homme et le Droit \u00e0 la Ville - Right to the city<\/title>\n<meta name=\"robots\" content=\"index, follow, max-snippet:-1, max-image-preview:large, max-video-preview:-1\" \/>\n<link rel=\"canonical\" href=\"https:\/\/www.right2city.org\/fr\/news\/declaration-on-human-rights-day-and-the-right-to-the-city\/\" \/>\n<meta property=\"og:locale\" content=\"fr_FR\" \/>\n<meta property=\"og:type\" content=\"article\" \/>\n<meta property=\"og:title\" content=\"D\u00e9claration \u00e0 l\u2019occasion de la Journ\u00e9e des Droits de l\u2019Homme et le Droit \u00e0 la Ville - Right to the city\" \/>\n<meta property=\"og:description\" content=\"[Fran\u00e7ais] Nous, mouvements sociaux, organisations de la soci\u00e9t\u00e9 civile et des gouvernements locaux, sommes engag\u00e9-e-s aupr\u00e8s de la justice sociale par la promotion, la d\u00e9fense et la r\u00e9alisation de tous les Droits de l\u2019Homme li\u00e9s \u00e0 l&rsquo;Habitat, y compris le Droit de l\u2019Homme \u00e0 un Logement convenable, \u00e0 la Terre et le Droit \u00e0 la [&hellip;]\" \/>\n<meta property=\"og:url\" content=\"https:\/\/www.right2city.org\/fr\/news\/declaration-on-human-rights-day-and-the-right-to-the-city\/\" \/>\n<meta property=\"og:site_name\" content=\"Right to the city\" \/>\n<meta property=\"article:modified_time\" content=\"2020-05-12T17:13:32+00:00\" \/>\n<meta property=\"og:image\" content=\"https:\/\/www.right2city.org\/wp-content\/uploads\/2018\/12\/logo-70-years-1.png\" \/>\n\t<meta property=\"og:image:width\" content=\"395\" \/>\n\t<meta property=\"og:image:height\" content=\"127\" \/>\n\t<meta property=\"og:image:type\" content=\"image\/png\" \/>\n<meta name=\"twitter:card\" content=\"summary_large_image\" \/>\n<meta name=\"twitter:label1\" content=\"Dur\u00e9e de lecture estim\u00e9e\" \/>\n\t<meta name=\"twitter:data1\" content=\"8 minutes\" \/>\n<script type=\"application\/ld+json\" class=\"yoast-schema-graph\">{\"@context\":\"https:\\\/\\\/schema.org\",\"@graph\":[{\"@type\":\"WebPage\",\"@id\":\"https:\\\/\\\/www.right2city.org\\\/fr\\\/news\\\/declaration-on-human-rights-day-and-the-right-to-the-city\\\/\",\"url\":\"https:\\\/\\\/www.right2city.org\\\/fr\\\/news\\\/declaration-on-human-rights-day-and-the-right-to-the-city\\\/\",\"name\":\"D\u00e9claration \u00e0 l\u2019occasion de la Journ\u00e9e des Droits de l\u2019Homme et le Droit \u00e0 la Ville - Right to the city\",\"isPartOf\":{\"@id\":\"https:\\\/\\\/www.right2city.org\\\/fr\\\/#website\"},\"primaryImageOfPage\":{\"@id\":\"https:\\\/\\\/www.right2city.org\\\/fr\\\/news\\\/declaration-on-human-rights-day-and-the-right-to-the-city\\\/#primaryimage\"},\"image\":{\"@id\":\"https:\\\/\\\/www.right2city.org\\\/fr\\\/news\\\/declaration-on-human-rights-day-and-the-right-to-the-city\\\/#primaryimage\"},\"thumbnailUrl\":\"https:\\\/\\\/www.right2city.org\\\/wp-content\\\/uploads\\\/2018\\\/12\\\/logo-70-years-1.png\",\"datePublished\":\"2018-12-05T09:50:39+00:00\",\"dateModified\":\"2020-05-12T17:13:32+00:00\",\"breadcrumb\":{\"@id\":\"https:\\\/\\\/www.right2city.org\\\/fr\\\/news\\\/declaration-on-human-rights-day-and-the-right-to-the-city\\\/#breadcrumb\"},\"inLanguage\":\"fr-FR\",\"potentialAction\":[{\"@type\":\"ReadAction\",\"target\":[\"https:\\\/\\\/www.right2city.org\\\/fr\\\/news\\\/declaration-on-human-rights-day-and-the-right-to-the-city\\\/\"]}]},{\"@type\":\"ImageObject\",\"inLanguage\":\"fr-FR\",\"@id\":\"https:\\\/\\\/www.right2city.org\\\/fr\\\/news\\\/declaration-on-human-rights-day-and-the-right-to-the-city\\\/#primaryimage\",\"url\":\"https:\\\/\\\/www.right2city.org\\\/wp-content\\\/uploads\\\/2018\\\/12\\\/logo-70-years-1.png\",\"contentUrl\":\"https:\\\/\\\/www.right2city.org\\\/wp-content\\\/uploads\\\/2018\\\/12\\\/logo-70-years-1.png\",\"width\":395,\"height\":127},{\"@type\":\"BreadcrumbList\",\"@id\":\"https:\\\/\\\/www.right2city.org\\\/fr\\\/news\\\/declaration-on-human-rights-day-and-the-right-to-the-city\\\/#breadcrumb\",\"itemListElement\":[{\"@type\":\"ListItem\",\"position\":1,\"name\":\"Home\",\"item\":\"https:\\\/\\\/www.right2city.org\\\/fr\\\/\"},{\"@type\":\"ListItem\",\"position\":2,\"name\":\"Nouvelles\",\"item\":\"https:\\\/\\\/www.right2city.org\\\/fr\\\/news\\\/\"},{\"@type\":\"ListItem\",\"position\":3,\"name\":\"D\u00e9claration \u00e0 l\u2019occasion de la Journ\u00e9e des Droits de l\u2019Homme et le Droit \u00e0 la Ville\"}]},{\"@type\":\"WebSite\",\"@id\":\"https:\\\/\\\/www.right2city.org\\\/fr\\\/#website\",\"url\":\"https:\\\/\\\/www.right2city.org\\\/fr\\\/\",\"name\":\"Right to the city\",\"description\":\"Global Platform for the Right to the City\",\"potentialAction\":[{\"@type\":\"SearchAction\",\"target\":{\"@type\":\"EntryPoint\",\"urlTemplate\":\"https:\\\/\\\/www.right2city.org\\\/fr\\\/?s={search_term_string}\"},\"query-input\":{\"@type\":\"PropertyValueSpecification\",\"valueRequired\":true,\"valueName\":\"search_term_string\"}}],\"inLanguage\":\"fr-FR\"}]}<\/script>\n<!-- \/ Yoast SEO plugin. -->","yoast_head_json":{"title":"D\u00e9claration \u00e0 l\u2019occasion de la Journ\u00e9e des Droits de l\u2019Homme et le Droit \u00e0 la Ville - Right to the city","robots":{"index":"index","follow":"follow","max-snippet":"max-snippet:-1","max-image-preview":"max-image-preview:large","max-video-preview":"max-video-preview:-1"},"canonical":"https:\/\/www.right2city.org\/fr\/news\/declaration-on-human-rights-day-and-the-right-to-the-city\/","og_locale":"fr_FR","og_type":"article","og_title":"D\u00e9claration \u00e0 l\u2019occasion de la Journ\u00e9e des Droits de l\u2019Homme et le Droit \u00e0 la Ville - Right to the city","og_description":"[Fran\u00e7ais] Nous, mouvements sociaux, organisations de la soci\u00e9t\u00e9 civile et des gouvernements locaux, sommes engag\u00e9-e-s aupr\u00e8s de la justice sociale par la promotion, la d\u00e9fense et la r\u00e9alisation de tous les Droits de l\u2019Homme li\u00e9s \u00e0 l&rsquo;Habitat, y compris le Droit de l\u2019Homme \u00e0 un Logement convenable, \u00e0 la Terre et le Droit \u00e0 la [&hellip;]","og_url":"https:\/\/www.right2city.org\/fr\/news\/declaration-on-human-rights-day-and-the-right-to-the-city\/","og_site_name":"Right to the city","article_modified_time":"2020-05-12T17:13:32+00:00","og_image":[{"width":395,"height":127,"url":"https:\/\/www.right2city.org\/wp-content\/uploads\/2018\/12\/logo-70-years-1.png","type":"image\/png"}],"twitter_card":"summary_large_image","twitter_misc":{"Dur\u00e9e de lecture estim\u00e9e":"8 minutes"},"schema":{"@context":"https:\/\/schema.org","@graph":[{"@type":"WebPage","@id":"https:\/\/www.right2city.org\/fr\/news\/declaration-on-human-rights-day-and-the-right-to-the-city\/","url":"https:\/\/www.right2city.org\/fr\/news\/declaration-on-human-rights-day-and-the-right-to-the-city\/","name":"D\u00e9claration \u00e0 l\u2019occasion de la Journ\u00e9e des Droits de l\u2019Homme et le Droit \u00e0 la Ville - Right to the city","isPartOf":{"@id":"https:\/\/www.right2city.org\/fr\/#website"},"primaryImageOfPage":{"@id":"https:\/\/www.right2city.org\/fr\/news\/declaration-on-human-rights-day-and-the-right-to-the-city\/#primaryimage"},"image":{"@id":"https:\/\/www.right2city.org\/fr\/news\/declaration-on-human-rights-day-and-the-right-to-the-city\/#primaryimage"},"thumbnailUrl":"https:\/\/www.right2city.org\/wp-content\/uploads\/2018\/12\/logo-70-years-1.png","datePublished":"2018-12-05T09:50:39+00:00","dateModified":"2020-05-12T17:13:32+00:00","breadcrumb":{"@id":"https:\/\/www.right2city.org\/fr\/news\/declaration-on-human-rights-day-and-the-right-to-the-city\/#breadcrumb"},"inLanguage":"fr-FR","potentialAction":[{"@type":"ReadAction","target":["https:\/\/www.right2city.org\/fr\/news\/declaration-on-human-rights-day-and-the-right-to-the-city\/"]}]},{"@type":"ImageObject","inLanguage":"fr-FR","@id":"https:\/\/www.right2city.org\/fr\/news\/declaration-on-human-rights-day-and-the-right-to-the-city\/#primaryimage","url":"https:\/\/www.right2city.org\/wp-content\/uploads\/2018\/12\/logo-70-years-1.png","contentUrl":"https:\/\/www.right2city.org\/wp-content\/uploads\/2018\/12\/logo-70-years-1.png","width":395,"height":127},{"@type":"BreadcrumbList","@id":"https:\/\/www.right2city.org\/fr\/news\/declaration-on-human-rights-day-and-the-right-to-the-city\/#breadcrumb","itemListElement":[{"@type":"ListItem","position":1,"name":"Home","item":"https:\/\/www.right2city.org\/fr\/"},{"@type":"ListItem","position":2,"name":"Nouvelles","item":"https:\/\/www.right2city.org\/fr\/news\/"},{"@type":"ListItem","position":3,"name":"D\u00e9claration \u00e0 l\u2019occasion de la Journ\u00e9e des Droits de l\u2019Homme et le Droit \u00e0 la Ville"}]},{"@type":"WebSite","@id":"https:\/\/www.right2city.org\/fr\/#website","url":"https:\/\/www.right2city.org\/fr\/","name":"Right to the city","description":"Global Platform for the Right to the City","potentialAction":[{"@type":"SearchAction","target":{"@type":"EntryPoint","urlTemplate":"https:\/\/www.right2city.org\/fr\/?s={search_term_string}"},"query-input":{"@type":"PropertyValueSpecification","valueRequired":true,"valueName":"search_term_string"}}],"inLanguage":"fr-FR"}]}},"_links":{"self":[{"href":"https:\/\/www.right2city.org\/fr\/wp-json\/wp\/v2\/news\/53070","targetHints":{"allow":["GET"]}}],"collection":[{"href":"https:\/\/www.right2city.org\/fr\/wp-json\/wp\/v2\/news"}],"about":[{"href":"https:\/\/www.right2city.org\/fr\/wp-json\/wp\/v2\/types\/news"}],"wp:featuredmedia":[{"embeddable":true,"href":"https:\/\/www.right2city.org\/fr\/wp-json\/wp\/v2\/media\/55118"}],"wp:attachment":[{"href":"https:\/\/www.right2city.org\/fr\/wp-json\/wp\/v2\/media?parent=53070"}],"wp:term":[{"taxonomy":"category","embeddable":true,"href":"https:\/\/www.right2city.org\/fr\/wp-json\/wp\/v2\/categories?post=53070"},{"taxonomy":"themes","embeddable":true,"href":"https:\/\/www.right2city.org\/fr\/wp-json\/wp\/v2\/themes?post=53070"},{"taxonomy":"agendas_globales","embeddable":true,"href":"https:\/\/www.right2city.org\/fr\/wp-json\/wp\/v2\/agendas_globales?post=53070"}],"curies":[{"name":"wp","href":"https:\/\/api.w.org\/{rel}","templated":true}]}}