{"id":54303,"date":"2020-03-16T11:12:57","date_gmt":"2020-03-16T09:12:57","guid":{"rendered":"https:\/\/www.right2city.org\/news\/call-for-transformative-cities-2020-is-now-open\/"},"modified":"2020-05-19T09:50:59","modified_gmt":"2020-05-19T07:50:59","slug":"call-for-transformative-cities-2020-is-now-open","status":"publish","type":"news","link":"https:\/\/www.right2city.org\/fr\/news\/call-for-transformative-cities-2020-is-now-open\/","title":{"rendered":"Lancement de l\u2019appel \u00e0 candidatures pour l&rsquo;Initiative des Villes Transformatrices 2020"},"content":{"rendered":"<div class=\"su-youtube su-u-responsive-media-yes\"><iframe loading=\"lazy\" width=\"600\" height=\"400\" src=\"https:\/\/www.youtube.com\/embed\/z7u7fAkYG2M?\" frameborder=\"0\" allowfullscreen allow=\"autoplay; encrypted-media; picture-in-picture\" title=\"\"><\/iframe><\/div>\n<p><b>Nouvelle ann\u00e9e, nouvel appel \u00e0 candidature pour le Prix des Villes Transformatrices<\/b><\/p>\n<p><span style=\"font-weight: 400;\"><strong>Votre organisation est engag\u00e9e dans la lutte pour le Droit \u00e0 la Ville?<\/strong> Partagez vos initiatives et soumettez votre candidature pour le <a href=\"https:\/\/transformativecities.org\/fr\/\" target=\"_blank\" rel=\"noopener noreferrer\">Prix 2020 des Villes Transformatrices.<\/a> Cette initiative est l\u2019opportunit\u00e9 pour les gouvernements locaux les plus progressistes, les coalitions municipales, les mouvements sociaux et les organisations de la soci\u00e9t\u00e9 civile, de diffuser leurs activit\u00e9s visant \u00e0 <strong>trouver des solutions aux crises politiques et \u00e9conomiques auxquelles notre plan\u00e8te doit faire face.<\/strong><\/span><\/p>\n<p><span style=\"font-weight: 400;\">Le projet des <strong>Villes Transformatrices<\/strong> \u00e9mane d\u2019un groupement d\u2019organisations r\u00e9gionales et internationales (list\u00e9es ci-apr\u00e8s par ordre alphab\u00e9tique)\u00a0:<strong> Amis de la Terre International (FoEI), la Coalition Internationale de l\u2019Habitat (HIC), l\u2019Institut Transnational (TNI), la Plateforme Globale pour le Droit \u00e0 la Ville (PGDV), le R\u00e9seau europ\u00e9en d&rsquo;initiatives communautaires sur le changement climatique et la durabilit\u00e9 (ECOLISE), et le R\u00e9seau Intercontinental de promotion de l\u2019\u00c9conomie Sociale Solidaire (RIPESS).<\/strong><\/span><\/p>\n<p>&nbsp;<\/p>\n<h2 class=\"p2\"><strong><span class=\"s1\">Pourquoi des Villes Transformatrices?<\/span><\/strong><\/h2>\n<p><span style=\"font-weight: 400;\">Cette initiative s\u2019inspire du d\u00e9ferlement de pratiques et de <strong>mesures transformatrices qui ont \u00e9t\u00e9 initi\u00e9es au niveau municipal de par le monde<\/strong>, dans l\u2019objectif de construire une plateforme d\u00e9di\u00e9e \u00e0<strong> diffuser les enseignements tir\u00e9s de ces exp\u00e9riences,<\/strong> et d\u2019en r\u00e9compenser certains par des prix. Ces mutations \u00e9mergent aux quatre coins du globe sous des formes vari\u00e9es, et il est parfois difficile de s\u2019y retrouver et de savoir o\u00f9 chercher. La plateforme des \u00ab\u00a0Villes Transformatrices\u00a0\u00bb peut \u00eatre per\u00e7ue comme un t\u00e9lescope qui nous aide \u00e0 naviguer dans la<strong> galaxie complexe des luttes et des mutations en cours au niveau local de par le monde.\u00a0\u00a0<\/strong><\/span><\/p>\n<p><span style=\"font-weight: 400;\">Le Prix des Villes Transformatrices a pour ambition de mettre en lumi\u00e8re ces solutions et exp\u00e9rimentations politiques, afin d\u2019en faire des sources d\u2019inspiration pour d\u2019autres. <strong>Ce prix est fond\u00e9 sur des modalit\u00e9s innovantes\u00a0: participatif, incitatif et centr\u00e9 sur l\u2019\u00e9change et l\u2019apprentissage.<\/strong> Son objectif est de susciter un processus de production collective de savoirs et d\u2019\u00e9change de pratiques, regroup\u00e9s dans un <\/span><a href=\"https:\/\/transformativecities.org\/atlas-of-utopias\/\" target=\"_blank\" rel=\"noopener noreferrer\"><span style=\"font-weight: 400;\">atlas des pratiques politiques<\/span><\/a><span style=\"font-weight: 400;\">. Les exp\u00e9riences regroup\u00e9es dans cet atlas participent \u00e0 <strong>l\u2019acc\u00e9l\u00e9ration du processus de transformation syst\u00e9mique vers un monde plus d\u00e9mocratique, \u00e9galitaire, pacifique et r\u00e9silient.\u00a0\u00a0<\/strong><\/span><\/p>\n<p><span style=\"font-weight: 400;\"><strong>Ce prix n\u2019est pas destin\u00e9 \u00e0 \u00e9valuer les mouvements sociaux,<\/strong> les organisations de la soci\u00e9t\u00e9 civile, les plateformes citoyennes ou les autres groupes. Il s\u2019agit d\u2019une plateforme o\u00f9 les acteurs et les actrices du changement peuvent soumettre leurs bonnes pratiques, <strong>\u00e9changer sur leurs exp\u00e9riences et apprendre de leurs pairs, et donner ainsi une plus grande visibilit\u00e9 \u00e0 leurs initiatives, aupr\u00e8s d\u2019un large public.<\/strong> Suite au succ\u00e8s des deux premi\u00e8res \u00e9ditions, le comit\u00e9 des Villes Transformatrices continue \u00e0 grandir et \u00e0 se d\u00e9velopper, en r\u00e9fl\u00e9chissant \u00e0 la meilleure mani\u00e8re de r\u00e9pertorier de fa\u00e7on syst\u00e9matique les pratiques politiques locales, afin d\u2019identifier les plus efficaces, et de contribuer ainsi \u00e0 <strong>acc\u00e9l\u00e9rer ce processus de transformation.<\/strong><\/span><\/p>\n<p>&nbsp;<\/p>\n<h2><strong>Comment soumettre sa candidature?<\/strong><\/h2>\n<p><span style=\"font-weight: 400;\"><strong>Le Prix des Villes Transformatrices s\u2019adresse aux organisations collectives, et non aux individus.<\/strong> Parmi les organisations collectives, sont \u00e9ligibles\u00a0: les mouvements sociaux ayant une structure et des objectifs pr\u00e9cis, m\u00eame s\u2019ils ne disposent pas de statuts juridiques officiels\u00a0; les organisations de la soci\u00e9t\u00e9 civile avec une base l\u00e9gale\u00a0; les plateformes citoyennes qui ambitionnent d\u2019avoir un r\u00f4le institutionnel au niveau municipal ou de leur ville, en constituant une candidature politique\u00a0; une mairie en exercice\u00a0; et toutes les autres formes d\u2019actions collectives dont les activit\u00e9s sont restreintes \u00e0 une localit\u00e9 sp\u00e9cifique, \u00e0 l\u2019exclusion des r\u00e9gions, des \u00c9tats ou autres zones g\u00e9ographiques aux contours similaires.\u00a0\u00a0<\/span><\/p>\n<p><span style=\"font-weight: 400;\">Pour sa troisi\u00e8me \u00e9dition (2020), le prix reprend les m\u00eames <strong>quatre cat\u00e9gories<\/strong> que lors de la pr\u00e9c\u00e9dente \u00e9dition\u00a0: <\/span><b>\u00c9nergie, Eau, Logement et Alimentation<\/b><span style=\"font-weight: 400;\">. Vous avez d\u00e9j\u00e0 postul\u00e9 l\u2019ann\u00e9e derni\u00e8re, sans succ\u00e8s\u00a0? N\u2019h\u00e9sitez surtout pas \u00e0 postuler de nouveau. Durant cette p\u00e9riode, votre initiative s\u2019est tr\u00e8s certainement enrichie, et votre exp\u00e9rience n\u2019en est que plus inspirante.\u00a0<\/span><\/p>\n<ul>\n<li style=\"font-weight: 400;\"><span style=\"font-weight: 400;\">Si vous avez des doutes quant \u00e0 l\u2019\u00e9ligibilit\u00e9 de votre organisation avant de postuler, n\u2019h\u00e9sitez pas \u00e0 <a href=\"transformativecities@tni.org\" target=\"_blank\" rel=\"noopener noreferrer\">contacter l&rsquo;organisation<\/a><\/span><\/li>\n<li style=\"font-weight: 400;\"><span style=\"font-weight: 400;\">Pour postuler, il vous faut <a href=\"https:\/\/transformativecities.org\/open-call-application-form-2020\/\" target=\"_blank\" rel=\"noopener noreferrer\">remplir ce formulaire (en anglais)<\/a><\/span><\/li>\n<li style=\"font-weight: 400;\"><span style=\"font-weight: 400;\">Pour plus d\u2019information, voir <\/span><a href=\"https:\/\/transformativecities.org\/fr\/questions-frequentes\/\" target=\"_blank\" rel=\"noopener noreferrer\"><span style=\"font-weight: 400;\">la page FAQ<\/span><\/a><\/li>\n<\/ul>\n<p><span style=\"color: #ff0000;\"><b>Les candidatures sont \u00e0 soumettre avant le 14 Juin 2020, \u00e0 23h59 CET (GMT+1)<\/b><\/span><\/p>\n<p><span style=\"font-weight: 400;\">Dans chaque cat\u00e9gorie,<strong> trois initiatives cl\u00e9s seront s\u00e9lectionn\u00e9es par les jurys<\/strong>, constitu\u00e9s d\u2019expertes et d\u2019experts issus de domaines vari\u00e9s.<strong> Les 12 t\u00e9moignages finaux b\u00e9n\u00e9ficieront d\u2019une diffusion de grande ampleur, pour les faire conna\u00eetre au plus grand nombre.<\/strong> En tant que finaliste de l\u2019\u00e9dition 2020, votre t\u00e9moignage figurera notamment dans <\/span><a href=\"https:\/\/transformativecities.org\/atlas-of-utopias\/\"><span style=\"font-weight: 400;\">l\u2019Atlas des Utopies 2020<\/span><\/a><span style=\"font-weight: 400;\">, qui regroupera l\u2019ensemble des finalistes des trois \u00e9ditions jusqu\u2019\u00e0 ce jour. Une v\u00e9ritable source d\u2019inspirations d\u2019utopies transformatrices.\u00a0<\/span><\/p>\n<p><span style=\"font-weight: 400;\">Ces douze t\u00e9moignages finaux seront soumis au <strong>vote de la communaut\u00e9 mondiale<\/strong> que nous en sommes en train de rassembler \u2013 qui inclut votre communaut\u00e9 ! Cependant, et bien que le vote populaire aboutisse \u00e0 l\u2019identification d\u2019un vainqueur dans chaque cat\u00e9gorie qui se verra attribuer le prix du public, <strong>l&rsquo;objectif n\u2019est pas de mettre en comp\u00e9tition diff\u00e9rents pratiques politiques<\/strong>. Il s\u2019agit avant tout de <strong>mettre en lumi\u00e8re les initiatives transformatrices en cours, et de participer \u00e0 leur diffusion \u00e0 l\u2019\u00e9chelle internationale. <\/strong><\/span><\/p>\n","protected":false},"featured_media":53946,"template":"","meta":{"_acf_changed":false,"_et_pb_use_builder":"","_et_pb_old_content":"","_et_gb_content_width":"","cybocfi_hide_featured_image":""},"categories":[],"themes":[],"agendas_globales":[],"class_list":["post-54303","news","type-news","status-publish","has-post-thumbnail","hentry"],"acf":[],"yoast_head":"<!-- This site is optimized with the Yoast SEO plugin v27.5 - https:\/\/yoast.com\/product\/yoast-seo-wordpress\/ -->\n<title>Lancement de l\u2019appel \u00e0 candidatures pour l&#039;Initiative des Villes Transformatrices 2020 - Right to the city<\/title>\n<meta name=\"robots\" content=\"index, follow, max-snippet:-1, max-image-preview:large, max-video-preview:-1\" \/>\n<link rel=\"canonical\" href=\"https:\/\/www.right2city.org\/fr\/news\/call-for-transformative-cities-2020-is-now-open\/\" \/>\n<meta property=\"og:locale\" content=\"fr_FR\" \/>\n<meta property=\"og:type\" content=\"article\" \/>\n<meta property=\"og:title\" content=\"Lancement de l\u2019appel \u00e0 candidatures pour l&#039;Initiative des Villes Transformatrices 2020 - Right to the city\" \/>\n<meta property=\"og:description\" content=\"Nouvelle ann\u00e9e, nouvel appel \u00e0 candidature pour le Prix des Villes Transformatrices Votre organisation est engag\u00e9e dans la lutte pour le Droit \u00e0 la Ville? Partagez vos initiatives et soumettez votre candidature pour le Prix 2020 des Villes Transformatrices. Cette initiative est l\u2019opportunit\u00e9 pour les gouvernements locaux les plus progressistes, les coalitions municipales, les mouvements [&hellip;]\" \/>\n<meta property=\"og:url\" content=\"https:\/\/www.right2city.org\/fr\/news\/call-for-transformative-cities-2020-is-now-open\/\" \/>\n<meta property=\"og:site_name\" content=\"Right to the city\" \/>\n<meta property=\"article:modified_time\" content=\"2020-05-19T07:50:59+00:00\" \/>\n<meta property=\"og:image\" content=\"https:\/\/www.right2city.org\/wp-content\/uploads\/2020\/03\/TC-twitter1.jpg\" \/>\n\t<meta property=\"og:image:width\" content=\"1320\" \/>\n\t<meta property=\"og:image:height\" content=\"660\" \/>\n\t<meta property=\"og:image:type\" content=\"image\/jpeg\" \/>\n<meta name=\"twitter:card\" content=\"summary_large_image\" \/>\n<meta name=\"twitter:label1\" content=\"Dur\u00e9e de lecture estim\u00e9e\" \/>\n\t<meta name=\"twitter:data1\" content=\"5 minutes\" \/>\n<script type=\"application\/ld+json\" class=\"yoast-schema-graph\">{\"@context\":\"https:\\\/\\\/schema.org\",\"@graph\":[{\"@type\":\"WebPage\",\"@id\":\"https:\\\/\\\/www.right2city.org\\\/fr\\\/news\\\/call-for-transformative-cities-2020-is-now-open\\\/\",\"url\":\"https:\\\/\\\/www.right2city.org\\\/fr\\\/news\\\/call-for-transformative-cities-2020-is-now-open\\\/\",\"name\":\"Lancement de l\u2019appel \u00e0 candidatures pour l'Initiative des Villes Transformatrices 2020 - Right to the city\",\"isPartOf\":{\"@id\":\"https:\\\/\\\/www.right2city.org\\\/fr\\\/#website\"},\"primaryImageOfPage\":{\"@id\":\"https:\\\/\\\/www.right2city.org\\\/fr\\\/news\\\/call-for-transformative-cities-2020-is-now-open\\\/#primaryimage\"},\"image\":{\"@id\":\"https:\\\/\\\/www.right2city.org\\\/fr\\\/news\\\/call-for-transformative-cities-2020-is-now-open\\\/#primaryimage\"},\"thumbnailUrl\":\"https:\\\/\\\/www.right2city.org\\\/wp-content\\\/uploads\\\/2020\\\/03\\\/TC-twitter1.jpg\",\"datePublished\":\"2020-03-16T09:12:57+00:00\",\"dateModified\":\"2020-05-19T07:50:59+00:00\",\"breadcrumb\":{\"@id\":\"https:\\\/\\\/www.right2city.org\\\/fr\\\/news\\\/call-for-transformative-cities-2020-is-now-open\\\/#breadcrumb\"},\"inLanguage\":\"fr-FR\",\"potentialAction\":[{\"@type\":\"ReadAction\",\"target\":[\"https:\\\/\\\/www.right2city.org\\\/fr\\\/news\\\/call-for-transformative-cities-2020-is-now-open\\\/\"]}]},{\"@type\":\"ImageObject\",\"inLanguage\":\"fr-FR\",\"@id\":\"https:\\\/\\\/www.right2city.org\\\/fr\\\/news\\\/call-for-transformative-cities-2020-is-now-open\\\/#primaryimage\",\"url\":\"https:\\\/\\\/www.right2city.org\\\/wp-content\\\/uploads\\\/2020\\\/03\\\/TC-twitter1.jpg\",\"contentUrl\":\"https:\\\/\\\/www.right2city.org\\\/wp-content\\\/uploads\\\/2020\\\/03\\\/TC-twitter1.jpg\",\"width\":1320,\"height\":660},{\"@type\":\"BreadcrumbList\",\"@id\":\"https:\\\/\\\/www.right2city.org\\\/fr\\\/news\\\/call-for-transformative-cities-2020-is-now-open\\\/#breadcrumb\",\"itemListElement\":[{\"@type\":\"ListItem\",\"position\":1,\"name\":\"Home\",\"item\":\"https:\\\/\\\/www.right2city.org\\\/fr\\\/\"},{\"@type\":\"ListItem\",\"position\":2,\"name\":\"Nouvelles\",\"item\":\"https:\\\/\\\/www.right2city.org\\\/fr\\\/news\\\/\"},{\"@type\":\"ListItem\",\"position\":3,\"name\":\"Lancement de l\u2019appel \u00e0 candidatures pour l&rsquo;Initiative des Villes Transformatrices 2020\"}]},{\"@type\":\"WebSite\",\"@id\":\"https:\\\/\\\/www.right2city.org\\\/fr\\\/#website\",\"url\":\"https:\\\/\\\/www.right2city.org\\\/fr\\\/\",\"name\":\"Right to the city\",\"description\":\"Global Platform for the Right to the City\",\"potentialAction\":[{\"@type\":\"SearchAction\",\"target\":{\"@type\":\"EntryPoint\",\"urlTemplate\":\"https:\\\/\\\/www.right2city.org\\\/fr\\\/?s={search_term_string}\"},\"query-input\":{\"@type\":\"PropertyValueSpecification\",\"valueRequired\":true,\"valueName\":\"search_term_string\"}}],\"inLanguage\":\"fr-FR\"}]}<\/script>\n<!-- \/ Yoast SEO plugin. -->","yoast_head_json":{"title":"Lancement de l\u2019appel \u00e0 candidatures pour l'Initiative des Villes Transformatrices 2020 - Right to the city","robots":{"index":"index","follow":"follow","max-snippet":"max-snippet:-1","max-image-preview":"max-image-preview:large","max-video-preview":"max-video-preview:-1"},"canonical":"https:\/\/www.right2city.org\/fr\/news\/call-for-transformative-cities-2020-is-now-open\/","og_locale":"fr_FR","og_type":"article","og_title":"Lancement de l\u2019appel \u00e0 candidatures pour l'Initiative des Villes Transformatrices 2020 - Right to the city","og_description":"Nouvelle ann\u00e9e, nouvel appel \u00e0 candidature pour le Prix des Villes Transformatrices Votre organisation est engag\u00e9e dans la lutte pour le Droit \u00e0 la Ville? Partagez vos initiatives et soumettez votre candidature pour le Prix 2020 des Villes Transformatrices. Cette initiative est l\u2019opportunit\u00e9 pour les gouvernements locaux les plus progressistes, les coalitions municipales, les mouvements [&hellip;]","og_url":"https:\/\/www.right2city.org\/fr\/news\/call-for-transformative-cities-2020-is-now-open\/","og_site_name":"Right to the city","article_modified_time":"2020-05-19T07:50:59+00:00","og_image":[{"width":1320,"height":660,"url":"https:\/\/www.right2city.org\/wp-content\/uploads\/2020\/03\/TC-twitter1.jpg","type":"image\/jpeg"}],"twitter_card":"summary_large_image","twitter_misc":{"Dur\u00e9e de lecture estim\u00e9e":"5 minutes"},"schema":{"@context":"https:\/\/schema.org","@graph":[{"@type":"WebPage","@id":"https:\/\/www.right2city.org\/fr\/news\/call-for-transformative-cities-2020-is-now-open\/","url":"https:\/\/www.right2city.org\/fr\/news\/call-for-transformative-cities-2020-is-now-open\/","name":"Lancement de l\u2019appel \u00e0 candidatures pour l'Initiative des Villes Transformatrices 2020 - Right to the city","isPartOf":{"@id":"https:\/\/www.right2city.org\/fr\/#website"},"primaryImageOfPage":{"@id":"https:\/\/www.right2city.org\/fr\/news\/call-for-transformative-cities-2020-is-now-open\/#primaryimage"},"image":{"@id":"https:\/\/www.right2city.org\/fr\/news\/call-for-transformative-cities-2020-is-now-open\/#primaryimage"},"thumbnailUrl":"https:\/\/www.right2city.org\/wp-content\/uploads\/2020\/03\/TC-twitter1.jpg","datePublished":"2020-03-16T09:12:57+00:00","dateModified":"2020-05-19T07:50:59+00:00","breadcrumb":{"@id":"https:\/\/www.right2city.org\/fr\/news\/call-for-transformative-cities-2020-is-now-open\/#breadcrumb"},"inLanguage":"fr-FR","potentialAction":[{"@type":"ReadAction","target":["https:\/\/www.right2city.org\/fr\/news\/call-for-transformative-cities-2020-is-now-open\/"]}]},{"@type":"ImageObject","inLanguage":"fr-FR","@id":"https:\/\/www.right2city.org\/fr\/news\/call-for-transformative-cities-2020-is-now-open\/#primaryimage","url":"https:\/\/www.right2city.org\/wp-content\/uploads\/2020\/03\/TC-twitter1.jpg","contentUrl":"https:\/\/www.right2city.org\/wp-content\/uploads\/2020\/03\/TC-twitter1.jpg","width":1320,"height":660},{"@type":"BreadcrumbList","@id":"https:\/\/www.right2city.org\/fr\/news\/call-for-transformative-cities-2020-is-now-open\/#breadcrumb","itemListElement":[{"@type":"ListItem","position":1,"name":"Home","item":"https:\/\/www.right2city.org\/fr\/"},{"@type":"ListItem","position":2,"name":"Nouvelles","item":"https:\/\/www.right2city.org\/fr\/news\/"},{"@type":"ListItem","position":3,"name":"Lancement de l\u2019appel \u00e0 candidatures pour l&rsquo;Initiative des Villes Transformatrices 2020"}]},{"@type":"WebSite","@id":"https:\/\/www.right2city.org\/fr\/#website","url":"https:\/\/www.right2city.org\/fr\/","name":"Right to the city","description":"Global Platform for the Right to the City","potentialAction":[{"@type":"SearchAction","target":{"@type":"EntryPoint","urlTemplate":"https:\/\/www.right2city.org\/fr\/?s={search_term_string}"},"query-input":{"@type":"PropertyValueSpecification","valueRequired":true,"valueName":"search_term_string"}}],"inLanguage":"fr-FR"}]}},"_links":{"self":[{"href":"https:\/\/www.right2city.org\/fr\/wp-json\/wp\/v2\/news\/54303","targetHints":{"allow":["GET"]}}],"collection":[{"href":"https:\/\/www.right2city.org\/fr\/wp-json\/wp\/v2\/news"}],"about":[{"href":"https:\/\/www.right2city.org\/fr\/wp-json\/wp\/v2\/types\/news"}],"wp:featuredmedia":[{"embeddable":true,"href":"https:\/\/www.right2city.org\/fr\/wp-json\/wp\/v2\/media\/53946"}],"wp:attachment":[{"href":"https:\/\/www.right2city.org\/fr\/wp-json\/wp\/v2\/media?parent=54303"}],"wp:term":[{"taxonomy":"category","embeddable":true,"href":"https:\/\/www.right2city.org\/fr\/wp-json\/wp\/v2\/categories?post=54303"},{"taxonomy":"themes","embeddable":true,"href":"https:\/\/www.right2city.org\/fr\/wp-json\/wp\/v2\/themes?post=54303"},{"taxonomy":"agendas_globales","embeddable":true,"href":"https:\/\/www.right2city.org\/fr\/wp-json\/wp\/v2\/agendas_globales?post=54303"}],"curies":[{"name":"wp","href":"https:\/\/api.w.org\/{rel}","templated":true}]}}