{"id":55711,"date":"2020-06-26T10:17:45","date_gmt":"2020-06-26T08:17:45","guid":{"rendered":"https:\/\/www.right2city.org\/?post_type=news&#038;p=55711"},"modified":"2020-07-10T11:13:45","modified_gmt":"2020-07-10T09:13:45","slug":"lecons-de-la-pandemie-politique-progressiste-droit-a-la-ville-et-nouveau-municipalisme-a-lepoque-du-covid-19","status":"publish","type":"news","link":"https:\/\/www.right2city.org\/fr\/news\/lecons-de-la-pandemie-politique-progressiste-droit-a-la-ville-et-nouveau-municipalisme-a-lepoque-du-covid-19\/","title":{"rendered":"Le\u00e7ons de la pand\u00e9mie, politique progressiste : Droit \u00e0 la ville et nouveau municipalisme \u00e0 l&rsquo;\u00e9poque du COVID-19"},"content":{"rendered":"<p><img loading=\"lazy\" decoding=\"async\" class=\"aligncenter size-full wp-image-55426\" src=\"https:\/\/www.right2city.org\/wp-content\/uploads\/2020\/05\/Picture-Corona-is-real.jpg\" alt=\"\" width=\"1320\" height=\"880\" srcset=\"https:\/\/www.right2city.org\/wp-content\/uploads\/2020\/05\/Picture-Corona-is-real.jpg 1320w, https:\/\/www.right2city.org\/wp-content\/uploads\/2020\/05\/Picture-Corona-is-real-1280x853.jpg 1280w, https:\/\/www.right2city.org\/wp-content\/uploads\/2020\/05\/Picture-Corona-is-real-980x653.jpg 980w, https:\/\/www.right2city.org\/wp-content\/uploads\/2020\/05\/Picture-Corona-is-real-480x320.jpg 480w\" sizes=\"(min-width: 0px) and (max-width: 480px) 480px, (min-width: 481px) and (max-width: 980px) 980px, (min-width: 981px) and (max-width: 1280px) 1280px, (min-width: 1281px) 1320px, 100vw\" \/><\/p>\n<p>Article de Lorena Z\u00e1rate, publi\u00e9 en anglais chez <em> <a href=\"https:\/\/minim-municipalism.org\/magazine\/pandemic-lessons\" target=\"_blank\" rel=\"noopener noreferrer\">Minim<\/a><\/em><\/p>\n<p>Il n&rsquo;y a aucun doute : la pand\u00e9mie mondiale actuelle donne quelques avertissements aigus et d\u00e9livre plusieurs messages fondamentaux \u00e0 nos soci\u00e9t\u00e9s.<\/p>\n<p>Tout d&rsquo;abord, elle attire soudainement et simultan\u00e9ment notre attention sur la vuln\u00e9rabilit\u00e9 et l&rsquo;interd\u00e9pendance de la vie ; sur la centralit\u00e9 des soins et des travailleurs essentiels, dont la majorit\u00e9 sont des femmes et dont beaucoup sont des migrants ou des membres de groupes racis\u00e9s, et sur le r\u00f4le essentiel de la coh\u00e9sion des quartiers et de la proximit\u00e9 des services essentiels \u00e0 notre reproduction sociale. Les d\u00e9bats publics sur les m\u00e9dias sociaux et les innombrables webinaires abordent de plus en plus l&rsquo;urgente n\u00e9cessit\u00e9 de repenser la fa\u00e7on dont nous organisons les villes et les territoires, concevons les activit\u00e9s \u00e9conomiques et mettons en place les processus de d\u00e9cision \u00e0 diff\u00e9rentes \u00e9chelles. Tout au long de ces d\u00e9bats, la coop\u00e9ration et la solidarit\u00e9 sont des mots cl\u00e9s communs pour formuler des revendications et des propositions \u00e9manant d&rsquo;un large \u00e9ventail d&rsquo;acteurs.<\/p>\n<p>Depuis des d\u00e9cennies, les mouvements sociaux, les communaut\u00e9s et les militants du monde entier ont \u00e9labor\u00e9 des pratiques et des r\u00e9cits sur ces m\u00eames messages sous les parapluies connexes du Droit \u00e0 la Ville et du Nouveau Municipalisme. L&rsquo;accomplissement de la fonction sociale de la terre et de la propri\u00e9t\u00e9, la d\u00e9fense des biens communs (naturels, urbains et culturels), la reconnaissance et le soutien des \u00e9conomies sociales, diverses et transformatrices, la radicalisation de la d\u00e9mocratie locale et la f\u00e9minisation de la politique sont quelques-uns des principes les plus importants qui guident une multitude d&rsquo;actions et d&rsquo;efforts de plaidoyer.<br \/>\nDans le contexte actuel, ces contributions semblent plus pertinentes que jamais, car elles fournissent des indices concrets pour faire face \u00e0 l&rsquo;urgence actuelle tout en faisant avancer des transformations de fond pour les ann\u00e9es et d\u00e9cennies \u00e0 venir.<\/p>\n<p>M\u00eame en p\u00e9riode d&rsquo;incertitude extr\u00eame, il y a un certain nombre de choses importantes que nous savons &#8211; et que nous ne devons pas oublier.<br \/>\nLes valeurs coloniales\/capitalistes, patriarcales et racistes omnipr\u00e9sentes qui encadrent le monde pr\u00e9-pand\u00e9mique sont responsables d&rsquo;injustices sociales criminelles, d&rsquo;exploitation et de destruction de l&rsquo;environnement depuis des si\u00e8cles, rendant notre corps, nos communaut\u00e9s et notre plan\u00e8te plus vuln\u00e9rables \u00e0 toutes sortes de risques et de catastrophes. Le choc pand\u00e9mique ne touche pas tout le monde de la m\u00eame mani\u00e8re, et ses cons\u00e9quences seront \u00e9tendues et durables pour de vastes populations vivant d\u00e9j\u00e0 dans des conditions vuln\u00e9rables.<br \/>\nEn m\u00eame temps, et \u00e0 l&rsquo;\u00e9chelle mondiale, l&rsquo;humanit\u00e9 dispose des moyens et des connaissances (y compris les traditions ancestrales des peuples indig\u00e8nes et des Premi\u00e8res nations ainsi que la production universitaire et scientifique socialement engag\u00e9e) pour assurer le bien-\u00eatre de tous. Des changements audacieux et courageux sont n\u00e9cessaires de toute urgence et ne sont certainement pas impossibles. La trag\u00e9die et l&rsquo;indignation, oui, mais aussi l&rsquo;inspiration sont partout autour de nous. Pouvons-nous la voir ?<\/p>\n<h2><strong>COVID-19, in\u00e9galit\u00e9s sous-jacentes et tensions renouvel\u00e9es<\/strong><\/h2>\n<p>La crise sanitaire, et les impacts sociaux et \u00e9conomiques massifs qu&rsquo;elle entra\u00eene, rendent visibles et exacerbent les in\u00e9galit\u00e9s pr\u00e9existantes entre les sexes, les races et les classes sociales, qui ont <a href=\"https:\/\/policy-practice.oxfam.org.uk\/publications\/time-to-care-unpaid-and-underpaid-care-work-and-the-global-inequality-crisis-620928\">augment\u00e9 de mani\u00e8re exponentielle<\/a> au cours des dix derni\u00e8res ann\u00e9es &#8211; cons\u00e9quence des politiques n\u00e9olib\u00e9rales, de la privatisation des infrastructures et des services publics, du travail de soins non r\u00e9mun\u00e9r\u00e9 et sous-pay\u00e9 et de la marchandisation avide des biens communs. Les communaut\u00e9s noires et latines surexploit\u00e9es et appauvries sont parmi<a href=\"https:\/\/www.vox.com\/coronavirus-covid19\/2020\/4\/18\/21226225\/coronavirus-black-cdc-infection\"> les plus touch\u00e9es par le manque d&rsquo;acc\u00e8s \u00e0 la sant\u00e9 publique aux \u00c9tats-Unis<\/a>, le pays le plus riche de la plan\u00e8te.<br \/>\nDans le m\u00eame temps, les recommandations de \u00ab\u00a0rester chez soi et se laver les mains\u00a0\u00bb ne tiennent pas compte des contraintes qui menacent la vie de 1,6 milliard de personnes vivant dans des conditions de logement inad\u00e9quates (dont plus d&rsquo;un milliard dans des \u00e9tablissements dits informels et 2,2 milliards sans acc\u00e8s \u00e0 l&rsquo;eau potable et \u00e0 l&rsquo;assainissement), ni des besoins urgents de plus de 150 millions de femmes, hommes et enfants<a href=\"https:\/\/www.theguardian.com\/society\/2020\/apr\/29\/how-can-billions-of-people-stay-home-to-beat-covid-19-without-a-safe-place-to-live\"> sans logement<\/a> vivant dans les rues du monde entier. Globalement, le travail et l&rsquo;\u00e9ducation \u00e0 distance ne sont pas une option pour au moins la moiti\u00e9 de la population mondiale qui d\u00e9pend de salaires quotidiens qui, \u00e0 leur tour, augmentent leur fragilit\u00e9 face \u00e0 l&rsquo;\u00e9pid\u00e9mie mortelle actuelle.<\/p>\n<h5><img loading=\"lazy\" decoding=\"async\" class=\"aligncenter wp-image-3733 size-full\" src=\"https:\/\/minim-municipalism.org\/wp-content\/uploads\/2020\/05\/Ahmedabad-SVs-Safe-Vending.jpg\" sizes=\"(max-width: 702px) 100vw, 702px\" srcset=\"https:\/\/minim-municipalism.org\/wp-content\/uploads\/2020\/05\/Ahmedabad-SVs-Safe-Vending.jpg 702w, https:\/\/minim-municipalism.org\/wp-content\/uploads\/2020\/05\/Ahmedabad-SVs-Safe-Vending-300x271.jpg 300w, https:\/\/minim-municipalism.org\/wp-content\/uploads\/2020\/05\/Ahmedabad-SVs-Safe-Vending-560x507.jpg 560w, https:\/\/minim-municipalism.org\/wp-content\/uploads\/2020\/05\/Ahmedabad-SVs-Safe-Vending-585x529.jpg 585w\" alt=\"Pandemic lessons, progressive politics: Right to the city and new municipalism in times of COVID-19\" width=\"702\" height=\"635\" \/><strong>\u00c0 Ahmedabad, en Inde, les vendeurs de rue jouent un r\u00f4le crucial pour assurer la s\u00e9curit\u00e9 alimentaire de tous les quartiers de la ville dans le cadre d&rsquo;une initiative de collaboration qui pourrait \u00eatre reproduite dans d&rsquo;autres villes du pays. Photo : SEWA<\/strong><\/h5>\n<p>Au milieu d&rsquo;une pr\u00e9carit\u00e9 amplifi\u00e9e, les gouvernements nationaux et locaux de tout l&rsquo;\u00e9ventail politique prennent une cascade de mesures qui signalent \u00e0 la fois l&rsquo;espoir et les craintes. Car plusieurs tensions bien connues et fausses dichotomies sont \u00e0 nouveau pr\u00e9sentes : les besoins sociaux contre les pr\u00e9occupations \u00e9conomiques ; l&rsquo;aide humanitaire contre le \u00ab\u00a0d\u00e9veloppement\u00a0\u00bb \u00e0 moyen\/long terme ; la r\u00e9action sectorielle, comp\u00e9titive et conflictuelle contre l&rsquo;approche int\u00e9grale, collaborative et de construction communautaire. Le r\u00f4le du secteur public devient critique, mais avec lui aussi les risques renouvel\u00e9s de centralisation bureaucratique, de programmes politiques anti-d\u00e9mocratiques et de capitalisme de copinage. Alors, faisons une pause et posons quelques questions importantes : Les personnes les plus vuln\u00e9rables re\u00e7oivent-elles l&rsquo;aide dont elles ont besoin ?<br \/>\nLes politiques mises en \u0153uvre r\u00e9duisent-elles ou \u00e9largissent-elles les \u00e9carts d&rsquo;in\u00e9galit\u00e9 ?<br \/>\nQuels sont les individus et les groupes dont on ne tient pas compte ?<br \/>\nEt qui sont les (rares) personnes qui font, une fois de plus, (beaucoup) de b\u00e9n\u00e9fices dans des conditions de pand\u00e9mie ?<\/p>\n<h2><strong>Les villes comme lieux de souffrance&#8230; et d&rsquo;espoir ?<\/strong><\/h2>\n<p>Selon UN-Habitat, 95% des cas totaux de COVID-19 se situent dans les zones urbaines, avec <a href=\"https:\/\/unhabitat.org\/un-habitat-covid-19-response-plan\">plus de 1 430 villes touch\u00e9es<\/a> dans 210 pays. Les images et les chiffres impressionnants du nombre de morts \u00e0 New York, Milan ou Guayaquil resteront longtemps grav\u00e9s dans nos m\u00e9moires, accompagn\u00e9s des t\u00e9moignages tragiques de milliers de personnes qui ont perdu leurs proches en quelques semaines seulement. Les visages de migrants d\u00e9sesp\u00e9r\u00e9s, contraints de retourner dans les zones rurales ou dans leur pays d&rsquo;origine, au milieu de soudains blocages nationaux et au bord de la famine dans des endroits comme l&rsquo;Inde, ne devraient jamais \u00eatre oubli\u00e9s. \u00c0 quelques exceptions pr\u00e8s, le manque de coordination et m\u00eame les discours et actions ouvertement contradictoires des sph\u00e8res officielles ont \u00e9t\u00e9 la r\u00e8gle, avec des cons\u00e9quences terribles et des millions de vies touch\u00e9es.<\/p>\n<p>Les gouvernements et les communaut\u00e9s locales sont une fois de plus les premiers \u00e0 r\u00e9agir, bien qu&rsquo;ils manquent souvent de ressources ad\u00e9quates et qu&rsquo;ils soient souvent confront\u00e9s \u00e0 des autorit\u00e9s nationales r\u00e9ticentes &#8211; voire autoritaires. M\u00eame avec des budgets limit\u00e9s, plusieurs acteurs locaux et r\u00e9gionaux ont pris des<a href=\"https:\/\/www.uclg-cisdp.org\/en\/news\/latest-news\/local-authorities-are-already-addressing-housing-related-challenges-face-covid-19\"> mesures rapides et audacieuses<\/a> pour faire face \u00e0 la crise actuelle. En mobilisant un vaste r\u00e9seau de soutien en nature et en op\u00e9rant une d\u00e9marchandisation de l&rsquo;acc\u00e8s aux biens et services essentiels, ils cherchent \u00e0 garantir \u00e0 chacun un logement, de l&rsquo;eau, de la nourriture et de l&rsquo;\u00e9lectricit\u00e9. Les moratoires sur les loyers des logements publics, la suppression des frais et l&rsquo;am\u00e9lioration des banques alimentaires sont associ\u00e9s \u00e0 des cliniques mobiles et \u00e0 des soins de sant\u00e9 \u00e0 distance. La reconversion des b\u00e2timents, des terrains et des espaces publics est devenue un outil essentiel. Les logements et les chambres d&rsquo;h\u00f4tel vides, les centres de conf\u00e9rence, les ar\u00e8nes et autres installations communautaires sont adapt\u00e9s pour offrir un refuge aux sans-abri, aux femmes victimes de violence domestique et aux travailleurs de la sant\u00e9 qui ont besoin d&rsquo;\u00eatre isol\u00e9s. Les rues vides sont transform\u00e9es en lignes plus larges pour les cyclistes et les pi\u00e9tons.<\/p>\n<h5><img loading=\"lazy\" decoding=\"async\" class=\"aligncenter wp-image-3734 size-full\" src=\"https:\/\/minim-municipalism.org\/wp-content\/uploads\/2020\/05\/rent-strike.jpg\" sizes=\"(max-width: 768px) 100vw, 768px\" srcset=\"https:\/\/minim-municipalism.org\/wp-content\/uploads\/2020\/05\/rent-strike.jpg 768w, https:\/\/minim-municipalism.org\/wp-content\/uploads\/2020\/05\/rent-strike-300x200.jpg 300w, https:\/\/minim-municipalism.org\/wp-content\/uploads\/2020\/05\/rent-strike-391x260.jpg 391w, https:\/\/minim-municipalism.org\/wp-content\/uploads\/2020\/05\/rent-strike-560x373.jpg 560w, https:\/\/minim-municipalism.org\/wp-content\/uploads\/2020\/05\/rent-strike-585x390.jpg 585w\" alt=\"Pandemic lessons, progressive politics: Right to the city and new municipalism in times of COVID-19\" width=\"768\" height=\"512\" \/><\/h5>\n<h5><strong>Une peinture murale sur la gr\u00e8ve des loyers \u00e0 Hyde Park (Chicago) Photo : Darius Griffin<\/strong><\/h5>\n<p>Tout en reconnaissant la pertinence de ces mesures fondamentales et urgentes pour faire face \u00e0 la situation d&rsquo;urgence, plusieurs voix soul\u00e8vent de nouvelles pr\u00e9occupations et des questions suppl\u00e9mentaires.<br \/>\nCes mesures sont-elles suffisantes ? Combien de temps vont-elles durer ? Pourraient-elles indiquer la voie \u00e0 suivre pour les changements socio-\u00e9conomiques et politiques plus profonds dont nos soci\u00e9t\u00e9s ont si d\u00e9sesp\u00e9r\u00e9ment besoin ?<\/p>\n<h2><strong>Droit \u00e0 la Ville et Nouveau Municipalisme : Des agendas locaux pour une transformation globale<\/strong><\/h2>\n<p>Depuis les places et les quartiers de S\u00e3o Paulo, Mexico, Santiago, New Delhi, Durban, Brooklyn, Beyrouth, Barcelone, Hambourg ou Istanbul, pour ne citer que quelques exemples paradigmatiques, de multiples mouvements sociaux ont \u00e9t\u00e9 confront\u00e9s au cours des derni\u00e8res d\u00e9cennies \u00e0 l&rsquo;urbanisation n\u00e9olib\u00e9rale et \u00e0 la marchandisation de tous les aspects de la vie. Ils ont chacun trouv\u00e9 des moyens d&rsquo;exp\u00e9rimenter l&rsquo;\u00e9laboration de paradigmes plus justes, plus d\u00e9mocratiques, plus sains et plus durables pour organiser nos soci\u00e9t\u00e9s. Reliant les luttes locales et mondiales, les diff\u00e9rentes \u00e9ditions du Forum social mondial qui ont d\u00e9but\u00e9 au d\u00e9but des ann\u00e9es 2000 ont \u00e9t\u00e9 des lieux essentiels pour l&rsquo;apprentissage par les pairs et la cr\u00e9ation d&rsquo;alliances, se condensant dans des documents collectifs tels que la <a href=\"https:\/\/www.hic-gs.org\/document.php?pid=2422\">Charte mondiale du droit \u00e0 la ville<\/a>, qui sont devenus tr\u00e8s influents (voir par exemple la Charte du droit \u00e0 la ville de Mexico 2010 ou la Constitution de l&rsquo;\u00c9quateur 2008). Aliment\u00e9es par leur opposition aux mesures d&rsquo;aust\u00e9rit\u00e9 impos\u00e9es dans le contexte de la crise financi\u00e8re de 2007-2008, Occupy, Indignad@s, le Printemps Arabe et des centaines d&rsquo;autres mobilisations similaires ont plac\u00e9 les droits au logement et \u00e0 la terre, la souverainet\u00e9 alimentaire, l&rsquo;\u00e9conomie sociale et solidaire, les espaces publics, la culture et d&rsquo;autres biens communs au centre des pr\u00e9occupations communes. Une conception \u00e9largie de la citoyennet\u00e9, non pas li\u00e9e \u00e0 la nationalit\u00e9 mais aux droits humains universels, et des pratiques hautement participatives fond\u00e9es sur l&rsquo;autonomie et l&rsquo;auto-gouvernement sont aujourd&rsquo;hui des propositions politiques cl\u00e9s \u00e0 travers les r\u00e9gions et les diff\u00e9rents r\u00e9gimes institutionnels.<\/p>\n<p>S&rsquo;appuyant sur ces courants puissants et sur ses propres racines historiques (voir <a href=\"https:\/\/roarmag.org\/magazine\/municipalism-feminization-urban-politics\/\">Roth et Shea, 2017<\/a> ; <a href=\"http:\/\/www.rosalux-nyc.org\/municipalism-in-spain\/\">Rubio-Pueyo, 2017<\/a> ; <a href=\"https:\/\/onlinelibrary.wiley.com\/doi\/10.1111\/anti.12520\">Russell, 2019<\/a> ; <a href=\"https:\/\/journals.sagepub.com\/doi\/10.1177\/0309132520909480\">Thompson, 2020<\/a>), le mouvement des nouveaux municipalistes a, dans le cadre d&rsquo;une r\u00e9flexion plus large sur la mani\u00e8re dont nous organisons d\u00e9mocratiquement nos villes, montr\u00e9 certaines possibilit\u00e9s concr\u00e8tes de recr\u00e9er l&rsquo;\u00c9tat local, loin des mantras technocratiques et corporatistes bas\u00e9s sur la \u00ab\u00a0comp\u00e9titivit\u00e9\u00a0\u00bb, la privatisation et des processus d\u00e9cisionnels tr\u00e8s opaques, corrompus et non d\u00e9mocratiques. Dans les villes d&rsquo;Argentine, du Kurdistan, d&rsquo;Espagne, du Royaume-Uni ou des \u00c9tats-Unis, les partis ind\u00e9pendants de citoyens nouvellement form\u00e9s et les plates-formes progressistes des gouvernements locaux remettent ouvertement en question les mod\u00e8les de leadership conventionnel, hi\u00e9rarchique et masculin en s&rsquo;engageant \u00e0 f\u00e9miniser la politique. La radicalisation de la d\u00e9mocratie prend un nouveau sens : il ne s&rsquo;agit pas seulement de s&rsquo;attaquer aux in\u00e9galit\u00e9s entre les sexes et \u00e0 la sous-repr\u00e9sentation institutionnelle des femmes, mais de mettre en \u0153uvre des politiques qui d\u00e9mant\u00e8lent le patriarcat et se concentrent sur la vie quotidienne et le bien-\u00eatre de tous. La <a href=\"https:\/\/www.tni.org\/en\/futureispublic\">remunicipalisation des services<\/a> et les <a href=\"https:\/\/transformativecities.org\/atlas-of-utopias\/\">partenariats publics-communautaires<\/a> s&rsquo;av\u00e8rent \u00eatre des outils fondamentaux pour faire progresser les objectifs d\u00e9finis collectivement.<\/p>\n<p>La pand\u00e9mie mondiale actuelle met en \u00e9vidence les priorit\u00e9s et les changements urgents que nous ne pouvons pas continuer \u00e0 reporter. Avec les cosmovisions indig\u00e8nes de longue date comme le buen vivir, et les programmes de transformation \u00e9co-f\u00e9ministes, antiracistes et d\u00e9coloniaux contemporains, la diffusion du droit \u00e0 la ville et les nouvelles pratiques et r\u00e9cits municipalistes pourraient nous aider \u00e0 cr\u00e9er l&rsquo;avenir dont nous avons besoin autour d&rsquo;une \u00e9thique de redistribution, de solidarit\u00e9 et de soins.<\/p>\n<p><em>Lorena Z\u00e1rate est membre fondateur de la <a href=\"https:\/\/www.right2city.org\/fr\/\">Plateforme Globale pour le Droit \u00e0 la Ville<\/a> et ancienne pr\u00e9sidente de <\/em><em><a href=\"https:\/\/www.hic-net.org\/\">Habitat International Coalition<\/a><\/em><em>\u00a0Photo : UNHabitat\/Julius Mwelu<\/em><\/p>\n","protected":false},"featured_media":55427,"template":"","meta":{"_acf_changed":false,"_et_pb_use_builder":"","_et_pb_old_content":"","_et_gb_content_width":"","cybocfi_hide_featured_image":""},"categories":[],"themes":[170,161,169,177,164,172,175,118],"agendas_globales":[],"class_list":["post-55711","news","type-news","status-publish","has-post-thumbnail","hentry","themes-citoyennete-inclusive","themes-economies-diversifiees-et-inclusives","themes-egalite-de-genre","themes-espaces-publics-de-qualite","themes-fonctions-sociales-remplies","themes-liens-urbains-ruraux","themes-non-discrimination","themes-participation-politique"],"acf":[],"yoast_head":"<!-- This site is optimized with the Yoast SEO plugin v27.4 - https:\/\/yoast.com\/product\/yoast-seo-wordpress\/ -->\n<title>Le\u00e7ons de la pand\u00e9mie, politique progressiste : Droit \u00e0 la ville et nouveau municipalisme \u00e0 l&#039;\u00e9poque du COVID-19 - Right to the city<\/title>\n<meta name=\"robots\" content=\"index, follow, max-snippet:-1, max-image-preview:large, max-video-preview:-1\" \/>\n<link rel=\"canonical\" href=\"https:\/\/www.right2city.org\/fr\/news\/lecons-de-la-pandemie-politique-progressiste-droit-a-la-ville-et-nouveau-municipalisme-a-lepoque-du-covid-19\/\" \/>\n<meta property=\"og:locale\" content=\"fr_FR\" \/>\n<meta property=\"og:type\" content=\"article\" \/>\n<meta property=\"og:title\" content=\"Le\u00e7ons de la pand\u00e9mie, politique progressiste : Droit \u00e0 la ville et nouveau municipalisme \u00e0 l&#039;\u00e9poque du COVID-19 - Right to the city\" \/>\n<meta property=\"og:description\" content=\"Article de Lorena Z\u00e1rate, publi\u00e9 en anglais chez Minim Il n&rsquo;y a aucun doute : la pand\u00e9mie mondiale actuelle donne quelques avertissements aigus et d\u00e9livre plusieurs messages fondamentaux \u00e0 nos soci\u00e9t\u00e9s. Tout d&rsquo;abord, elle attire soudainement et simultan\u00e9ment notre attention sur la vuln\u00e9rabilit\u00e9 et l&rsquo;interd\u00e9pendance de la vie ; sur la centralit\u00e9 des soins et [&hellip;]\" \/>\n<meta property=\"og:url\" content=\"https:\/\/www.right2city.org\/fr\/news\/lecons-de-la-pandemie-politique-progressiste-droit-a-la-ville-et-nouveau-municipalisme-a-lepoque-du-covid-19\/\" \/>\n<meta property=\"og:site_name\" content=\"Right to the city\" \/>\n<meta property=\"article:modified_time\" content=\"2020-07-10T09:13:45+00:00\" \/>\n<meta property=\"og:image\" content=\"https:\/\/www.right2city.org\/wp-content\/uploads\/2020\/05\/Picture-Corona-is-real.jpg\" \/>\n\t<meta property=\"og:image:width\" content=\"1320\" \/>\n\t<meta property=\"og:image:height\" content=\"880\" \/>\n\t<meta property=\"og:image:type\" content=\"image\/jpeg\" \/>\n<meta name=\"twitter:card\" content=\"summary_large_image\" \/>\n<meta name=\"twitter:label1\" content=\"Dur\u00e9e de lecture estim\u00e9e\" \/>\n\t<meta name=\"twitter:data1\" content=\"10 minutes\" \/>\n<script type=\"application\/ld+json\" class=\"yoast-schema-graph\">{\"@context\":\"https:\\\/\\\/schema.org\",\"@graph\":[{\"@type\":\"WebPage\",\"@id\":\"https:\\\/\\\/www.right2city.org\\\/fr\\\/news\\\/lecons-de-la-pandemie-politique-progressiste-droit-a-la-ville-et-nouveau-municipalisme-a-lepoque-du-covid-19\\\/\",\"url\":\"https:\\\/\\\/www.right2city.org\\\/fr\\\/news\\\/lecons-de-la-pandemie-politique-progressiste-droit-a-la-ville-et-nouveau-municipalisme-a-lepoque-du-covid-19\\\/\",\"name\":\"Le\u00e7ons de la pand\u00e9mie, politique progressiste : Droit \u00e0 la ville et nouveau municipalisme \u00e0 l'\u00e9poque du COVID-19 - Right to the city\",\"isPartOf\":{\"@id\":\"https:\\\/\\\/www.right2city.org\\\/fr\\\/#website\"},\"primaryImageOfPage\":{\"@id\":\"https:\\\/\\\/www.right2city.org\\\/fr\\\/news\\\/lecons-de-la-pandemie-politique-progressiste-droit-a-la-ville-et-nouveau-municipalisme-a-lepoque-du-covid-19\\\/#primaryimage\"},\"image\":{\"@id\":\"https:\\\/\\\/www.right2city.org\\\/fr\\\/news\\\/lecons-de-la-pandemie-politique-progressiste-droit-a-la-ville-et-nouveau-municipalisme-a-lepoque-du-covid-19\\\/#primaryimage\"},\"thumbnailUrl\":\"https:\\\/\\\/www.right2city.org\\\/wp-content\\\/uploads\\\/2020\\\/05\\\/Picture-Corona-is-real.jpg\",\"datePublished\":\"2020-06-26T08:17:45+00:00\",\"dateModified\":\"2020-07-10T09:13:45+00:00\",\"breadcrumb\":{\"@id\":\"https:\\\/\\\/www.right2city.org\\\/fr\\\/news\\\/lecons-de-la-pandemie-politique-progressiste-droit-a-la-ville-et-nouveau-municipalisme-a-lepoque-du-covid-19\\\/#breadcrumb\"},\"inLanguage\":\"fr-FR\",\"potentialAction\":[{\"@type\":\"ReadAction\",\"target\":[\"https:\\\/\\\/www.right2city.org\\\/fr\\\/news\\\/lecons-de-la-pandemie-politique-progressiste-droit-a-la-ville-et-nouveau-municipalisme-a-lepoque-du-covid-19\\\/\"]}]},{\"@type\":\"ImageObject\",\"inLanguage\":\"fr-FR\",\"@id\":\"https:\\\/\\\/www.right2city.org\\\/fr\\\/news\\\/lecons-de-la-pandemie-politique-progressiste-droit-a-la-ville-et-nouveau-municipalisme-a-lepoque-du-covid-19\\\/#primaryimage\",\"url\":\"https:\\\/\\\/www.right2city.org\\\/wp-content\\\/uploads\\\/2020\\\/05\\\/Picture-Corona-is-real.jpg\",\"contentUrl\":\"https:\\\/\\\/www.right2city.org\\\/wp-content\\\/uploads\\\/2020\\\/05\\\/Picture-Corona-is-real.jpg\",\"width\":1320,\"height\":880},{\"@type\":\"BreadcrumbList\",\"@id\":\"https:\\\/\\\/www.right2city.org\\\/fr\\\/news\\\/lecons-de-la-pandemie-politique-progressiste-droit-a-la-ville-et-nouveau-municipalisme-a-lepoque-du-covid-19\\\/#breadcrumb\",\"itemListElement\":[{\"@type\":\"ListItem\",\"position\":1,\"name\":\"Home\",\"item\":\"https:\\\/\\\/www.right2city.org\\\/fr\\\/\"},{\"@type\":\"ListItem\",\"position\":2,\"name\":\"Nouvelles\",\"item\":\"https:\\\/\\\/www.right2city.org\\\/fr\\\/news\\\/\"},{\"@type\":\"ListItem\",\"position\":3,\"name\":\"Le\u00e7ons de la pand\u00e9mie, politique progressiste : Droit \u00e0 la ville et nouveau municipalisme \u00e0 l&rsquo;\u00e9poque du COVID-19\"}]},{\"@type\":\"WebSite\",\"@id\":\"https:\\\/\\\/www.right2city.org\\\/fr\\\/#website\",\"url\":\"https:\\\/\\\/www.right2city.org\\\/fr\\\/\",\"name\":\"Right to the city\",\"description\":\"Global Platform for the Right to the City\",\"potentialAction\":[{\"@type\":\"SearchAction\",\"target\":{\"@type\":\"EntryPoint\",\"urlTemplate\":\"https:\\\/\\\/www.right2city.org\\\/fr\\\/?s={search_term_string}\"},\"query-input\":{\"@type\":\"PropertyValueSpecification\",\"valueRequired\":true,\"valueName\":\"search_term_string\"}}],\"inLanguage\":\"fr-FR\"}]}<\/script>\n<!-- \/ Yoast SEO plugin. -->","yoast_head_json":{"title":"Le\u00e7ons de la pand\u00e9mie, politique progressiste : Droit \u00e0 la ville et nouveau municipalisme \u00e0 l'\u00e9poque du COVID-19 - Right to the city","robots":{"index":"index","follow":"follow","max-snippet":"max-snippet:-1","max-image-preview":"max-image-preview:large","max-video-preview":"max-video-preview:-1"},"canonical":"https:\/\/www.right2city.org\/fr\/news\/lecons-de-la-pandemie-politique-progressiste-droit-a-la-ville-et-nouveau-municipalisme-a-lepoque-du-covid-19\/","og_locale":"fr_FR","og_type":"article","og_title":"Le\u00e7ons de la pand\u00e9mie, politique progressiste : Droit \u00e0 la ville et nouveau municipalisme \u00e0 l'\u00e9poque du COVID-19 - Right to the city","og_description":"Article de Lorena Z\u00e1rate, publi\u00e9 en anglais chez Minim Il n&rsquo;y a aucun doute : la pand\u00e9mie mondiale actuelle donne quelques avertissements aigus et d\u00e9livre plusieurs messages fondamentaux \u00e0 nos soci\u00e9t\u00e9s. Tout d&rsquo;abord, elle attire soudainement et simultan\u00e9ment notre attention sur la vuln\u00e9rabilit\u00e9 et l&rsquo;interd\u00e9pendance de la vie ; sur la centralit\u00e9 des soins et [&hellip;]","og_url":"https:\/\/www.right2city.org\/fr\/news\/lecons-de-la-pandemie-politique-progressiste-droit-a-la-ville-et-nouveau-municipalisme-a-lepoque-du-covid-19\/","og_site_name":"Right to the city","article_modified_time":"2020-07-10T09:13:45+00:00","og_image":[{"width":1320,"height":880,"url":"https:\/\/www.right2city.org\/wp-content\/uploads\/2020\/05\/Picture-Corona-is-real.jpg","type":"image\/jpeg"}],"twitter_card":"summary_large_image","twitter_misc":{"Dur\u00e9e de lecture estim\u00e9e":"10 minutes"},"schema":{"@context":"https:\/\/schema.org","@graph":[{"@type":"WebPage","@id":"https:\/\/www.right2city.org\/fr\/news\/lecons-de-la-pandemie-politique-progressiste-droit-a-la-ville-et-nouveau-municipalisme-a-lepoque-du-covid-19\/","url":"https:\/\/www.right2city.org\/fr\/news\/lecons-de-la-pandemie-politique-progressiste-droit-a-la-ville-et-nouveau-municipalisme-a-lepoque-du-covid-19\/","name":"Le\u00e7ons de la pand\u00e9mie, politique progressiste : Droit \u00e0 la ville et nouveau municipalisme \u00e0 l'\u00e9poque du COVID-19 - Right to the city","isPartOf":{"@id":"https:\/\/www.right2city.org\/fr\/#website"},"primaryImageOfPage":{"@id":"https:\/\/www.right2city.org\/fr\/news\/lecons-de-la-pandemie-politique-progressiste-droit-a-la-ville-et-nouveau-municipalisme-a-lepoque-du-covid-19\/#primaryimage"},"image":{"@id":"https:\/\/www.right2city.org\/fr\/news\/lecons-de-la-pandemie-politique-progressiste-droit-a-la-ville-et-nouveau-municipalisme-a-lepoque-du-covid-19\/#primaryimage"},"thumbnailUrl":"https:\/\/www.right2city.org\/wp-content\/uploads\/2020\/05\/Picture-Corona-is-real.jpg","datePublished":"2020-06-26T08:17:45+00:00","dateModified":"2020-07-10T09:13:45+00:00","breadcrumb":{"@id":"https:\/\/www.right2city.org\/fr\/news\/lecons-de-la-pandemie-politique-progressiste-droit-a-la-ville-et-nouveau-municipalisme-a-lepoque-du-covid-19\/#breadcrumb"},"inLanguage":"fr-FR","potentialAction":[{"@type":"ReadAction","target":["https:\/\/www.right2city.org\/fr\/news\/lecons-de-la-pandemie-politique-progressiste-droit-a-la-ville-et-nouveau-municipalisme-a-lepoque-du-covid-19\/"]}]},{"@type":"ImageObject","inLanguage":"fr-FR","@id":"https:\/\/www.right2city.org\/fr\/news\/lecons-de-la-pandemie-politique-progressiste-droit-a-la-ville-et-nouveau-municipalisme-a-lepoque-du-covid-19\/#primaryimage","url":"https:\/\/www.right2city.org\/wp-content\/uploads\/2020\/05\/Picture-Corona-is-real.jpg","contentUrl":"https:\/\/www.right2city.org\/wp-content\/uploads\/2020\/05\/Picture-Corona-is-real.jpg","width":1320,"height":880},{"@type":"BreadcrumbList","@id":"https:\/\/www.right2city.org\/fr\/news\/lecons-de-la-pandemie-politique-progressiste-droit-a-la-ville-et-nouveau-municipalisme-a-lepoque-du-covid-19\/#breadcrumb","itemListElement":[{"@type":"ListItem","position":1,"name":"Home","item":"https:\/\/www.right2city.org\/fr\/"},{"@type":"ListItem","position":2,"name":"Nouvelles","item":"https:\/\/www.right2city.org\/fr\/news\/"},{"@type":"ListItem","position":3,"name":"Le\u00e7ons de la pand\u00e9mie, politique progressiste : Droit \u00e0 la ville et nouveau municipalisme \u00e0 l&rsquo;\u00e9poque du COVID-19"}]},{"@type":"WebSite","@id":"https:\/\/www.right2city.org\/fr\/#website","url":"https:\/\/www.right2city.org\/fr\/","name":"Right to the city","description":"Global Platform for the Right to the City","potentialAction":[{"@type":"SearchAction","target":{"@type":"EntryPoint","urlTemplate":"https:\/\/www.right2city.org\/fr\/?s={search_term_string}"},"query-input":{"@type":"PropertyValueSpecification","valueRequired":true,"valueName":"search_term_string"}}],"inLanguage":"fr-FR"}]}},"_links":{"self":[{"href":"https:\/\/www.right2city.org\/fr\/wp-json\/wp\/v2\/news\/55711","targetHints":{"allow":["GET"]}}],"collection":[{"href":"https:\/\/www.right2city.org\/fr\/wp-json\/wp\/v2\/news"}],"about":[{"href":"https:\/\/www.right2city.org\/fr\/wp-json\/wp\/v2\/types\/news"}],"wp:featuredmedia":[{"embeddable":true,"href":"https:\/\/www.right2city.org\/fr\/wp-json\/wp\/v2\/media\/55427"}],"wp:attachment":[{"href":"https:\/\/www.right2city.org\/fr\/wp-json\/wp\/v2\/media?parent=55711"}],"wp:term":[{"taxonomy":"category","embeddable":true,"href":"https:\/\/www.right2city.org\/fr\/wp-json\/wp\/v2\/categories?post=55711"},{"taxonomy":"themes","embeddable":true,"href":"https:\/\/www.right2city.org\/fr\/wp-json\/wp\/v2\/themes?post=55711"},{"taxonomy":"agendas_globales","embeddable":true,"href":"https:\/\/www.right2city.org\/fr\/wp-json\/wp\/v2\/agendas_globales?post=55711"}],"curies":[{"name":"wp","href":"https:\/\/api.w.org\/{rel}","templated":true}]}}