{"id":55790,"date":"2020-07-13T09:36:21","date_gmt":"2020-07-13T07:36:21","guid":{"rendered":"https:\/\/www.right2city.org\/?post_type=news&#038;p=55790"},"modified":"2020-07-13T09:36:21","modified_gmt":"2020-07-13T07:36:21","slug":"le-fsmet-virtuel-se-termine-mais-le-processus-de-confluences-continue-rdv-en-octobre","status":"publish","type":"news","link":"https:\/\/www.right2city.org\/fr\/news\/le-fsmet-virtuel-se-termine-mais-le-processus-de-confluences-continue-rdv-en-octobre\/","title":{"rendered":"LE FSMET VIRTUEL SE TERMINE, MAIS LE PROCESSUS DE CONFLUENCES CONTINUE&#8230;RDV EN OCTOBRE !"},"content":{"rendered":"<p><strong>La premi\u00e8re \u00e9tape du Forum Social Mondial des \u00c9conomies Transformatrices est d\u00e9j\u00e0 termin\u00e9e avec quelques chiffres qui prouvent que le changement de format n&rsquo;a pas arr\u00eat\u00e9\u00a0\u00a0notre d\u00e9sir de changer le monde.<\/strong><\/p>\n<p>Nous avons compt\u00e9 pr\u00e8s de 2000 personnes inscrites entre le forum et l&rsquo;inscription g\u00e9n\u00e9rale -en plus des participants non inscrits qui ont pu assister aux diff\u00e9rentes sessions ouvertes- et environ 400 organisations du monde entier. Gr\u00e2ce \u00e0 ce moteur, en une semaine, plus de 150 activit\u00e9s en ligne ont \u00e9t\u00e9 r\u00e9alis\u00e9es (tables ouvertes, r\u00e9unions de confluence, s\u00e9minaires et panneaux d&rsquo;exposition). En ce qui concerne la diversit\u00e9 de th\u00e8mes et perspectives, toutes les activit\u00e9s ont eu en commun le d\u00e9sir de promouvoir une transformation radicale de l&rsquo;organisation \u00e9conomique et sociale avec l&rsquo;objectif commun de faire face aux crises actuelles et futures caus\u00e9es par le syst\u00e8me socio-\u00e9conomique actuel.<\/p>\n<p>Si vous avez manqu\u00e9 la c\u00e9r\u00e9monie d&rsquo;ouverture \u00e0 laquelle ils ont particip\u00e9 des r\u00e9f\u00e9rences mondiales, vous pouvez la regarder maintenant\u00a0<a href=\"https:\/\/www.youtube.com\/watch?v=ulv4hr178zY&amp;feature=youtu.be\" target=\"_blank\" rel=\"noopener noreferrer\">ICI<\/a>. Ce fut un dialogue tr\u00e8s enrichissant entre\u00a0<strong>Michel Bauwens,\u00a0<\/strong>directeur de la Fondation P2P et de la recherche commonstransition.org ;\u00a0<strong>Marta Guadalupe Rivera Ferre,<\/strong>\u00a0directrice de la chaire d&rsquo;agro\u00e9cologie et de syst\u00e8mes alimentaires \u00e0 l&rsquo;universit\u00e9 du CIV-CCU et membre du Groupe d&rsquo;experts intergouvernemental sur l&rsquo;\u00e9volution du climat des Nations unies ;\u00a0<strong>Euclides Mance<\/strong>, l&rsquo;un des principaux th\u00e9oriciens de l&rsquo;\u00e9conomie solidaire et de l&rsquo;\u00e9conomie de lib\u00e9ration en Am\u00e9rique latine et co-fondateur de l&rsquo;Institut de philosophie de la lib\u00e9ration et du r\u00e9seau Solidarius ;\u00a0<strong>Ashish Kotari<\/strong>, coordinateur du forum\u00a0<strong>Vikalp Sangam\u00a0<\/strong>(Confluence des Alternatives) et promoteur de la Tapisserie mondiale des alternatives ;\u00a0<strong>Genevi\u00e8ve Azam<\/strong>, \u00e9conomiste fran\u00e7aise, militante pour l&rsquo;environnement et l&rsquo;altermondialisation au sein de l&rsquo;organisation Attac France et co-auteur d&rsquo;un \u00ab\u00a0Manifeste de la coexistence\u00a0\u00bb.<\/p>\n<p>Le moment est venu de clore ce FSMET virtuel qui, du 25 juin au 1er juillet 2020, nous a montr\u00e9 \u00e0 quel point nos r\u00e9unions sont une force puissante pour la continuit\u00e9 des \u00c9conomies Transformatrices. En un mois seulement, vous avez \u00e9t\u00e9 nombreux.ses \u00e0 vous mobiliser et \u00e0 proposer des activit\u00e9s dans le monde entier, et nous ne vous en remercierons jamais assez. Alors, f\u00e9licitations et merci \u00e0 vous tous et toutes, acteurs et actrices des \u00c9conomies Transformatrices!<\/p>\n<p>Afin de faire avancer et de\u00a0<strong>continuer \u00e0 faire vivre ce processus du FSMET<\/strong>, qui a une trajectoire de plus de deux ans, nous aimerions avoir vos commentaires et impressions dans une plateforme en ligne qui sera disponible sur le site web et dans le Forum virtuel \u00e0 partir de la semaine prochaine. D&rsquo;autre part, nous aimerions \u00e9galement ouvrir un espace commun dans le Forum, permettant de publier en ligne, d&rsquo;ajouter toute la documentation, les vid\u00e9os et les photos du Forum&#8230;, premi\u00e8re \u00e9tape d&rsquo;un long travail de collaboration qui se poursuivra en octobre.<\/p>\n<p>Nous recommandons \u00e9galement la\u00a0<a href=\"https:\/\/www.youtube.com\/watch?v=dlbOZWe1Jvw\" target=\"_blank\" rel=\"noopener noreferrer\">c\u00e9r\u00e9monie de cl\u00f4ture<\/a>, qui nous encourage \u00e0 fixer la date suivante:\u00a0<strong>en octobre, co\u00efncidant avec la FESC, le FSMET revient!<\/strong>\u00a0Sous le slogan\u00a0<strong><u>\u00ab\u00a0Nous acceptons le d\u00e9fi\u00a0\u00bb,<\/u><\/strong>\u00a0nous vous encourageons \u00e0\u00a0<a href=\"https:\/\/forum.transformadora.org\/processes\/aceptamos-reto?locale=fr\" target=\"_blank\" rel=\"noopener noreferrer\">proposer des initiatives transformatrices<\/a>\u00a0\u00bb (luttes, projets, politiques&#8230;) qui cherchent \u00e0 r\u00e9pondre aux grands d\u00e9fis mondiaux \u00e0 partir de pratiques concr\u00e8tes et localis\u00e9es.<\/p>\n<p>Nous construirons cet agenda, ensemble, \u00e0 partir des riches \u00e9changes produits lors des dialogues entre mouvements et des confluences territoriales et th\u00e9matiques, en nous appuyant sur 4 axes de transformation:\u00a0<strong>pouvoir, connaissance et culture, \u00e9conomie et finances et relation avec la nature.<\/strong><\/p>\n<p><strong>Source <a href=\"https:\/\/forum.transformadora.org\/pages\/comunicado?locale=fr\">originale<\/a><\/strong><\/p>\n<p><img loading=\"lazy\" decoding=\"async\" class=\"aligncenter size-full wp-image-55783\" src=\"https:\/\/www.right2city.org\/wp-content\/uploads\/2020\/07\/footer-organizations-es.png\" alt=\"\" width=\"1366\" height=\"429\" srcset=\"https:\/\/www.right2city.org\/wp-content\/uploads\/2020\/07\/footer-organizations-es.png 1366w, https:\/\/www.right2city.org\/wp-content\/uploads\/2020\/07\/footer-organizations-es-1280x402.png 1280w, https:\/\/www.right2city.org\/wp-content\/uploads\/2020\/07\/footer-organizations-es-980x308.png 980w, https:\/\/www.right2city.org\/wp-content\/uploads\/2020\/07\/footer-organizations-es-480x151.png 480w\" sizes=\"(min-width: 0px) and (max-width: 480px) 480px, (min-width: 481px) and (max-width: 980px) 980px, (min-width: 981px) and (max-width: 1280px) 1280px, (min-width: 1281px) 1366px, 100vw\" \/><\/p>\n","protected":false},"featured_media":55596,"template":"","meta":{"_acf_changed":false,"_et_pb_use_builder":"","_et_pb_old_content":"","_et_gb_content_width":"","cybocfi_hide_featured_image":""},"categories":[],"themes":[161,118],"agendas_globales":[],"class_list":["post-55790","news","type-news","status-publish","has-post-thumbnail","hentry","themes-economies-diversifiees-et-inclusives","themes-participation-politique"],"acf":[],"yoast_head":"<!-- This site is optimized with the Yoast SEO plugin v27.5 - https:\/\/yoast.com\/product\/yoast-seo-wordpress\/ -->\n<title>LE FSMET VIRTUEL SE TERMINE, MAIS LE PROCESSUS DE CONFLUENCES CONTINUE...RDV EN OCTOBRE ! - Right to the city<\/title>\n<meta name=\"robots\" content=\"index, follow, max-snippet:-1, max-image-preview:large, max-video-preview:-1\" \/>\n<link rel=\"canonical\" href=\"https:\/\/www.right2city.org\/fr\/news\/le-fsmet-virtuel-se-termine-mais-le-processus-de-confluences-continue-rdv-en-octobre\/\" \/>\n<meta property=\"og:locale\" content=\"fr_FR\" \/>\n<meta property=\"og:type\" content=\"article\" \/>\n<meta property=\"og:title\" content=\"LE FSMET VIRTUEL SE TERMINE, MAIS LE PROCESSUS DE CONFLUENCES CONTINUE...RDV EN OCTOBRE ! - Right to the city\" \/>\n<meta property=\"og:description\" content=\"La premi\u00e8re \u00e9tape du Forum Social Mondial des \u00c9conomies Transformatrices est d\u00e9j\u00e0 termin\u00e9e avec quelques chiffres qui prouvent que le changement de format n&rsquo;a pas arr\u00eat\u00e9\u00a0\u00a0notre d\u00e9sir de changer le monde. Nous avons compt\u00e9 pr\u00e8s de 2000 personnes inscrites entre le forum et l&rsquo;inscription g\u00e9n\u00e9rale -en plus des participants non inscrits qui ont pu assister [&hellip;]\" \/>\n<meta property=\"og:url\" content=\"https:\/\/www.right2city.org\/fr\/news\/le-fsmet-virtuel-se-termine-mais-le-processus-de-confluences-continue-rdv-en-octobre\/\" \/>\n<meta property=\"og:site_name\" content=\"Right to the city\" \/>\n<meta property=\"og:image\" content=\"https:\/\/www.right2city.org\/wp-content\/uploads\/2020\/05\/Facebook-\u2013-FR.png\" \/>\n\t<meta property=\"og:image:width\" content=\"1700\" \/>\n\t<meta property=\"og:image:height\" content=\"630\" \/>\n\t<meta property=\"og:image:type\" content=\"image\/png\" \/>\n<meta name=\"twitter:card\" content=\"summary_large_image\" \/>\n<meta name=\"twitter:label1\" content=\"Dur\u00e9e de lecture estim\u00e9e\" \/>\n\t<meta name=\"twitter:data1\" content=\"3 minutes\" \/>\n<script type=\"application\/ld+json\" class=\"yoast-schema-graph\">{\"@context\":\"https:\\\/\\\/schema.org\",\"@graph\":[{\"@type\":\"WebPage\",\"@id\":\"https:\\\/\\\/www.right2city.org\\\/fr\\\/news\\\/le-fsmet-virtuel-se-termine-mais-le-processus-de-confluences-continue-rdv-en-octobre\\\/\",\"url\":\"https:\\\/\\\/www.right2city.org\\\/fr\\\/news\\\/le-fsmet-virtuel-se-termine-mais-le-processus-de-confluences-continue-rdv-en-octobre\\\/\",\"name\":\"LE FSMET VIRTUEL SE TERMINE, MAIS LE PROCESSUS DE CONFLUENCES CONTINUE...RDV EN OCTOBRE ! - Right to the city\",\"isPartOf\":{\"@id\":\"https:\\\/\\\/www.right2city.org\\\/fr\\\/#website\"},\"primaryImageOfPage\":{\"@id\":\"https:\\\/\\\/www.right2city.org\\\/fr\\\/news\\\/le-fsmet-virtuel-se-termine-mais-le-processus-de-confluences-continue-rdv-en-octobre\\\/#primaryimage\"},\"image\":{\"@id\":\"https:\\\/\\\/www.right2city.org\\\/fr\\\/news\\\/le-fsmet-virtuel-se-termine-mais-le-processus-de-confluences-continue-rdv-en-octobre\\\/#primaryimage\"},\"thumbnailUrl\":\"https:\\\/\\\/www.right2city.org\\\/wp-content\\\/uploads\\\/2020\\\/05\\\/Facebook-\u2013-FR.png\",\"datePublished\":\"2020-07-13T07:36:21+00:00\",\"breadcrumb\":{\"@id\":\"https:\\\/\\\/www.right2city.org\\\/fr\\\/news\\\/le-fsmet-virtuel-se-termine-mais-le-processus-de-confluences-continue-rdv-en-octobre\\\/#breadcrumb\"},\"inLanguage\":\"fr-FR\",\"potentialAction\":[{\"@type\":\"ReadAction\",\"target\":[\"https:\\\/\\\/www.right2city.org\\\/fr\\\/news\\\/le-fsmet-virtuel-se-termine-mais-le-processus-de-confluences-continue-rdv-en-octobre\\\/\"]}]},{\"@type\":\"ImageObject\",\"inLanguage\":\"fr-FR\",\"@id\":\"https:\\\/\\\/www.right2city.org\\\/fr\\\/news\\\/le-fsmet-virtuel-se-termine-mais-le-processus-de-confluences-continue-rdv-en-octobre\\\/#primaryimage\",\"url\":\"https:\\\/\\\/www.right2city.org\\\/wp-content\\\/uploads\\\/2020\\\/05\\\/Facebook-\u2013-FR.png\",\"contentUrl\":\"https:\\\/\\\/www.right2city.org\\\/wp-content\\\/uploads\\\/2020\\\/05\\\/Facebook-\u2013-FR.png\",\"width\":1700,\"height\":630},{\"@type\":\"BreadcrumbList\",\"@id\":\"https:\\\/\\\/www.right2city.org\\\/fr\\\/news\\\/le-fsmet-virtuel-se-termine-mais-le-processus-de-confluences-continue-rdv-en-octobre\\\/#breadcrumb\",\"itemListElement\":[{\"@type\":\"ListItem\",\"position\":1,\"name\":\"Home\",\"item\":\"https:\\\/\\\/www.right2city.org\\\/fr\\\/\"},{\"@type\":\"ListItem\",\"position\":2,\"name\":\"Nouvelles\",\"item\":\"https:\\\/\\\/www.right2city.org\\\/fr\\\/news\\\/\"},{\"@type\":\"ListItem\",\"position\":3,\"name\":\"LE FSMET VIRTUEL SE TERMINE, MAIS LE PROCESSUS DE CONFLUENCES CONTINUE&#8230;RDV EN OCTOBRE !\"}]},{\"@type\":\"WebSite\",\"@id\":\"https:\\\/\\\/www.right2city.org\\\/fr\\\/#website\",\"url\":\"https:\\\/\\\/www.right2city.org\\\/fr\\\/\",\"name\":\"Right to the city\",\"description\":\"Global Platform for the Right to the City\",\"potentialAction\":[{\"@type\":\"SearchAction\",\"target\":{\"@type\":\"EntryPoint\",\"urlTemplate\":\"https:\\\/\\\/www.right2city.org\\\/fr\\\/?s={search_term_string}\"},\"query-input\":{\"@type\":\"PropertyValueSpecification\",\"valueRequired\":true,\"valueName\":\"search_term_string\"}}],\"inLanguage\":\"fr-FR\"}]}<\/script>\n<!-- \/ Yoast SEO plugin. -->","yoast_head_json":{"title":"LE FSMET VIRTUEL SE TERMINE, MAIS LE PROCESSUS DE CONFLUENCES CONTINUE...RDV EN OCTOBRE ! - Right to the city","robots":{"index":"index","follow":"follow","max-snippet":"max-snippet:-1","max-image-preview":"max-image-preview:large","max-video-preview":"max-video-preview:-1"},"canonical":"https:\/\/www.right2city.org\/fr\/news\/le-fsmet-virtuel-se-termine-mais-le-processus-de-confluences-continue-rdv-en-octobre\/","og_locale":"fr_FR","og_type":"article","og_title":"LE FSMET VIRTUEL SE TERMINE, MAIS LE PROCESSUS DE CONFLUENCES CONTINUE...RDV EN OCTOBRE ! - Right to the city","og_description":"La premi\u00e8re \u00e9tape du Forum Social Mondial des \u00c9conomies Transformatrices est d\u00e9j\u00e0 termin\u00e9e avec quelques chiffres qui prouvent que le changement de format n&rsquo;a pas arr\u00eat\u00e9\u00a0\u00a0notre d\u00e9sir de changer le monde. Nous avons compt\u00e9 pr\u00e8s de 2000 personnes inscrites entre le forum et l&rsquo;inscription g\u00e9n\u00e9rale -en plus des participants non inscrits qui ont pu assister [&hellip;]","og_url":"https:\/\/www.right2city.org\/fr\/news\/le-fsmet-virtuel-se-termine-mais-le-processus-de-confluences-continue-rdv-en-octobre\/","og_site_name":"Right to the city","og_image":[{"width":1700,"height":630,"url":"https:\/\/www.right2city.org\/wp-content\/uploads\/2020\/05\/Facebook-\u2013-FR.png","type":"image\/png"}],"twitter_card":"summary_large_image","twitter_misc":{"Dur\u00e9e de lecture estim\u00e9e":"3 minutes"},"schema":{"@context":"https:\/\/schema.org","@graph":[{"@type":"WebPage","@id":"https:\/\/www.right2city.org\/fr\/news\/le-fsmet-virtuel-se-termine-mais-le-processus-de-confluences-continue-rdv-en-octobre\/","url":"https:\/\/www.right2city.org\/fr\/news\/le-fsmet-virtuel-se-termine-mais-le-processus-de-confluences-continue-rdv-en-octobre\/","name":"LE FSMET VIRTUEL SE TERMINE, MAIS LE PROCESSUS DE CONFLUENCES CONTINUE...RDV EN OCTOBRE ! - Right to the city","isPartOf":{"@id":"https:\/\/www.right2city.org\/fr\/#website"},"primaryImageOfPage":{"@id":"https:\/\/www.right2city.org\/fr\/news\/le-fsmet-virtuel-se-termine-mais-le-processus-de-confluences-continue-rdv-en-octobre\/#primaryimage"},"image":{"@id":"https:\/\/www.right2city.org\/fr\/news\/le-fsmet-virtuel-se-termine-mais-le-processus-de-confluences-continue-rdv-en-octobre\/#primaryimage"},"thumbnailUrl":"https:\/\/www.right2city.org\/wp-content\/uploads\/2020\/05\/Facebook-\u2013-FR.png","datePublished":"2020-07-13T07:36:21+00:00","breadcrumb":{"@id":"https:\/\/www.right2city.org\/fr\/news\/le-fsmet-virtuel-se-termine-mais-le-processus-de-confluences-continue-rdv-en-octobre\/#breadcrumb"},"inLanguage":"fr-FR","potentialAction":[{"@type":"ReadAction","target":["https:\/\/www.right2city.org\/fr\/news\/le-fsmet-virtuel-se-termine-mais-le-processus-de-confluences-continue-rdv-en-octobre\/"]}]},{"@type":"ImageObject","inLanguage":"fr-FR","@id":"https:\/\/www.right2city.org\/fr\/news\/le-fsmet-virtuel-se-termine-mais-le-processus-de-confluences-continue-rdv-en-octobre\/#primaryimage","url":"https:\/\/www.right2city.org\/wp-content\/uploads\/2020\/05\/Facebook-\u2013-FR.png","contentUrl":"https:\/\/www.right2city.org\/wp-content\/uploads\/2020\/05\/Facebook-\u2013-FR.png","width":1700,"height":630},{"@type":"BreadcrumbList","@id":"https:\/\/www.right2city.org\/fr\/news\/le-fsmet-virtuel-se-termine-mais-le-processus-de-confluences-continue-rdv-en-octobre\/#breadcrumb","itemListElement":[{"@type":"ListItem","position":1,"name":"Home","item":"https:\/\/www.right2city.org\/fr\/"},{"@type":"ListItem","position":2,"name":"Nouvelles","item":"https:\/\/www.right2city.org\/fr\/news\/"},{"@type":"ListItem","position":3,"name":"LE FSMET VIRTUEL SE TERMINE, MAIS LE PROCESSUS DE CONFLUENCES CONTINUE&#8230;RDV EN OCTOBRE !"}]},{"@type":"WebSite","@id":"https:\/\/www.right2city.org\/fr\/#website","url":"https:\/\/www.right2city.org\/fr\/","name":"Right to the city","description":"Global Platform for the Right to the City","potentialAction":[{"@type":"SearchAction","target":{"@type":"EntryPoint","urlTemplate":"https:\/\/www.right2city.org\/fr\/?s={search_term_string}"},"query-input":{"@type":"PropertyValueSpecification","valueRequired":true,"valueName":"search_term_string"}}],"inLanguage":"fr-FR"}]}},"_links":{"self":[{"href":"https:\/\/www.right2city.org\/fr\/wp-json\/wp\/v2\/news\/55790","targetHints":{"allow":["GET"]}}],"collection":[{"href":"https:\/\/www.right2city.org\/fr\/wp-json\/wp\/v2\/news"}],"about":[{"href":"https:\/\/www.right2city.org\/fr\/wp-json\/wp\/v2\/types\/news"}],"wp:featuredmedia":[{"embeddable":true,"href":"https:\/\/www.right2city.org\/fr\/wp-json\/wp\/v2\/media\/55596"}],"wp:attachment":[{"href":"https:\/\/www.right2city.org\/fr\/wp-json\/wp\/v2\/media?parent=55790"}],"wp:term":[{"taxonomy":"category","embeddable":true,"href":"https:\/\/www.right2city.org\/fr\/wp-json\/wp\/v2\/categories?post=55790"},{"taxonomy":"themes","embeddable":true,"href":"https:\/\/www.right2city.org\/fr\/wp-json\/wp\/v2\/themes?post=55790"},{"taxonomy":"agendas_globales","embeddable":true,"href":"https:\/\/www.right2city.org\/fr\/wp-json\/wp\/v2\/agendas_globales?post=55790"}],"curies":[{"name":"wp","href":"https:\/\/api.w.org\/{rel}","templated":true}]}}