{"id":57896,"date":"2020-12-21T12:34:55","date_gmt":"2020-12-21T10:34:55","guid":{"rendered":"https:\/\/www.right2city.org\/?post_type=news&#038;p=57896"},"modified":"2020-12-22T12:37:47","modified_gmt":"2020-12-22T10:37:47","slug":"interconnexions-a-travers-des-droits-relatifs-a-lhabitat-et-le-droit-a-la-ville","status":"publish","type":"news","link":"https:\/\/www.right2city.org\/fr\/news\/interconnexions-a-travers-des-droits-relatifs-a-lhabitat-et-le-droit-a-la-ville\/","title":{"rendered":"Interconnexions \u00e0 travers des Droits relatifs \u00e0 l\u2019Habitat et le Droit \u00e0 la Ville"},"content":{"rendered":"<h2>Organisations de la soci\u00e9t\u00e9 civile et gouvernements locaux s&rsquo;associent aux rapporteurs sp\u00e9ciaux des Nations Unies dans le cadre d&rsquo;une premi\u00e8re table ronde pour discuter des voies possibles de travail commun<\/h2>\n<p><img loading=\"lazy\" decoding=\"async\" class=\"aligncenter size-full wp-image-57926\" src=\"https:\/\/www.right2city.org\/wp-content\/uploads\/2020\/12\/unnamed-4.jpg\" alt=\"\" width=\"1211\" height=\"1134\" srcset=\"https:\/\/www.right2city.org\/wp-content\/uploads\/2020\/12\/unnamed-4.jpg 1211w, https:\/\/www.right2city.org\/wp-content\/uploads\/2020\/12\/unnamed-4-980x918.jpg 980w, https:\/\/www.right2city.org\/wp-content\/uploads\/2020\/12\/unnamed-4-480x449.jpg 480w\" sizes=\"(min-width: 0px) and (max-width: 480px) 480px, (min-width: 481px) and (max-width: 980px) 980px, (min-width: 981px) 1211px, 100vw\" \/><\/p>\n<p>&nbsp;<\/p>\n<p>Le vendredi 4 d\u00e9cembre, la <a href=\"https:\/\/www.right2city.org\/fr\/\" target=\"_blank\" rel=\"noopener noreferrer\">Plateforme Globale pour le Droit \u00e0 la Ville<\/a> (PGDV), la <a href=\"https:\/\/www.hic-net.org\/fr\/\" target=\"_blank\" rel=\"noopener noreferrer\">Coalition internationale de l&rsquo;Habitat<\/a> (HIC) et <a href=\"https:\/\/www.uclg.org\/fr\" target=\"_blank\" rel=\"noopener noreferrer\">Cit\u00e9s et Gouvernements Locaux Unis<\/a> (CGLU) ont organis\u00e9 conjointement, dans le cadre du processus #CitiesAreListening, la table ronde \u00ab\u00a0<strong>Interconnexions \u00e0 travers des Droits relatifs \u00e0 l\u2019Habitat et le Droit \u00e0 la Ville<\/strong>\u00a0\u00bb : un point de d\u00e9part pour renforcer la coop\u00e9ration entre les rapporteurs sp\u00e9ciaux, les organisations de la soci\u00e9t\u00e9 civile et les gouvernements locaux et r\u00e9gionaux dans le cadre des <strong>droits de l&rsquo;homme li\u00e9s \u00e0 l&rsquo;habitat et le Droit \u00e0 la Ville.<\/strong><\/p>\n<p>Cette premi\u00e8re table ronde a compt\u00e9 avec la participation de <a href=\"https:\/\/www.ohchr.org\/EN\/Issues\/WaterAndSanitation\/SRWater\/Pages\/PedroArrojoAgudo.aspx\" target=\"_blank\" rel=\"noopener noreferrer\">M. Pedro Arrojo-Agudo<\/a>, rapporteur sp\u00e9cial des Nations Unies sur les droits \u00e0 l&rsquo;eau potable et \u00e0 l&rsquo;assainissement, de <a href=\"https:\/\/www.ohchr.org\/EN\/Issues\/Migration\/SRMigrants\/Pages\/FelipeGonzalezMorales.aspx\" target=\"_blank\" rel=\"noopener noreferrer\">M. Felipe Gonz\u00e1lez Morales<\/a>, rapporteur sp\u00e9cial des Nations Unies sur les droits des migrants, de M. <a href=\"https:\/\/www.ohchr.org\/EN\/Issues\/SexualOrientationGender\/Pages\/VictorMadrigalBorloz.aspx\" target=\"_blank\" rel=\"noopener noreferrer\">Victor Madrigal-Borloz<\/a>, expert ind\u00e9pendant des Nations Unies sur la protection contre la violence et la discrimination fond\u00e9es sur l&rsquo;orientation sexuelle et l&rsquo;identit\u00e9 de genre, et <a href=\"https:\/\/www.ohchr.org\/EN\/Issues\/Housing\/Pages\/BalakrishnanRajagopal.aspx\" target=\"_blank\" rel=\"noopener noreferrer\">M. Balakrishnan Rajagopal<\/a>, rapporteur sp\u00e9cial des Nations Unies sur le droit \u00e0 un logement convenable, ainsi que des repr\u00e9sentants d&rsquo;organisations de la soci\u00e9t\u00e9 civile et de r\u00e9seaux de gouvernements locaux et r\u00e9gionaux.<\/p>\n<p>L&rsquo;\u00e9v\u00e9nement a <strong>ouvert la voie \u00e0 une coop\u00e9ration renforc\u00e9e entre les titulaires de mandat, les organisations de la soci\u00e9t\u00e9 civile et les gouvernements locaux<\/strong> dans le cadre des droits \u00e0 l&rsquo;habitat et du droit \u00e0 la ville.\u00a0 En ce sens, il marque le d\u00e9but d&rsquo;un cheminement collectif visant \u00e0 mettre en avant une approche spatiale et territoriale pour relier les diff\u00e9rents d\u00e9fis rencontr\u00e9s.<strong> La conversation devrait se poursuivre en 2021, puisqu&rsquo;un deuxi\u00e8me chapitre du dialogue aura lieu avec d&rsquo;autres titulaires de mandat,<\/strong> afin d&rsquo;\u00e9largir et de renforcer le premier cycle de discussion.<\/p>\n<p><a href=\"https:\/\/www.right2city.org\/wp-content\/uploads\/2020\/12\/Connecting-across-Habitat-Rights-and-the-Right-to-the-City-FR.docx.pdf\" target=\"_blank\" rel=\"noopener noreferrer\"><strong>Cliquez ici pour lire le compte rendu complet de l&rsquo;\u00e9v\u00e9nement<\/strong><\/a><\/p>\n","protected":false},"featured_media":57926,"template":"","meta":{"_acf_changed":false,"_et_pb_use_builder":"","_et_pb_old_content":"","_et_gb_content_width":"","cybocfi_hide_featured_image":""},"categories":[],"themes":[170,169,177,164,175],"agendas_globales":[1011],"class_list":["post-57896","news","type-news","status-publish","has-post-thumbnail","hentry","themes-citoyennete-inclusive","themes-egalite-de-genre","themes-espaces-publics-de-qualite","themes-fonctions-sociales-remplies","themes-non-discrimination","agendas_globales-rapporteur-special-des-nations-unies-sur-les-droits-humains"],"acf":[],"yoast_head":"<!-- This site is optimized with the Yoast SEO plugin v27.5 - https:\/\/yoast.com\/product\/yoast-seo-wordpress\/ -->\n<title>Interconnexions \u00e0 travers des Droits relatifs \u00e0 l\u2019Habitat et le Droit \u00e0 la Ville - Right to the city<\/title>\n<meta name=\"robots\" content=\"index, follow, max-snippet:-1, max-image-preview:large, max-video-preview:-1\" \/>\n<link rel=\"canonical\" href=\"https:\/\/www.right2city.org\/fr\/news\/interconnexions-a-travers-des-droits-relatifs-a-lhabitat-et-le-droit-a-la-ville\/\" \/>\n<meta property=\"og:locale\" content=\"fr_FR\" \/>\n<meta property=\"og:type\" content=\"article\" \/>\n<meta property=\"og:title\" content=\"Interconnexions \u00e0 travers des Droits relatifs \u00e0 l\u2019Habitat et le Droit \u00e0 la Ville - Right to the city\" \/>\n<meta property=\"og:description\" content=\"Organisations de la soci\u00e9t\u00e9 civile et gouvernements locaux s&rsquo;associent aux rapporteurs sp\u00e9ciaux des Nations Unies dans le cadre d&rsquo;une premi\u00e8re table ronde pour discuter des voies possibles de travail commun &nbsp; Le vendredi 4 d\u00e9cembre, la Plateforme Globale pour le Droit \u00e0 la Ville (PGDV), la Coalition internationale de l&rsquo;Habitat (HIC) et Cit\u00e9s et Gouvernements [&hellip;]\" \/>\n<meta property=\"og:url\" content=\"https:\/\/www.right2city.org\/fr\/news\/interconnexions-a-travers-des-droits-relatifs-a-lhabitat-et-le-droit-a-la-ville\/\" \/>\n<meta property=\"og:site_name\" content=\"Right to the city\" \/>\n<meta property=\"article:modified_time\" content=\"2020-12-22T10:37:47+00:00\" \/>\n<meta property=\"og:image\" content=\"https:\/\/www.right2city.org\/wp-content\/uploads\/2020\/12\/unnamed-4.jpg\" \/>\n\t<meta property=\"og:image:width\" content=\"1211\" \/>\n\t<meta property=\"og:image:height\" content=\"1134\" \/>\n\t<meta property=\"og:image:type\" content=\"image\/jpeg\" \/>\n<meta name=\"twitter:card\" content=\"summary_large_image\" \/>\n<meta name=\"twitter:label1\" content=\"Dur\u00e9e de lecture estim\u00e9e\" \/>\n\t<meta name=\"twitter:data1\" content=\"2 minutes\" \/>\n<script type=\"application\/ld+json\" class=\"yoast-schema-graph\">{\"@context\":\"https:\\\/\\\/schema.org\",\"@graph\":[{\"@type\":\"WebPage\",\"@id\":\"https:\\\/\\\/www.right2city.org\\\/fr\\\/news\\\/interconnexions-a-travers-des-droits-relatifs-a-lhabitat-et-le-droit-a-la-ville\\\/\",\"url\":\"https:\\\/\\\/www.right2city.org\\\/fr\\\/news\\\/interconnexions-a-travers-des-droits-relatifs-a-lhabitat-et-le-droit-a-la-ville\\\/\",\"name\":\"Interconnexions \u00e0 travers des Droits relatifs \u00e0 l\u2019Habitat et le Droit \u00e0 la Ville - Right to the city\",\"isPartOf\":{\"@id\":\"https:\\\/\\\/www.right2city.org\\\/fr\\\/#website\"},\"primaryImageOfPage\":{\"@id\":\"https:\\\/\\\/www.right2city.org\\\/fr\\\/news\\\/interconnexions-a-travers-des-droits-relatifs-a-lhabitat-et-le-droit-a-la-ville\\\/#primaryimage\"},\"image\":{\"@id\":\"https:\\\/\\\/www.right2city.org\\\/fr\\\/news\\\/interconnexions-a-travers-des-droits-relatifs-a-lhabitat-et-le-droit-a-la-ville\\\/#primaryimage\"},\"thumbnailUrl\":\"https:\\\/\\\/www.right2city.org\\\/wp-content\\\/uploads\\\/2020\\\/12\\\/unnamed-4.jpg\",\"datePublished\":\"2020-12-21T10:34:55+00:00\",\"dateModified\":\"2020-12-22T10:37:47+00:00\",\"breadcrumb\":{\"@id\":\"https:\\\/\\\/www.right2city.org\\\/fr\\\/news\\\/interconnexions-a-travers-des-droits-relatifs-a-lhabitat-et-le-droit-a-la-ville\\\/#breadcrumb\"},\"inLanguage\":\"fr-FR\",\"potentialAction\":[{\"@type\":\"ReadAction\",\"target\":[\"https:\\\/\\\/www.right2city.org\\\/fr\\\/news\\\/interconnexions-a-travers-des-droits-relatifs-a-lhabitat-et-le-droit-a-la-ville\\\/\"]}]},{\"@type\":\"ImageObject\",\"inLanguage\":\"fr-FR\",\"@id\":\"https:\\\/\\\/www.right2city.org\\\/fr\\\/news\\\/interconnexions-a-travers-des-droits-relatifs-a-lhabitat-et-le-droit-a-la-ville\\\/#primaryimage\",\"url\":\"https:\\\/\\\/www.right2city.org\\\/wp-content\\\/uploads\\\/2020\\\/12\\\/unnamed-4.jpg\",\"contentUrl\":\"https:\\\/\\\/www.right2city.org\\\/wp-content\\\/uploads\\\/2020\\\/12\\\/unnamed-4.jpg\",\"width\":1211,\"height\":1134},{\"@type\":\"BreadcrumbList\",\"@id\":\"https:\\\/\\\/www.right2city.org\\\/fr\\\/news\\\/interconnexions-a-travers-des-droits-relatifs-a-lhabitat-et-le-droit-a-la-ville\\\/#breadcrumb\",\"itemListElement\":[{\"@type\":\"ListItem\",\"position\":1,\"name\":\"Home\",\"item\":\"https:\\\/\\\/www.right2city.org\\\/fr\\\/\"},{\"@type\":\"ListItem\",\"position\":2,\"name\":\"Nouvelles\",\"item\":\"https:\\\/\\\/www.right2city.org\\\/fr\\\/news\\\/\"},{\"@type\":\"ListItem\",\"position\":3,\"name\":\"Interconnexions \u00e0 travers des Droits relatifs \u00e0 l\u2019Habitat et le Droit \u00e0 la Ville\"}]},{\"@type\":\"WebSite\",\"@id\":\"https:\\\/\\\/www.right2city.org\\\/fr\\\/#website\",\"url\":\"https:\\\/\\\/www.right2city.org\\\/fr\\\/\",\"name\":\"Right to the city\",\"description\":\"Global Platform for the Right to the City\",\"potentialAction\":[{\"@type\":\"SearchAction\",\"target\":{\"@type\":\"EntryPoint\",\"urlTemplate\":\"https:\\\/\\\/www.right2city.org\\\/fr\\\/?s={search_term_string}\"},\"query-input\":{\"@type\":\"PropertyValueSpecification\",\"valueRequired\":true,\"valueName\":\"search_term_string\"}}],\"inLanguage\":\"fr-FR\"}]}<\/script>\n<!-- \/ Yoast SEO plugin. -->","yoast_head_json":{"title":"Interconnexions \u00e0 travers des Droits relatifs \u00e0 l\u2019Habitat et le Droit \u00e0 la Ville - Right to the city","robots":{"index":"index","follow":"follow","max-snippet":"max-snippet:-1","max-image-preview":"max-image-preview:large","max-video-preview":"max-video-preview:-1"},"canonical":"https:\/\/www.right2city.org\/fr\/news\/interconnexions-a-travers-des-droits-relatifs-a-lhabitat-et-le-droit-a-la-ville\/","og_locale":"fr_FR","og_type":"article","og_title":"Interconnexions \u00e0 travers des Droits relatifs \u00e0 l\u2019Habitat et le Droit \u00e0 la Ville - Right to the city","og_description":"Organisations de la soci\u00e9t\u00e9 civile et gouvernements locaux s&rsquo;associent aux rapporteurs sp\u00e9ciaux des Nations Unies dans le cadre d&rsquo;une premi\u00e8re table ronde pour discuter des voies possibles de travail commun &nbsp; Le vendredi 4 d\u00e9cembre, la Plateforme Globale pour le Droit \u00e0 la Ville (PGDV), la Coalition internationale de l&rsquo;Habitat (HIC) et Cit\u00e9s et Gouvernements [&hellip;]","og_url":"https:\/\/www.right2city.org\/fr\/news\/interconnexions-a-travers-des-droits-relatifs-a-lhabitat-et-le-droit-a-la-ville\/","og_site_name":"Right to the city","article_modified_time":"2020-12-22T10:37:47+00:00","og_image":[{"width":1211,"height":1134,"url":"https:\/\/www.right2city.org\/wp-content\/uploads\/2020\/12\/unnamed-4.jpg","type":"image\/jpeg"}],"twitter_card":"summary_large_image","twitter_misc":{"Dur\u00e9e de lecture estim\u00e9e":"2 minutes"},"schema":{"@context":"https:\/\/schema.org","@graph":[{"@type":"WebPage","@id":"https:\/\/www.right2city.org\/fr\/news\/interconnexions-a-travers-des-droits-relatifs-a-lhabitat-et-le-droit-a-la-ville\/","url":"https:\/\/www.right2city.org\/fr\/news\/interconnexions-a-travers-des-droits-relatifs-a-lhabitat-et-le-droit-a-la-ville\/","name":"Interconnexions \u00e0 travers des Droits relatifs \u00e0 l\u2019Habitat et le Droit \u00e0 la Ville - Right to the city","isPartOf":{"@id":"https:\/\/www.right2city.org\/fr\/#website"},"primaryImageOfPage":{"@id":"https:\/\/www.right2city.org\/fr\/news\/interconnexions-a-travers-des-droits-relatifs-a-lhabitat-et-le-droit-a-la-ville\/#primaryimage"},"image":{"@id":"https:\/\/www.right2city.org\/fr\/news\/interconnexions-a-travers-des-droits-relatifs-a-lhabitat-et-le-droit-a-la-ville\/#primaryimage"},"thumbnailUrl":"https:\/\/www.right2city.org\/wp-content\/uploads\/2020\/12\/unnamed-4.jpg","datePublished":"2020-12-21T10:34:55+00:00","dateModified":"2020-12-22T10:37:47+00:00","breadcrumb":{"@id":"https:\/\/www.right2city.org\/fr\/news\/interconnexions-a-travers-des-droits-relatifs-a-lhabitat-et-le-droit-a-la-ville\/#breadcrumb"},"inLanguage":"fr-FR","potentialAction":[{"@type":"ReadAction","target":["https:\/\/www.right2city.org\/fr\/news\/interconnexions-a-travers-des-droits-relatifs-a-lhabitat-et-le-droit-a-la-ville\/"]}]},{"@type":"ImageObject","inLanguage":"fr-FR","@id":"https:\/\/www.right2city.org\/fr\/news\/interconnexions-a-travers-des-droits-relatifs-a-lhabitat-et-le-droit-a-la-ville\/#primaryimage","url":"https:\/\/www.right2city.org\/wp-content\/uploads\/2020\/12\/unnamed-4.jpg","contentUrl":"https:\/\/www.right2city.org\/wp-content\/uploads\/2020\/12\/unnamed-4.jpg","width":1211,"height":1134},{"@type":"BreadcrumbList","@id":"https:\/\/www.right2city.org\/fr\/news\/interconnexions-a-travers-des-droits-relatifs-a-lhabitat-et-le-droit-a-la-ville\/#breadcrumb","itemListElement":[{"@type":"ListItem","position":1,"name":"Home","item":"https:\/\/www.right2city.org\/fr\/"},{"@type":"ListItem","position":2,"name":"Nouvelles","item":"https:\/\/www.right2city.org\/fr\/news\/"},{"@type":"ListItem","position":3,"name":"Interconnexions \u00e0 travers des Droits relatifs \u00e0 l\u2019Habitat et le Droit \u00e0 la Ville"}]},{"@type":"WebSite","@id":"https:\/\/www.right2city.org\/fr\/#website","url":"https:\/\/www.right2city.org\/fr\/","name":"Right to the city","description":"Global Platform for the Right to the City","potentialAction":[{"@type":"SearchAction","target":{"@type":"EntryPoint","urlTemplate":"https:\/\/www.right2city.org\/fr\/?s={search_term_string}"},"query-input":{"@type":"PropertyValueSpecification","valueRequired":true,"valueName":"search_term_string"}}],"inLanguage":"fr-FR"}]}},"_links":{"self":[{"href":"https:\/\/www.right2city.org\/fr\/wp-json\/wp\/v2\/news\/57896","targetHints":{"allow":["GET"]}}],"collection":[{"href":"https:\/\/www.right2city.org\/fr\/wp-json\/wp\/v2\/news"}],"about":[{"href":"https:\/\/www.right2city.org\/fr\/wp-json\/wp\/v2\/types\/news"}],"wp:featuredmedia":[{"embeddable":true,"href":"https:\/\/www.right2city.org\/fr\/wp-json\/wp\/v2\/media\/57926"}],"wp:attachment":[{"href":"https:\/\/www.right2city.org\/fr\/wp-json\/wp\/v2\/media?parent=57896"}],"wp:term":[{"taxonomy":"category","embeddable":true,"href":"https:\/\/www.right2city.org\/fr\/wp-json\/wp\/v2\/categories?post=57896"},{"taxonomy":"themes","embeddable":true,"href":"https:\/\/www.right2city.org\/fr\/wp-json\/wp\/v2\/themes?post=57896"},{"taxonomy":"agendas_globales","embeddable":true,"href":"https:\/\/www.right2city.org\/fr\/wp-json\/wp\/v2\/agendas_globales?post=57896"}],"curies":[{"name":"wp","href":"https:\/\/api.w.org\/{rel}","templated":true}]}}