{"id":60092,"date":"2021-06-23T09:11:57","date_gmt":"2021-06-23T07:11:57","guid":{"rendered":"https:\/\/www.right2city.org\/?post_type=news&#038;p=60092"},"modified":"2021-06-23T09:45:15","modified_gmt":"2021-06-23T07:45:15","slug":"pour-le-droit-a-la-ville-et-au-logement-dans-la-reconstruction-post-pandemique-en-amerique-latine-et-dans-les-caraibes-la-pgdv-au-ive-forum-lac-sur-le-logement-et-lhabitat","status":"publish","type":"news","link":"https:\/\/www.right2city.org\/fr\/news\/pour-le-droit-a-la-ville-et-au-logement-dans-la-reconstruction-post-pandemique-en-amerique-latine-et-dans-les-caraibes-la-pgdv-au-ive-forum-lac-sur-le-logement-et-lhabitat\/","title":{"rendered":"Pour le Droit \u00e0 la Ville et au logement dans la reconstruction post-pand\u00e9mique en Am\u00e9rique Latine et dans les Cara\u00efbes: La PGDV au IVe Forum LAC sur le logement et l&rsquo;habitat"},"content":{"rendered":"<p><img loading=\"lazy\" decoding=\"async\" class=\"alignnone wp-image-60093 size-full\" src=\"https:\/\/www.right2city.org\/wp-content\/uploads\/2021\/06\/Projetazo_quito3-e1624434105788.jpg\" alt=\"\" width=\"957\" height=\"537\" srcset=\"https:\/\/www.right2city.org\/wp-content\/uploads\/2021\/06\/Projetazo_quito3-e1624434105788.jpg 957w, https:\/\/www.right2city.org\/wp-content\/uploads\/2021\/06\/Projetazo_quito3-e1624434105788-480x270.jpg 480w\" sizes=\"(min-width: 0px) and (max-width: 480px) 480px, (min-width: 481px) 957px, 100vw\" \/><\/p>\n<p>La quatri\u00e8me \u00e9dition du <a href=\"https:\/\/www.habitat.org\/lac-es\/page\/30191\">Forum latino-am\u00e9ricain et carib\u00e9en sur le logement et l&rsquo;habitat,<\/a> co-organis\u00e9 par Habitat for Humanity et Urban Housing Practitioners Hub (UHPH), a eu lieu du 17 au 21 mai 2021. Comme lors des \u00e9ditions pr\u00e9c\u00e9dentes, la Plateforme Globale pour le Droit \u00e0 la Ville (PGDV) a particip\u00e9 activement aux \u00e9v\u00e9nements et aux discussions, sous le th\u00e8me central \u00ab\u00a0Action pour le logement et les \u00e9tablissements humains face au COVID19\u00a0\u00bb, afin d&rsquo;apporter la perspective du droit \u00e0 la ville pour faire avancer la protection du droit au logement en tant qu&rsquo;axe central de la reprise apr\u00e8s la pand\u00e9mie.<\/p>\n<p>Avec plus de 2000 participants inscrits et une participation moyenne de 800 personnes par jour, dont des repr\u00e9sentants de gouvernements, d&rsquo;organisations internationales et r\u00e9gionales, d&rsquo;universit\u00e9s et de la soci\u00e9t\u00e9 civile, l&rsquo;\u00e9v\u00e9nement a \u00e9t\u00e9 une excellente occasion de continuer \u00e0 tisser des alliances multipartites pour l&rsquo;action de la soci\u00e9t\u00e9 civile et des communaut\u00e9s du territoire et dans l&rsquo;incidence des politiques publiques et des agendas r\u00e9gionaux et mondiaux.<\/p>\n<p><b>Participation de la PGDV<\/b><\/p>\n<p>En plus d&rsquo;assister et de participer activement aux discussions du forum, la PGDV et plusieurs de ses membres et alli\u00e9s dans la r\u00e9gion ont organis\u00e9 leurs propres \u00e9v\u00e9nements ou ont particip\u00e9 en tant que pan\u00e9listes \u00e0 des d\u00e9bats. Certains des principaux d\u00e9bats et conclusions de ces \u00e9v\u00e9nements sont pr\u00e9sent\u00e9s ci-dessous.<\/p>\n<p>Le lundi 17 mai, la PGDV a co-organis\u00e9 avec Cities Alliance et le Bureau r\u00e9gional d\u2019ONU-Habitat pour l&rsquo;Am\u00e9rique latine et les Cara\u00efbes l&rsquo;\u00e9v\u00e9nement <b>\u00ab\u00a05 ans apr\u00e8s le Nouveau Programme des Villes : Quels d\u00e9fis et quelles opportunit\u00e9s pour le droit \u00e0 la ville en Am\u00e9rique latine et dans les Cara\u00efbes ?\u201d. <\/b>\u00a0S&rsquo;appuyant sur l&rsquo;intense mobilisation r\u00e9gionale avant Habitat III en 2016, qui a culmin\u00e9 avec la <a href=\"https:\/\/uploads.habitat3.org\/hb3\/Toluca-Declaration.pdf\">D\u00e9claration de Toluca<\/a>, l&rsquo;\u00e9v\u00e9nement visait \u00e0 : i) contribuer \u00e0 la construction d&rsquo;une alliance r\u00e9gionale face au processus de r\u00e9vision apr\u00e8s cinq ans de la signature du Nouvel Agenda Urbain, et ii) mettre l&rsquo;accent sur des questions centrales pour la r\u00e9gion, telles que le Droit \u00e0 la Ville, la production sociale de l&rsquo;habitat et la gestion d\u00e9mocratique et participative. <a href=\"https:\/\/www.youtube.com\/watch?v=zDuMuVa8x3w\">La vid\u00e9o de l&rsquo;\u00e9v\u00e9nement dans son int\u00e9gralit\u00e9 est disponible sur ce lien.\u00a0<\/a><\/p>\n<p>Mardi 18 mai a \u00e9t\u00e9 l&rsquo;occasion de pr\u00e9senter une interview collective de <b>leaders communautaires d&rsquo;organisations membres et alli\u00e9es de la PGDC au Mexique, en Colombie et au Br\u00e9sil<\/b> pour partager les diff\u00e9rentes actions et initiatives men\u00e9es dans leurs communaut\u00e9s pour r\u00e9pondre \u00e0 l&rsquo;impact de la pand\u00e9mie de COVID-19 du point de vue du droit au logement et du droit \u00e0 la ville. Benedito (Dito) Barbosa, de S\u00e3o Paulo (Br\u00e9sil), a pr\u00e9sent\u00e9 les efforts de la campagne <a href=\"https:\/\/www.campanhadespejozero.org\/\"><b>Despejo Zero<\/b><\/a> au Br\u00e9sil pour mettre fin aux expulsions pendant la pand\u00e9mie qui touche plus de 84 000 familles, malgr\u00e9 l&rsquo;approbation d&rsquo;un projet de loi par la Chambre des d\u00e9put\u00e9s br\u00e9silienne, actuellement d\u00e9battu au S\u00e9nat. Dulce Maria Gonzalez, membre du R\u00e9seau des expulsions de Mexico, a mis en lumi\u00e8re la lutte contre les expulsions forc\u00e9es, en insistant sur l&rsquo;aggravation des vuln\u00e9rabilit\u00e9s et de l&rsquo;exclusion dont souffrent les familles touch\u00e9es, en termes de sant\u00e9, de travail et de possibilit\u00e9 de mener une vie digne. Enfin, Luz Mila Hern\u00e1ndez, de Medell\u00edn (Colombie), a partag\u00e9 les efforts de Corporaci\u00f3n Regi\u00f3n \u00e0 Moravia pour l&rsquo;<a href=\"https:\/\/centroculturalmoravia.org\/moravia-resiste-por-el-mejoramiento-integral-de-barrios\/\">am\u00e9lioration int\u00e9grale des quartiers<\/a> sous la direction des communaut\u00e9s, soulignant l&rsquo;augmentation de la pauvret\u00e9 comme cons\u00e9quence de la pand\u00e9mie et le besoin urgent pour les gouvernements et la soci\u00e9t\u00e9 en g\u00e9n\u00e9ral de faire entendre la voix des communaut\u00e9s.<\/p>\n<p><img loading=\"lazy\" decoding=\"async\" class=\"alignnone size-full wp-image-60083 aligncenter\" src=\"https:\/\/www.right2city.org\/wp-content\/uploads\/2021\/06\/E1rYBhDXIAQkq-O.png\" alt=\"\" width=\"632\" height=\"355\" srcset=\"https:\/\/www.right2city.org\/wp-content\/uploads\/2021\/06\/E1rYBhDXIAQkq-O.png 632w, https:\/\/www.right2city.org\/wp-content\/uploads\/2021\/06\/E1rYBhDXIAQkq-O-480x270.png 480w\" sizes=\"(min-width: 0px) and (max-width: 480px) 480px, (min-width: 481px) 632px, 100vw\" \/><\/p>\n<p style=\"text-align: right;\"><i>Entretien collectif avec les leaders communautaires et Lorena Z\u00e1rate de l&rsquo;\u00e9quipe de soutien du PGDV.<\/i><\/p>\n<p>Outre les efforts conjoints de sensibilisation aux niveaux local, r\u00e9gional et international, le forum a permis de pr\u00e9senter et de discuter des initiatives de recherche et de formation dans la r\u00e9gion. C&rsquo;est le cas du \u00ab\u00a0<a href=\"https:\/\/www.right2city.org\/es\/news\/convocatoria-para-el-cuaderno-de-trabajo-2-el-derecho-a-la-ciudad-frente-a-los-desafios-actuales\/\">Cahier #2 \u00ab\u00a0Le droit \u00e0 la ville face aux d\u00e9fis actuels<\/a>\u00ab\u00a0, co-organis\u00e9 par le <b>CLACSO<\/b> et la <b>PGDV<\/b> afin d&rsquo;explorer les perspectives politiques et sociales pour faire avancer la r\u00e9alisation du <b>Droit \u00e0 la Ville en Am\u00e9rique latine<\/b> du point de vue des in\u00e9galit\u00e9s urbaines. Le Forum a \u00e9t\u00e9 l&rsquo;occasion du pr\u00e9-lancement du livret, avec la participation de certains des contributeur.rice.s \u00e0 l&rsquo;initiative, comme Ignacio Espinosa (Equateur, article sur le droit \u00e0 la ville et la dissidence sexuelle dans le contexte de la pand\u00e9mie de COVID-19), Luz Amparo Medina (Colombie, article sur la r\u00e9sistance des jeunes de la communaut\u00e9 Las Lomas \u00e0 Medell\u00edn) et Dennis Pacheco (Br\u00e9sil, article sur la r\u00e9pression et la violence contre la population noire \u00e0 S\u00e3o Paulo). La <a href=\"https:\/\/www.youtube.com\/watch?v=tPwrxHpx78U\">vid\u00e9o compl\u00e8te de l&rsquo;\u00e9v\u00e9nement est disponible sur ce lien<\/a> et le lancement officiel de la brochure aura lieu prochainement.<\/p>\n<p><img loading=\"lazy\" decoding=\"async\" class=\"alignnone size-full wp-image-60075 aligncenter\" src=\"https:\/\/www.right2city.org\/wp-content\/uploads\/2021\/06\/E1r3hs8WEAEINhF.jpg\" alt=\"\" width=\"680\" height=\"442\" srcset=\"https:\/\/www.right2city.org\/wp-content\/uploads\/2021\/06\/E1r3hs8WEAEINhF.jpg 680w, https:\/\/www.right2city.org\/wp-content\/uploads\/2021\/06\/E1r3hs8WEAEINhF-480x312.jpg 480w\" sizes=\"(min-width: 0px) and (max-width: 480px) 480px, (min-width: 481px) 680px, 100vw\" \/><\/p>\n<p style=\"text-align: right;\"><i>Pr\u00e9sentation du Cahier de travail #2 \u201cLe droit \u00e0 la ville face aux d\u00e9fis actuels\u00a0\u00bb<\/i><\/p>\n<p>Enfin, le Forum a \u00e9t\u00e9 le moment de suivre et de faire le point sur les initiatives importantes d\u00e9velopp\u00e9es tout au long de l&rsquo;ann\u00e9e 2020 et dans les premiers mois de 2021 pour r\u00e9pondre aux d\u00e9fis imm\u00e9diats pr\u00e9sent\u00e9s par la pand\u00e9mie de COVID-19 en termes de droit au logement dans la r\u00e9gion. Dans ce cas, deux initiatives en particulier peuvent \u00eatre soulign\u00e9es :<\/p>\n<p>(i) Les <a href=\"https:\/\/www.citiesalliance.org\/newsroom\/news\/results\/housing-labs-latin-america-new-approach-urban-governance\">laboratoires du logement<\/a> (LAVs par ses sigles en espagnol), promus par Cities Alliance, UHPH et Habitat for Humanity, en tant qu&rsquo;espace de d\u00e9bat entre les autorit\u00e9s gouvernementales, la soci\u00e9t\u00e9 civile et le monde universitaire sur les mesures imm\u00e9diates de r\u00e9ponse \u00e0 la crise et les politiques \u00e0 long terme sur des questions telles que les politiques de logement, la gouvernance m\u00e9tropolitaine et la migration. La session est disponible sur ce <a href=\"https:\/\/www.youtube.com\/watch?v=rxK7goUGCCU\">lien<\/a>.<\/p>\n<p>ii) Le <a href=\"https:\/\/www.right2city.org\/fr\/decalogue-for-participatory-slum-upgrading-programs-in-pandemic-times\/\">D\u00e9calogue pour l&rsquo;am\u00e9lioration int\u00e9grale des quartiers<\/a>, une initiative r\u00e9sultant de l&rsquo;alliance entre des organisations de la soci\u00e9t\u00e9 civile, des mouvements sociaux, des universit\u00e9s, des centres de recherche, des organisations et des r\u00e9seaux internationaux et r\u00e9gionaux pour d\u00e9fendre le d\u00e9veloppement d&rsquo;un programme renouvel\u00e9 d&rsquo;am\u00e9lioration int\u00e9grale des quartiers sains afin de r\u00e9pondre aux besoins imm\u00e9diats et de contribuer \u00e0 une reprise post-pand\u00e9mique \u00e0 long terme bas\u00e9e sur le bien-\u00eatre de la population, la r\u00e9alisation de ses droits et le respect de l&rsquo;environnement.<\/p>\n<p>&nbsp;<\/p>\n<p>&nbsp;<\/p>\n","protected":false},"featured_media":56717,"template":"","meta":{"_acf_changed":false,"_et_pb_use_builder":"","_et_pb_old_content":"","_et_gb_content_width":"","cybocfi_hide_featured_image":""},"categories":[97],"themes":[170,161,169,177,164,172,175,118],"agendas_globales":[],"class_list":["post-60092","news","type-news","status-publish","has-post-thumbnail","hentry","category-non-classifiee","themes-citoyennete-inclusive","themes-economies-diversifiees-et-inclusives","themes-egalite-de-genre","themes-espaces-publics-de-qualite","themes-fonctions-sociales-remplies","themes-liens-urbains-ruraux","themes-non-discrimination","themes-participation-politique"],"acf":[],"yoast_head":"<!-- This site is optimized with the Yoast SEO plugin v27.5 - https:\/\/yoast.com\/product\/yoast-seo-wordpress\/ -->\n<title>Pour le Droit \u00e0 la Ville et au logement dans la reconstruction post-pand\u00e9mique en Am\u00e9rique Latine et dans les Cara\u00efbes: La PGDV au IVe Forum LAC sur le logement et l&#039;habitat - Right to the city<\/title>\n<meta name=\"robots\" content=\"index, follow, max-snippet:-1, max-image-preview:large, max-video-preview:-1\" \/>\n<link rel=\"canonical\" href=\"https:\/\/www.right2city.org\/fr\/news\/pour-le-droit-a-la-ville-et-au-logement-dans-la-reconstruction-post-pandemique-en-amerique-latine-et-dans-les-caraibes-la-pgdv-au-ive-forum-lac-sur-le-logement-et-lhabitat\/\" \/>\n<meta property=\"og:locale\" content=\"fr_FR\" \/>\n<meta property=\"og:type\" content=\"article\" \/>\n<meta property=\"og:title\" content=\"Pour le Droit \u00e0 la Ville et au logement dans la reconstruction post-pand\u00e9mique en Am\u00e9rique Latine et dans les Cara\u00efbes: La PGDV au IVe Forum LAC sur le logement et l&#039;habitat - Right to the city\" \/>\n<meta property=\"og:description\" content=\"La quatri\u00e8me \u00e9dition du Forum latino-am\u00e9ricain et carib\u00e9en sur le logement et l&rsquo;habitat, co-organis\u00e9 par Habitat for Humanity et Urban Housing Practitioners Hub (UHPH), a eu lieu du 17 au 21 mai 2021. Comme lors des \u00e9ditions pr\u00e9c\u00e9dentes, la Plateforme Globale pour le Droit \u00e0 la Ville (PGDV) a particip\u00e9 activement aux \u00e9v\u00e9nements et aux [&hellip;]\" \/>\n<meta property=\"og:url\" content=\"https:\/\/www.right2city.org\/fr\/news\/pour-le-droit-a-la-ville-et-au-logement-dans-la-reconstruction-post-pandemique-en-amerique-latine-et-dans-les-caraibes-la-pgdv-au-ive-forum-lac-sur-le-logement-et-lhabitat\/\" \/>\n<meta property=\"og:site_name\" content=\"Right to the city\" \/>\n<meta property=\"article:modified_time\" content=\"2021-06-23T07:45:15+00:00\" \/>\n<meta property=\"og:image\" content=\"https:\/\/www.right2city.org\/wp-content\/uploads\/2020\/09\/R2C-for-all.png\" \/>\n\t<meta property=\"og:image:width\" content=\"679\" \/>\n\t<meta property=\"og:image:height\" content=\"505\" \/>\n\t<meta property=\"og:image:type\" content=\"image\/png\" \/>\n<meta name=\"twitter:card\" content=\"summary_large_image\" \/>\n<meta name=\"twitter:label1\" content=\"Dur\u00e9e de lecture estim\u00e9e\" \/>\n\t<meta name=\"twitter:data1\" content=\"6 minutes\" \/>\n<script type=\"application\/ld+json\" class=\"yoast-schema-graph\">{\"@context\":\"https:\\\/\\\/schema.org\",\"@graph\":[{\"@type\":\"WebPage\",\"@id\":\"https:\\\/\\\/www.right2city.org\\\/fr\\\/news\\\/pour-le-droit-a-la-ville-et-au-logement-dans-la-reconstruction-post-pandemique-en-amerique-latine-et-dans-les-caraibes-la-pgdv-au-ive-forum-lac-sur-le-logement-et-lhabitat\\\/\",\"url\":\"https:\\\/\\\/www.right2city.org\\\/fr\\\/news\\\/pour-le-droit-a-la-ville-et-au-logement-dans-la-reconstruction-post-pandemique-en-amerique-latine-et-dans-les-caraibes-la-pgdv-au-ive-forum-lac-sur-le-logement-et-lhabitat\\\/\",\"name\":\"Pour le Droit \u00e0 la Ville et au logement dans la reconstruction post-pand\u00e9mique en Am\u00e9rique Latine et dans les Cara\u00efbes: La PGDV au IVe Forum LAC sur le logement et l'habitat - Right to the city\",\"isPartOf\":{\"@id\":\"https:\\\/\\\/www.right2city.org\\\/fr\\\/#website\"},\"primaryImageOfPage\":{\"@id\":\"https:\\\/\\\/www.right2city.org\\\/fr\\\/news\\\/pour-le-droit-a-la-ville-et-au-logement-dans-la-reconstruction-post-pandemique-en-amerique-latine-et-dans-les-caraibes-la-pgdv-au-ive-forum-lac-sur-le-logement-et-lhabitat\\\/#primaryimage\"},\"image\":{\"@id\":\"https:\\\/\\\/www.right2city.org\\\/fr\\\/news\\\/pour-le-droit-a-la-ville-et-au-logement-dans-la-reconstruction-post-pandemique-en-amerique-latine-et-dans-les-caraibes-la-pgdv-au-ive-forum-lac-sur-le-logement-et-lhabitat\\\/#primaryimage\"},\"thumbnailUrl\":\"https:\\\/\\\/www.right2city.org\\\/wp-content\\\/uploads\\\/2020\\\/09\\\/R2C-for-all.png\",\"datePublished\":\"2021-06-23T07:11:57+00:00\",\"dateModified\":\"2021-06-23T07:45:15+00:00\",\"breadcrumb\":{\"@id\":\"https:\\\/\\\/www.right2city.org\\\/fr\\\/news\\\/pour-le-droit-a-la-ville-et-au-logement-dans-la-reconstruction-post-pandemique-en-amerique-latine-et-dans-les-caraibes-la-pgdv-au-ive-forum-lac-sur-le-logement-et-lhabitat\\\/#breadcrumb\"},\"inLanguage\":\"fr-FR\",\"potentialAction\":[{\"@type\":\"ReadAction\",\"target\":[\"https:\\\/\\\/www.right2city.org\\\/fr\\\/news\\\/pour-le-droit-a-la-ville-et-au-logement-dans-la-reconstruction-post-pandemique-en-amerique-latine-et-dans-les-caraibes-la-pgdv-au-ive-forum-lac-sur-le-logement-et-lhabitat\\\/\"]}]},{\"@type\":\"ImageObject\",\"inLanguage\":\"fr-FR\",\"@id\":\"https:\\\/\\\/www.right2city.org\\\/fr\\\/news\\\/pour-le-droit-a-la-ville-et-au-logement-dans-la-reconstruction-post-pandemique-en-amerique-latine-et-dans-les-caraibes-la-pgdv-au-ive-forum-lac-sur-le-logement-et-lhabitat\\\/#primaryimage\",\"url\":\"https:\\\/\\\/www.right2city.org\\\/wp-content\\\/uploads\\\/2020\\\/09\\\/R2C-for-all.png\",\"contentUrl\":\"https:\\\/\\\/www.right2city.org\\\/wp-content\\\/uploads\\\/2020\\\/09\\\/R2C-for-all.png\",\"width\":679,\"height\":505},{\"@type\":\"BreadcrumbList\",\"@id\":\"https:\\\/\\\/www.right2city.org\\\/fr\\\/news\\\/pour-le-droit-a-la-ville-et-au-logement-dans-la-reconstruction-post-pandemique-en-amerique-latine-et-dans-les-caraibes-la-pgdv-au-ive-forum-lac-sur-le-logement-et-lhabitat\\\/#breadcrumb\",\"itemListElement\":[{\"@type\":\"ListItem\",\"position\":1,\"name\":\"Home\",\"item\":\"https:\\\/\\\/www.right2city.org\\\/fr\\\/\"},{\"@type\":\"ListItem\",\"position\":2,\"name\":\"Nouvelles\",\"item\":\"https:\\\/\\\/www.right2city.org\\\/fr\\\/news\\\/\"},{\"@type\":\"ListItem\",\"position\":3,\"name\":\"Pour le Droit \u00e0 la Ville et au logement dans la reconstruction post-pand\u00e9mique en Am\u00e9rique Latine et dans les Cara\u00efbes: La PGDV au IVe Forum LAC sur le logement et l&rsquo;habitat\"}]},{\"@type\":\"WebSite\",\"@id\":\"https:\\\/\\\/www.right2city.org\\\/fr\\\/#website\",\"url\":\"https:\\\/\\\/www.right2city.org\\\/fr\\\/\",\"name\":\"Right to the city\",\"description\":\"Global Platform for the Right to the City\",\"potentialAction\":[{\"@type\":\"SearchAction\",\"target\":{\"@type\":\"EntryPoint\",\"urlTemplate\":\"https:\\\/\\\/www.right2city.org\\\/fr\\\/?s={search_term_string}\"},\"query-input\":{\"@type\":\"PropertyValueSpecification\",\"valueRequired\":true,\"valueName\":\"search_term_string\"}}],\"inLanguage\":\"fr-FR\"}]}<\/script>\n<!-- \/ Yoast SEO plugin. -->","yoast_head_json":{"title":"Pour le Droit \u00e0 la Ville et au logement dans la reconstruction post-pand\u00e9mique en Am\u00e9rique Latine et dans les Cara\u00efbes: La PGDV au IVe Forum LAC sur le logement et l'habitat - Right to the city","robots":{"index":"index","follow":"follow","max-snippet":"max-snippet:-1","max-image-preview":"max-image-preview:large","max-video-preview":"max-video-preview:-1"},"canonical":"https:\/\/www.right2city.org\/fr\/news\/pour-le-droit-a-la-ville-et-au-logement-dans-la-reconstruction-post-pandemique-en-amerique-latine-et-dans-les-caraibes-la-pgdv-au-ive-forum-lac-sur-le-logement-et-lhabitat\/","og_locale":"fr_FR","og_type":"article","og_title":"Pour le Droit \u00e0 la Ville et au logement dans la reconstruction post-pand\u00e9mique en Am\u00e9rique Latine et dans les Cara\u00efbes: La PGDV au IVe Forum LAC sur le logement et l'habitat - Right to the city","og_description":"La quatri\u00e8me \u00e9dition du Forum latino-am\u00e9ricain et carib\u00e9en sur le logement et l&rsquo;habitat, co-organis\u00e9 par Habitat for Humanity et Urban Housing Practitioners Hub (UHPH), a eu lieu du 17 au 21 mai 2021. Comme lors des \u00e9ditions pr\u00e9c\u00e9dentes, la Plateforme Globale pour le Droit \u00e0 la Ville (PGDV) a particip\u00e9 activement aux \u00e9v\u00e9nements et aux [&hellip;]","og_url":"https:\/\/www.right2city.org\/fr\/news\/pour-le-droit-a-la-ville-et-au-logement-dans-la-reconstruction-post-pandemique-en-amerique-latine-et-dans-les-caraibes-la-pgdv-au-ive-forum-lac-sur-le-logement-et-lhabitat\/","og_site_name":"Right to the city","article_modified_time":"2021-06-23T07:45:15+00:00","og_image":[{"width":679,"height":505,"url":"https:\/\/www.right2city.org\/wp-content\/uploads\/2020\/09\/R2C-for-all.png","type":"image\/png"}],"twitter_card":"summary_large_image","twitter_misc":{"Dur\u00e9e de lecture estim\u00e9e":"6 minutes"},"schema":{"@context":"https:\/\/schema.org","@graph":[{"@type":"WebPage","@id":"https:\/\/www.right2city.org\/fr\/news\/pour-le-droit-a-la-ville-et-au-logement-dans-la-reconstruction-post-pandemique-en-amerique-latine-et-dans-les-caraibes-la-pgdv-au-ive-forum-lac-sur-le-logement-et-lhabitat\/","url":"https:\/\/www.right2city.org\/fr\/news\/pour-le-droit-a-la-ville-et-au-logement-dans-la-reconstruction-post-pandemique-en-amerique-latine-et-dans-les-caraibes-la-pgdv-au-ive-forum-lac-sur-le-logement-et-lhabitat\/","name":"Pour le Droit \u00e0 la Ville et au logement dans la reconstruction post-pand\u00e9mique en Am\u00e9rique Latine et dans les Cara\u00efbes: La PGDV au IVe Forum LAC sur le logement et l'habitat - Right to the city","isPartOf":{"@id":"https:\/\/www.right2city.org\/fr\/#website"},"primaryImageOfPage":{"@id":"https:\/\/www.right2city.org\/fr\/news\/pour-le-droit-a-la-ville-et-au-logement-dans-la-reconstruction-post-pandemique-en-amerique-latine-et-dans-les-caraibes-la-pgdv-au-ive-forum-lac-sur-le-logement-et-lhabitat\/#primaryimage"},"image":{"@id":"https:\/\/www.right2city.org\/fr\/news\/pour-le-droit-a-la-ville-et-au-logement-dans-la-reconstruction-post-pandemique-en-amerique-latine-et-dans-les-caraibes-la-pgdv-au-ive-forum-lac-sur-le-logement-et-lhabitat\/#primaryimage"},"thumbnailUrl":"https:\/\/www.right2city.org\/wp-content\/uploads\/2020\/09\/R2C-for-all.png","datePublished":"2021-06-23T07:11:57+00:00","dateModified":"2021-06-23T07:45:15+00:00","breadcrumb":{"@id":"https:\/\/www.right2city.org\/fr\/news\/pour-le-droit-a-la-ville-et-au-logement-dans-la-reconstruction-post-pandemique-en-amerique-latine-et-dans-les-caraibes-la-pgdv-au-ive-forum-lac-sur-le-logement-et-lhabitat\/#breadcrumb"},"inLanguage":"fr-FR","potentialAction":[{"@type":"ReadAction","target":["https:\/\/www.right2city.org\/fr\/news\/pour-le-droit-a-la-ville-et-au-logement-dans-la-reconstruction-post-pandemique-en-amerique-latine-et-dans-les-caraibes-la-pgdv-au-ive-forum-lac-sur-le-logement-et-lhabitat\/"]}]},{"@type":"ImageObject","inLanguage":"fr-FR","@id":"https:\/\/www.right2city.org\/fr\/news\/pour-le-droit-a-la-ville-et-au-logement-dans-la-reconstruction-post-pandemique-en-amerique-latine-et-dans-les-caraibes-la-pgdv-au-ive-forum-lac-sur-le-logement-et-lhabitat\/#primaryimage","url":"https:\/\/www.right2city.org\/wp-content\/uploads\/2020\/09\/R2C-for-all.png","contentUrl":"https:\/\/www.right2city.org\/wp-content\/uploads\/2020\/09\/R2C-for-all.png","width":679,"height":505},{"@type":"BreadcrumbList","@id":"https:\/\/www.right2city.org\/fr\/news\/pour-le-droit-a-la-ville-et-au-logement-dans-la-reconstruction-post-pandemique-en-amerique-latine-et-dans-les-caraibes-la-pgdv-au-ive-forum-lac-sur-le-logement-et-lhabitat\/#breadcrumb","itemListElement":[{"@type":"ListItem","position":1,"name":"Home","item":"https:\/\/www.right2city.org\/fr\/"},{"@type":"ListItem","position":2,"name":"Nouvelles","item":"https:\/\/www.right2city.org\/fr\/news\/"},{"@type":"ListItem","position":3,"name":"Pour le Droit \u00e0 la Ville et au logement dans la reconstruction post-pand\u00e9mique en Am\u00e9rique Latine et dans les Cara\u00efbes: La PGDV au IVe Forum LAC sur le logement et l&rsquo;habitat"}]},{"@type":"WebSite","@id":"https:\/\/www.right2city.org\/fr\/#website","url":"https:\/\/www.right2city.org\/fr\/","name":"Right to the city","description":"Global Platform for the Right to the City","potentialAction":[{"@type":"SearchAction","target":{"@type":"EntryPoint","urlTemplate":"https:\/\/www.right2city.org\/fr\/?s={search_term_string}"},"query-input":{"@type":"PropertyValueSpecification","valueRequired":true,"valueName":"search_term_string"}}],"inLanguage":"fr-FR"}]}},"_links":{"self":[{"href":"https:\/\/www.right2city.org\/fr\/wp-json\/wp\/v2\/news\/60092","targetHints":{"allow":["GET"]}}],"collection":[{"href":"https:\/\/www.right2city.org\/fr\/wp-json\/wp\/v2\/news"}],"about":[{"href":"https:\/\/www.right2city.org\/fr\/wp-json\/wp\/v2\/types\/news"}],"wp:featuredmedia":[{"embeddable":true,"href":"https:\/\/www.right2city.org\/fr\/wp-json\/wp\/v2\/media\/56717"}],"wp:attachment":[{"href":"https:\/\/www.right2city.org\/fr\/wp-json\/wp\/v2\/media?parent=60092"}],"wp:term":[{"taxonomy":"category","embeddable":true,"href":"https:\/\/www.right2city.org\/fr\/wp-json\/wp\/v2\/categories?post=60092"},{"taxonomy":"themes","embeddable":true,"href":"https:\/\/www.right2city.org\/fr\/wp-json\/wp\/v2\/themes?post=60092"},{"taxonomy":"agendas_globales","embeddable":true,"href":"https:\/\/www.right2city.org\/fr\/wp-json\/wp\/v2\/agendas_globales?post=60092"}],"curies":[{"name":"wp","href":"https:\/\/api.w.org\/{rel}","templated":true}]}}