{"id":53049,"date":"2018-03-23T11:08:08","date_gmt":"2018-03-23T09:08:08","guid":{"rendered":"https:\/\/www.right2city.org\/news\/portugues-manifestacao-contra-auxilio-moradia-para-juizes-reune-cerca-de-2-mil-pessoas-em-frente-ao-tribunal-de-justica-em-sao-paulo\/"},"modified":"2020-03-18T13:45:34","modified_gmt":"2020-03-18T11:45:34","slug":"portugues-manifestacao-contra-auxilio-moradia-para-juizes-reune-cerca-de-2-mil-pessoas-em-frente-ao-tribunal-de-justica-em-sao-paulo","status":"publish","type":"news","link":"https:\/\/www.right2city.org\/pt\/news\/portugues-manifestacao-contra-auxilio-moradia-para-juizes-reune-cerca-de-2-mil-pessoas-em-frente-ao-tribunal-de-justica-em-sao-paulo\/","title":{"rendered":"Manifesta\u00e7\u00e3o contra Aux\u00edlio Moradia para Ju\u00edzes re\u00fane cerca de 2 mil pessoas em frente ao Tribunal de Justi\u00e7a em S\u00e3o Paulo"},"content":{"rendered":"<p style=\"text-align: center;\"><a href=\"http:\/\/www.righttothecityplatform.org.br\/portugues-manifestacao-contra-auxilio-moradia-para-juizes-reune-cerca-de-2-mil-pessoas-em-frente-ao-tribunal-de-justica-em-sao-paulo\/whatsapp-image-2018-03-22\/\" rel=\"attachment wp-att-2651\"><img loading=\"lazy\" decoding=\"async\" class=\"aligncenter size-full wp-image-2651\" src=\"https:\/\/www.right2city.org\/wp-content\/uploads\/2020\/01\/WhatsApp-Image-2018-03-22.jpeg\" alt=\"\" width=\"1032\" height=\"774\" \/><\/a><\/p>\n<p>Houveram falas contra as a reintegra\u00e7\u00f5es de posse, contra a criminaliza\u00e7\u00e3o dos movimentos populares e da pobreza.<\/p>\n<p>A Manifesta\u00e7\u00e3o come\u00e7ou \u00e0s 14 :30 hs, na pra\u00e7a da S\u00e9 e seguiu por uma curta caminhada at\u00e9 o Tribunal de Justi\u00e7a. Dezenas de lideran\u00e7as dos Movimentos do Sem Teto, revezaram em diversas falas protestando contra o privil\u00e9gio dos ju\u00edzes e denunciando as p\u00e9ssimas condi\u00e7\u00f5es de moradia, transporte e sa\u00fade na Cidade de S\u00e3o S\u00e3o Paulo e\u00a0 no Pa\u00eds.<\/p>\n<p>A Manifesta\u00e7\u00e3o em S\u00e3o Paulo, com o Apoio da Rede de Justica e Direitos Humanos &#8211; JusDH, foi organizada por diversas Entidades, como a UNMP, FLM, MTST, CMP, MMPT, Pastoral do Povo da Rua, Levante Popular da Juventude, C.A. XI de Agosto, Centro Gaspar Garcia de Direitos Humanos, entre outras organiza\u00e7\u00f5es.<\/p>\n","protected":false},"featured_media":0,"template":"","meta":{"_acf_changed":false,"_et_pb_use_builder":"","_et_pb_old_content":"","_et_gb_content_width":"","cybocfi_hide_featured_image":""},"categories":[],"themes":[],"agendas_globales":[],"class_list":["post-53049","news","type-news","status-publish","hentry"],"acf":[],"yoast_head":"<!-- This site is optimized with the Yoast SEO plugin v27.5 - https:\/\/yoast.com\/product\/yoast-seo-wordpress\/ -->\n<title>Manifesta\u00e7\u00e3o contra Aux\u00edlio Moradia para Ju\u00edzes re\u00fane cerca de 2 mil pessoas em frente ao Tribunal de Justi\u00e7a em S\u00e3o Paulo - Right to the city<\/title>\n<meta name=\"robots\" content=\"index, follow, max-snippet:-1, max-image-preview:large, max-video-preview:-1\" \/>\n<link rel=\"canonical\" href=\"https:\/\/www.right2city.org\/pt\/news\/portugues-manifestacao-contra-auxilio-moradia-para-juizes-reune-cerca-de-2-mil-pessoas-em-frente-ao-tribunal-de-justica-em-sao-paulo\/\" \/>\n<meta property=\"og:locale\" content=\"pt_PT\" \/>\n<meta property=\"og:type\" content=\"article\" \/>\n<meta property=\"og:title\" content=\"Manifesta\u00e7\u00e3o contra Aux\u00edlio Moradia para Ju\u00edzes re\u00fane cerca de 2 mil pessoas em frente ao Tribunal de Justi\u00e7a em S\u00e3o Paulo - Right to the city\" \/>\n<meta property=\"og:description\" content=\"Houveram falas contra as a reintegra\u00e7\u00f5es de posse, contra a criminaliza\u00e7\u00e3o dos movimentos populares e da pobreza. A Manifesta\u00e7\u00e3o come\u00e7ou \u00e0s 14 :30 hs, na pra\u00e7a da S\u00e9 e seguiu por uma curta caminhada at\u00e9 o Tribunal de Justi\u00e7a. Dezenas de lideran\u00e7as dos Movimentos do Sem Teto, revezaram em diversas falas protestando contra o privil\u00e9gio [&hellip;]\" \/>\n<meta property=\"og:url\" content=\"https:\/\/www.right2city.org\/pt\/news\/portugues-manifestacao-contra-auxilio-moradia-para-juizes-reune-cerca-de-2-mil-pessoas-em-frente-ao-tribunal-de-justica-em-sao-paulo\/\" \/>\n<meta property=\"og:site_name\" content=\"Right to the city\" \/>\n<meta property=\"article:modified_time\" content=\"2020-03-18T11:45:34+00:00\" \/>\n<meta property=\"og:image\" content=\"https:\/\/www.right2city.org\/wp-content\/uploads\/2020\/01\/WhatsApp-Image-2018-03-22.jpeg\" \/>\n<meta name=\"twitter:card\" content=\"summary_large_image\" \/>\n<meta name=\"twitter:label1\" content=\"Tempo estimado de leitura\" \/>\n\t<meta name=\"twitter:data1\" content=\"1 minuto\" \/>\n<script type=\"application\/ld+json\" class=\"yoast-schema-graph\">{\"@context\":\"https:\\\/\\\/schema.org\",\"@graph\":[{\"@type\":\"WebPage\",\"@id\":\"https:\\\/\\\/www.right2city.org\\\/pt\\\/news\\\/portugues-manifestacao-contra-auxilio-moradia-para-juizes-reune-cerca-de-2-mil-pessoas-em-frente-ao-tribunal-de-justica-em-sao-paulo\\\/\",\"url\":\"https:\\\/\\\/www.right2city.org\\\/pt\\\/news\\\/portugues-manifestacao-contra-auxilio-moradia-para-juizes-reune-cerca-de-2-mil-pessoas-em-frente-ao-tribunal-de-justica-em-sao-paulo\\\/\",\"name\":\"Manifesta\u00e7\u00e3o contra Aux\u00edlio Moradia para Ju\u00edzes re\u00fane cerca de 2 mil pessoas em frente ao Tribunal de Justi\u00e7a em S\u00e3o Paulo - Right to the city\",\"isPartOf\":{\"@id\":\"https:\\\/\\\/www.right2city.org\\\/pt\\\/#website\"},\"primaryImageOfPage\":{\"@id\":\"https:\\\/\\\/www.right2city.org\\\/pt\\\/news\\\/portugues-manifestacao-contra-auxilio-moradia-para-juizes-reune-cerca-de-2-mil-pessoas-em-frente-ao-tribunal-de-justica-em-sao-paulo\\\/#primaryimage\"},\"image\":{\"@id\":\"https:\\\/\\\/www.right2city.org\\\/pt\\\/news\\\/portugues-manifestacao-contra-auxilio-moradia-para-juizes-reune-cerca-de-2-mil-pessoas-em-frente-ao-tribunal-de-justica-em-sao-paulo\\\/#primaryimage\"},\"thumbnailUrl\":\"https:\\\/\\\/www.right2city.org\\\/wp-content\\\/uploads\\\/2020\\\/01\\\/WhatsApp-Image-2018-03-22.jpeg\",\"datePublished\":\"2018-03-23T09:08:08+00:00\",\"dateModified\":\"2020-03-18T11:45:34+00:00\",\"breadcrumb\":{\"@id\":\"https:\\\/\\\/www.right2city.org\\\/pt\\\/news\\\/portugues-manifestacao-contra-auxilio-moradia-para-juizes-reune-cerca-de-2-mil-pessoas-em-frente-ao-tribunal-de-justica-em-sao-paulo\\\/#breadcrumb\"},\"inLanguage\":\"pt-PT\",\"potentialAction\":[{\"@type\":\"ReadAction\",\"target\":[\"https:\\\/\\\/www.right2city.org\\\/pt\\\/news\\\/portugues-manifestacao-contra-auxilio-moradia-para-juizes-reune-cerca-de-2-mil-pessoas-em-frente-ao-tribunal-de-justica-em-sao-paulo\\\/\"]}]},{\"@type\":\"ImageObject\",\"inLanguage\":\"pt-PT\",\"@id\":\"https:\\\/\\\/www.right2city.org\\\/pt\\\/news\\\/portugues-manifestacao-contra-auxilio-moradia-para-juizes-reune-cerca-de-2-mil-pessoas-em-frente-ao-tribunal-de-justica-em-sao-paulo\\\/#primaryimage\",\"url\":\"https:\\\/\\\/www.right2city.org\\\/wp-content\\\/uploads\\\/2020\\\/01\\\/WhatsApp-Image-2018-03-22.jpeg\",\"contentUrl\":\"https:\\\/\\\/www.right2city.org\\\/wp-content\\\/uploads\\\/2020\\\/01\\\/WhatsApp-Image-2018-03-22.jpeg\"},{\"@type\":\"BreadcrumbList\",\"@id\":\"https:\\\/\\\/www.right2city.org\\\/pt\\\/news\\\/portugues-manifestacao-contra-auxilio-moradia-para-juizes-reune-cerca-de-2-mil-pessoas-em-frente-ao-tribunal-de-justica-em-sao-paulo\\\/#breadcrumb\",\"itemListElement\":[{\"@type\":\"ListItem\",\"position\":1,\"name\":\"Home\",\"item\":\"https:\\\/\\\/www.right2city.org\\\/pt\\\/\"},{\"@type\":\"ListItem\",\"position\":2,\"name\":\"News\",\"item\":\"https:\\\/\\\/www.right2city.org\\\/pt\\\/news\\\/\"},{\"@type\":\"ListItem\",\"position\":3,\"name\":\"Manifesta\u00e7\u00e3o contra Aux\u00edlio Moradia para Ju\u00edzes re\u00fane cerca de 2 mil pessoas em frente ao Tribunal de Justi\u00e7a em S\u00e3o Paulo\"}]},{\"@type\":\"WebSite\",\"@id\":\"https:\\\/\\\/www.right2city.org\\\/pt\\\/#website\",\"url\":\"https:\\\/\\\/www.right2city.org\\\/pt\\\/\",\"name\":\"Right to the city\",\"description\":\"Global Platform for the Right to the City\",\"potentialAction\":[{\"@type\":\"SearchAction\",\"target\":{\"@type\":\"EntryPoint\",\"urlTemplate\":\"https:\\\/\\\/www.right2city.org\\\/pt\\\/?s={search_term_string}\"},\"query-input\":{\"@type\":\"PropertyValueSpecification\",\"valueRequired\":true,\"valueName\":\"search_term_string\"}}],\"inLanguage\":\"pt-PT\"}]}<\/script>\n<!-- \/ Yoast SEO plugin. -->","yoast_head_json":{"title":"Manifesta\u00e7\u00e3o contra Aux\u00edlio Moradia para Ju\u00edzes re\u00fane cerca de 2 mil pessoas em frente ao Tribunal de Justi\u00e7a em S\u00e3o Paulo - Right to the city","robots":{"index":"index","follow":"follow","max-snippet":"max-snippet:-1","max-image-preview":"max-image-preview:large","max-video-preview":"max-video-preview:-1"},"canonical":"https:\/\/www.right2city.org\/pt\/news\/portugues-manifestacao-contra-auxilio-moradia-para-juizes-reune-cerca-de-2-mil-pessoas-em-frente-ao-tribunal-de-justica-em-sao-paulo\/","og_locale":"pt_PT","og_type":"article","og_title":"Manifesta\u00e7\u00e3o contra Aux\u00edlio Moradia para Ju\u00edzes re\u00fane cerca de 2 mil pessoas em frente ao Tribunal de Justi\u00e7a em S\u00e3o Paulo - Right to the city","og_description":"Houveram falas contra as a reintegra\u00e7\u00f5es de posse, contra a criminaliza\u00e7\u00e3o dos movimentos populares e da pobreza. A Manifesta\u00e7\u00e3o come\u00e7ou \u00e0s 14 :30 hs, na pra\u00e7a da S\u00e9 e seguiu por uma curta caminhada at\u00e9 o Tribunal de Justi\u00e7a. Dezenas de lideran\u00e7as dos Movimentos do Sem Teto, revezaram em diversas falas protestando contra o privil\u00e9gio [&hellip;]","og_url":"https:\/\/www.right2city.org\/pt\/news\/portugues-manifestacao-contra-auxilio-moradia-para-juizes-reune-cerca-de-2-mil-pessoas-em-frente-ao-tribunal-de-justica-em-sao-paulo\/","og_site_name":"Right to the city","article_modified_time":"2020-03-18T11:45:34+00:00","og_image":[{"url":"https:\/\/www.right2city.org\/wp-content\/uploads\/2020\/01\/WhatsApp-Image-2018-03-22.jpeg","type":"","width":"","height":""}],"twitter_card":"summary_large_image","twitter_misc":{"Tempo estimado de leitura":"1 minuto"},"schema":{"@context":"https:\/\/schema.org","@graph":[{"@type":"WebPage","@id":"https:\/\/www.right2city.org\/pt\/news\/portugues-manifestacao-contra-auxilio-moradia-para-juizes-reune-cerca-de-2-mil-pessoas-em-frente-ao-tribunal-de-justica-em-sao-paulo\/","url":"https:\/\/www.right2city.org\/pt\/news\/portugues-manifestacao-contra-auxilio-moradia-para-juizes-reune-cerca-de-2-mil-pessoas-em-frente-ao-tribunal-de-justica-em-sao-paulo\/","name":"Manifesta\u00e7\u00e3o contra Aux\u00edlio Moradia para Ju\u00edzes re\u00fane cerca de 2 mil pessoas em frente ao Tribunal de Justi\u00e7a em S\u00e3o Paulo - Right to the city","isPartOf":{"@id":"https:\/\/www.right2city.org\/pt\/#website"},"primaryImageOfPage":{"@id":"https:\/\/www.right2city.org\/pt\/news\/portugues-manifestacao-contra-auxilio-moradia-para-juizes-reune-cerca-de-2-mil-pessoas-em-frente-ao-tribunal-de-justica-em-sao-paulo\/#primaryimage"},"image":{"@id":"https:\/\/www.right2city.org\/pt\/news\/portugues-manifestacao-contra-auxilio-moradia-para-juizes-reune-cerca-de-2-mil-pessoas-em-frente-ao-tribunal-de-justica-em-sao-paulo\/#primaryimage"},"thumbnailUrl":"https:\/\/www.right2city.org\/wp-content\/uploads\/2020\/01\/WhatsApp-Image-2018-03-22.jpeg","datePublished":"2018-03-23T09:08:08+00:00","dateModified":"2020-03-18T11:45:34+00:00","breadcrumb":{"@id":"https:\/\/www.right2city.org\/pt\/news\/portugues-manifestacao-contra-auxilio-moradia-para-juizes-reune-cerca-de-2-mil-pessoas-em-frente-ao-tribunal-de-justica-em-sao-paulo\/#breadcrumb"},"inLanguage":"pt-PT","potentialAction":[{"@type":"ReadAction","target":["https:\/\/www.right2city.org\/pt\/news\/portugues-manifestacao-contra-auxilio-moradia-para-juizes-reune-cerca-de-2-mil-pessoas-em-frente-ao-tribunal-de-justica-em-sao-paulo\/"]}]},{"@type":"ImageObject","inLanguage":"pt-PT","@id":"https:\/\/www.right2city.org\/pt\/news\/portugues-manifestacao-contra-auxilio-moradia-para-juizes-reune-cerca-de-2-mil-pessoas-em-frente-ao-tribunal-de-justica-em-sao-paulo\/#primaryimage","url":"https:\/\/www.right2city.org\/wp-content\/uploads\/2020\/01\/WhatsApp-Image-2018-03-22.jpeg","contentUrl":"https:\/\/www.right2city.org\/wp-content\/uploads\/2020\/01\/WhatsApp-Image-2018-03-22.jpeg"},{"@type":"BreadcrumbList","@id":"https:\/\/www.right2city.org\/pt\/news\/portugues-manifestacao-contra-auxilio-moradia-para-juizes-reune-cerca-de-2-mil-pessoas-em-frente-ao-tribunal-de-justica-em-sao-paulo\/#breadcrumb","itemListElement":[{"@type":"ListItem","position":1,"name":"Home","item":"https:\/\/www.right2city.org\/pt\/"},{"@type":"ListItem","position":2,"name":"News","item":"https:\/\/www.right2city.org\/pt\/news\/"},{"@type":"ListItem","position":3,"name":"Manifesta\u00e7\u00e3o contra Aux\u00edlio Moradia para Ju\u00edzes re\u00fane cerca de 2 mil pessoas em frente ao Tribunal de Justi\u00e7a em S\u00e3o Paulo"}]},{"@type":"WebSite","@id":"https:\/\/www.right2city.org\/pt\/#website","url":"https:\/\/www.right2city.org\/pt\/","name":"Right to the city","description":"Global Platform for the Right to the City","potentialAction":[{"@type":"SearchAction","target":{"@type":"EntryPoint","urlTemplate":"https:\/\/www.right2city.org\/pt\/?s={search_term_string}"},"query-input":{"@type":"PropertyValueSpecification","valueRequired":true,"valueName":"search_term_string"}}],"inLanguage":"pt-PT"}]}},"_links":{"self":[{"href":"https:\/\/www.right2city.org\/pt\/wp-json\/wp\/v2\/news\/53049","targetHints":{"allow":["GET"]}}],"collection":[{"href":"https:\/\/www.right2city.org\/pt\/wp-json\/wp\/v2\/news"}],"about":[{"href":"https:\/\/www.right2city.org\/pt\/wp-json\/wp\/v2\/types\/news"}],"wp:attachment":[{"href":"https:\/\/www.right2city.org\/pt\/wp-json\/wp\/v2\/media?parent=53049"}],"wp:term":[{"taxonomy":"category","embeddable":true,"href":"https:\/\/www.right2city.org\/pt\/wp-json\/wp\/v2\/categories?post=53049"},{"taxonomy":"themes","embeddable":true,"href":"https:\/\/www.right2city.org\/pt\/wp-json\/wp\/v2\/themes?post=53049"},{"taxonomy":"agendas_globales","embeddable":true,"href":"https:\/\/www.right2city.org\/pt\/wp-json\/wp\/v2\/agendas_globales?post=53049"}],"curies":[{"name":"wp","href":"https:\/\/api.w.org\/{rel}","templated":true}]}}